{"id":11444,"date":"2009-02-17T16:55:07","date_gmt":"2009-02-17T15:55:07","guid":{"rendered":"http:\/\/www.visit-ulcinj.com\/blog\/?p=11444"},"modified":"2009-02-18T21:15:13","modified_gmt":"2009-02-18T20:15:13","slug":"gezim-hajdinaga-uroi-presidentin-e-kosoves-ne-pervjetorin-e-pavaresise","status":"publish","type":"post","link":"https:\/\/www.visit-ulcinj.com\/blog\/2009\/02\/17\/gezim-hajdinaga-uroi-presidentin-e-kosoves-ne-pervjetorin-e-pavaresise\/","title":{"rendered":"G\u00ebzim Hajdinaga uroi Presidentin e Kosov\u00ebs n\u00eb p\u00ebrvjetorin e pavar\u00ebsis\u00eb"},"content":{"rendered":"<p><strong><a href=\"http:\/\/www.visit-ulcinj.com\/blog\/wp-content\/uploads\/2009\/02\/urime-dita-e-pamvarsise-kosove_kryetari-i-komunes-se-ulqinit-gezim-hajdinaga.jpg\"><img loading=\"lazy\" class=\"alignleft size-full wp-image-11445\" title=\"urime-dita-e-pamvarsise-kosove_kryetari-i-komunes-se-ulqinit-gezim-hajdinaga\" src=\"http:\/\/www.visit-ulcinj.com\/blog\/wp-content\/uploads\/2009\/02\/urime-dita-e-pamvarsise-kosove_kryetari-i-komunes-se-ulqinit-gezim-hajdinaga.jpg\" alt=\"urime-dita-e-pamvarsise-kosove_kryetari-i-komunes-se-ulqinit-gezim-hajdinaga\" width=\"570\" height=\"400\" \/><\/a>Kryetari i\u00a0 Komun\u00ebs s\u00eb Ulqinit G\u00ebzim Hajdinaga uron Presidentit e\u00a0 Republik\u00ebs s\u00eb Kosov\u00ebs, Fatmir Sejdiun me rastin e p\u00ebrvjetorit t\u00eb par\u00eb t\u00eb Dit\u00ebs s\u00eb Pavar\u00ebsis\u00eb<\/strong><\/p>\n<p>N\u00eb mesazhin e tij thuhet:<\/p>\n<p>Ju uroj p\u00ebrzem\u00ebrsisht Juve, dhe n\u00ebp\u00ebrmjet Jush, gjith\u00eb popullin e Kosov\u00ebs, me rastin e p\u00ebrvjetorit te par\u00eb t\u00eb Dit\u00ebs s\u00eb Pavar\u00ebsis\u00eb!<\/p>\n<p>N\u00eb dit\u00eblindjen e par\u00eb t\u00eb shtetit t\u00eb Kosov\u00ebs Ju keni d\u00ebshmuar se jeni t\u00eb denj\u00eb t\u00eb nd\u00ebrtoni shtetin e s\u00eb drejtes demokratik e sovran t\u00eb lir\u00eb dhe t\u00eb barabart\u00eb p\u00ebr t\u00eb gjith\u00eb qytetar\u00ebt e Kosov\u00ebs.<\/p>\n<p>Z President, jam i bindur q\u00eb nj\u00eb shtet i till\u00eb demokratik do t\u00eb ec\u00eb p\u00ebrpara drejt\u00eb t\u00eb ardhmes evropiane dhe euroatlantike<\/p>\n<p>.<\/p>\n<p>Sinqerisht i Juaji,<\/p>\n<p><strong>Kryetari\u00a0 i\u00a0 Komun\u00ebs s\u00eb Ulqinit<\/p>\n<p>G\u00ebzim Hajdinaga <\/strong><\/p>\n<p><strong>Kryetari i Komun\u00ebs s\u00eb Ulqinit G\u00ebzim Hajdinaga uron Kryeministrin e Republik\u00ebs s\u00eb Kosov\u00ebs, Hashim Tha\u00e7i me rastin e p\u00ebrvjetorit t\u00eb par\u00eb t\u00eb Dit\u00ebs s\u00eb pavar\u00ebsis\u00eb.<\/strong><\/p>\n<p>N\u00eb mesazhin e tij thuhet:<\/p>\n<p>Ju shpreh urimet m\u00eb t\u00eb p\u00ebrzem\u00ebrta p\u00ebr p\u00ebrvjetorin e par\u00eb t\u00eb Kosov\u00ebs s\u00eb pavarur.<\/p>\n<p>N\u00eb k\u00ebt\u00eb dit\u00eb kremteje jemi me Ju, me popullin e Kosov\u00ebs i cili edhe n\u00eb dit\u00eblindjen e par\u00eb\u00a0 d\u00ebshmoi dhe p\u00ebrforcoi besimin nd\u00ebrmjet miqve se meriton p\u00ebr t\u00eb jetuar n\u00eb nj\u00eb shtet t\u00eb lir\u00eb, demokratik e t\u00eb m\u00ebvet\u00ebsuar.<\/p>\n<p>Z. Kryeminister, duke Ju uruar edhe nj\u00ebher\u00eb k\u00ebt\u00eb p\u00ebrvjetor t\u00eb g\u00ebzueshem, d\u00ebshiroj q\u00eb sa m\u00eb par\u00eb Mali i Zi dhe Kosova t\u00eb ecin drejt\u00eb t\u00eb ardhmes europiane dhe euroatlantike.<\/p>\n<p>Pranoni konsiderat\u00ebn time m\u00eb t\u00eb lart\u00eb.<\/p>\n<p><strong>Kryetari\u00a0 i\u00a0 Komun\u00ebs s\u00eb Ulqinit<\/p>\n<p>G\u00ebzim Hajdinaga <\/strong><\/p>\n<p style=\"text-align: center;\"><strong><a href=\"http:\/\/www.visit-ulcinj.com\/blog\/wp-content\/uploads\/2009\/02\/pavaresia-e-kosoves_banner.jpg\"><img loading=\"lazy\" class=\"aligncenter size-full wp-image-11555\" title=\"pavaresia-e-kosoves_banner\" src=\"http:\/\/www.visit-ulcinj.com\/blog\/wp-content\/uploads\/2009\/02\/pavaresia-e-kosoves_banner.jpg\" alt=\"pavaresia-e-kosoves_banner\" width=\"570\" height=\"80\" \/><\/a><br \/>\n<\/strong><\/p>\n","protected":false},"excerpt":{"rendered":"<p>Kryetari i\u00a0 Komun\u00ebs s\u00eb Ulqinit G\u00ebzim Hajdinaga uron Presidentit e\u00a0 Republik\u00ebs s\u00eb Kosov\u00ebs, Fatmir Sejdiun me rastin e p\u00ebrvjetorit t\u00eb par\u00eb t\u00eb Dit\u00ebs s\u00eb Pavar\u00ebsis\u00eb N\u00eb mesazhin e tij thuhet: Ju uroj p\u00ebrzem\u00ebrsisht Juve, dhe n\u00ebp\u00ebrmjet Jush, gjith\u00eb popullin e Kosov\u00ebs, me rastin e p\u00ebrvjetorit te par\u00eb t\u00eb Dit\u00ebs s\u00eb Pavar\u00ebsis\u00eb! N\u00eb dit\u00eblindjen e par\u00eb [&hellip;]<\/p>\n","protected":false},"author":1,"featured_media":0,"comment_status":"open","ping_status":"closed","sticky":false,"template":"","format":"standard","meta":{"spay_email":"","jetpack_publicize_message":"","jetpack_is_tweetstorm":false,"jetpack_publicize_feature_enabled":true},"categories":[1],"tags":[6241,6814,6813,3095,6815,95,6812,200,18,6811],"jetpack_publicize_connections":[],"yoast_head":"<!-- This site is optimized with the Yoast SEO plugin v19.1 - https:\/\/yoast.com\/wordpress\/plugins\/seo\/ -->\n<title>G\u00ebzim Hajdinaga uroi Presidentin e Kosov\u00ebs n\u00eb p\u00ebrvjetorin e pavar\u00ebsis\u00eb - Lajme nga Ulqini<\/title>\n<meta name=\"description\" content=\"Kryetari i\u00a0 Komun\u00ebs s\u00eb Ulqinit G\u00ebzim Hajdinaga uron Presidentit e\u00a0 Republik\u00ebs s\u00eb Kosov\u00ebs, Fatmir Sejdiun me rastin e p\u00ebrvjetorit t\u00eb par\u00eb t\u00eb Dit\u00ebs s\u00eb\" \/>\n<meta name=\"robots\" content=\"index, follow, max-snippet:-1, max-image-preview:large, max-video-preview:-1\" \/>\n<link rel=\"canonical\" href=\"https:\/\/www.visit-ulcinj.com\/blog\/2009\/02\/17\/gezim-hajdinaga-uroi-presidentin-e-kosoves-ne-pervjetorin-e-pavaresise\/\" \/>\n<meta property=\"og:locale\" content=\"en_US\" \/>\n<meta property=\"og:type\" content=\"article\" \/>\n<meta property=\"og:title\" content=\"G\u00ebzim Hajdinaga uroi Presidentin e Kosov\u00ebs n\u00eb p\u00ebrvjetorin e pavar\u00ebsis\u00eb - Lajme nga Ulqini\" \/>\n<meta property=\"og:description\" content=\"Kryetari i\u00a0 Komun\u00ebs s\u00eb Ulqinit G\u00ebzim Hajdinaga uron Presidentit e\u00a0 Republik\u00ebs s\u00eb Kosov\u00ebs, Fatmir Sejdiun me rastin e p\u00ebrvjetorit t\u00eb par\u00eb t\u00eb Dit\u00ebs s\u00eb\" \/>\n<meta property=\"og:url\" content=\"https:\/\/www.visit-ulcinj.com\/blog\/2009\/02\/17\/gezim-hajdinaga-uroi-presidentin-e-kosoves-ne-pervjetorin-e-pavaresise\/\" \/>\n<meta property=\"og:site_name\" content=\"Lajme nga Ulqini\" \/>\n<meta property=\"article:published_time\" content=\"2009-02-17T15:55:07+00:00\" \/>\n<meta property=\"article:modified_time\" content=\"2009-02-18T20:15:13+00:00\" \/>\n<meta property=\"og:image\" content=\"http:\/\/www.visit-ulcinj.com\/blog\/wp-content\/uploads\/2009\/02\/urime-dita-e-pamvarsise-kosove_kryetari-i-komunes-se-ulqinit-gezim-hajdinaga.jpg\" \/>\n<meta name=\"twitter:label1\" content=\"Written by\" \/>\n\t<meta name=\"twitter:data1\" content=\"ulqini\" \/>\n\t<meta name=\"twitter:label2\" content=\"Est. reading time\" \/>\n\t<meta name=\"twitter:data2\" content=\"1 minute\" \/>\n<script type=\"application\/ld+json\" class=\"yoast-schema-graph\">{\"@context\":\"https:\/\/schema.org\",\"@graph\":[{\"@type\":\"WebSite\",\"@id\":\"https:\/\/www.visit-ulcinj.com\/blog\/#website\",\"url\":\"https:\/\/www.visit-ulcinj.com\/blog\/\",\"name\":\"Lajme nga Ulqini\",\"description\":\"Lajme,Vijesti,Ulqini,Ulqin,Crna Gora,Mali i Zi\",\"potentialAction\":[{\"@type\":\"SearchAction\",\"target\":{\"@type\":\"EntryPoint\",\"urlTemplate\":\"https:\/\/www.visit-ulcinj.com\/blog\/?s={search_term_string}\"},\"query-input\":\"required name=search_term_string\"}],\"inLanguage\":\"en-US\"},{\"@type\":\"ImageObject\",\"inLanguage\":\"en-US\",\"@id\":\"https:\/\/www.visit-ulcinj.com\/blog\/2009\/02\/17\/gezim-hajdinaga-uroi-presidentin-e-kosoves-ne-pervjetorin-e-pavaresise\/#primaryimage\",\"url\":\"https:\/\/www.visit-ulcinj.com\/blog\/wp-content\/uploads\/2009\/02\/urime-dita-e-pamvarsise-kosove_kryetari-i-komunes-se-ulqinit-gezim-hajdinaga.jpg\",\"contentUrl\":\"https:\/\/www.visit-ulcinj.com\/blog\/wp-content\/uploads\/2009\/02\/urime-dita-e-pamvarsise-kosove_kryetari-i-komunes-se-ulqinit-gezim-hajdinaga.jpg\",\"width\":\"1059\",\"height\":\"1015\"},{\"@type\":\"WebPage\",\"@id\":\"https:\/\/www.visit-ulcinj.com\/blog\/2009\/02\/17\/gezim-hajdinaga-uroi-presidentin-e-kosoves-ne-pervjetorin-e-pavaresise\/#webpage\",\"url\":\"https:\/\/www.visit-ulcinj.com\/blog\/2009\/02\/17\/gezim-hajdinaga-uroi-presidentin-e-kosoves-ne-pervjetorin-e-pavaresise\/\",\"name\":\"G\u00ebzim Hajdinaga uroi Presidentin e Kosov\u00ebs n\u00eb p\u00ebrvjetorin e pavar\u00ebsis\u00eb - Lajme nga Ulqini\",\"isPartOf\":{\"@id\":\"https:\/\/www.visit-ulcinj.com\/blog\/#website\"},\"primaryImageOfPage\":{\"@id\":\"https:\/\/www.visit-ulcinj.com\/blog\/2009\/02\/17\/gezim-hajdinaga-uroi-presidentin-e-kosoves-ne-pervjetorin-e-pavaresise\/#primaryimage\"},\"datePublished\":\"2009-02-17T15:55:07+00:00\",\"dateModified\":\"2009-02-18T20:15:13+00:00\",\"author\":{\"@id\":\"https:\/\/www.visit-ulcinj.com\/blog\/#\/schema\/person\/dcab619c614d3038751c63bc2aadc06d\"},\"description\":\"Kryetari i\u00a0 Komun\u00ebs s\u00eb Ulqinit G\u00ebzim Hajdinaga uron Presidentit e\u00a0 Republik\u00ebs s\u00eb Kosov\u00ebs, Fatmir Sejdiun me rastin e p\u00ebrvjetorit t\u00eb par\u00eb t\u00eb Dit\u00ebs s\u00eb\",\"breadcrumb\":{\"@id\":\"https:\/\/www.visit-ulcinj.com\/blog\/2009\/02\/17\/gezim-hajdinaga-uroi-presidentin-e-kosoves-ne-pervjetorin-e-pavaresise\/#breadcrumb\"},\"inLanguage\":\"en-US\",\"potentialAction\":[{\"@type\":\"ReadAction\",\"target\":[\"https:\/\/www.visit-ulcinj.com\/blog\/2009\/02\/17\/gezim-hajdinaga-uroi-presidentin-e-kosoves-ne-pervjetorin-e-pavaresise\/\"]}]},{\"@type\":\"BreadcrumbList\",\"@id\":\"https:\/\/www.visit-ulcinj.com\/blog\/2009\/02\/17\/gezim-hajdinaga-uroi-presidentin-e-kosoves-ne-pervjetorin-e-pavaresise\/#breadcrumb\",\"itemListElement\":[{\"@type\":\"ListItem\",\"position\":1,\"name\":\"G\u00ebzim Hajdinaga uroi Presidentin e Kosov\u00ebs n\u00eb p\u00ebrvjetorin e pavar\u00ebsis\u00eb\"}]},{\"@type\":\"Person\",\"@id\":\"https:\/\/www.visit-ulcinj.com\/blog\/#\/schema\/person\/dcab619c614d3038751c63bc2aadc06d\",\"name\":\"ulqini\",\"sameAs\":[\"http:\/\/www.visit-ulcinj.com\"],\"url\":\"https:\/\/www.visit-ulcinj.com\/blog\/author\/admin\/\"}]}<\/script>\n<!-- \/ Yoast SEO plugin. -->","yoast_head_json":{"title":"G\u00ebzim Hajdinaga uroi Presidentin e Kosov\u00ebs n\u00eb p\u00ebrvjetorin e pavar\u00ebsis\u00eb - Lajme nga Ulqini","description":"Kryetari i\u00a0 Komun\u00ebs s\u00eb Ulqinit G\u00ebzim Hajdinaga uron Presidentit e\u00a0 Republik\u00ebs s\u00eb Kosov\u00ebs, Fatmir Sejdiun me rastin e p\u00ebrvjetorit t\u00eb par\u00eb t\u00eb Dit\u00ebs s\u00eb","robots":{"index":"index","follow":"follow","max-snippet":"max-snippet:-1","max-image-preview":"max-image-preview:large","max-video-preview":"max-video-preview:-1"},"canonical":"https:\/\/www.visit-ulcinj.com\/blog\/2009\/02\/17\/gezim-hajdinaga-uroi-presidentin-e-kosoves-ne-pervjetorin-e-pavaresise\/","og_locale":"en_US","og_type":"article","og_title":"G\u00ebzim Hajdinaga uroi Presidentin e Kosov\u00ebs n\u00eb p\u00ebrvjetorin e pavar\u00ebsis\u00eb - Lajme nga Ulqini","og_description":"Kryetari i\u00a0 Komun\u00ebs s\u00eb Ulqinit G\u00ebzim Hajdinaga uron Presidentit e\u00a0 Republik\u00ebs s\u00eb Kosov\u00ebs, Fatmir Sejdiun me rastin e p\u00ebrvjetorit t\u00eb par\u00eb t\u00eb Dit\u00ebs s\u00eb","og_url":"https:\/\/www.visit-ulcinj.com\/blog\/2009\/02\/17\/gezim-hajdinaga-uroi-presidentin-e-kosoves-ne-pervjetorin-e-pavaresise\/","og_site_name":"Lajme nga Ulqini","article_published_time":"2009-02-17T15:55:07+00:00","article_modified_time":"2009-02-18T20:15:13+00:00","og_image":[{"url":"http:\/\/www.visit-ulcinj.com\/blog\/wp-content\/uploads\/2009\/02\/urime-dita-e-pamvarsise-kosove_kryetari-i-komunes-se-ulqinit-gezim-hajdinaga.jpg"}],"twitter_misc":{"Written by":"ulqini","Est. reading time":"1 minute"},"schema":{"@context":"https:\/\/schema.org","@graph":[{"@type":"WebSite","@id":"https:\/\/www.visit-ulcinj.com\/blog\/#website","url":"https:\/\/www.visit-ulcinj.com\/blog\/","name":"Lajme nga Ulqini","description":"Lajme,Vijesti,Ulqini,Ulqin,Crna Gora,Mali i Zi","potentialAction":[{"@type":"SearchAction","target":{"@type":"EntryPoint","urlTemplate":"https:\/\/www.visit-ulcinj.com\/blog\/?s={search_term_string}"},"query-input":"required name=search_term_string"}],"inLanguage":"en-US"},{"@type":"ImageObject","inLanguage":"en-US","@id":"https:\/\/www.visit-ulcinj.com\/blog\/2009\/02\/17\/gezim-hajdinaga-uroi-presidentin-e-kosoves-ne-pervjetorin-e-pavaresise\/#primaryimage","url":"https:\/\/www.visit-ulcinj.com\/blog\/wp-content\/uploads\/2009\/02\/urime-dita-e-pamvarsise-kosove_kryetari-i-komunes-se-ulqinit-gezim-hajdinaga.jpg","contentUrl":"https:\/\/www.visit-ulcinj.com\/blog\/wp-content\/uploads\/2009\/02\/urime-dita-e-pamvarsise-kosove_kryetari-i-komunes-se-ulqinit-gezim-hajdinaga.jpg","width":"1059","height":"1015"},{"@type":"WebPage","@id":"https:\/\/www.visit-ulcinj.com\/blog\/2009\/02\/17\/gezim-hajdinaga-uroi-presidentin-e-kosoves-ne-pervjetorin-e-pavaresise\/#webpage","url":"https:\/\/www.visit-ulcinj.com\/blog\/2009\/02\/17\/gezim-hajdinaga-uroi-presidentin-e-kosoves-ne-pervjetorin-e-pavaresise\/","name":"G\u00ebzim Hajdinaga uroi Presidentin e Kosov\u00ebs n\u00eb p\u00ebrvjetorin e pavar\u00ebsis\u00eb - Lajme nga Ulqini","isPartOf":{"@id":"https:\/\/www.visit-ulcinj.com\/blog\/#website"},"primaryImageOfPage":{"@id":"https:\/\/www.visit-ulcinj.com\/blog\/2009\/02\/17\/gezim-hajdinaga-uroi-presidentin-e-kosoves-ne-pervjetorin-e-pavaresise\/#primaryimage"},"datePublished":"2009-02-17T15:55:07+00:00","dateModified":"2009-02-18T20:15:13+00:00","author":{"@id":"https:\/\/www.visit-ulcinj.com\/blog\/#\/schema\/person\/dcab619c614d3038751c63bc2aadc06d"},"description":"Kryetari i\u00a0 Komun\u00ebs s\u00eb Ulqinit G\u00ebzim Hajdinaga uron Presidentit e\u00a0 Republik\u00ebs s\u00eb Kosov\u00ebs, Fatmir Sejdiun me rastin e p\u00ebrvjetorit t\u00eb par\u00eb t\u00eb Dit\u00ebs s\u00eb","breadcrumb":{"@id":"https:\/\/www.visit-ulcinj.com\/blog\/2009\/02\/17\/gezim-hajdinaga-uroi-presidentin-e-kosoves-ne-pervjetorin-e-pavaresise\/#breadcrumb"},"inLanguage":"en-US","potentialAction":[{"@type":"ReadAction","target":["https:\/\/www.visit-ulcinj.com\/blog\/2009\/02\/17\/gezim-hajdinaga-uroi-presidentin-e-kosoves-ne-pervjetorin-e-pavaresise\/"]}]},{"@type":"BreadcrumbList","@id":"https:\/\/www.visit-ulcinj.com\/blog\/2009\/02\/17\/gezim-hajdinaga-uroi-presidentin-e-kosoves-ne-pervjetorin-e-pavaresise\/#breadcrumb","itemListElement":[{"@type":"ListItem","position":1,"name":"G\u00ebzim Hajdinaga uroi Presidentin e Kosov\u00ebs n\u00eb p\u00ebrvjetorin e pavar\u00ebsis\u00eb"}]},{"@type":"Person","@id":"https:\/\/www.visit-ulcinj.com\/blog\/#\/schema\/person\/dcab619c614d3038751c63bc2aadc06d","name":"ulqini","sameAs":["http:\/\/www.visit-ulcinj.com"],"url":"https:\/\/www.visit-ulcinj.com\/blog\/author\/admin\/"}]}},"jetpack_featured_media_url":"","jetpack_sharing_enabled":true,"jetpack_shortlink":"https:\/\/wp.me\/pe6lTn-2YA","_links":{"self":[{"href":"https:\/\/www.visit-ulcinj.com\/blog\/wp-json\/wp\/v2\/posts\/11444"}],"collection":[{"href":"https:\/\/www.visit-ulcinj.com\/blog\/wp-json\/wp\/v2\/posts"}],"about":[{"href":"https:\/\/www.visit-ulcinj.com\/blog\/wp-json\/wp\/v2\/types\/post"}],"author":[{"embeddable":true,"href":"https:\/\/www.visit-ulcinj.com\/blog\/wp-json\/wp\/v2\/users\/1"}],"replies":[{"embeddable":true,"href":"https:\/\/www.visit-ulcinj.com\/blog\/wp-json\/wp\/v2\/comments?post=11444"}],"version-history":[{"count":0,"href":"https:\/\/www.visit-ulcinj.com\/blog\/wp-json\/wp\/v2\/posts\/11444\/revisions"}],"wp:attachment":[{"href":"https:\/\/www.visit-ulcinj.com\/blog\/wp-json\/wp\/v2\/media?parent=11444"}],"wp:term":[{"taxonomy":"category","embeddable":true,"href":"https:\/\/www.visit-ulcinj.com\/blog\/wp-json\/wp\/v2\/categories?post=11444"},{"taxonomy":"post_tag","embeddable":true,"href":"https:\/\/www.visit-ulcinj.com\/blog\/wp-json\/wp\/v2\/tags?post=11444"}],"curies":[{"name":"wp","href":"https:\/\/api.w.org\/{rel}","templated":true}]}}