{"id":11448,"date":"2009-02-17T17:46:28","date_gmt":"2009-02-17T16:46:28","guid":{"rendered":"http:\/\/www.visit-ulcinj.com\/blog\/?p=11448"},"modified":"2009-02-17T17:51:31","modified_gmt":"2009-02-17T16:51:31","slug":"aktorja-yllka-gashiflet-per-familjen-e-saj","status":"publish","type":"post","link":"https:\/\/www.visit-ulcinj.com\/blog\/2009\/02\/17\/aktorja-yllka-gashiflet-per-familjen-e-saj\/","title":{"rendered":"Aktorja Yllka Gashi,flet p\u00ebr familjen e saj"},"content":{"rendered":"<p><strong><a href=\"http:\/\/www.visit-ulcinj.com\/blog\/wp-content\/uploads\/2009\/02\/yllka-gashi-_-familja-gagica.jpg\"><img loading=\"lazy\" class=\"alignleft size-full wp-image-11452\" title=\"yllka-gashi-_-familja-gagica\" src=\"http:\/\/www.visit-ulcinj.com\/blog\/wp-content\/uploads\/2009\/02\/yllka-gashi-_-familja-gagica.jpg\" alt=\"yllka-gashi-_-familja-gagica\" width=\"570\" height=\"453\" \/><\/a>Familja \u00ebsht\u00eb institucioni m\u00eb i shenjt\u00eb<\/strong><\/p>\n<p>Ka pak koh\u00eb q\u00eb ajo \u00ebsht\u00eb \u2018ndar\u00eb\u2019 nga familja e saj, gjegj\u00ebsisht familja e n\u00ebn\u00ebs, por nuk i ka r\u00ebn\u00eb aspak keq, pasi vazhdimi i jet\u00ebs n\u00eb familjen e re, \u00ebsht\u00eb i shk\u00eblqyesh\u00ebm. Ajo ndihet me shum\u00eb fat, q\u00eb p\u00ebrve\u00e7 se i p\u00ebrkiste nj\u00eb familjeje t\u00eb mrekullueshme, tash \u00ebsht\u00eb b\u00ebr\u00eb an\u00ebtare e re e familjes po aq t\u00eb mir\u00eb dhe bujare. \u00cbsht\u00eb aktorja e mir\u00ebnjohur, Yllka Gashi, e cila rr\u00ebfen p\u00ebr dy familjet e saj t\u00eb \u00e7muara, familjen Gashi dhe at\u00eb t\u00eb burrit &#8211; Gagica<\/p>\n<p>Ndjehem shk\u00eblqyesh\u00ebm! Ndjehem me shum\u00eb fat q\u00eb jam b\u00ebr\u00eb pjes\u00eb e familjes Gagica sepse jan\u00eb njer\u00ebz shum\u00eb t\u00eb edukuar e bujar\u00eb dhe kemi gjetur gjuh\u00eb t\u00eb p\u00ebrbashk\u00ebt&#8221;, k\u00ebshtu fi llon Yllka rr\u00ebfi min p\u00ebr familjen e re, n\u00eb t\u00eb cil\u00ebn, p\u00ebrve\u00e7 Albianit, edhe gjith\u00eb t\u00eb tjer\u00ebt e kan\u00eb pritur me shum\u00eb zem\u00ebrgjer\u00ebsi, an\u00ebtaren m\u00eb t\u00eb re dhe nusen e k\u00ebsaj familjeje.<\/p>\n<p><strong><\/strong><\/p>\n<p><strong>Me familjen time jam \u2018ndar\u00eb\u2019 vet\u00ebm formalisht <\/strong><\/p>\n<p>Ka pak\u00eb koh\u00eb, q\u00eb Yllka \u00ebsht\u00eb &#8216;ndar\u00eb&#8217; nga familja e saj, gjegj\u00ebsisht familja e n\u00ebn\u00ebs, porse vazhdimi i jet\u00ebs n\u00eb familjen e re, \u00ebsht\u00eb i shk\u00eblqyesh\u00ebm. Ajo ndihet me shum\u00eb fat q\u00eb p\u00ebrve\u00e7 se i p\u00ebrkiste nj\u00eb familjeje t\u00eb mrekullueshme, tash \u00ebsht\u00eb b\u00ebr\u00eb an\u00ebtare e re e familjes po aq t\u00eb mir\u00eb dhe bujare, familjes Gagica. Ndon\u00ebse tani jeton me bashk\u00ebshortin Albianin, i cili me profesion \u00ebsht\u00eb dizajner dhe drejtor kreativ n\u00eb produksionin e tij \u2018INIT\u2019 n\u00eb Prishtin\u00eb, p\u00ebr asnj\u00eb \u00e7ast nuk \u00ebsht\u00eb &#8216;larguar&#8217; nga familja e saj, n\u00eb t\u00eb cil\u00ebn lindi dhe u formua kjo q\u00eb \u00ebsht\u00eb sot. &#8220;Un\u00eb me familjen time jam \u2018ndar\u00eb\u2019 vet\u00ebm formalisht, n\u00ebse mund t\u00eb shprehem k\u00ebshtu, sepse ne shihemi gati \u00e7do dit\u00eb. Shkoj shum\u00eb shpesh n\u00eb sht\u00ebpin\u00eb e prind\u00ebrve t\u00eb mi, i vizitoj ata&#8221;, tregon ajo p\u00ebr vizitat e shpeshta q\u00eb i b\u00ebn\u00eb n\u00ebn\u00ebs dhe t\u00eb tjer\u00ebve. Edhe pse koh\u00ebve t\u00eb fundit me familjen e saj \u00ebsht\u00eb \u00e7mallur m\u00eb tep\u00ebr p\u00ebrmes telefonit, p\u00ebr shkak t\u00eb shum\u00eb angazhimeve dhe obligimeve profesionale, megjithat\u00eb ajo \u00ebsht\u00eb munduar q\u00eb t\u00eb pakt\u00ebn nj\u00eb her\u00eb n\u00eb jav\u00eb t&#8217;i vizitoj\u00eb t\u00eb shum\u00eb \u00e7muarit e saj. Ajo \u00ebsht\u00eb shum\u00eb e lidhur me secilin prej an\u00ebtar\u00ebve t\u00eb familjes, dhe koh\u00ebn kur nuk mund t\u2019i takoj\u00eb p\u00ebrmes vizitave, gjithsesi i &#8216;takon&#8217; p\u00ebrmes telefonit, duke ua d\u00ebgjuar z\u00ebrin.<\/p>\n<p><strong>Koh\u00ebn e kalojm\u00eb m\u00eb s\u00eb miri n\u00eb bot\u00eb! <\/strong><\/p>\n<p>Yllka ve\u00e7on relacionet shum\u00eb t\u00eb mira edhe me prind\u00ebrit e Albianit, t\u00eb cil\u00ebt si\u00e7 duket e kan\u00eb pritur si vajz\u00ebn e tyre, nd\u00ebrsa vizitat \u00e7do fundjav\u00eb te prind\u00ebrit e bashk\u00ebshortit i plot\u00ebsojn\u00eb<\/p>\n<p>mjaftuesh\u00ebm relacionet e tyre, pavar\u00ebsisht angazhimeve t\u00eb shumta q\u00eb \u00e7ifti ka, rreth pun\u00ebs dhe karrier\u00ebs s\u00eb tyre. Por, m\u00eb i r\u00ebnd\u00ebsishmi i k\u00ebsaj familjeje, njeriu i cili diti si t&#8217;i &#8216;rr\u00ebmbej\u00eb&#8217; zemr\u00ebn Yllk\u00ebs dhe i cili ishte &#8216;fajtori&#8217; kryesor q\u00eb Yllka tani ka dy familje, \u00ebsht\u00eb Albiani. Pasi q\u00eb t\u00eb dy jan\u00eb shum\u00eb t\u00eb angazhuar rreth pun\u00ebs dhe obligimeve profesionale, pjes\u00ebn m\u00eb t\u00eb madhe t\u00eb dit\u00ebs ata jan\u00eb &#8216;larg&#8217; nj\u00ebri-tjetrit. Por, &#8216;magjia&#8217; e mbr\u00ebmjes \u00ebsht\u00eb shum\u00eb e preferuar edhe nga k\u00ebta t\u00eb dy, p\u00ebr arsye se \u00ebsht\u00eb pik\u00ebrisht kjo &#8216;magji&#8217; dhe dashuria e madhe, q\u00eb t\u00eb pakt\u00ebn n\u00eb mbr\u00ebmje t\u00eb jen\u00eb gjithher\u00eb bashk\u00eb, ashtu sikur duan t\u00eb jen\u00eb, ndoshta edhe gjat\u00eb koh\u00ebs kur nuk jan\u00eb bashk\u00eb. Edhe fundjavat z\u00ebn\u00eb nj\u00eb r\u00ebnd\u00ebsi t\u00eb ve\u00e7ant\u00eb p\u00ebr Yllk\u00ebn dhe Albianin p\u00ebr arsye se jan\u00eb &#8216;bashkimi&#8217; i tyre dhe relaksimi n\u00eb prani t\u00eb nj\u00ebritjetrit, pa pun\u00ebn e p\u00ebrditshme dhe si\u00e7 shprehet Yllka, koh\u00ebn kur ata jan\u00eb bashk\u00eb &#8220;e kalojm\u00eb m\u00eb s\u00eb miri n\u00eb bot\u00eb&#8221;!<\/p>\n<p><strong>Miq\u00ebsi me kompromisin <\/strong><\/p>\n<p>Ata, p\u00ebrve\u00e7 dashuris\u00eb p\u00ebr nj\u00ebritjetrin, shum\u00eb gj\u00ebra t\u00eb p\u00ebrbashk\u00ebta, ndon\u00ebse \u00e7do dit\u00eb q\u00eb kalojn\u00eb, &#8216;zbulojn\u00eb&#8217; gj\u00ebra t\u00eb reja tek nj\u00ebri-tjetri. Ka edhe raste kur nuk pajtohen, porse si\u00e7 duket ata kan\u00eb lidhur &#8216;miq\u00ebsi&#8217; me kompromisin dhe \u00e7do gj\u00eb e arrijn\u00eb me shum\u00eb mir\u00ebkuptim. &#8220;Shum\u00eb gj\u00ebra kemi t\u00eb p\u00ebrbashk\u00ebta, kemi shije t\u00eb nj\u00ebjt\u00eb n\u00eb stilin e jetes\u00ebs, na p\u00eblqen ushqimi i nj\u00ebjt\u00eb, kemi pasion t\u00eb p\u00ebrbashk\u00ebt ndaj fi lmave dhe futbollit, mir\u00ebpo ka edhe gj\u00ebra n\u00eb t\u00eb cilat nuk pajtohemi, mir\u00ebpo gjithmon\u00eb jemi t\u00eb gatsh\u00ebm p\u00ebr kompromis\u201d, pohon Yllka. Bashk\u00ebjetesa n\u00ebn nj\u00eb \u00e7ati ka b\u00ebr\u00eb q\u00eb n\u00eb secil\u00ebn dit\u00eb t\u00eb \u2018zbulojn\u00eb\u2019 veti t\u00eb reja. &#8220;N\u00eb bashk\u00ebjetes\u00eb njeriu m\u00ebson shum\u00eb gj\u00ebra p\u00ebr partnerin dhe veten. Zbulon veti t\u00eb reja \u00e7do dit\u00eb. Ajo q\u00eb lidhjen ton\u00eb e b\u00ebn t\u00eb ve\u00e7ant\u00eb \u00ebsht\u00eb se ne e plot\u00ebsojm\u00eb shum\u00eb mir\u00eb nj\u00ebri-tjetrin dhe k\u00ebshtu edhe i ndihmojm\u00eb nj\u00ebri tjetrit t\u00eb ngritemi n\u00eb secilin aspekt. Albiani \u00ebsht\u00eb njeri pozitiv, pa paragjykime dhe ka sens shum\u00eb t\u00eb k\u00ebndsh\u00ebm t\u00eb humorit, prandaj \u00e7do \u00e7ast q\u00eb e kaloj me t\u00eb p\u00ebr mua paraqet k\u00ebnaq\u00ebsi q\u00eb nuk z\u00ebvend\u00ebsoj me asgj\u00eb&#8221;, tregon Yllka p\u00ebr dashurin\u00eb e tyre e cila \u00e7do dit\u00eb po shkon duke u rritur ashtu sikur edhe po rritet njohja sa m\u00eb e madhe mes tyre. Ata kryesisht p\u00eblqejn\u00eb t\u00eb shohin ndonj\u00eb fi lm, e si relaks p\u00ebr \u00ebsht\u00eb edhe darka n\u00eb ndonj\u00eb restorant t\u00eb preferuar nga t\u00eb dy. E kur \u00ebsht\u00eb fjala p\u00ebr t\u00eb b\u00ebr\u00eb tifo n\u00eb sportin e preferuar nga t\u00eb dy &#8211; futbollin, duken si kund\u00ebrshtar\u00eb t\u00eb p\u00ebrbetuar, n\u00eb ve\u00e7anti gjat\u00eb premier- lig\u00ebs. \u201cNdodh edhe t\u00eb jemi kund\u00ebrshtar\u00eb, sidomos n\u00eb futboll n\u00eb premier-lig\u00eb. Albiani \u00ebsht\u00eb tifoz i ekipeve q\u00eb mua nuk m\u00eb p\u00eblqejn\u00eb\u2026 mir\u00ebpo p\u00ebrmbahemi!!! Ha-ha-ha!\u201d, pohon duke qeshur Yllka.<\/p>\n<p><strong>Gjell\u00ebt e vjehrr\u00ebs <\/strong><\/p>\n<p>At\u00ebher\u00eb kur p\u00ebrtojn\u00eb t\u00eb p\u00ebrgatisin ushqimin, shqyrtojn\u00eb mund\u00ebsin\u00eb q\u00eb t\u00eb porosisin, porse shum\u00eb shpesh jan\u00eb vizitor\u00eb t\u00eb restoranteve t\u00eb ndryshme. Megjithat\u00eb Yllka p\u00eblqen t\u00eb p\u00ebrgatis\u00eb dhe nj\u00eb gj\u00eb t\u00eb till\u00eb e b\u00ebn\u00eb me shum\u00eb d\u00ebshir\u00eb. \u201cEh, ndodh rrall\u00eb t\u00eb porosisim, ngaq\u00eb un\u00eb nuk p\u00ebrtoj t\u00eb p\u00ebrgatis asnj\u00ebher\u00eb. Kur kjo ndodh, s\u00eb pari i shqyrtojm\u00eb mund\u00ebsit\u00eb t\u00eb porosisim ushqim n\u00eb sht\u00ebpi, p.sh pizza ose Chinese food. Shpesh edhe dalim n\u00eb mbr\u00ebmje p\u00ebr dark\u00eb n\u00eb ndonj\u00eb nga restorantet tona t\u00eb preferuara n\u00eb qytet. Nd\u00ebrsa te prind\u00ebrit e Albianit zakonisht shkojm\u00eb n\u00eb fundjav\u00eb p\u00ebr t\u00eb ngr\u00ebn\u00eb specialitet e vjehrr\u00ebs sime e cila \u00ebsht\u00eb nj\u00eb kuzhiniere shum\u00eb e mir\u00eb\u201d. Megjithat\u00eb, ka raste kur n\u00eb kuzhin\u00eb shihet edhe Albiani, jo p\u00ebr t\u00eb provuar gatesat e \u2018nuses\u2019 por p\u00ebr t\u00eb p\u00ebrgatitur p\u00ebr te. Nd\u00ebrsa, ushqimi preferuar i tyre jan\u00eb pastat. Ani pse sht\u00ebpia e tyre \u00ebsht\u00eb mbushur me dashurin\u00eb q\u00eb ata kan\u00eb ndaj nj\u00ebri-tjetrit, s\u2019do t\u00eb ishte keq q\u00eb t\u00eb d\u00ebgjohen edhe t\u00eb qeshurat dhe t\u00eb qarat e ndonj\u00eb f\u00ebmije. Prandaj, \u00e7ifti i ri shpreson q\u00eb n\u00eb t\u00eb ardhmen t\u00eb shtoj\u00eb numrin e an\u00ebtar\u00ebve t\u00eb familjes. Ndoshta 2-3 f\u00ebmij\u00eb do t\u2019u p\u00eblqente t\u2019i kishin dhe t\u2019i jepnin m\u00eb shum\u00eb jet\u00eb sht\u00ebpis\u00eb s\u00eb tyre. Nd\u00ebrsa p\u00ebr ep\u00ebrsin\u00eb e vajzave apo djemve, nuk ka r\u00ebnd\u00ebsi. \u201cUn\u00eb jam rritur n\u00eb nj\u00eb ambient fem\u00ebror dhe i dua shum\u00eb vajzat, mir\u00ebpo i dua shum\u00eb edhe djemt\u00eb. Megjithat\u00eb kjo puna e gjinis\u00eb s\u00eb f\u00ebmij\u00ebs m\u00eb duket \u00e7\u00ebshtje shum\u00eb banale p\u00ebr ta diskutuar\u201d. Ndryshe, aktorja q\u00eb b\u00ebn\u00eb pjes\u00eb edhe n\u00eb nj\u00eb familje t\u00eb tret\u00eb, n\u00eb \u201cFamiljen moderne\u201d, aktualisht \u00ebsht\u00eb duke punuar n\u00eb nj\u00eb shfaqje t\u00eb re n\u00eb Teatrin Komb\u00ebtar. \u201c\u00cbsht\u00eb kjo komedia &#8220;Dejzilend&#8221; nga Kristofer Durang n\u00eb regji t\u00eb Agon Myftarit, premiera e s\u00eb cil\u00ebs do t\u00eb jet\u00eb m\u00eb 24 shkurt\u201d. Nd\u00ebrsa s\u00eb shpejti pret t&#8217;i vazhdoj\u00eb provat edhe p\u00ebr nj\u00eb shfaqje tjet\u00ebr q\u00eb ka nisur ta punoj\u00eb para vitit t\u00eb ri. Duke qen\u00eb se profesioni i saj \u00ebsht\u00eb pa orar, e provat ndodh q\u00eb mbahen n\u00eb mbr\u00ebmje, n\u00eb mesdit\u00eb, pasdite etj., megjithat\u00eb familja nuk bie nga prioritetet, p\u00ebrkundrazi, ajo e ka p\u00ebrkrahur gjithmon\u00eb aktoren.<\/p>\n<p><strong>Sht\u00ebpia e prind\u00ebrve t\u00eb mi gjithmon\u00eb do t\u00eb mbetet nj\u00eb vend i prehjes shpirt\u00ebrore <\/strong><\/p>\n<p>\u201cP\u00ebr mua, sht\u00ebpia dhe familja kan\u00eb paraqitur gjithmon\u00eb institucionin m\u00eb t\u00eb shenjt\u00eb n\u00eb jet\u00ebn e njeriut. Jam rritur n\u00eb nj\u00eb familje shtat\u00eb an\u00ebtar\u00ebshe, me prind\u00ebrit, tri motra m\u00eb t\u00eb m\u00ebdha dhe nj\u00eb v\u00eblla m\u00eb t\u00eb vog\u00ebl se un\u00eb, dhe kam pasur fatin e mir\u00eb t\u00eb kem nj\u00eb familje t\u00eb sh\u00ebndosh\u00eb n\u00eb secilin aspekt. N\u00eb sht\u00ebpin\u00eb e prind\u00ebrve t\u00eb mi gjithmon\u00eb ka harmoni dhe hare, dhe ajo sht\u00ebpi p\u00ebr mua gjithmon\u00eb do t\u00eb mbetet nj\u00eb vend i prehjes shpirt\u00ebrore dhe nj\u00eb shembull shembullor p\u00ebr ta nd\u00ebrtuar nj\u00eb familje n\u00eb t\u00eb ardhmen. Sa i p\u00ebrket nd\u00ebrrimit t\u00eb familjes, prap\u00eb po e them me familjen e Albianit qysh kur jam njohur para shum\u00eb vjet\u00ebsh kam kaluar shum\u00eb mir\u00eb dhe jemi p\u00ebrshtatur n\u00eb shum\u00eb gj\u00ebra. Prandaj ndjehem rehat me t\u00eb dyja familjet\u201d.<\/p>\n<p><strong>Kemi investuar p\u00ebr ta b\u00ebr\u00eb secil\u00ebn dit\u00eb &#8211; dit\u00eb t\u00eb t\u00eb dashurve <\/strong><\/p>\n<p>P\u00ebr gati 8 vjet sa jemi bashk\u00eb un\u00eb e Albiani, jemi munduar t\u00eb investojm\u00eb n\u00eb marr\u00ebdh\u00ebnien ton\u00eb n\u00eb at\u00eb m\u00ebnyr\u00eb q\u00eb t\u2019ia b\u00ebjm\u00eb nj\u00ebri-tjetrit secil\u00ebn dit\u00eb si dit\u00eb t\u00eb t\u00eb dashuruarve. Sepse Sh\u00ebn Valentini \u00ebsht\u00eb vet\u00ebm nj\u00eb dit\u00eb, e viti ka edhe 364 dit\u00eb tjera. K\u00ebshtu q\u00eb p\u00ebr ne kjo dat\u00eb paraqet edhe nj\u00eb dit\u00eb m\u00eb shum\u00eb<\/p>\n<p><strong><\/strong><\/p>\n<p><strong>Albiani \u00ebsht\u00eb shum\u00eb m\u00eb i kujdessh\u00ebm sa i p\u00ebrket dhuratave <\/strong><\/p>\n<p>Me t\u00eb v\u00ebrtet\u00eb nuk e di cil\u00ebn fest\u00eb apo dhurat\u00eb ta ve\u00e7oj, sepse secila n\u00eb momentin kur ishte e kishte r\u00ebnd\u00ebsin\u00eb dhe pesh\u00ebn e vet. Dhe cil\u00ebndo q\u00eb ta ve\u00e7oj apo t\u00eb b\u00ebj p\u00ebrjashtim m\u00eb duket se tregohem e padrejt\u00eb ndaj t\u00eb tjerave. Albiani sa u p\u00ebrket dhuratave \u00ebsht\u00eb shum\u00eb m\u00eb i kujdessh\u00ebm se un\u00eb dhe shpeshher\u00eb ndodh q\u00eb t\u00eb m\u00eb blej\u00eb ndonj\u00eb dhurat\u00eb pa ndonj\u00eb arsye t\u00eb ve\u00e7ant\u00eb. Dhurata e fundit q\u00eb e kam marr\u00eb prej tij \u00ebsht\u00eb laptopi im!<\/p>\n<p><strong>Infopress<\/strong><\/p>\n<p><br \/>\n<!--YouTube Error: bad URL entered--><\/p>\n","protected":false},"excerpt":{"rendered":"<p>Familja \u00ebsht\u00eb institucioni m\u00eb i shenjt\u00eb Ka pak koh\u00eb q\u00eb ajo \u00ebsht\u00eb \u2018ndar\u00eb\u2019 nga familja e saj, gjegj\u00ebsisht familja e n\u00ebn\u00ebs, por nuk i ka r\u00ebn\u00eb aspak keq, pasi vazhdimi i jet\u00ebs n\u00eb familjen e re, \u00ebsht\u00eb i shk\u00eblqyesh\u00ebm. Ajo ndihet me shum\u00eb fat, q\u00eb p\u00ebrve\u00e7 se i p\u00ebrkiste nj\u00eb familjeje t\u00eb mrekullueshme, tash \u00ebsht\u00eb [&hellip;]<\/p>\n","protected":false},"author":1,"featured_media":0,"comment_status":"open","ping_status":"closed","sticky":false,"template":"","format":"standard","meta":{"spay_email":"","jetpack_publicize_message":"","jetpack_is_tweetstorm":false,"jetpack_publicize_feature_enabled":true},"categories":[1],"tags":[6817,6816,4927],"jetpack_publicize_connections":[],"yoast_head":"<!-- This site is optimized with the Yoast SEO plugin v19.1 - https:\/\/yoast.com\/wordpress\/plugins\/seo\/ -->\n<title>Aktorja Yllka Gashi,flet p\u00ebr familjen e saj - Lajme nga Ulqini<\/title>\n<meta name=\"description\" content=\"Familja \u00ebsht\u00eb institucioni m\u00eb i shenjt\u00eb Ka pak koh\u00eb q\u00eb ajo \u00ebsht\u00eb \u2018ndar\u00eb\u2019 nga familja e saj, gjegj\u00ebsisht familja e n\u00ebn\u00ebs, por nuk i ka r\u00ebn\u00eb aspak keq, pasi\" \/>\n<meta name=\"robots\" content=\"index, follow, max-snippet:-1, max-image-preview:large, max-video-preview:-1\" \/>\n<link rel=\"canonical\" href=\"https:\/\/www.visit-ulcinj.com\/blog\/2009\/02\/17\/aktorja-yllka-gashiflet-per-familjen-e-saj\/\" \/>\n<meta property=\"og:locale\" content=\"en_US\" \/>\n<meta property=\"og:type\" content=\"article\" \/>\n<meta property=\"og:title\" content=\"Aktorja Yllka Gashi,flet p\u00ebr familjen e saj - Lajme nga Ulqini\" \/>\n<meta property=\"og:description\" content=\"Familja \u00ebsht\u00eb institucioni m\u00eb i shenjt\u00eb Ka pak koh\u00eb q\u00eb ajo \u00ebsht\u00eb \u2018ndar\u00eb\u2019 nga familja e saj, gjegj\u00ebsisht familja e n\u00ebn\u00ebs, por nuk i ka r\u00ebn\u00eb aspak keq, pasi\" \/>\n<meta property=\"og:url\" content=\"https:\/\/www.visit-ulcinj.com\/blog\/2009\/02\/17\/aktorja-yllka-gashiflet-per-familjen-e-saj\/\" \/>\n<meta property=\"og:site_name\" content=\"Lajme nga Ulqini\" \/>\n<meta property=\"article:published_time\" content=\"2009-02-17T16:46:28+00:00\" \/>\n<meta property=\"article:modified_time\" content=\"2009-02-17T16:51:31+00:00\" \/>\n<meta property=\"og:image\" content=\"https:\/\/www.visit-ulcinj.com\/blog\/wp-content\/uploads\/2009\/02\/yllka-gashi-_-familja-gagica-150x150.jpg\" \/>\n<meta name=\"twitter:label1\" content=\"Written by\" \/>\n\t<meta name=\"twitter:data1\" content=\"ulqini\" \/>\n\t<meta name=\"twitter:label2\" content=\"Est. reading time\" \/>\n\t<meta name=\"twitter:data2\" content=\"9 minutes\" \/>\n<script type=\"application\/ld+json\" class=\"yoast-schema-graph\">{\"@context\":\"https:\/\/schema.org\",\"@graph\":[{\"@type\":\"WebSite\",\"@id\":\"https:\/\/www.visit-ulcinj.com\/blog\/#website\",\"url\":\"https:\/\/www.visit-ulcinj.com\/blog\/\",\"name\":\"Lajme nga Ulqini\",\"description\":\"Lajme,Vijesti,Ulqini,Ulqin,Crna Gora,Mali i Zi\",\"potentialAction\":[{\"@type\":\"SearchAction\",\"target\":{\"@type\":\"EntryPoint\",\"urlTemplate\":\"https:\/\/www.visit-ulcinj.com\/blog\/?s={search_term_string}\"},\"query-input\":\"required name=search_term_string\"}],\"inLanguage\":\"en-US\"},{\"@type\":\"ImageObject\",\"inLanguage\":\"en-US\",\"@id\":\"https:\/\/www.visit-ulcinj.com\/blog\/2009\/02\/17\/aktorja-yllka-gashiflet-per-familjen-e-saj\/#primaryimage\",\"url\":\"http:\/\/www.visit-ulcinj.com\/blog\/wp-content\/uploads\/2009\/02\/yllka-gashi-_-familja-gagica.jpg\",\"contentUrl\":\"http:\/\/www.visit-ulcinj.com\/blog\/wp-content\/uploads\/2009\/02\/yllka-gashi-_-familja-gagica.jpg\"},{\"@type\":\"WebPage\",\"@id\":\"https:\/\/www.visit-ulcinj.com\/blog\/2009\/02\/17\/aktorja-yllka-gashiflet-per-familjen-e-saj\/#webpage\",\"url\":\"https:\/\/www.visit-ulcinj.com\/blog\/2009\/02\/17\/aktorja-yllka-gashiflet-per-familjen-e-saj\/\",\"name\":\"Aktorja Yllka Gashi,flet p\u00ebr familjen e saj - Lajme nga Ulqini\",\"isPartOf\":{\"@id\":\"https:\/\/www.visit-ulcinj.com\/blog\/#website\"},\"primaryImageOfPage\":{\"@id\":\"https:\/\/www.visit-ulcinj.com\/blog\/2009\/02\/17\/aktorja-yllka-gashiflet-per-familjen-e-saj\/#primaryimage\"},\"datePublished\":\"2009-02-17T16:46:28+00:00\",\"dateModified\":\"2009-02-17T16:51:31+00:00\",\"author\":{\"@id\":\"https:\/\/www.visit-ulcinj.com\/blog\/#\/schema\/person\/dcab619c614d3038751c63bc2aadc06d\"},\"description\":\"Familja \u00ebsht\u00eb institucioni m\u00eb i shenjt\u00eb Ka pak koh\u00eb q\u00eb ajo \u00ebsht\u00eb \u2018ndar\u00eb\u2019 nga familja e saj, gjegj\u00ebsisht familja e n\u00ebn\u00ebs, por nuk i ka r\u00ebn\u00eb aspak keq, pasi\",\"breadcrumb\":{\"@id\":\"https:\/\/www.visit-ulcinj.com\/blog\/2009\/02\/17\/aktorja-yllka-gashiflet-per-familjen-e-saj\/#breadcrumb\"},\"inLanguage\":\"en-US\",\"potentialAction\":[{\"@type\":\"ReadAction\",\"target\":[\"https:\/\/www.visit-ulcinj.com\/blog\/2009\/02\/17\/aktorja-yllka-gashiflet-per-familjen-e-saj\/\"]}]},{\"@type\":\"BreadcrumbList\",\"@id\":\"https:\/\/www.visit-ulcinj.com\/blog\/2009\/02\/17\/aktorja-yllka-gashiflet-per-familjen-e-saj\/#breadcrumb\",\"itemListElement\":[{\"@type\":\"ListItem\",\"position\":1,\"name\":\"Aktorja Yllka Gashi,flet p\u00ebr familjen e saj\"}]},{\"@type\":\"Person\",\"@id\":\"https:\/\/www.visit-ulcinj.com\/blog\/#\/schema\/person\/dcab619c614d3038751c63bc2aadc06d\",\"name\":\"ulqini\",\"sameAs\":[\"http:\/\/www.visit-ulcinj.com\"],\"url\":\"https:\/\/www.visit-ulcinj.com\/blog\/author\/admin\/\"}]}<\/script>\n<!-- \/ Yoast SEO plugin. -->","yoast_head_json":{"title":"Aktorja Yllka Gashi,flet p\u00ebr familjen e saj - Lajme nga Ulqini","description":"Familja \u00ebsht\u00eb institucioni m\u00eb i shenjt\u00eb Ka pak koh\u00eb q\u00eb ajo \u00ebsht\u00eb \u2018ndar\u00eb\u2019 nga familja e saj, gjegj\u00ebsisht familja e n\u00ebn\u00ebs, por nuk i ka r\u00ebn\u00eb aspak keq, pasi","robots":{"index":"index","follow":"follow","max-snippet":"max-snippet:-1","max-image-preview":"max-image-preview:large","max-video-preview":"max-video-preview:-1"},"canonical":"https:\/\/www.visit-ulcinj.com\/blog\/2009\/02\/17\/aktorja-yllka-gashiflet-per-familjen-e-saj\/","og_locale":"en_US","og_type":"article","og_title":"Aktorja Yllka Gashi,flet p\u00ebr familjen e saj - Lajme nga Ulqini","og_description":"Familja \u00ebsht\u00eb institucioni m\u00eb i shenjt\u00eb Ka pak koh\u00eb q\u00eb ajo \u00ebsht\u00eb \u2018ndar\u00eb\u2019 nga familja e saj, gjegj\u00ebsisht familja e n\u00ebn\u00ebs, por nuk i ka r\u00ebn\u00eb aspak keq, pasi","og_url":"https:\/\/www.visit-ulcinj.com\/blog\/2009\/02\/17\/aktorja-yllka-gashiflet-per-familjen-e-saj\/","og_site_name":"Lajme nga Ulqini","article_published_time":"2009-02-17T16:46:28+00:00","article_modified_time":"2009-02-17T16:51:31+00:00","og_image":[{"url":"https:\/\/www.visit-ulcinj.com\/blog\/wp-content\/uploads\/2009\/02\/yllka-gashi-_-familja-gagica-150x150.jpg"}],"twitter_misc":{"Written by":"ulqini","Est. reading time":"9 minutes"},"schema":{"@context":"https:\/\/schema.org","@graph":[{"@type":"WebSite","@id":"https:\/\/www.visit-ulcinj.com\/blog\/#website","url":"https:\/\/www.visit-ulcinj.com\/blog\/","name":"Lajme nga Ulqini","description":"Lajme,Vijesti,Ulqini,Ulqin,Crna Gora,Mali i Zi","potentialAction":[{"@type":"SearchAction","target":{"@type":"EntryPoint","urlTemplate":"https:\/\/www.visit-ulcinj.com\/blog\/?s={search_term_string}"},"query-input":"required name=search_term_string"}],"inLanguage":"en-US"},{"@type":"ImageObject","inLanguage":"en-US","@id":"https:\/\/www.visit-ulcinj.com\/blog\/2009\/02\/17\/aktorja-yllka-gashiflet-per-familjen-e-saj\/#primaryimage","url":"http:\/\/www.visit-ulcinj.com\/blog\/wp-content\/uploads\/2009\/02\/yllka-gashi-_-familja-gagica.jpg","contentUrl":"http:\/\/www.visit-ulcinj.com\/blog\/wp-content\/uploads\/2009\/02\/yllka-gashi-_-familja-gagica.jpg"},{"@type":"WebPage","@id":"https:\/\/www.visit-ulcinj.com\/blog\/2009\/02\/17\/aktorja-yllka-gashiflet-per-familjen-e-saj\/#webpage","url":"https:\/\/www.visit-ulcinj.com\/blog\/2009\/02\/17\/aktorja-yllka-gashiflet-per-familjen-e-saj\/","name":"Aktorja Yllka Gashi,flet p\u00ebr familjen e saj - Lajme nga Ulqini","isPartOf":{"@id":"https:\/\/www.visit-ulcinj.com\/blog\/#website"},"primaryImageOfPage":{"@id":"https:\/\/www.visit-ulcinj.com\/blog\/2009\/02\/17\/aktorja-yllka-gashiflet-per-familjen-e-saj\/#primaryimage"},"datePublished":"2009-02-17T16:46:28+00:00","dateModified":"2009-02-17T16:51:31+00:00","author":{"@id":"https:\/\/www.visit-ulcinj.com\/blog\/#\/schema\/person\/dcab619c614d3038751c63bc2aadc06d"},"description":"Familja \u00ebsht\u00eb institucioni m\u00eb i shenjt\u00eb Ka pak koh\u00eb q\u00eb ajo \u00ebsht\u00eb \u2018ndar\u00eb\u2019 nga familja e saj, gjegj\u00ebsisht familja e n\u00ebn\u00ebs, por nuk i ka r\u00ebn\u00eb aspak keq, pasi","breadcrumb":{"@id":"https:\/\/www.visit-ulcinj.com\/blog\/2009\/02\/17\/aktorja-yllka-gashiflet-per-familjen-e-saj\/#breadcrumb"},"inLanguage":"en-US","potentialAction":[{"@type":"ReadAction","target":["https:\/\/www.visit-ulcinj.com\/blog\/2009\/02\/17\/aktorja-yllka-gashiflet-per-familjen-e-saj\/"]}]},{"@type":"BreadcrumbList","@id":"https:\/\/www.visit-ulcinj.com\/blog\/2009\/02\/17\/aktorja-yllka-gashiflet-per-familjen-e-saj\/#breadcrumb","itemListElement":[{"@type":"ListItem","position":1,"name":"Aktorja Yllka Gashi,flet p\u00ebr familjen e saj"}]},{"@type":"Person","@id":"https:\/\/www.visit-ulcinj.com\/blog\/#\/schema\/person\/dcab619c614d3038751c63bc2aadc06d","name":"ulqini","sameAs":["http:\/\/www.visit-ulcinj.com"],"url":"https:\/\/www.visit-ulcinj.com\/blog\/author\/admin\/"}]}},"jetpack_featured_media_url":"","jetpack_sharing_enabled":true,"jetpack_shortlink":"https:\/\/wp.me\/pe6lTn-2YE","_links":{"self":[{"href":"https:\/\/www.visit-ulcinj.com\/blog\/wp-json\/wp\/v2\/posts\/11448"}],"collection":[{"href":"https:\/\/www.visit-ulcinj.com\/blog\/wp-json\/wp\/v2\/posts"}],"about":[{"href":"https:\/\/www.visit-ulcinj.com\/blog\/wp-json\/wp\/v2\/types\/post"}],"author":[{"embeddable":true,"href":"https:\/\/www.visit-ulcinj.com\/blog\/wp-json\/wp\/v2\/users\/1"}],"replies":[{"embeddable":true,"href":"https:\/\/www.visit-ulcinj.com\/blog\/wp-json\/wp\/v2\/comments?post=11448"}],"version-history":[{"count":0,"href":"https:\/\/www.visit-ulcinj.com\/blog\/wp-json\/wp\/v2\/posts\/11448\/revisions"}],"wp:attachment":[{"href":"https:\/\/www.visit-ulcinj.com\/blog\/wp-json\/wp\/v2\/media?parent=11448"}],"wp:term":[{"taxonomy":"category","embeddable":true,"href":"https:\/\/www.visit-ulcinj.com\/blog\/wp-json\/wp\/v2\/categories?post=11448"},{"taxonomy":"post_tag","embeddable":true,"href":"https:\/\/www.visit-ulcinj.com\/blog\/wp-json\/wp\/v2\/tags?post=11448"}],"curies":[{"name":"wp","href":"https:\/\/api.w.org\/{rel}","templated":true}]}}