{"id":1145,"date":"2008-04-05T13:12:31","date_gmt":"2008-04-05T18:12:31","guid":{"rendered":"http:\/\/www.visit-ulcinj.com\/blog\/?p=1145"},"modified":"2008-04-05T13:12:31","modified_gmt":"2008-04-05T18:12:31","slug":"rikthehet-gjuha-malazeze","status":"publish","type":"post","link":"https:\/\/www.visit-ulcinj.com\/blog\/2008\/04\/05\/rikthehet-gjuha-malazeze\/","title":{"rendered":"Rikthehet gjuha malazeze"},"content":{"rendered":"<p><img loading=\"lazy\" class=\"alignleft\" style=\"float: left;\" src=\"http:\/\/www.svevesti.com\/images\/sr\/53938.jpg\" alt=\"\" width=\"269\" height=\"188\" \/>Nga tetori i vitit t\u00eb kaluar, kur u shpall Kushtetuta e par\u00eb e malit t\u00eb Zi t\u00eb pavarur, gjuha malazeze u b\u00eb zyrtare,edhe ]pse e panormuar,pastandardizuar dhe e pakodifikuar.Q\u00eb nga at\u00ebher\u00eb supozohej se malazez\u00ebve u duhet q\u00eb s\u00ebrish ta marrin abetaren n\u00eb dor\u00eb,sepse duhet m\u00ebsuar shkronjat e rikompozuara dhe t\u00eb p\u00ebrkujtohen fjal\u00ebt e vjetra, nj\u00eb d\u00ebshmi kjo se gjuha malazeze ndryshon mjaft shum\u00eb nga ajo serbe.&#8221;P\u00ebr gjuh\u00ebn malazeze varri ishte hapur n\u00eb vitin e larg\u00ebt 1850, n\u00eb Vjen\u00eb, kur edhe u mbajt marr\u00ebveshja e njohur vjeneze e let\u00ebrsis\u00eb\u201d, thuhet n\u00eb parath\u00ebnien e librit t\u00eb titulluar \u201cPrirucnik za crnogorski jezik\u201d<br \/>\n(Doracaku p\u00ebr gjuh\u00ebn malazeze), t\u00eb promovuar para disa dit\u00ebsh n\u00eb Podgoric\u00eb.Autorja, profesoresha e let\u00ebrsis\u00eb,<br \/>\nBosiljka Kankaras, p\u00ebrkujton se \u201cgjuha e Njegosit\u2019 ishte \u201cd\u00ebbuar p\u00ebrfundimisht nga jeta publike\u201d m\u00eb 1954 p\u00ebrmes marr\u00ebveshjes s\u00eb Novi Sadit,kur ishte shpallur si dialekt.&#8221;Por, Zoti e di pun\u00ebn e vet. E varrosur p\u00ebr s\u00eb gjalli, gjuha nuk vdiq. P\u00ebrfundimisht, pas 158 vjet\u00ebsh, ajo u shkrua n\u00eb kushtetut\u00ebn malazeze\u201d,<br \/>\nshkuan Kankaras n\u00eb parath\u00ebnien e doracakut. Edhe \u00ebsht\u00eb futur n\u00eb Kushtetut\u00eb, gjuha malazeze ende s\u2019\u00ebsht\u00eb standardizuar.K\u00ebt\u00eb gj\u00eb duhet b\u00ebr\u00eb K\u00ebshilli special, t\u00eb cilin m\u00eb 24 janar e formoi qeveria malazeze,me detyr\u00eb q\u00eb t\u00eb krijoj\u00eb gramatik\u00ebn, drejtshkrimin dhe \u2018fjalorin\u2019 e gjuh\u00ebs malazeze,por edhe q\u00eb \u00eb promovoj\u00eb shkenc\u00ebn e re \u2013 montenegrostik\u00ebn.P\u00ebr Bosiljka Kankaras dhe p\u00ebr recensent\u00ebt e saj, dr Rajko Glusic dhe Zarko l.Djurovic, s\u2019\u00ebsht\u00eb fare diskutabile<br \/>\nq\u00eb para k\u00ebsaj duhet t\u00eb posedohet nj\u00eb doracak p\u00ebr gjuh\u00ebn e ardhshme. Ndryshe, alfabeti malazez do t\u2019i ket\u00eb 33 shkronja. Q\u00eb do t\u00eb thot\u00eb se krahasuar me at\u00eb serb, do t\u00eb shtohen edhe shkronjat: \u2018sh\u2019 e but\u00eb, shkronja \u2018zh\u2019 e but\u00eb dhe shkronja \u2018z\u2019 e but\u00eb.<\/p>\n<p><strong>Gazeta Express<\/strong><\/p>\n","protected":false},"excerpt":{"rendered":"<p><img loading=\"lazy\" class=\"alignleft\" style=\"float: left;\" src=\"http:\/\/www.svevesti.com\/images\/sr\/53938.jpg\" alt=\"\" width=\"140\" height=\"140\" \/><\/p>\n","protected":false},"author":1,"featured_media":0,"comment_status":"open","ping_status":"closed","sticky":false,"template":"","format":"standard","meta":{"spay_email":"","jetpack_publicize_message":"","jetpack_is_tweetstorm":false,"jetpack_publicize_feature_enabled":true},"categories":[4,11],"tags":[2429,2427,2428],"jetpack_publicize_connections":[],"yoast_head":"<!-- This site is optimized with the Yoast SEO plugin v19.1 - https:\/\/yoast.com\/wordpress\/plugins\/seo\/ -->\n<title>Rikthehet gjuha malazeze - Lajme nga Ulqini<\/title>\n<meta name=\"robots\" content=\"index, follow, max-snippet:-1, max-image-preview:large, max-video-preview:-1\" \/>\n<link rel=\"canonical\" href=\"https:\/\/www.visit-ulcinj.com\/blog\/2008\/04\/05\/rikthehet-gjuha-malazeze\/\" \/>\n<meta property=\"og:locale\" content=\"en_US\" \/>\n<meta property=\"og:type\" content=\"article\" \/>\n<meta property=\"og:title\" content=\"Rikthehet gjuha malazeze - Lajme nga Ulqini\" \/>\n<meta property=\"og:url\" content=\"https:\/\/www.visit-ulcinj.com\/blog\/2008\/04\/05\/rikthehet-gjuha-malazeze\/\" \/>\n<meta property=\"og:site_name\" content=\"Lajme nga Ulqini\" \/>\n<meta property=\"article:published_time\" content=\"2008-04-05T18:12:31+00:00\" \/>\n<meta property=\"og:image\" content=\"http:\/\/www.svevesti.com\/images\/sr\/53938.jpg\" \/>\n<meta name=\"twitter:label1\" content=\"Written by\" \/>\n\t<meta name=\"twitter:data1\" content=\"ulqini\" \/>\n\t<meta name=\"twitter:label2\" content=\"Est. reading time\" \/>\n\t<meta name=\"twitter:data2\" content=\"2 minutes\" \/>\n<script type=\"application\/ld+json\" class=\"yoast-schema-graph\">{\"@context\":\"https:\/\/schema.org\",\"@graph\":[{\"@type\":\"WebSite\",\"@id\":\"https:\/\/www.visit-ulcinj.com\/blog\/#website\",\"url\":\"https:\/\/www.visit-ulcinj.com\/blog\/\",\"name\":\"Lajme nga Ulqini\",\"description\":\"Lajme,Vijesti,Ulqini,Ulqin,Crna Gora,Mali i Zi\",\"potentialAction\":[{\"@type\":\"SearchAction\",\"target\":{\"@type\":\"EntryPoint\",\"urlTemplate\":\"https:\/\/www.visit-ulcinj.com\/blog\/?s={search_term_string}\"},\"query-input\":\"required name=search_term_string\"}],\"inLanguage\":\"en-US\"},{\"@type\":\"ImageObject\",\"inLanguage\":\"en-US\",\"@id\":\"https:\/\/www.visit-ulcinj.com\/blog\/2008\/04\/05\/rikthehet-gjuha-malazeze\/#primaryimage\",\"url\":\"http:\/\/www.svevesti.com\/images\/sr\/53938.jpg\",\"contentUrl\":\"http:\/\/www.svevesti.com\/images\/sr\/53938.jpg\"},{\"@type\":\"WebPage\",\"@id\":\"https:\/\/www.visit-ulcinj.com\/blog\/2008\/04\/05\/rikthehet-gjuha-malazeze\/#webpage\",\"url\":\"https:\/\/www.visit-ulcinj.com\/blog\/2008\/04\/05\/rikthehet-gjuha-malazeze\/\",\"name\":\"Rikthehet gjuha malazeze - Lajme nga Ulqini\",\"isPartOf\":{\"@id\":\"https:\/\/www.visit-ulcinj.com\/blog\/#website\"},\"primaryImageOfPage\":{\"@id\":\"https:\/\/www.visit-ulcinj.com\/blog\/2008\/04\/05\/rikthehet-gjuha-malazeze\/#primaryimage\"},\"datePublished\":\"2008-04-05T18:12:31+00:00\",\"dateModified\":\"2008-04-05T18:12:31+00:00\",\"author\":{\"@id\":\"https:\/\/www.visit-ulcinj.com\/blog\/#\/schema\/person\/dcab619c614d3038751c63bc2aadc06d\"},\"breadcrumb\":{\"@id\":\"https:\/\/www.visit-ulcinj.com\/blog\/2008\/04\/05\/rikthehet-gjuha-malazeze\/#breadcrumb\"},\"inLanguage\":\"en-US\",\"potentialAction\":[{\"@type\":\"ReadAction\",\"target\":[\"https:\/\/www.visit-ulcinj.com\/blog\/2008\/04\/05\/rikthehet-gjuha-malazeze\/\"]}]},{\"@type\":\"BreadcrumbList\",\"@id\":\"https:\/\/www.visit-ulcinj.com\/blog\/2008\/04\/05\/rikthehet-gjuha-malazeze\/#breadcrumb\",\"itemListElement\":[{\"@type\":\"ListItem\",\"position\":1,\"name\":\"Rikthehet gjuha malazeze\"}]},{\"@type\":\"Person\",\"@id\":\"https:\/\/www.visit-ulcinj.com\/blog\/#\/schema\/person\/dcab619c614d3038751c63bc2aadc06d\",\"name\":\"ulqini\",\"sameAs\":[\"http:\/\/www.visit-ulcinj.com\"],\"url\":\"https:\/\/www.visit-ulcinj.com\/blog\/author\/admin\/\"}]}<\/script>\n<!-- \/ Yoast SEO plugin. -->","yoast_head_json":{"title":"Rikthehet gjuha malazeze - Lajme nga Ulqini","robots":{"index":"index","follow":"follow","max-snippet":"max-snippet:-1","max-image-preview":"max-image-preview:large","max-video-preview":"max-video-preview:-1"},"canonical":"https:\/\/www.visit-ulcinj.com\/blog\/2008\/04\/05\/rikthehet-gjuha-malazeze\/","og_locale":"en_US","og_type":"article","og_title":"Rikthehet gjuha malazeze - Lajme nga Ulqini","og_url":"https:\/\/www.visit-ulcinj.com\/blog\/2008\/04\/05\/rikthehet-gjuha-malazeze\/","og_site_name":"Lajme nga Ulqini","article_published_time":"2008-04-05T18:12:31+00:00","og_image":[{"url":"http:\/\/www.svevesti.com\/images\/sr\/53938.jpg"}],"twitter_misc":{"Written by":"ulqini","Est. reading time":"2 minutes"},"schema":{"@context":"https:\/\/schema.org","@graph":[{"@type":"WebSite","@id":"https:\/\/www.visit-ulcinj.com\/blog\/#website","url":"https:\/\/www.visit-ulcinj.com\/blog\/","name":"Lajme nga Ulqini","description":"Lajme,Vijesti,Ulqini,Ulqin,Crna Gora,Mali i Zi","potentialAction":[{"@type":"SearchAction","target":{"@type":"EntryPoint","urlTemplate":"https:\/\/www.visit-ulcinj.com\/blog\/?s={search_term_string}"},"query-input":"required name=search_term_string"}],"inLanguage":"en-US"},{"@type":"ImageObject","inLanguage":"en-US","@id":"https:\/\/www.visit-ulcinj.com\/blog\/2008\/04\/05\/rikthehet-gjuha-malazeze\/#primaryimage","url":"http:\/\/www.svevesti.com\/images\/sr\/53938.jpg","contentUrl":"http:\/\/www.svevesti.com\/images\/sr\/53938.jpg"},{"@type":"WebPage","@id":"https:\/\/www.visit-ulcinj.com\/blog\/2008\/04\/05\/rikthehet-gjuha-malazeze\/#webpage","url":"https:\/\/www.visit-ulcinj.com\/blog\/2008\/04\/05\/rikthehet-gjuha-malazeze\/","name":"Rikthehet gjuha malazeze - Lajme nga Ulqini","isPartOf":{"@id":"https:\/\/www.visit-ulcinj.com\/blog\/#website"},"primaryImageOfPage":{"@id":"https:\/\/www.visit-ulcinj.com\/blog\/2008\/04\/05\/rikthehet-gjuha-malazeze\/#primaryimage"},"datePublished":"2008-04-05T18:12:31+00:00","dateModified":"2008-04-05T18:12:31+00:00","author":{"@id":"https:\/\/www.visit-ulcinj.com\/blog\/#\/schema\/person\/dcab619c614d3038751c63bc2aadc06d"},"breadcrumb":{"@id":"https:\/\/www.visit-ulcinj.com\/blog\/2008\/04\/05\/rikthehet-gjuha-malazeze\/#breadcrumb"},"inLanguage":"en-US","potentialAction":[{"@type":"ReadAction","target":["https:\/\/www.visit-ulcinj.com\/blog\/2008\/04\/05\/rikthehet-gjuha-malazeze\/"]}]},{"@type":"BreadcrumbList","@id":"https:\/\/www.visit-ulcinj.com\/blog\/2008\/04\/05\/rikthehet-gjuha-malazeze\/#breadcrumb","itemListElement":[{"@type":"ListItem","position":1,"name":"Rikthehet gjuha malazeze"}]},{"@type":"Person","@id":"https:\/\/www.visit-ulcinj.com\/blog\/#\/schema\/person\/dcab619c614d3038751c63bc2aadc06d","name":"ulqini","sameAs":["http:\/\/www.visit-ulcinj.com"],"url":"https:\/\/www.visit-ulcinj.com\/blog\/author\/admin\/"}]}},"jetpack_featured_media_url":"","jetpack_sharing_enabled":true,"jetpack_shortlink":"https:\/\/wp.me\/pe6lTn-it","_links":{"self":[{"href":"https:\/\/www.visit-ulcinj.com\/blog\/wp-json\/wp\/v2\/posts\/1145"}],"collection":[{"href":"https:\/\/www.visit-ulcinj.com\/blog\/wp-json\/wp\/v2\/posts"}],"about":[{"href":"https:\/\/www.visit-ulcinj.com\/blog\/wp-json\/wp\/v2\/types\/post"}],"author":[{"embeddable":true,"href":"https:\/\/www.visit-ulcinj.com\/blog\/wp-json\/wp\/v2\/users\/1"}],"replies":[{"embeddable":true,"href":"https:\/\/www.visit-ulcinj.com\/blog\/wp-json\/wp\/v2\/comments?post=1145"}],"version-history":[{"count":0,"href":"https:\/\/www.visit-ulcinj.com\/blog\/wp-json\/wp\/v2\/posts\/1145\/revisions"}],"wp:attachment":[{"href":"https:\/\/www.visit-ulcinj.com\/blog\/wp-json\/wp\/v2\/media?parent=1145"}],"wp:term":[{"taxonomy":"category","embeddable":true,"href":"https:\/\/www.visit-ulcinj.com\/blog\/wp-json\/wp\/v2\/categories?post=1145"},{"taxonomy":"post_tag","embeddable":true,"href":"https:\/\/www.visit-ulcinj.com\/blog\/wp-json\/wp\/v2\/tags?post=1145"}],"curies":[{"name":"wp","href":"https:\/\/api.w.org\/{rel}","templated":true}]}}