{"id":11467,"date":"2009-02-17T18:41:36","date_gmt":"2009-02-17T17:41:36","guid":{"rendered":"http:\/\/www.visit-ulcinj.com\/blog\/?p=11467"},"modified":"2009-02-17T18:41:36","modified_gmt":"2009-02-17T17:41:36","slug":"ish-te-burgosurit-dhe-te-perndjekurit-politike-te-shqiptareve-ne-mal-te-zi","status":"publish","type":"post","link":"https:\/\/www.visit-ulcinj.com\/blog\/2009\/02\/17\/ish-te-burgosurit-dhe-te-perndjekurit-politike-te-shqiptareve-ne-mal-te-zi\/","title":{"rendered":"Ish t\u00eb burgosurit dhe t\u00eb p\u00ebrndjekurit politik\u00eb t\u00eb shqiptar\u00ebve n\u00eb Mal t\u00eb Zi"},"content":{"rendered":"<p><strong><a href=\"http:\/\/www.visit-ulcinj.com\/blog\/wp-content\/uploads\/2009\/02\/drbahri-brisku.jpg\"><img loading=\"lazy\" class=\"alignleft size-full wp-image-11469\" title=\"drbahri-brisku\" src=\"http:\/\/www.visit-ulcinj.com\/blog\/wp-content\/uploads\/2009\/02\/drbahri-brisku.jpg\" alt=\"drbahri-brisku\" width=\"570\" height=\"400\" \/><\/a>Hapet perspektiva reale p\u00ebr realizimin e t\u00eb drejtave t\u00eb tyre<\/strong><br \/>\nMali i Zi nuk ka qen\u00eb n\u00eb gjendje q\u00eb t\u00eb nd\u00ebrmarr\u00eb asnj\u00eb veprim t\u00eb sigurt p\u00ebr realizimin e t\u00eb drejtave t\u00eb ish-t\u00eb burgosurve dhe t\u00eb p\u00ebrndjekurve politik\u00eb sipas konventave dhe traktateve nd\u00ebrkomb\u00ebtare. Deri para do kohe, Shoqata e ish-t\u00eb Burgosurve dhe t\u00eb P\u00ebrndjekurve Politik\u00eb nuk ka qen\u00eb e regjistruar n\u00eb nivel t\u00eb Malit t\u00eb Zi dhe nuk kan\u00eb ekzistuar ligje q\u00eb precizonin sigurimin e d\u00ebmshp\u00ebrblimeve, sigurimin e banesave, shkollimin e f\u00ebmij\u00ebve t\u00eb tyre, rihabilitimin e tyre n\u00eb jet\u00ebn institucionale etj.<br \/>\nKjo ndodhi p\u00ebr t\u00eb vetmen arsye se dikujt nuk i p\u00eblqente p\u00ebr ta b\u00ebr\u00eb regjistrimin e k\u00ebsaj shoqate n\u00eb nivelin shtet\u00ebror t\u00eb Malit t\u00eb Zi, edhe p\u00ebrkund\u00ebr faktit q\u00eb lutjet p\u00ebr regjistrimin e saj shoq\u00ebroheshin me t\u00eb gjitha dokumentet e nevojshme p\u00ebr k\u00ebt\u00eb veprimtari, zvarritja zgjati bukur shum\u00eb, por s\u00eb fundi u b\u00eb edhe ky regjistrim, me t\u00eb cilin na mund\u00ebsohet q\u00eb n\u00eb m\u00ebnyr\u00eb institucionale t`ia nisim pun\u00ebs p\u00ebr realizimin e t\u00eb gjitha t\u00eb drejtave t\u00eb k\u00ebtyre personave t\u00eb shum\u00ebvuajtur, qoft\u00eb n\u00ebp\u00ebr kazamatet e qelive, qoft\u00eb n\u00eb situata t\u00eb p\u00ebrndjekjes, t\u00eb largimit nga puna, nga jeta normale shoq\u00ebrore, duke qen\u00eb t\u00eb injoruar n\u00eb \u00e7do aspekt t\u00eb jet\u00ebs normale.<br \/>\nKjo \u00ebsht\u00eb nj\u00eb kategori personash t\u00eb cil\u00ebt n\u00eb k\u00ebt\u00eb rajon num\u00ebrojn\u00eb mbi 100 sish, pa llogaritur ata an\u00ebtar\u00eb q\u00eb kan\u00eb vuajtur n\u00eb burgjet e Informbyros\u00eb, q\u00eb kan\u00eb qen\u00eb vendosur n\u00eb ishullin Goli Otok, t\u00eb cil\u00ebt gjithashtu deri m\u00eb sot nuk jan\u00eb rihabilituar. Nj\u00eb pjes\u00eb e madhe e personave t\u00eb till\u00eb ende nuk kan\u00eb arritur q\u00eb t`i kompletojn\u00eb dokumentet e duhura p\u00ebr vuajtjet e tyre, se kan\u00eb pas humbur besimin se do t\u00eb mund t\u00eb paguhen ndonj\u00ebher\u00eb vuajtjet e tyre antinjer\u00ebzore. Personat e till\u00eb nuk e kan\u00eb shum\u00eb t\u00eb v\u00ebshtir\u00eb q\u00eb t\u00eb kompletojn\u00eb d\u00ebshmit\u00eb e tilla, t\u00eb cilat n\u00ebse nuk ua sigurojn\u00eb gjykatat, t\u00eb cilat i kan\u00eb d\u00ebnuar ish-t\u00eb burgosurit shqiptar\u00eb, k\u00ebta duhet t`i drejtohen Arkivit Historik n\u00eb Cetin\u00eb, i cili ka n\u00eb dispozicion t\u00eb gjitha t\u00eb dh\u00ebnat e nevojshme p\u00ebr secilin individ, q\u00eb ka qen\u00eb i burgosur. Dokumentet e tilla jan\u00eb t\u00eb domosdoshme p\u00ebr marrjen e d\u00ebmshp\u00ebrblimeve q\u00eb ju takojn\u00eb t\u00eb gjith\u00eb t\u00eb burgosurve dhe t\u00eb p\u00ebrndjekurve politik\u00eb t\u00eb shqiptar\u00ebve n\u00eb Mal t\u00eb Zi.<br \/>\nKjo shoqat\u00eb tani ka grumbulluar mjaft dokumente t\u00eb an\u00ebtar\u00ebve t\u00eb vet, por ka edhe an\u00ebtar\u00eb t\u00eb till\u00eb t\u00eb cil\u00ebt nuk kan\u00eb qen\u00eb t\u00eb informuar sa duhet p\u00ebr k\u00ebt\u00eb institucion t\u00eb tyre q\u00eb ekziston n\u00eb Ulqin, n\u00eb rrug\u00ebn Ymer Prizreni nr. 20. K\u00ebtu ata mund t`i sjellin dokumentet e tilla n\u00ebse d\u00ebshirojn\u00eb q\u00eb t\u00eb p\u00ebrfshihen e k\u00ebrkesave t\u00eb d\u00ebmshp\u00ebrblimeve, t\u00eb cilat ka gjasa reale se do t\u00eb realizohen, ashtu si\u00e7 jan\u00eb ndar\u00eb n\u00eb t\u00eb gjitha vendet e k\u00ebtij rajoni. Vendimet duhet t\u00eb jen\u00eb reale dhe t\u00eb noterizuara. K\u00ebshtu duhet t\u00eb veprojn\u00eb edhe ish-t\u00eb p\u00ebrndjekurit, sidomos t\u00eb till\u00ebt q\u00eb kan\u00eb qen\u00eb t\u00eb larguar nga puna, prej t\u00eb cil\u00ebve nj\u00eb pjes\u00eb gjenden n\u00eb Kat\u00ebrkoll\u00eb dhe n\u00eb Mal\u00ebsi t\u00eb Madhe. Nj\u00eb pjes\u00eb e madhe e personave t\u00eb till\u00eb kan\u00eb qen\u00eb t\u00eb shtr\u00ebnguar q\u00eb t\u00eb emigrojn\u00eb jasht\u00eb vendit. P\u00ebr t\u00eb till\u00ebt \u00ebsht\u00eb m\u00eb se e nevojshme q\u00eb t\u00eb interesohen pjes\u00ebtar\u00ebt e farefisit dhe shok\u00ebt e tyre, q\u00eb ata t\u00eb lajm\u00ebrohen dhe t\u00eb p\u00ebrgatisin dokumentet q\u00eb edhe atyre t`u b\u00ebhet i mundur realizimi i t\u00eb drejtave t\u00eb tilla, t\u00eb cilat jan\u00eb t\u00eb siguruara me disa konventa dhe ligje q\u00eb duhet t`i miratoj\u00eb secili shtet q\u00eb synon t\u00eb b\u00ebhet an\u00ebtar i Bashkimit Europian, e cila d\u00ebmshp\u00ebrblimet e tilla duksh\u00ebm i ka precizuar jo vet\u00ebm n\u00eb t\u00eb drejtat e njeriut, por edhe n\u00eb pjes\u00ebn e standardeve t\u00eb nevojshme p\u00ebr inkuadrim n\u00eb Bashkimin Europian. N\u00eb k\u00ebt\u00eb aspekt t\u00eb gjitha shtetet e k\u00ebtij rajoni kan\u00eb hartuar ligjet e nevojshme p\u00ebr d\u00ebmshp\u00ebrblimit e ish-t\u00eb burgosurve politik\u00eb. Nj\u00eb pun\u00eb t\u00eb till\u00eb e ka b\u00ebr\u00eb edhe Shqip\u00ebria, e cila n\u00eb form\u00eb t\u00eb \u00e7eqeve, gjegj\u00ebsisht t\u00eb letrave me vler\u00eb i ka paguar vuajtjet e personave t\u00eb till\u00eb, kurse n\u00eb koh\u00ebn aktuale p\u00ebr ish-t\u00eb burgosurit ka ndar\u00eb 23 milion\u00eb euro. Atje kjo kategori e personave ka gjetur p\u00ebrkrahjen e madhe t\u00eb deputet\u00ebve opozitar\u00eb, t\u00eb cil\u00ebt e kan\u00eb detyruar mazhoranc\u00ebn q\u00eb sa m\u00eb par\u00eb t\u00eb b\u00ebj\u00eb ndarjen e mjeteve financiare p\u00ebr k\u00ebta t\u00eb p\u00ebrvuajtur politik\u00eb, andaj \u00ebsht\u00eb e udh\u00ebs q\u00eb edhe k\u00ebta kat\u00ebr deputet\u00ebt tan\u00eb shqiptar\u00eb t\u00eb k\u00ebrkojn\u00eb nga Qeveria e Malit t\u00eb Zi jo vet\u00ebm q\u00eb t\u00eb rehabilitoj\u00eb k\u00ebta persona por edhe t\u00eb ndaj\u00eb mjete t\u00eb nevojshme p\u00ebr pages\u00ebn e d\u00ebmshp\u00ebrblimit i cili \u00ebsht\u00eb pjes\u00eb e standardeve, q\u00eb duhet t`i realizoj\u00eb \u00e7do shtet q\u00eb synon at\u00eb pa t\u00eb cil\u00ebn nuk ka mund\u00ebsi t\u00eb ekzistoj\u00eb, q\u00eb \u00ebsht\u00eb Bashkimi Europjan. \u00cbsht\u00eb koha q\u00eb p\u00ebr k\u00ebt\u00eb \u00e7\u00ebshtje t\u00eb ngrisin z\u00ebrin jo vet\u00ebm deputet\u00ebt tan\u00eb, por edhe Ministria e Pakicave, e cila nj\u00ebkoh\u00ebsisht b\u00ebn pjes\u00eb n\u00eb Qeverin\u00eb e k\u00ebtij shteti. Ka nevoj\u00eb q\u00eb p\u00ebr k\u00ebt\u00eb \u00e7\u00ebshtje t`ju b\u00ebhet e ditur t\u00eb gjith\u00eb faktor\u00ebve t\u00eb k\u00ebtij shtetit q\u00eb t\u00eb mos i mundojn\u00eb k\u00ebta ish-t\u00eb burgosur e ish-t\u00eb p\u00ebrndjekur q\u00eb p\u00ebr mosrealizimin e k\u00ebsaj \u00e7\u00ebshtjeje nga ana e Qeveris\u00eb s\u00eb malit t\u00eb Zi, t`i drejtohen Gjykat\u00ebs s\u00eb Strazburgut, e cila nuk ka asnj\u00eb shans q\u00eb t\u00eb mos vendos\u00eb p\u00ebr k\u00ebta persona pozitivisht dhe kund\u00ebr asaj qeverie q\u00eb nuk i ka p\u00ebrfillur k\u00ebrkesat legjitime t\u00eb ish t\u00eb vuajturve politik\u00eb n\u00eb sistemet ish-komuniste.<br \/>\nK\u00ebto jan\u00eb pistat q\u00eb k\u00ebtyre personave u garantojn\u00eb d\u00ebmshp\u00ebrblimet e merituara dhe rihabilitimet ligjore t\u00eb tyre, p\u00ebrkund\u00ebr faktit q\u00eb Kosova \u00ebsht\u00eb shtet i ri, kjo e ka aprovuar ligjin e d\u00ebmshp\u00ebrblimit t\u00eb t\u00eb burgosurve p\u00ebr bindjet e tyre, kurse neve n\u00eb k\u00ebt\u00eb shtet me v\u00ebshtir\u00ebsi t\u00eb madhe na kan\u00eb b\u00ebr\u00eb regjistrimin e Shoqat\u00ebs s\u00eb t\u00eb p\u00ebrndjekurve t\u00eb till\u00eb. Deri tani nuk jemi informuar q\u00eb Mali i Zi ka hartuar e praovuar ndonj\u00eb ligj q\u00eb \u00ebsht\u00eb i domosdosh\u00ebm jo vet\u00ebm p\u00ebr pagesat e d\u00ebmshp\u00ebrblimeve t\u00eb tilla, por edhe p\u00ebr plot\u00ebsim t\u00eb standardit q\u00eb eliminon penges\u00ebn e duhur p\u00ebr aderim n\u00eb Bashkimin Europjan.<br \/>\nNd\u00ebrkaq, ish t\u00eb burgosurit jasht\u00eb Malit t\u00eb Zi nga radh\u00ebt e shqiptar\u00ebve, konventat i obligojn\u00eb q\u00eb p\u00ebr realizimin e t\u00eb drejtave t\u00eb tyre, nevojitet q\u00eb t`u drejtohen shoqatave t\u00eb ish-t\u00eb burgosurve t\u00eb atyre vendeve ku kan\u00eb vuajtur d\u00ebnimet me burg. Shoqatat e vendeve t\u00eb tilla jan\u00eb t\u00eb obliguara me ligje q\u00eb t`ju rregullojn\u00eb v\u00ebrtetimet, k\u00ebrkesat dhe d\u00ebshmit\u00eb e tjera p\u00ebr personat q\u00eb me t\u00eb v\u00ebrtet\u00eb kan\u00eb vuajtur d\u00ebnime me burg, ose kan\u00eb qen\u00eb t\u00eb p\u00ebrndjekur nga ish &#8211; sigurimi i vendeve t\u00eb tilla.<br \/>\nGjithashtu i njoftojm\u00eb ish t\u00eb burgosurit dhe t\u00eb p\u00ebrndjekurit politik\u00eb n\u00eb Malin e ZI, q\u00eb n\u00eb selin\u00eb e k\u00ebsaj shoqate n\u00eb Ulqin, duhet t\u00eb sjellin nga dy fotografi, dokumentet e tjera eventuale si d\u00ebshmi e vuajtjeve t\u00eb tyre se kjo shoqat\u00eb p\u00ebrve\u00e7 t\u00eb tjerave \u00ebsht\u00eb n\u00eb p\u00ebrgatitje sip\u00ebr t\u00eb nj\u00eb libri biografik t\u00eb k\u00ebsaj kategorie personash. K\u00ebtu patjet\u00ebr b\u00ebjn\u00eb pjes\u00eb edhe familjet dhe personat e till\u00eb q\u00eb kan\u00eb nd\u00ebrruar jet\u00eb. Si d\u00ebshmi materiale, vlera d\u00ebshmuese p\u00ebr t\u00eb ndjerit duhet t\u00eb merren deponimet e familjar\u00ebve t\u00eb tyre t\u00eb cil\u00ebt japin d\u00ebshmi qoft\u00eb p\u00ebr vetveten, qoft\u00eb p\u00ebr nevoja t\u00eb botimit t\u00eb Monografis\u00eb. P\u00ebr jet\u00ebn e tyre, t\u00eb cil\u00ebt do t\u00eb botohen n\u00eb k\u00ebt\u00eb vep\u00ebr autobiografike t\u00eb ish t\u00eb burgosurve dhe t\u00eb t\u00eb p\u00ebrndjekurve politik\u00eb t\u00eb shqiptar\u00ebve n\u00eb Mal t\u00eb Zi, e cila projektohet t\u00eb botohet s\u00eb shpejti.<\/p>\n<p><strong>Bahri Brisku<br \/>\nKoha Javore<\/strong><\/p>\n","protected":false},"excerpt":{"rendered":"<p>Hapet perspektiva reale p\u00ebr realizimin e t\u00eb drejtave t\u00eb tyre Mali i Zi nuk ka qen\u00eb n\u00eb gjendje q\u00eb t\u00eb nd\u00ebrmarr\u00eb asnj\u00eb veprim t\u00eb sigurt p\u00ebr realizimin e t\u00eb drejtave t\u00eb ish-t\u00eb burgosurve dhe t\u00eb p\u00ebrndjekurve politik\u00eb sipas konventave dhe traktateve nd\u00ebrkomb\u00ebtare. Deri para do kohe, Shoqata e ish-t\u00eb Burgosurve dhe t\u00eb P\u00ebrndjekurve Politik\u00eb nuk [&hellip;]<\/p>\n","protected":false},"author":1,"featured_media":0,"comment_status":"open","ping_status":"closed","sticky":false,"template":"","format":"standard","meta":{"spay_email":"","jetpack_publicize_message":"","jetpack_is_tweetstorm":false,"jetpack_publicize_feature_enabled":true},"categories":[5],"tags":[985,6821,216,317,6820,6819],"jetpack_publicize_connections":[],"yoast_head":"<!-- This site is optimized with the Yoast SEO plugin v19.1 - https:\/\/yoast.com\/wordpress\/plugins\/seo\/ -->\n<title>Ish t\u00eb burgosurit dhe t\u00eb p\u00ebrndjekurit politik\u00eb t\u00eb shqiptar\u00ebve n\u00eb Mal t\u00eb Zi - Lajme nga Ulqini<\/title>\n<meta name=\"description\" content=\"Hapet perspektiva reale p\u00ebr realizimin e t\u00eb drejtave t\u00eb tyre Mali i Zi nuk ka qen\u00eb n\u00eb gjendje q\u00eb t\u00eb nd\u00ebrmarr\u00eb asnj\u00eb veprim t\u00eb sigurt p\u00ebr realizimin e t\u00eb\" \/>\n<meta name=\"robots\" content=\"index, follow, max-snippet:-1, max-image-preview:large, max-video-preview:-1\" \/>\n<link rel=\"canonical\" href=\"https:\/\/www.visit-ulcinj.com\/blog\/2009\/02\/17\/ish-te-burgosurit-dhe-te-perndjekurit-politike-te-shqiptareve-ne-mal-te-zi\/\" \/>\n<meta property=\"og:locale\" content=\"en_US\" \/>\n<meta property=\"og:type\" content=\"article\" \/>\n<meta property=\"og:title\" content=\"Ish t\u00eb burgosurit dhe t\u00eb p\u00ebrndjekurit politik\u00eb t\u00eb shqiptar\u00ebve n\u00eb Mal t\u00eb Zi - Lajme nga Ulqini\" \/>\n<meta property=\"og:description\" content=\"Hapet perspektiva reale p\u00ebr realizimin e t\u00eb drejtave t\u00eb tyre Mali i Zi nuk ka qen\u00eb n\u00eb gjendje q\u00eb t\u00eb nd\u00ebrmarr\u00eb asnj\u00eb veprim t\u00eb sigurt p\u00ebr realizimin e t\u00eb\" \/>\n<meta property=\"og:url\" content=\"https:\/\/www.visit-ulcinj.com\/blog\/2009\/02\/17\/ish-te-burgosurit-dhe-te-perndjekurit-politike-te-shqiptareve-ne-mal-te-zi\/\" \/>\n<meta property=\"og:site_name\" content=\"Lajme nga Ulqini\" \/>\n<meta property=\"article:published_time\" content=\"2009-02-17T17:41:36+00:00\" \/>\n<meta property=\"og:image\" content=\"http:\/\/www.visit-ulcinj.com\/blog\/wp-content\/uploads\/2009\/02\/drbahri-brisku.jpg\" \/>\n<meta name=\"twitter:label1\" content=\"Written by\" \/>\n\t<meta name=\"twitter:data1\" content=\"ulqini\" \/>\n\t<meta name=\"twitter:label2\" content=\"Est. reading time\" \/>\n\t<meta name=\"twitter:data2\" content=\"7 minutes\" \/>\n<script type=\"application\/ld+json\" class=\"yoast-schema-graph\">{\"@context\":\"https:\/\/schema.org\",\"@graph\":[{\"@type\":\"WebSite\",\"@id\":\"https:\/\/www.visit-ulcinj.com\/blog\/#website\",\"url\":\"https:\/\/www.visit-ulcinj.com\/blog\/\",\"name\":\"Lajme nga Ulqini\",\"description\":\"Lajme,Vijesti,Ulqini,Ulqin,Crna Gora,Mali i Zi\",\"potentialAction\":[{\"@type\":\"SearchAction\",\"target\":{\"@type\":\"EntryPoint\",\"urlTemplate\":\"https:\/\/www.visit-ulcinj.com\/blog\/?s={search_term_string}\"},\"query-input\":\"required name=search_term_string\"}],\"inLanguage\":\"en-US\"},{\"@type\":\"ImageObject\",\"inLanguage\":\"en-US\",\"@id\":\"https:\/\/www.visit-ulcinj.com\/blog\/2009\/02\/17\/ish-te-burgosurit-dhe-te-perndjekurit-politike-te-shqiptareve-ne-mal-te-zi\/#primaryimage\",\"url\":\"https:\/\/www.visit-ulcinj.com\/blog\/wp-content\/uploads\/2009\/02\/drbahri-brisku.jpg\",\"contentUrl\":\"https:\/\/www.visit-ulcinj.com\/blog\/wp-content\/uploads\/2009\/02\/drbahri-brisku.jpg\",\"width\":\"700\",\"height\":\"598\"},{\"@type\":\"WebPage\",\"@id\":\"https:\/\/www.visit-ulcinj.com\/blog\/2009\/02\/17\/ish-te-burgosurit-dhe-te-perndjekurit-politike-te-shqiptareve-ne-mal-te-zi\/#webpage\",\"url\":\"https:\/\/www.visit-ulcinj.com\/blog\/2009\/02\/17\/ish-te-burgosurit-dhe-te-perndjekurit-politike-te-shqiptareve-ne-mal-te-zi\/\",\"name\":\"Ish t\u00eb burgosurit dhe t\u00eb p\u00ebrndjekurit politik\u00eb t\u00eb shqiptar\u00ebve n\u00eb Mal t\u00eb Zi - Lajme nga Ulqini\",\"isPartOf\":{\"@id\":\"https:\/\/www.visit-ulcinj.com\/blog\/#website\"},\"primaryImageOfPage\":{\"@id\":\"https:\/\/www.visit-ulcinj.com\/blog\/2009\/02\/17\/ish-te-burgosurit-dhe-te-perndjekurit-politike-te-shqiptareve-ne-mal-te-zi\/#primaryimage\"},\"datePublished\":\"2009-02-17T17:41:36+00:00\",\"dateModified\":\"2009-02-17T17:41:36+00:00\",\"author\":{\"@id\":\"https:\/\/www.visit-ulcinj.com\/blog\/#\/schema\/person\/dcab619c614d3038751c63bc2aadc06d\"},\"description\":\"Hapet perspektiva reale p\u00ebr realizimin e t\u00eb drejtave t\u00eb tyre Mali i Zi nuk ka qen\u00eb n\u00eb gjendje q\u00eb t\u00eb nd\u00ebrmarr\u00eb asnj\u00eb veprim t\u00eb sigurt p\u00ebr realizimin e t\u00eb\",\"breadcrumb\":{\"@id\":\"https:\/\/www.visit-ulcinj.com\/blog\/2009\/02\/17\/ish-te-burgosurit-dhe-te-perndjekurit-politike-te-shqiptareve-ne-mal-te-zi\/#breadcrumb\"},\"inLanguage\":\"en-US\",\"potentialAction\":[{\"@type\":\"ReadAction\",\"target\":[\"https:\/\/www.visit-ulcinj.com\/blog\/2009\/02\/17\/ish-te-burgosurit-dhe-te-perndjekurit-politike-te-shqiptareve-ne-mal-te-zi\/\"]}]},{\"@type\":\"BreadcrumbList\",\"@id\":\"https:\/\/www.visit-ulcinj.com\/blog\/2009\/02\/17\/ish-te-burgosurit-dhe-te-perndjekurit-politike-te-shqiptareve-ne-mal-te-zi\/#breadcrumb\",\"itemListElement\":[{\"@type\":\"ListItem\",\"position\":1,\"name\":\"Ish t\u00eb burgosurit dhe t\u00eb p\u00ebrndjekurit politik\u00eb t\u00eb shqiptar\u00ebve n\u00eb Mal t\u00eb Zi\"}]},{\"@type\":\"Person\",\"@id\":\"https:\/\/www.visit-ulcinj.com\/blog\/#\/schema\/person\/dcab619c614d3038751c63bc2aadc06d\",\"name\":\"ulqini\",\"sameAs\":[\"http:\/\/www.visit-ulcinj.com\"],\"url\":\"https:\/\/www.visit-ulcinj.com\/blog\/author\/admin\/\"}]}<\/script>\n<!-- \/ Yoast SEO plugin. -->","yoast_head_json":{"title":"Ish t\u00eb burgosurit dhe t\u00eb p\u00ebrndjekurit politik\u00eb t\u00eb shqiptar\u00ebve n\u00eb Mal t\u00eb Zi - Lajme nga Ulqini","description":"Hapet perspektiva reale p\u00ebr realizimin e t\u00eb drejtave t\u00eb tyre Mali i Zi nuk ka qen\u00eb n\u00eb gjendje q\u00eb t\u00eb nd\u00ebrmarr\u00eb asnj\u00eb veprim t\u00eb sigurt p\u00ebr realizimin e t\u00eb","robots":{"index":"index","follow":"follow","max-snippet":"max-snippet:-1","max-image-preview":"max-image-preview:large","max-video-preview":"max-video-preview:-1"},"canonical":"https:\/\/www.visit-ulcinj.com\/blog\/2009\/02\/17\/ish-te-burgosurit-dhe-te-perndjekurit-politike-te-shqiptareve-ne-mal-te-zi\/","og_locale":"en_US","og_type":"article","og_title":"Ish t\u00eb burgosurit dhe t\u00eb p\u00ebrndjekurit politik\u00eb t\u00eb shqiptar\u00ebve n\u00eb Mal t\u00eb Zi - Lajme nga Ulqini","og_description":"Hapet perspektiva reale p\u00ebr realizimin e t\u00eb drejtave t\u00eb tyre Mali i Zi nuk ka qen\u00eb n\u00eb gjendje q\u00eb t\u00eb nd\u00ebrmarr\u00eb asnj\u00eb veprim t\u00eb sigurt p\u00ebr realizimin e t\u00eb","og_url":"https:\/\/www.visit-ulcinj.com\/blog\/2009\/02\/17\/ish-te-burgosurit-dhe-te-perndjekurit-politike-te-shqiptareve-ne-mal-te-zi\/","og_site_name":"Lajme nga Ulqini","article_published_time":"2009-02-17T17:41:36+00:00","og_image":[{"url":"http:\/\/www.visit-ulcinj.com\/blog\/wp-content\/uploads\/2009\/02\/drbahri-brisku.jpg"}],"twitter_misc":{"Written by":"ulqini","Est. reading time":"7 minutes"},"schema":{"@context":"https:\/\/schema.org","@graph":[{"@type":"WebSite","@id":"https:\/\/www.visit-ulcinj.com\/blog\/#website","url":"https:\/\/www.visit-ulcinj.com\/blog\/","name":"Lajme nga Ulqini","description":"Lajme,Vijesti,Ulqini,Ulqin,Crna Gora,Mali i Zi","potentialAction":[{"@type":"SearchAction","target":{"@type":"EntryPoint","urlTemplate":"https:\/\/www.visit-ulcinj.com\/blog\/?s={search_term_string}"},"query-input":"required name=search_term_string"}],"inLanguage":"en-US"},{"@type":"ImageObject","inLanguage":"en-US","@id":"https:\/\/www.visit-ulcinj.com\/blog\/2009\/02\/17\/ish-te-burgosurit-dhe-te-perndjekurit-politike-te-shqiptareve-ne-mal-te-zi\/#primaryimage","url":"https:\/\/www.visit-ulcinj.com\/blog\/wp-content\/uploads\/2009\/02\/drbahri-brisku.jpg","contentUrl":"https:\/\/www.visit-ulcinj.com\/blog\/wp-content\/uploads\/2009\/02\/drbahri-brisku.jpg","width":"700","height":"598"},{"@type":"WebPage","@id":"https:\/\/www.visit-ulcinj.com\/blog\/2009\/02\/17\/ish-te-burgosurit-dhe-te-perndjekurit-politike-te-shqiptareve-ne-mal-te-zi\/#webpage","url":"https:\/\/www.visit-ulcinj.com\/blog\/2009\/02\/17\/ish-te-burgosurit-dhe-te-perndjekurit-politike-te-shqiptareve-ne-mal-te-zi\/","name":"Ish t\u00eb burgosurit dhe t\u00eb p\u00ebrndjekurit politik\u00eb t\u00eb shqiptar\u00ebve n\u00eb Mal t\u00eb Zi - Lajme nga Ulqini","isPartOf":{"@id":"https:\/\/www.visit-ulcinj.com\/blog\/#website"},"primaryImageOfPage":{"@id":"https:\/\/www.visit-ulcinj.com\/blog\/2009\/02\/17\/ish-te-burgosurit-dhe-te-perndjekurit-politike-te-shqiptareve-ne-mal-te-zi\/#primaryimage"},"datePublished":"2009-02-17T17:41:36+00:00","dateModified":"2009-02-17T17:41:36+00:00","author":{"@id":"https:\/\/www.visit-ulcinj.com\/blog\/#\/schema\/person\/dcab619c614d3038751c63bc2aadc06d"},"description":"Hapet perspektiva reale p\u00ebr realizimin e t\u00eb drejtave t\u00eb tyre Mali i Zi nuk ka qen\u00eb n\u00eb gjendje q\u00eb t\u00eb nd\u00ebrmarr\u00eb asnj\u00eb veprim t\u00eb sigurt p\u00ebr realizimin e t\u00eb","breadcrumb":{"@id":"https:\/\/www.visit-ulcinj.com\/blog\/2009\/02\/17\/ish-te-burgosurit-dhe-te-perndjekurit-politike-te-shqiptareve-ne-mal-te-zi\/#breadcrumb"},"inLanguage":"en-US","potentialAction":[{"@type":"ReadAction","target":["https:\/\/www.visit-ulcinj.com\/blog\/2009\/02\/17\/ish-te-burgosurit-dhe-te-perndjekurit-politike-te-shqiptareve-ne-mal-te-zi\/"]}]},{"@type":"BreadcrumbList","@id":"https:\/\/www.visit-ulcinj.com\/blog\/2009\/02\/17\/ish-te-burgosurit-dhe-te-perndjekurit-politike-te-shqiptareve-ne-mal-te-zi\/#breadcrumb","itemListElement":[{"@type":"ListItem","position":1,"name":"Ish t\u00eb burgosurit dhe t\u00eb p\u00ebrndjekurit politik\u00eb t\u00eb shqiptar\u00ebve n\u00eb Mal t\u00eb Zi"}]},{"@type":"Person","@id":"https:\/\/www.visit-ulcinj.com\/blog\/#\/schema\/person\/dcab619c614d3038751c63bc2aadc06d","name":"ulqini","sameAs":["http:\/\/www.visit-ulcinj.com"],"url":"https:\/\/www.visit-ulcinj.com\/blog\/author\/admin\/"}]}},"jetpack_featured_media_url":"","jetpack_sharing_enabled":true,"jetpack_shortlink":"https:\/\/wp.me\/pe6lTn-2YX","_links":{"self":[{"href":"https:\/\/www.visit-ulcinj.com\/blog\/wp-json\/wp\/v2\/posts\/11467"}],"collection":[{"href":"https:\/\/www.visit-ulcinj.com\/blog\/wp-json\/wp\/v2\/posts"}],"about":[{"href":"https:\/\/www.visit-ulcinj.com\/blog\/wp-json\/wp\/v2\/types\/post"}],"author":[{"embeddable":true,"href":"https:\/\/www.visit-ulcinj.com\/blog\/wp-json\/wp\/v2\/users\/1"}],"replies":[{"embeddable":true,"href":"https:\/\/www.visit-ulcinj.com\/blog\/wp-json\/wp\/v2\/comments?post=11467"}],"version-history":[{"count":0,"href":"https:\/\/www.visit-ulcinj.com\/blog\/wp-json\/wp\/v2\/posts\/11467\/revisions"}],"wp:attachment":[{"href":"https:\/\/www.visit-ulcinj.com\/blog\/wp-json\/wp\/v2\/media?parent=11467"}],"wp:term":[{"taxonomy":"category","embeddable":true,"href":"https:\/\/www.visit-ulcinj.com\/blog\/wp-json\/wp\/v2\/categories?post=11467"},{"taxonomy":"post_tag","embeddable":true,"href":"https:\/\/www.visit-ulcinj.com\/blog\/wp-json\/wp\/v2\/tags?post=11467"}],"curies":[{"name":"wp","href":"https:\/\/api.w.org\/{rel}","templated":true}]}}