{"id":11478,"date":"2009-02-17T19:06:41","date_gmt":"2009-02-17T18:06:41","guid":{"rendered":"http:\/\/www.visit-ulcinj.com\/blog\/?p=11478"},"modified":"2009-02-17T19:06:41","modified_gmt":"2009-02-17T18:06:41","slug":"materniteti-i-ulqinit-ne-ditelindjen-e-tij-te-katert","status":"publish","type":"post","link":"https:\/\/www.visit-ulcinj.com\/blog\/2009\/02\/17\/materniteti-i-ulqinit-ne-ditelindjen-e-tij-te-katert\/","title":{"rendered":"Materniteti i ulqinit n\u00eb dit\u00eblindjen e tij t\u00eb kat\u00ebrt"},"content":{"rendered":"<p><strong><a href=\"http:\/\/www.visit-ulcinj.com\/blog\/wp-content\/uploads\/2009\/02\/shtepija-e-shendetit-ne-ulqin.jpg\"><img loading=\"lazy\" class=\"alignleft size-full wp-image-11479\" title=\"shtepija-e-shendetit-ne-ulqin\" src=\"http:\/\/www.visit-ulcinj.com\/blog\/wp-content\/uploads\/2009\/02\/shtepija-e-shendetit-ne-ulqin.jpg\" alt=\"shtepija-e-shendetit-ne-ulqin\" width=\"570\" height=\"400\" \/><\/a>Rritja e lindjeve d\u00ebshmon rritjen e besimit<\/strong><br \/>\n&#8220;Vet\u00eb fakti se numri i lindjeve rritet nga viti n\u00eb vit, m\u00eb lejon t\u00eb konstatoj se besueshm\u00ebria e popullat\u00ebs s\u00eb Ulqinit, posa\u00e7\u00ebrisht asaj femrore t\u00eb aft\u00eb p\u00ebr lindje, \u00ebsht\u00eb \u00e7do dit\u00eb e m\u00eb e madhe&#8221;, thot\u00eb drejtori i Sht\u00ebpis\u00eb s\u00eb Sh\u00ebndetit n\u00eb Ulqin, prim. dr. Gani Karamanaga.<br \/>\nN\u00ebse para fillimit t\u00eb pun\u00ebs s\u00eb maternitetit n\u00eb Ulqin kan\u00eb ekzistuar hije dyshimi rreth siguris\u00eb s\u00eb lindjes n\u00eb k\u00ebt\u00eb institucion dhe p\u00ebrgatitjen e stafit t\u00eb tij mjek\u00ebsor, kat\u00ebr vjet pune t\u00eb tij e kan\u00eb d\u00ebshmuar r\u00ebnd\u00ebsin\u00eb dhe domosdoshm\u00ebrin\u00eb e k\u00ebtij institucioni dhe kan\u00eb shuar pothuajse fare frik\u00ebn e lindjes n\u00eb k\u00ebt\u00eb maternitet, p\u00ebr shkak t\u00eb munges\u00ebs s\u00eb sall\u00ebs kirurgjikale.<br \/>\nP\u00ebr kat\u00ebr vjet n\u00eb k\u00ebt\u00eb maternitet (m\u00eb 5 shkurt u b\u00ebn\u00eb kat\u00ebr vjet t\u00eb fillimit t\u00eb pun\u00ebs) kan\u00eb lindur gjithsej 614 f\u00ebmij\u00eb dhe numri i lindjeve ka ardhur duke u rritur nga viti n\u00eb vit.<br \/>\n&#8220;N\u00eb vitin 2005, vitin e par\u00eb t\u00eb hapjes s\u00eb maternitetit, n\u00eb t\u00eb kan\u00eb lindur gjithsej 125 f\u00ebmij\u00eb, n\u00eb vitin 2006 &#8211; 149 f\u00ebmij\u00eb, n\u00eb vitin 2007 &#8211; 153 f\u00ebmij\u00eb, kurse n\u00eb vitin e kaluar ky num\u00ebr ka arritur n\u00eb 178 lindje&#8221;, thot\u00eb drejtori i Sht\u00ebpis\u00eb s\u00eb Sh\u00ebndetit n\u00eb Ulqin, prim. dr. Gani Karamanaga.<br \/>\nSipas tij, rritja e numrit t\u00eb lindjeve nga viti n\u00eb vit tregon rritjen e besimit t\u00eb qytetar\u00ebve n\u00eb k\u00ebt\u00eb institucion.<br \/>\n&#8220;Vet\u00eb fakti se numri i lindjeve rritet nga viti n\u00eb vit, m\u00eb lejon t\u00eb konstatoj se besueshm\u00ebria e popullat\u00ebs s\u00eb Ulqinit, posa\u00e7\u00ebrisht asaj femrore t\u00eb aft\u00eb p\u00ebr lindje, \u00ebsht\u00eb \u00e7do dit\u00eb e m\u00eb e madhe&#8221;, thot\u00eb ai.<br \/>\nGjat\u00eb pun\u00ebs kat\u00ebrvje\u00e7are, n\u00eb k\u00ebt\u00eb maternitet, fatmir\u00ebsisht, nuk ka pasur asnj\u00eb vdekje t\u00eb f\u00ebmij\u00ebve apo n\u00ebnave.<br \/>\nDrejtori Karamanaga ia atribuon k\u00ebt\u00eb, para s\u00eb gjithash, &#8220;kujdesit dhe pun\u00ebs s\u00eb mir\u00eb t\u00eb mjek\u00ebve&#8221;.<br \/>\n&#8220;Pun\u00ebn p\u00ebr k\u00ebto kat\u00ebr vjet e ka karakterizuar nj\u00eb entuziaz\u00ebm i madh dhe pun\u00eb profesionale e stafit mjek\u00ebsor t\u00eb gjinekolog\u00ebve, pediatr\u00ebve, mamive dhe motrave pediatrike&#8221;, thot\u00eb ai.<br \/>\nMaterniteti i Ulqinit \u00ebsht\u00eb i pajisur mir\u00eb me aparatura bashk\u00ebkohore mjek\u00ebsore dhe u ofron kushte shum\u00eb t\u00eb mira n\u00ebnave shtat\u00ebz\u00ebna, para dhe pas lindjes.<br \/>\n&#8220;Ndihm\u00eb p\u00ebr sigurimin e k\u00ebtyre pajisjeve p\u00ebrve\u00e7 Qeveris\u00eb s\u00eb Malit t\u00eb Zi na kan\u00eb dh\u00ebn\u00eb edhe bashkatdhetar\u00ebt tan\u00eb nga SHBA, Zvicra dhe Gjermania, si dhe nj\u00eb num\u00ebr i afarist\u00ebve nga Ulqini dhe disa banka q\u00eb veprojn\u00eb n\u00eb k\u00ebt\u00eb qytet&#8221;, thot\u00eb dr. Gani Karamanaga.<br \/>\nT\u00eb lindurit n\u00eb k\u00ebt\u00eb maternitet nuk jan\u00eb vet\u00ebm nga qyteti i Ulqinit, por edhe nga qytetet e tjera t\u00eb Malit t\u00eb Zi, e po ashtu edhe disa vende fqinje, si Shqip\u00ebria dhe Kosova. Po ashtu edhe komb\u00ebsia e t\u00eb lindurve \u00ebsht\u00eb tejet heterogjene.<br \/>\nDrejtori i Sht\u00ebpis\u00eb s\u00eb Sh\u00ebndetit n\u00eb Ulqin tregon se ka pasur raste kur lindjet jan\u00eb kryer edhe falas kur kan\u00eb qen\u00eb n\u00eb pyetje n\u00ebna me gjendje t\u00eb v\u00ebshtir\u00eb ekonomike.<br \/>\nProblem megjithat\u00eb mbetet mungesa e sall\u00ebs kirurgjikale dhe stacionit t\u00eb transfuzionit q\u00eb kusht\u00ebzon lindjet q\u00eb kan\u00eb nevoj\u00eb p\u00ebr nd\u00ebrhyrje kirurgjikale. P\u00ebrqindja e k\u00ebtyre lindjeve sillet rreth 15-25 p\u00ebr qind dhe ato jan\u00eb t\u00eb detyruara t\u00eb kryhen n\u00eb maternitete t\u00eb tjera, kryesisht n\u00eb Tivar, Podgoric\u00eb, etj.<br \/>\n&#8220;N\u00eb t\u00eb ardhmen duhet t\u00eb luftojm\u00eb q\u00eb materniteti t\u00eb ket\u00eb atributin e maternitetit spitalor&#8221;, thot\u00eb drejtori Karamanaga.<br \/>\nReforma e sistemit sh\u00ebndet\u00ebsor q\u00eb parashikon reduktimin e numrit t\u00eb punonj\u00ebsve shpresohet t\u00eb mos e prek\u00eb maternitetin e Ulqinit.<br \/>\n&#8220;Reforma n\u00eb sistemin sh\u00ebndet\u00ebsor primar e pranon maternitetin e Ulqinit si pjes\u00eb t\u00eb Sht\u00ebpis\u00eb s\u00eb Sh\u00ebndetit dhe shpresojm\u00eb se do t\u00eb arrijm\u00eb marr\u00ebveshje me rezultat t\u00eb mir\u00eb n\u00eb favor t\u00eb punonj\u00ebsve t\u00eb pun\u00ebsuar n\u00eb maternitet&#8221;, p\u00ebrfundon drejtori Gani Karamanaga.<\/p>\n<p><strong>I.Kallaba<br \/>\nKoha Javore<\/strong><\/p>\n<p><strong>\n\t\t<style type=\"text\/css\">\n\t\t\t#gallery-1 {\n\t\t\t\tmargin: auto;\n\t\t\t}\n\t\t\t#gallery-1 .gallery-item {\n\t\t\t\tfloat: left;\n\t\t\t\tmargin-top: 10px;\n\t\t\t\ttext-align: center;\n\t\t\t\twidth: 33%;\n\t\t\t}\n\t\t\t#gallery-1 img {\n\t\t\t\tborder: 2px solid #cfcfcf;\n\t\t\t}\n\t\t\t#gallery-1 .gallery-caption {\n\t\t\t\tmargin-left: 0;\n\t\t\t}\n\t\t\t\/* see gallery_shortcode() in wp-includes\/media.php *\/\n\t\t<\/style>\n\t\t<div id='gallery-1' class='gallery galleryid-11478 gallery-columns-3 gallery-size-thumbnail'><dl class='gallery-item'>\n\t\t\t<dt class='gallery-icon landscape'>\n\t\t\t\t<a href='https:\/\/www.visit-ulcinj.com\/blog\/wp-content\/uploads\/2009\/02\/shtepija-e-shendetit-ne-ulqin.jpg'><img width=\"150\" height=\"150\" src=\"https:\/\/www.visit-ulcinj.com\/blog\/wp-content\/uploads\/2009\/02\/shtepija-e-shendetit-ne-ulqin-150x150.jpg\" class=\"attachment-thumbnail size-thumbnail\" alt=\"\" loading=\"lazy\" \/><\/a>\n\t\t\t<\/dt><\/dl><dl class='gallery-item'>\n\t\t\t<dt class='gallery-icon landscape'>\n\t\t\t\t<a href='https:\/\/www.visit-ulcinj.com\/blog\/wp-content\/uploads\/2009\/02\/materniteti-i-ulqinit-1.jpg'><img width=\"150\" height=\"150\" src=\"https:\/\/www.visit-ulcinj.com\/blog\/wp-content\/uploads\/2009\/02\/materniteti-i-ulqinit-1-150x150.jpg\" class=\"attachment-thumbnail size-thumbnail\" alt=\"\" loading=\"lazy\" \/><\/a>\n\t\t\t<\/dt><\/dl><dl class='gallery-item'>\n\t\t\t<dt class='gallery-icon landscape'>\n\t\t\t\t<a href='https:\/\/www.visit-ulcinj.com\/blog\/wp-content\/uploads\/2009\/02\/materniteti-i-ulqinit-2.jpg'><img width=\"150\" height=\"150\" src=\"https:\/\/www.visit-ulcinj.com\/blog\/wp-content\/uploads\/2009\/02\/materniteti-i-ulqinit-2-150x150.jpg\" class=\"attachment-thumbnail size-thumbnail\" alt=\"\" loading=\"lazy\" \/><\/a>\n\t\t\t<\/dt><\/dl><br style=\"clear: both\" \/><dl class='gallery-item'>\n\t\t\t<dt class='gallery-icon landscape'>\n\t\t\t\t<a href='https:\/\/www.visit-ulcinj.com\/blog\/wp-content\/uploads\/2009\/02\/materniteti-i-ulqinit-3.jpg'><img width=\"150\" height=\"150\" src=\"https:\/\/www.visit-ulcinj.com\/blog\/wp-content\/uploads\/2009\/02\/materniteti-i-ulqinit-3-150x150.jpg\" class=\"attachment-thumbnail size-thumbnail\" alt=\"\" loading=\"lazy\" \/><\/a>\n\t\t\t<\/dt><\/dl><dl class='gallery-item'>\n\t\t\t<dt class='gallery-icon landscape'>\n\t\t\t\t<a href='https:\/\/www.visit-ulcinj.com\/blog\/wp-content\/uploads\/2009\/02\/materniteti-i-ulqinit-4.jpg'><img width=\"150\" height=\"150\" src=\"https:\/\/www.visit-ulcinj.com\/blog\/wp-content\/uploads\/2009\/02\/materniteti-i-ulqinit-4-150x150.jpg\" class=\"attachment-thumbnail size-thumbnail\" alt=\"\" loading=\"lazy\" \/><\/a>\n\t\t\t<\/dt><\/dl><dl class='gallery-item'>\n\t\t\t<dt class='gallery-icon landscape'>\n\t\t\t\t<a href='https:\/\/www.visit-ulcinj.com\/blog\/wp-content\/uploads\/2009\/02\/materniteti-i-ulqinit-5.jpg'><img width=\"150\" height=\"150\" src=\"https:\/\/www.visit-ulcinj.com\/blog\/wp-content\/uploads\/2009\/02\/materniteti-i-ulqinit-5-150x150.jpg\" class=\"attachment-thumbnail size-thumbnail\" alt=\"\" loading=\"lazy\" \/><\/a>\n\t\t\t<\/dt><\/dl><br style=\"clear: both\" \/><dl class='gallery-item'>\n\t\t\t<dt class='gallery-icon landscape'>\n\t\t\t\t<a href='https:\/\/www.visit-ulcinj.com\/blog\/wp-content\/uploads\/2009\/02\/materniteti-i-ulqinit-6.jpg'><img width=\"150\" height=\"150\" src=\"https:\/\/www.visit-ulcinj.com\/blog\/wp-content\/uploads\/2009\/02\/materniteti-i-ulqinit-6-150x150.jpg\" class=\"attachment-thumbnail size-thumbnail\" alt=\"\" loading=\"lazy\" \/><\/a>\n\t\t\t<\/dt><\/dl><dl class='gallery-item'>\n\t\t\t<dt class='gallery-icon landscape'>\n\t\t\t\t<a href='https:\/\/www.visit-ulcinj.com\/blog\/wp-content\/uploads\/2009\/02\/materniteti-i-ulqinit-7.jpg'><img width=\"150\" height=\"150\" src=\"https:\/\/www.visit-ulcinj.com\/blog\/wp-content\/uploads\/2009\/02\/materniteti-i-ulqinit-7-150x150.jpg\" class=\"attachment-thumbnail size-thumbnail\" alt=\"\" loading=\"lazy\" \/><\/a>\n\t\t\t<\/dt><\/dl><dl class='gallery-item'>\n\t\t\t<dt class='gallery-icon landscape'>\n\t\t\t\t<a href='https:\/\/www.visit-ulcinj.com\/blog\/wp-content\/uploads\/2009\/02\/materniteti-i-ulqinit-8.jpg'><img width=\"150\" height=\"150\" src=\"https:\/\/www.visit-ulcinj.com\/blog\/wp-content\/uploads\/2009\/02\/materniteti-i-ulqinit-8-150x150.jpg\" class=\"attachment-thumbnail size-thumbnail\" alt=\"\" loading=\"lazy\" \/><\/a>\n\t\t\t<\/dt><\/dl><br style=\"clear: both\" \/><dl class='gallery-item'>\n\t\t\t<dt class='gallery-icon landscape'>\n\t\t\t\t<a href='https:\/\/www.visit-ulcinj.com\/blog\/wp-content\/uploads\/2009\/02\/materniteti-i-ulqinit-9.jpg'><img width=\"150\" height=\"150\" src=\"https:\/\/www.visit-ulcinj.com\/blog\/wp-content\/uploads\/2009\/02\/materniteti-i-ulqinit-9-150x150.jpg\" class=\"attachment-thumbnail size-thumbnail\" alt=\"\" loading=\"lazy\" \/><\/a>\n\t\t\t<\/dt><\/dl><dl class='gallery-item'>\n\t\t\t<dt class='gallery-icon landscape'>\n\t\t\t\t<a href='https:\/\/www.visit-ulcinj.com\/blog\/wp-content\/uploads\/2009\/02\/materniteti-i-ulqinit-10.jpg'><img width=\"150\" height=\"150\" src=\"https:\/\/www.visit-ulcinj.com\/blog\/wp-content\/uploads\/2009\/02\/materniteti-i-ulqinit-10-150x150.jpg\" class=\"attachment-thumbnail size-thumbnail\" alt=\"\" loading=\"lazy\" \/><\/a>\n\t\t\t<\/dt><\/dl><dl class='gallery-item'>\n\t\t\t<dt class='gallery-icon portrait'>\n\t\t\t\t<a href='https:\/\/www.visit-ulcinj.com\/blog\/wp-content\/uploads\/2009\/02\/materniteti-i-ulqinit-11.jpg'><img width=\"150\" height=\"150\" src=\"https:\/\/www.visit-ulcinj.com\/blog\/wp-content\/uploads\/2009\/02\/materniteti-i-ulqinit-11-150x150.jpg\" class=\"attachment-thumbnail size-thumbnail\" alt=\"\" loading=\"lazy\" \/><\/a>\n\t\t\t<\/dt><\/dl><br style=\"clear: both\" \/><dl class='gallery-item'>\n\t\t\t<dt class='gallery-icon landscape'>\n\t\t\t\t<a href='https:\/\/www.visit-ulcinj.com\/blog\/wp-content\/uploads\/2009\/02\/materniteti-i-ulqinit.jpg'><img width=\"150\" height=\"150\" src=\"https:\/\/www.visit-ulcinj.com\/blog\/wp-content\/uploads\/2009\/02\/materniteti-i-ulqinit-150x150.jpg\" class=\"attachment-thumbnail size-thumbnail\" alt=\"\" loading=\"lazy\" \/><\/a>\n\t\t\t<\/dt><\/dl><dl class='gallery-item'>\n\t\t\t<dt class='gallery-icon portrait'>\n\t\t\t\t<a href='https:\/\/www.visit-ulcinj.com\/blog\/wp-content\/uploads\/2009\/02\/teuta-hoxha-ulqin-21.jpg'><img width=\"150\" height=\"150\" src=\"https:\/\/www.visit-ulcinj.com\/blog\/wp-content\/uploads\/2009\/02\/teuta-hoxha-ulqin-21-150x150.jpg\" class=\"attachment-thumbnail size-thumbnail\" alt=\"\" loading=\"lazy\" \/><\/a>\n\t\t\t<\/dt><\/dl><dl class='gallery-item'>\n\t\t\t<dt class='gallery-icon landscape'>\n\t\t\t\t<a href='https:\/\/www.visit-ulcinj.com\/blog\/wp-content\/uploads\/2009\/02\/prim-dr-gani-karamanaga.jpg'><img width=\"150\" height=\"150\" src=\"https:\/\/www.visit-ulcinj.com\/blog\/wp-content\/uploads\/2009\/02\/prim-dr-gani-karamanaga-150x150.jpg\" class=\"attachment-thumbnail size-thumbnail\" alt=\"\" loading=\"lazy\" \/><\/a>\n\t\t\t<\/dt><\/dl><br style=\"clear: both\" \/>\n\t\t<\/div>\n<br \/>\n<\/strong><\/p>\n<p><strong><br \/>\n<\/strong><\/p>\n<p><a href=\"http:\/\/www.visit-ulcinj.com\/blog\/wp-content\/uploads\/2009\/02\/ulcinjsko-porodiliste9.jpg\"><br \/>\n<\/a><\/p>\n","protected":false},"excerpt":{"rendered":"<p>Rritja e lindjeve d\u00ebshmon rritjen e besimit &#8220;Vet\u00eb fakti se numri i lindjeve rritet nga viti n\u00eb vit, m\u00eb lejon t\u00eb konstatoj se besueshm\u00ebria e popullat\u00ebs s\u00eb Ulqinit, posa\u00e7\u00ebrisht asaj femrore t\u00eb aft\u00eb p\u00ebr lindje, \u00ebsht\u00eb \u00e7do dit\u00eb e m\u00eb e madhe&#8221;, thot\u00eb drejtori i Sht\u00ebpis\u00eb s\u00eb Sh\u00ebndetit n\u00eb Ulqin, prim. dr. Gani Karamanaga. N\u00ebse [&hellip;]<\/p>\n","protected":false},"author":1,"featured_media":0,"comment_status":"open","ping_status":"closed","sticky":false,"template":"","format":"standard","meta":{"spay_email":"","jetpack_publicize_message":"","jetpack_is_tweetstorm":false,"jetpack_publicize_feature_enabled":true},"categories":[11],"tags":[6825,6824,6827,3478,743,6826],"jetpack_publicize_connections":[],"yoast_head":"<!-- This site is optimized with the Yoast SEO plugin v19.1 - https:\/\/yoast.com\/wordpress\/plugins\/seo\/ -->\n<title>Materniteti i ulqinit n\u00eb dit\u00eblindjen e tij t\u00eb kat\u00ebrt - Lajme nga Ulqini<\/title>\n<meta name=\"description\" content=\"Rritja e lindjeve d\u00ebshmon rritjen e besimit &quot;Vet\u00eb fakti se numri i lindjeve rritet nga viti n\u00eb vit, m\u00eb lejon t\u00eb konstatoj se besueshm\u00ebria e popullat\u00ebs s\u00eb\" \/>\n<meta name=\"robots\" content=\"index, follow, max-snippet:-1, max-image-preview:large, max-video-preview:-1\" \/>\n<link rel=\"canonical\" href=\"https:\/\/www.visit-ulcinj.com\/blog\/2009\/02\/17\/materniteti-i-ulqinit-ne-ditelindjen-e-tij-te-katert\/\" \/>\n<meta property=\"og:locale\" content=\"en_US\" \/>\n<meta property=\"og:type\" content=\"article\" \/>\n<meta property=\"og:title\" content=\"Materniteti i ulqinit n\u00eb dit\u00eblindjen e tij t\u00eb kat\u00ebrt - Lajme nga Ulqini\" \/>\n<meta property=\"og:description\" content=\"Rritja e lindjeve d\u00ebshmon rritjen e besimit &quot;Vet\u00eb fakti se numri i lindjeve rritet nga viti n\u00eb vit, m\u00eb lejon t\u00eb konstatoj se besueshm\u00ebria e popullat\u00ebs s\u00eb\" \/>\n<meta property=\"og:url\" content=\"https:\/\/www.visit-ulcinj.com\/blog\/2009\/02\/17\/materniteti-i-ulqinit-ne-ditelindjen-e-tij-te-katert\/\" \/>\n<meta property=\"og:site_name\" content=\"Lajme nga Ulqini\" \/>\n<meta property=\"article:published_time\" content=\"2009-02-17T18:06:41+00:00\" \/>\n<meta property=\"og:image\" content=\"https:\/\/www.visit-ulcinj.com\/blog\/wp-content\/uploads\/2009\/02\/shtepija-e-shendetit-ne-ulqin-150x150.jpg\" \/>\n<meta name=\"twitter:label1\" content=\"Written by\" \/>\n\t<meta name=\"twitter:data1\" content=\"ulqini\" \/>\n\t<meta name=\"twitter:label2\" content=\"Est. reading time\" \/>\n\t<meta name=\"twitter:data2\" content=\"3 minutes\" \/>\n<script type=\"application\/ld+json\" class=\"yoast-schema-graph\">{\"@context\":\"https:\/\/schema.org\",\"@graph\":[{\"@type\":\"WebSite\",\"@id\":\"https:\/\/www.visit-ulcinj.com\/blog\/#website\",\"url\":\"https:\/\/www.visit-ulcinj.com\/blog\/\",\"name\":\"Lajme nga Ulqini\",\"description\":\"Lajme,Vijesti,Ulqini,Ulqin,Crna Gora,Mali i Zi\",\"potentialAction\":[{\"@type\":\"SearchAction\",\"target\":{\"@type\":\"EntryPoint\",\"urlTemplate\":\"https:\/\/www.visit-ulcinj.com\/blog\/?s={search_term_string}\"},\"query-input\":\"required name=search_term_string\"}],\"inLanguage\":\"en-US\"},{\"@type\":\"ImageObject\",\"inLanguage\":\"en-US\",\"@id\":\"https:\/\/www.visit-ulcinj.com\/blog\/2009\/02\/17\/materniteti-i-ulqinit-ne-ditelindjen-e-tij-te-katert\/#primaryimage\",\"url\":\"https:\/\/www.visit-ulcinj.com\/blog\/wp-content\/uploads\/2009\/02\/shtepija-e-shendetit-ne-ulqin.jpg\",\"contentUrl\":\"https:\/\/www.visit-ulcinj.com\/blog\/wp-content\/uploads\/2009\/02\/shtepija-e-shendetit-ne-ulqin.jpg\",\"width\":\"1316\",\"height\":\"987\"},{\"@type\":\"WebPage\",\"@id\":\"https:\/\/www.visit-ulcinj.com\/blog\/2009\/02\/17\/materniteti-i-ulqinit-ne-ditelindjen-e-tij-te-katert\/#webpage\",\"url\":\"https:\/\/www.visit-ulcinj.com\/blog\/2009\/02\/17\/materniteti-i-ulqinit-ne-ditelindjen-e-tij-te-katert\/\",\"name\":\"Materniteti i ulqinit n\u00eb dit\u00eblindjen e tij t\u00eb kat\u00ebrt - Lajme nga Ulqini\",\"isPartOf\":{\"@id\":\"https:\/\/www.visit-ulcinj.com\/blog\/#website\"},\"primaryImageOfPage\":{\"@id\":\"https:\/\/www.visit-ulcinj.com\/blog\/2009\/02\/17\/materniteti-i-ulqinit-ne-ditelindjen-e-tij-te-katert\/#primaryimage\"},\"datePublished\":\"2009-02-17T18:06:41+00:00\",\"dateModified\":\"2009-02-17T18:06:41+00:00\",\"author\":{\"@id\":\"https:\/\/www.visit-ulcinj.com\/blog\/#\/schema\/person\/dcab619c614d3038751c63bc2aadc06d\"},\"description\":\"Rritja e lindjeve d\u00ebshmon rritjen e besimit \\\"Vet\u00eb fakti se numri i lindjeve rritet nga viti n\u00eb vit, m\u00eb lejon t\u00eb konstatoj se besueshm\u00ebria e popullat\u00ebs s\u00eb\",\"breadcrumb\":{\"@id\":\"https:\/\/www.visit-ulcinj.com\/blog\/2009\/02\/17\/materniteti-i-ulqinit-ne-ditelindjen-e-tij-te-katert\/#breadcrumb\"},\"inLanguage\":\"en-US\",\"potentialAction\":[{\"@type\":\"ReadAction\",\"target\":[\"https:\/\/www.visit-ulcinj.com\/blog\/2009\/02\/17\/materniteti-i-ulqinit-ne-ditelindjen-e-tij-te-katert\/\"]}]},{\"@type\":\"BreadcrumbList\",\"@id\":\"https:\/\/www.visit-ulcinj.com\/blog\/2009\/02\/17\/materniteti-i-ulqinit-ne-ditelindjen-e-tij-te-katert\/#breadcrumb\",\"itemListElement\":[{\"@type\":\"ListItem\",\"position\":1,\"name\":\"Materniteti i ulqinit n\u00eb dit\u00eblindjen e tij t\u00eb kat\u00ebrt\"}]},{\"@type\":\"Person\",\"@id\":\"https:\/\/www.visit-ulcinj.com\/blog\/#\/schema\/person\/dcab619c614d3038751c63bc2aadc06d\",\"name\":\"ulqini\",\"sameAs\":[\"http:\/\/www.visit-ulcinj.com\"],\"url\":\"https:\/\/www.visit-ulcinj.com\/blog\/author\/admin\/\"}]}<\/script>\n<!-- \/ Yoast SEO plugin. -->","yoast_head_json":{"title":"Materniteti i ulqinit n\u00eb dit\u00eblindjen e tij t\u00eb kat\u00ebrt - Lajme nga Ulqini","description":"Rritja e lindjeve d\u00ebshmon rritjen e besimit \"Vet\u00eb fakti se numri i lindjeve rritet nga viti n\u00eb vit, m\u00eb lejon t\u00eb konstatoj se besueshm\u00ebria e popullat\u00ebs s\u00eb","robots":{"index":"index","follow":"follow","max-snippet":"max-snippet:-1","max-image-preview":"max-image-preview:large","max-video-preview":"max-video-preview:-1"},"canonical":"https:\/\/www.visit-ulcinj.com\/blog\/2009\/02\/17\/materniteti-i-ulqinit-ne-ditelindjen-e-tij-te-katert\/","og_locale":"en_US","og_type":"article","og_title":"Materniteti i ulqinit n\u00eb dit\u00eblindjen e tij t\u00eb kat\u00ebrt - Lajme nga Ulqini","og_description":"Rritja e lindjeve d\u00ebshmon rritjen e besimit \"Vet\u00eb fakti se numri i lindjeve rritet nga viti n\u00eb vit, m\u00eb lejon t\u00eb konstatoj se besueshm\u00ebria e popullat\u00ebs s\u00eb","og_url":"https:\/\/www.visit-ulcinj.com\/blog\/2009\/02\/17\/materniteti-i-ulqinit-ne-ditelindjen-e-tij-te-katert\/","og_site_name":"Lajme nga Ulqini","article_published_time":"2009-02-17T18:06:41+00:00","og_image":[{"url":"https:\/\/www.visit-ulcinj.com\/blog\/wp-content\/uploads\/2009\/02\/shtepija-e-shendetit-ne-ulqin-150x150.jpg"}],"twitter_misc":{"Written by":"ulqini","Est. reading time":"3 minutes"},"schema":{"@context":"https:\/\/schema.org","@graph":[{"@type":"WebSite","@id":"https:\/\/www.visit-ulcinj.com\/blog\/#website","url":"https:\/\/www.visit-ulcinj.com\/blog\/","name":"Lajme nga Ulqini","description":"Lajme,Vijesti,Ulqini,Ulqin,Crna Gora,Mali i Zi","potentialAction":[{"@type":"SearchAction","target":{"@type":"EntryPoint","urlTemplate":"https:\/\/www.visit-ulcinj.com\/blog\/?s={search_term_string}"},"query-input":"required name=search_term_string"}],"inLanguage":"en-US"},{"@type":"ImageObject","inLanguage":"en-US","@id":"https:\/\/www.visit-ulcinj.com\/blog\/2009\/02\/17\/materniteti-i-ulqinit-ne-ditelindjen-e-tij-te-katert\/#primaryimage","url":"https:\/\/www.visit-ulcinj.com\/blog\/wp-content\/uploads\/2009\/02\/shtepija-e-shendetit-ne-ulqin.jpg","contentUrl":"https:\/\/www.visit-ulcinj.com\/blog\/wp-content\/uploads\/2009\/02\/shtepija-e-shendetit-ne-ulqin.jpg","width":"1316","height":"987"},{"@type":"WebPage","@id":"https:\/\/www.visit-ulcinj.com\/blog\/2009\/02\/17\/materniteti-i-ulqinit-ne-ditelindjen-e-tij-te-katert\/#webpage","url":"https:\/\/www.visit-ulcinj.com\/blog\/2009\/02\/17\/materniteti-i-ulqinit-ne-ditelindjen-e-tij-te-katert\/","name":"Materniteti i ulqinit n\u00eb dit\u00eblindjen e tij t\u00eb kat\u00ebrt - Lajme nga Ulqini","isPartOf":{"@id":"https:\/\/www.visit-ulcinj.com\/blog\/#website"},"primaryImageOfPage":{"@id":"https:\/\/www.visit-ulcinj.com\/blog\/2009\/02\/17\/materniteti-i-ulqinit-ne-ditelindjen-e-tij-te-katert\/#primaryimage"},"datePublished":"2009-02-17T18:06:41+00:00","dateModified":"2009-02-17T18:06:41+00:00","author":{"@id":"https:\/\/www.visit-ulcinj.com\/blog\/#\/schema\/person\/dcab619c614d3038751c63bc2aadc06d"},"description":"Rritja e lindjeve d\u00ebshmon rritjen e besimit \"Vet\u00eb fakti se numri i lindjeve rritet nga viti n\u00eb vit, m\u00eb lejon t\u00eb konstatoj se besueshm\u00ebria e popullat\u00ebs s\u00eb","breadcrumb":{"@id":"https:\/\/www.visit-ulcinj.com\/blog\/2009\/02\/17\/materniteti-i-ulqinit-ne-ditelindjen-e-tij-te-katert\/#breadcrumb"},"inLanguage":"en-US","potentialAction":[{"@type":"ReadAction","target":["https:\/\/www.visit-ulcinj.com\/blog\/2009\/02\/17\/materniteti-i-ulqinit-ne-ditelindjen-e-tij-te-katert\/"]}]},{"@type":"BreadcrumbList","@id":"https:\/\/www.visit-ulcinj.com\/blog\/2009\/02\/17\/materniteti-i-ulqinit-ne-ditelindjen-e-tij-te-katert\/#breadcrumb","itemListElement":[{"@type":"ListItem","position":1,"name":"Materniteti i ulqinit n\u00eb dit\u00eblindjen e tij t\u00eb kat\u00ebrt"}]},{"@type":"Person","@id":"https:\/\/www.visit-ulcinj.com\/blog\/#\/schema\/person\/dcab619c614d3038751c63bc2aadc06d","name":"ulqini","sameAs":["http:\/\/www.visit-ulcinj.com"],"url":"https:\/\/www.visit-ulcinj.com\/blog\/author\/admin\/"}]}},"jetpack_featured_media_url":"","jetpack_sharing_enabled":true,"jetpack_shortlink":"https:\/\/wp.me\/pe6lTn-2Z8","_links":{"self":[{"href":"https:\/\/www.visit-ulcinj.com\/blog\/wp-json\/wp\/v2\/posts\/11478"}],"collection":[{"href":"https:\/\/www.visit-ulcinj.com\/blog\/wp-json\/wp\/v2\/posts"}],"about":[{"href":"https:\/\/www.visit-ulcinj.com\/blog\/wp-json\/wp\/v2\/types\/post"}],"author":[{"embeddable":true,"href":"https:\/\/www.visit-ulcinj.com\/blog\/wp-json\/wp\/v2\/users\/1"}],"replies":[{"embeddable":true,"href":"https:\/\/www.visit-ulcinj.com\/blog\/wp-json\/wp\/v2\/comments?post=11478"}],"version-history":[{"count":0,"href":"https:\/\/www.visit-ulcinj.com\/blog\/wp-json\/wp\/v2\/posts\/11478\/revisions"}],"wp:attachment":[{"href":"https:\/\/www.visit-ulcinj.com\/blog\/wp-json\/wp\/v2\/media?parent=11478"}],"wp:term":[{"taxonomy":"category","embeddable":true,"href":"https:\/\/www.visit-ulcinj.com\/blog\/wp-json\/wp\/v2\/categories?post=11478"},{"taxonomy":"post_tag","embeddable":true,"href":"https:\/\/www.visit-ulcinj.com\/blog\/wp-json\/wp\/v2\/tags?post=11478"}],"curies":[{"name":"wp","href":"https:\/\/api.w.org\/{rel}","templated":true}]}}