{"id":1149,"date":"2008-04-05T14:14:30","date_gmt":"2008-04-05T19:14:30","guid":{"rendered":"http:\/\/www.visit-ulcinj.com\/blog\/?p=1149"},"modified":"2008-04-05T14:15:42","modified_gmt":"2008-04-05T19:15:42","slug":"ulcinju-stoju-kod-pogon-za-preradu-agruma","status":"publish","type":"post","link":"https:\/\/www.visit-ulcinj.com\/blog\/2008\/04\/05\/ulcinju-stoju-kod-pogon-za-preradu-agruma\/","title":{"rendered":"Ulcinj:U \u0160toju pogon za preradu agruma"},"content":{"rendered":"<p><a href=\"http:\/\/www.visit-ulcinj.com\/blog\/wp-content\/uploads\/2008\/03\/milutin-simovic_ministar-poljoprivrede-2.jpg\"><img loading=\"lazy\" class=\"alignleft size-thumbnail wp-image-715\" style=\"float: left;\" title=\"Milutin Simovi?_Ministar poljoprivrede\" src=\"http:\/\/www.visit-ulcinj.com\/blog\/wp-content\/uploads\/2008\/03\/milutin-simovic_ministar-poljoprivrede-2.jpg\" alt=\"Milutin Simovi?\" width=\"150\" height=\"139\" \/><\/a>Ulcinj Ministar poljoprivrede , gradona?elnik Ulcinja Gzim Hajdinaga i predstavnik Ambasade Italije u Podgorici Kijara Bo?i ju?e su u \u0160toju sve?ano otvorili pogon za preradu agruma.<br \/>\nKako je saop\u0161teno, u sklopu projekta Odr\u017eivi seoski razvoj na podru?ju Ulcinja, Ministarstvo inostranih poslova Italije je, preko NVO CINS, doniralo liniju za preradu agruma vrijednu oko 100.000 eura. Op\u0161tina je poklonila 2.000 kvadrata zemlji\u0161ta na kome je Udru\u017eenje agrumara Ulcinja podiglo objekat od oko 500 kvadrata sredstvima Ministarstva poljoprivrede u iznosu od 37.000 eura.<br \/>\nHajdinaga je kazao da je to samo po?etak i da ?e Op\u0161tina nastaviti da poma\u017ee poljoprivrednike ulcinjskog kraja.<br \/>\n&#8211; Samo dobrom saradnjom i partnerstvom mo\u017eemo realizovati ovako zna?ajne projekte. Me?utim, ovo je tek po?etak aktivnosti koje smo dogovorili sa ministrom Simovi?em kazao je Hajdinaga, ?estitaju?i okupljenim mje\u0161tanima Dan op\u0161tine koji se slavi danas, prve subote u aprilu.<br \/>\nIstakav\u0161i da je rije? o jo\u0161 jednoj zajedni?koj pobjedi, Simovi? je izrazio uvjerenje da ?e kapaciteti pogona uskoro postati mali da se upakuju i obrade svi agrumi ulcinjskog kraja.<a href=\"http:\/\/www.visit-ulcinj.com\/blog\/wp-content\/uploads\/2008\/04\/gzim-hajdinaga_ulcinj1.jpg\"><img loading=\"lazy\" class=\"alignright size-thumbnail wp-image-1137\" style=\"float: right;\" title=\"gzim-hajdinaga_ulcinj1\" src=\"http:\/\/www.visit-ulcinj.com\/blog\/wp-content\/uploads\/2008\/04\/gzim-hajdinaga_ulcinj1-150x150.jpg\" alt=\"Gradona?elnik Ulcinja Gzim Hajdinaga\" width=\"150\" height=\"150\" \/><\/a><br \/>\n&#8211; Siguran sam da ?e udru\u017eenje nastaviti vrijedno da radi i projekat u?ini odr\u017eivim na na?in \u0161to ?e doma?inski gazdovati ovom vrijednom opremom. Me?utim, postaje obaveza agrumara da novim zasadima agruma kapacitete pogona u narednom periodu u?ine malim, a istovremeno pogon pretvore u centar odakle ?e se kvalitetni ulcinjski proizvodi distribuirati na crnogorsko i regionalno tr\u017ei\u0161te istakao je Simovi?.<br \/>\nOn je naglasio da ?e formalna realizacija aktuelnog projekta u junu, ozna?iti po?etak novih aktivnosti.<br \/>\n&#8211; U zavr\u0161noj smo fazi usagla\u0161avanja sporazuma o novom projektu koji ?e se, tako?e, odnositi na pobolj\u0161anje kvaliteta poljoprivrednih proizvoda u skladu sa evropskim standardima. Ubije?en sam da ?e novi projekat donijeti jo\u0161 zna?ajnije rezultate kazao je Simovi?.<br \/>\nPredstavnik CINS-a Ljui?i Kavestro kazao je da je taj projekat primjer dobre saradnje te NVO i MIP-a Italije sa poljoprivrednicima iz Ulcinja, Op\u0161tinom i Vladom Crne Gore.<\/p>\n<p><strong>PRIZNANJA NAJBOLJIM<\/strong><br \/>\nU sklopu proslave Dana op\u0161tine, u Domu kulture sino? su op\u0161tinski zvani?nici podijelili priznanja najboljim u?enicima i studentima.<br \/>\nPovodom praznika op\u0161tine Ulcinj, telegrame ?estitki ju?e su uputili predsjednici dr\u017eave, Vlade i Skup\u0161tine Crne Gore, Filip Vujanovi?, Milo ?ukanovi? i Ranko Krivokapi?.<\/p>\n","protected":false},"excerpt":{"rendered":"<p><img loading=\"lazy\" class=\"alignleft size-thumbnail wp-image-715\" style=\"float: left;\" title=\"Milutin Simovi?_Ministar poljoprivrede\" src=\"http:\/\/www.visit-ulcinj.com\/blog\/wp-content\/uploads\/2008\/03\/milutin-simovic_ministar-poljoprivrede-2.jpg\" alt=\"Milutin Simovi?\" width=\"140\" height=\"140\" \/><\/p>\n","protected":false},"author":1,"featured_media":0,"comment_status":"open","ping_status":"closed","sticky":false,"template":"","format":"standard","meta":{"spay_email":"","jetpack_publicize_message":"","jetpack_is_tweetstorm":false,"jetpack_publicize_feature_enabled":true},"categories":[11],"tags":[140,924,2046,2430,2398,1855],"jetpack_publicize_connections":[],"yoast_head":"<!-- This site is optimized with the Yoast SEO plugin v19.1 - https:\/\/yoast.com\/wordpress\/plugins\/seo\/ -->\n<title>Ulcinj:U \u0160toju pogon za preradu agruma - Lajme nga Ulqini<\/title>\n<meta name=\"robots\" content=\"index, follow, max-snippet:-1, max-image-preview:large, max-video-preview:-1\" \/>\n<link rel=\"canonical\" href=\"https:\/\/www.visit-ulcinj.com\/blog\/2008\/04\/05\/ulcinju-stoju-kod-pogon-za-preradu-agruma\/\" \/>\n<meta property=\"og:locale\" content=\"en_US\" \/>\n<meta property=\"og:type\" content=\"article\" \/>\n<meta property=\"og:title\" content=\"Ulcinj:U \u0160toju pogon za preradu agruma - Lajme nga Ulqini\" \/>\n<meta property=\"og:url\" content=\"https:\/\/www.visit-ulcinj.com\/blog\/2008\/04\/05\/ulcinju-stoju-kod-pogon-za-preradu-agruma\/\" \/>\n<meta property=\"og:site_name\" content=\"Lajme nga Ulqini\" \/>\n<meta property=\"article:published_time\" content=\"2008-04-05T19:14:30+00:00\" \/>\n<meta property=\"article:modified_time\" content=\"2008-04-05T19:15:42+00:00\" \/>\n<meta property=\"og:image\" content=\"http:\/\/www.visit-ulcinj.com\/blog\/wp-content\/uploads\/2008\/03\/milutin-simovic_ministar-poljoprivrede-2.jpg\" \/>\n<meta name=\"twitter:label1\" content=\"Written by\" \/>\n\t<meta name=\"twitter:data1\" content=\"ulqini\" \/>\n\t<meta name=\"twitter:label2\" content=\"Est. reading time\" \/>\n\t<meta name=\"twitter:data2\" content=\"2 minutes\" \/>\n<script type=\"application\/ld+json\" class=\"yoast-schema-graph\">{\"@context\":\"https:\/\/schema.org\",\"@graph\":[{\"@type\":\"WebSite\",\"@id\":\"https:\/\/www.visit-ulcinj.com\/blog\/#website\",\"url\":\"https:\/\/www.visit-ulcinj.com\/blog\/\",\"name\":\"Lajme nga Ulqini\",\"description\":\"Lajme,Vijesti,Ulqini,Ulqin,Crna Gora,Mali i Zi\",\"potentialAction\":[{\"@type\":\"SearchAction\",\"target\":{\"@type\":\"EntryPoint\",\"urlTemplate\":\"https:\/\/www.visit-ulcinj.com\/blog\/?s={search_term_string}\"},\"query-input\":\"required name=search_term_string\"}],\"inLanguage\":\"en-US\"},{\"@type\":\"ImageObject\",\"inLanguage\":\"en-US\",\"@id\":\"https:\/\/www.visit-ulcinj.com\/blog\/2008\/04\/05\/ulcinju-stoju-kod-pogon-za-preradu-agruma\/#primaryimage\",\"url\":\"http:\/\/www.visit-ulcinj.com\/blog\/wp-content\/uploads\/2008\/03\/milutin-simovic_ministar-poljoprivrede-2.jpg\",\"contentUrl\":\"http:\/\/www.visit-ulcinj.com\/blog\/wp-content\/uploads\/2008\/03\/milutin-simovic_ministar-poljoprivrede-2.jpg\"},{\"@type\":\"WebPage\",\"@id\":\"https:\/\/www.visit-ulcinj.com\/blog\/2008\/04\/05\/ulcinju-stoju-kod-pogon-za-preradu-agruma\/#webpage\",\"url\":\"https:\/\/www.visit-ulcinj.com\/blog\/2008\/04\/05\/ulcinju-stoju-kod-pogon-za-preradu-agruma\/\",\"name\":\"Ulcinj:U \u0160toju pogon za preradu agruma - Lajme nga Ulqini\",\"isPartOf\":{\"@id\":\"https:\/\/www.visit-ulcinj.com\/blog\/#website\"},\"primaryImageOfPage\":{\"@id\":\"https:\/\/www.visit-ulcinj.com\/blog\/2008\/04\/05\/ulcinju-stoju-kod-pogon-za-preradu-agruma\/#primaryimage\"},\"datePublished\":\"2008-04-05T19:14:30+00:00\",\"dateModified\":\"2008-04-05T19:15:42+00:00\",\"author\":{\"@id\":\"https:\/\/www.visit-ulcinj.com\/blog\/#\/schema\/person\/dcab619c614d3038751c63bc2aadc06d\"},\"breadcrumb\":{\"@id\":\"https:\/\/www.visit-ulcinj.com\/blog\/2008\/04\/05\/ulcinju-stoju-kod-pogon-za-preradu-agruma\/#breadcrumb\"},\"inLanguage\":\"en-US\",\"potentialAction\":[{\"@type\":\"ReadAction\",\"target\":[\"https:\/\/www.visit-ulcinj.com\/blog\/2008\/04\/05\/ulcinju-stoju-kod-pogon-za-preradu-agruma\/\"]}]},{\"@type\":\"BreadcrumbList\",\"@id\":\"https:\/\/www.visit-ulcinj.com\/blog\/2008\/04\/05\/ulcinju-stoju-kod-pogon-za-preradu-agruma\/#breadcrumb\",\"itemListElement\":[{\"@type\":\"ListItem\",\"position\":1,\"name\":\"Ulcinj:U \u0160toju pogon za preradu agruma\"}]},{\"@type\":\"Person\",\"@id\":\"https:\/\/www.visit-ulcinj.com\/blog\/#\/schema\/person\/dcab619c614d3038751c63bc2aadc06d\",\"name\":\"ulqini\",\"sameAs\":[\"http:\/\/www.visit-ulcinj.com\"],\"url\":\"https:\/\/www.visit-ulcinj.com\/blog\/author\/admin\/\"}]}<\/script>\n<!-- \/ Yoast SEO plugin. -->","yoast_head_json":{"title":"Ulcinj:U \u0160toju pogon za preradu agruma - Lajme nga Ulqini","robots":{"index":"index","follow":"follow","max-snippet":"max-snippet:-1","max-image-preview":"max-image-preview:large","max-video-preview":"max-video-preview:-1"},"canonical":"https:\/\/www.visit-ulcinj.com\/blog\/2008\/04\/05\/ulcinju-stoju-kod-pogon-za-preradu-agruma\/","og_locale":"en_US","og_type":"article","og_title":"Ulcinj:U \u0160toju pogon za preradu agruma - Lajme nga Ulqini","og_url":"https:\/\/www.visit-ulcinj.com\/blog\/2008\/04\/05\/ulcinju-stoju-kod-pogon-za-preradu-agruma\/","og_site_name":"Lajme nga Ulqini","article_published_time":"2008-04-05T19:14:30+00:00","article_modified_time":"2008-04-05T19:15:42+00:00","og_image":[{"url":"http:\/\/www.visit-ulcinj.com\/blog\/wp-content\/uploads\/2008\/03\/milutin-simovic_ministar-poljoprivrede-2.jpg"}],"twitter_misc":{"Written by":"ulqini","Est. reading time":"2 minutes"},"schema":{"@context":"https:\/\/schema.org","@graph":[{"@type":"WebSite","@id":"https:\/\/www.visit-ulcinj.com\/blog\/#website","url":"https:\/\/www.visit-ulcinj.com\/blog\/","name":"Lajme nga Ulqini","description":"Lajme,Vijesti,Ulqini,Ulqin,Crna Gora,Mali i Zi","potentialAction":[{"@type":"SearchAction","target":{"@type":"EntryPoint","urlTemplate":"https:\/\/www.visit-ulcinj.com\/blog\/?s={search_term_string}"},"query-input":"required name=search_term_string"}],"inLanguage":"en-US"},{"@type":"ImageObject","inLanguage":"en-US","@id":"https:\/\/www.visit-ulcinj.com\/blog\/2008\/04\/05\/ulcinju-stoju-kod-pogon-za-preradu-agruma\/#primaryimage","url":"http:\/\/www.visit-ulcinj.com\/blog\/wp-content\/uploads\/2008\/03\/milutin-simovic_ministar-poljoprivrede-2.jpg","contentUrl":"http:\/\/www.visit-ulcinj.com\/blog\/wp-content\/uploads\/2008\/03\/milutin-simovic_ministar-poljoprivrede-2.jpg"},{"@type":"WebPage","@id":"https:\/\/www.visit-ulcinj.com\/blog\/2008\/04\/05\/ulcinju-stoju-kod-pogon-za-preradu-agruma\/#webpage","url":"https:\/\/www.visit-ulcinj.com\/blog\/2008\/04\/05\/ulcinju-stoju-kod-pogon-za-preradu-agruma\/","name":"Ulcinj:U \u0160toju pogon za preradu agruma - Lajme nga Ulqini","isPartOf":{"@id":"https:\/\/www.visit-ulcinj.com\/blog\/#website"},"primaryImageOfPage":{"@id":"https:\/\/www.visit-ulcinj.com\/blog\/2008\/04\/05\/ulcinju-stoju-kod-pogon-za-preradu-agruma\/#primaryimage"},"datePublished":"2008-04-05T19:14:30+00:00","dateModified":"2008-04-05T19:15:42+00:00","author":{"@id":"https:\/\/www.visit-ulcinj.com\/blog\/#\/schema\/person\/dcab619c614d3038751c63bc2aadc06d"},"breadcrumb":{"@id":"https:\/\/www.visit-ulcinj.com\/blog\/2008\/04\/05\/ulcinju-stoju-kod-pogon-za-preradu-agruma\/#breadcrumb"},"inLanguage":"en-US","potentialAction":[{"@type":"ReadAction","target":["https:\/\/www.visit-ulcinj.com\/blog\/2008\/04\/05\/ulcinju-stoju-kod-pogon-za-preradu-agruma\/"]}]},{"@type":"BreadcrumbList","@id":"https:\/\/www.visit-ulcinj.com\/blog\/2008\/04\/05\/ulcinju-stoju-kod-pogon-za-preradu-agruma\/#breadcrumb","itemListElement":[{"@type":"ListItem","position":1,"name":"Ulcinj:U \u0160toju pogon za preradu agruma"}]},{"@type":"Person","@id":"https:\/\/www.visit-ulcinj.com\/blog\/#\/schema\/person\/dcab619c614d3038751c63bc2aadc06d","name":"ulqini","sameAs":["http:\/\/www.visit-ulcinj.com"],"url":"https:\/\/www.visit-ulcinj.com\/blog\/author\/admin\/"}]}},"jetpack_featured_media_url":"","jetpack_sharing_enabled":true,"jetpack_shortlink":"https:\/\/wp.me\/pe6lTn-ix","_links":{"self":[{"href":"https:\/\/www.visit-ulcinj.com\/blog\/wp-json\/wp\/v2\/posts\/1149"}],"collection":[{"href":"https:\/\/www.visit-ulcinj.com\/blog\/wp-json\/wp\/v2\/posts"}],"about":[{"href":"https:\/\/www.visit-ulcinj.com\/blog\/wp-json\/wp\/v2\/types\/post"}],"author":[{"embeddable":true,"href":"https:\/\/www.visit-ulcinj.com\/blog\/wp-json\/wp\/v2\/users\/1"}],"replies":[{"embeddable":true,"href":"https:\/\/www.visit-ulcinj.com\/blog\/wp-json\/wp\/v2\/comments?post=1149"}],"version-history":[{"count":0,"href":"https:\/\/www.visit-ulcinj.com\/blog\/wp-json\/wp\/v2\/posts\/1149\/revisions"}],"wp:attachment":[{"href":"https:\/\/www.visit-ulcinj.com\/blog\/wp-json\/wp\/v2\/media?parent=1149"}],"wp:term":[{"taxonomy":"category","embeddable":true,"href":"https:\/\/www.visit-ulcinj.com\/blog\/wp-json\/wp\/v2\/categories?post=1149"},{"taxonomy":"post_tag","embeddable":true,"href":"https:\/\/www.visit-ulcinj.com\/blog\/wp-json\/wp\/v2\/tags?post=1149"}],"curies":[{"name":"wp","href":"https:\/\/api.w.org\/{rel}","templated":true}]}}