{"id":11509,"date":"2009-02-17T19:49:57","date_gmt":"2009-02-17T18:49:57","guid":{"rendered":"http:\/\/www.visit-ulcinj.com\/blog\/?p=11509"},"modified":"2009-02-17T19:49:57","modified_gmt":"2009-02-17T18:49:57","slug":"edhe-nje-vleresim-per-gjimnazin-privat-drita","status":"publish","type":"post","link":"https:\/\/www.visit-ulcinj.com\/blog\/2009\/02\/17\/edhe-nje-vleresim-per-gjimnazin-privat-drita\/","title":{"rendered":"Edhe nj\u00eb vler\u00ebsim p\u00ebr gjimnazin privat &#8220;Drita&#8221;"},"content":{"rendered":"<p><strong><a href=\"http:\/\/www.visit-ulcinj.com\/blog\/wp-content\/uploads\/2009\/02\/bilal-alaj.jpg\"><img loading=\"lazy\" class=\"alignleft size-full wp-image-11511\" title=\"bilal-alaj\" src=\"http:\/\/www.visit-ulcinj.com\/blog\/wp-content\/uploads\/2009\/02\/bilal-alaj.jpg\" alt=\"bilal-alaj\" width=\"307\" height=\"313\" \/><\/a>Pun\u00eb n\u00eb pajtim me standardet arsimore nd\u00ebrkomb\u00ebtare<\/strong><br \/>\n&#8220;Rezultatet tregojn\u00eb se n\u00eb k\u00ebt\u00eb shkoll\u00eb procesi edukativ \u00ebsht\u00eb duke u zhvilluar sipas standardeve bashk\u00ebkohore edhe pse kemi pengesa sa i p\u00ebrket aspektit financiar p\u00ebr t`u p\u00ebrmbajtur k\u00ebtyre standardeve&#8221;, thot\u00eb drejtori i Gjimnazit Privat &#8220;Drita&#8221;, Bilal Alaj.<br \/>\nUlqin &#8211; Gjimnazi Privat &#8220;Drita&#8221; ka marr\u00eb edhe nj\u00eb vler\u00ebsim pozitiv p\u00ebr pun\u00ebn e tij arsimore &#8211; edukative. Sektori p\u00ebr vler\u00ebsimin e cil\u00ebsis\u00eb pran\u00eb Entit p\u00ebr Shkolla e ka vler\u00ebsuar lart pun\u00ebn arsimore-edukative n\u00eb k\u00ebt\u00eb institucion.<br \/>\nN\u00eb raportin e hartuar pas inspektimit t\u00eb pun\u00ebs, inspektor\u00ebt e Sektorit p\u00ebr Vler\u00ebsimin e Cil\u00ebsis\u00eb kan\u00eb vler\u00ebsuar pozitivisht mbi 97 p\u00ebr qind t\u00eb pun\u00ebs n\u00eb k\u00ebt\u00eb gjimnaz.<br \/>\n&#8220;Puna e m\u00ebsimdh\u00ebn\u00ebsve \u00ebsht\u00eb vler\u00ebsuar me nota shum\u00eb t\u00eb suksesshme dhe t\u00eb suksesshme, me p\u00ebrjashtim t\u00eb disa rasteve p\u00ebr shkak t\u00eb munges\u00ebs s\u00eb mjeteve t\u00eb duhura m\u00ebsimore t\u00eb cilat jan\u00eb duke u siguruar n\u00eb vazhdim\u00ebsi&#8221;, thot\u00eb drejtori i Gjimnazit &#8220;Drita&#8221;, Bilal Alaj.<br \/>\nSipas tij, k\u00ebto vler\u00ebsime tregojn\u00eb se procesi arsimor n\u00eb k\u00ebt\u00eb shkoll\u00eb zhvillohet n\u00eb pajtim me standardet nd\u00ebrkomb\u00ebtare n\u00eb fush\u00ebn e arsimit.<br \/>\n&#8220;K\u00ebto rezultate tregojn\u00eb se n\u00eb k\u00ebt\u00eb shkoll\u00eb procesi edukativ \u00ebsht\u00eb duke u zhvilluar sipas standardeve bashk\u00ebkohore edhe pse kemi pengesa sa i p\u00ebrket aspektit financiar p\u00ebr t`u p\u00ebrmbajtur k\u00ebtyre standardeve&#8221;, thot\u00eb ai.<br \/>\nGjimnazi &#8220;Drita&#8221; \u00ebsht\u00eb hapur n\u00eb shtator t\u00eb vitit 2006 dhe \u00ebsht\u00eb gjimnazi i par\u00eb privat n\u00eb gjuh\u00ebn shqipe n\u00eb Mal t\u00eb Zi dhe i dyti n\u00eb Mal t\u00eb Zi.<br \/>\nVitin e par\u00eb shkollor n\u00eb k\u00ebt\u00eb institucion shkollor jan\u00eb regjistruar 20 nx\u00ebn\u00ebs, kurse aktualisht n\u00eb t\u00eb tre vitet m\u00ebsojn\u00eb 83 nx\u00ebn\u00ebs, t\u00eb ndar\u00eb n\u00eb pes\u00eb paralele.<\/p>\n<p><strong>I.Kallaba<br \/>\nKoha Javore<\/strong><\/p>\n","protected":false},"excerpt":{"rendered":"<p>Pun\u00eb n\u00eb pajtim me standardet arsimore nd\u00ebrkomb\u00ebtare &#8220;Rezultatet tregojn\u00eb se n\u00eb k\u00ebt\u00eb shkoll\u00eb procesi edukativ \u00ebsht\u00eb duke u zhvilluar sipas standardeve bashk\u00ebkohore edhe pse kemi pengesa sa i p\u00ebrket aspektit financiar p\u00ebr t`u p\u00ebrmbajtur k\u00ebtyre standardeve&#8221;, thot\u00eb drejtori i Gjimnazit Privat &#8220;Drita&#8221;, Bilal Alaj. Ulqin &#8211; Gjimnazi Privat &#8220;Drita&#8221; ka marr\u00eb edhe nj\u00eb vler\u00ebsim pozitiv [&hellip;]<\/p>\n","protected":false},"author":1,"featured_media":0,"comment_status":"open","ping_status":"closed","sticky":false,"template":"","format":"standard","meta":{"spay_email":"","jetpack_publicize_message":"","jetpack_is_tweetstorm":false,"jetpack_publicize_feature_enabled":true},"categories":[11],"tags":[6838,6839,6837],"jetpack_publicize_connections":[],"yoast_head":"<!-- This site is optimized with the Yoast SEO plugin v19.1 - https:\/\/yoast.com\/wordpress\/plugins\/seo\/ -->\n<title>Edhe nj\u00eb vler\u00ebsim p\u00ebr gjimnazin privat &quot;Drita&quot; - Lajme nga Ulqini<\/title>\n<meta name=\"description\" content=\"Pun\u00eb n\u00eb pajtim me standardet arsimore nd\u00ebrkomb\u00ebtare &quot;Rezultatet tregojn\u00eb se n\u00eb k\u00ebt\u00eb shkoll\u00eb procesi edukativ \u00ebsht\u00eb duke u zhvilluar sipas standardeve\" \/>\n<meta name=\"robots\" content=\"index, follow, max-snippet:-1, max-image-preview:large, max-video-preview:-1\" \/>\n<link rel=\"canonical\" href=\"https:\/\/www.visit-ulcinj.com\/blog\/2009\/02\/17\/edhe-nje-vleresim-per-gjimnazin-privat-drita\/\" \/>\n<meta property=\"og:locale\" content=\"en_US\" \/>\n<meta property=\"og:type\" content=\"article\" \/>\n<meta property=\"og:title\" content=\"Edhe nj\u00eb vler\u00ebsim p\u00ebr gjimnazin privat &quot;Drita&quot; - Lajme nga Ulqini\" \/>\n<meta property=\"og:description\" content=\"Pun\u00eb n\u00eb pajtim me standardet arsimore nd\u00ebrkomb\u00ebtare &quot;Rezultatet tregojn\u00eb se n\u00eb k\u00ebt\u00eb shkoll\u00eb procesi edukativ \u00ebsht\u00eb duke u zhvilluar sipas standardeve\" \/>\n<meta property=\"og:url\" content=\"https:\/\/www.visit-ulcinj.com\/blog\/2009\/02\/17\/edhe-nje-vleresim-per-gjimnazin-privat-drita\/\" \/>\n<meta property=\"og:site_name\" content=\"Lajme nga Ulqini\" \/>\n<meta property=\"article:published_time\" content=\"2009-02-17T18:49:57+00:00\" \/>\n<meta property=\"og:image\" content=\"http:\/\/www.visit-ulcinj.com\/blog\/wp-content\/uploads\/2009\/02\/bilal-alaj.jpg\" \/>\n<meta name=\"twitter:label1\" content=\"Written by\" \/>\n\t<meta name=\"twitter:data1\" content=\"ulqini\" \/>\n\t<meta name=\"twitter:label2\" content=\"Est. reading time\" \/>\n\t<meta name=\"twitter:data2\" content=\"2 minutes\" \/>\n<script type=\"application\/ld+json\" class=\"yoast-schema-graph\">{\"@context\":\"https:\/\/schema.org\",\"@graph\":[{\"@type\":\"WebSite\",\"@id\":\"https:\/\/www.visit-ulcinj.com\/blog\/#website\",\"url\":\"https:\/\/www.visit-ulcinj.com\/blog\/\",\"name\":\"Lajme nga Ulqini\",\"description\":\"Lajme,Vijesti,Ulqini,Ulqin,Crna Gora,Mali i Zi\",\"potentialAction\":[{\"@type\":\"SearchAction\",\"target\":{\"@type\":\"EntryPoint\",\"urlTemplate\":\"https:\/\/www.visit-ulcinj.com\/blog\/?s={search_term_string}\"},\"query-input\":\"required name=search_term_string\"}],\"inLanguage\":\"en-US\"},{\"@type\":\"ImageObject\",\"inLanguage\":\"en-US\",\"@id\":\"https:\/\/www.visit-ulcinj.com\/blog\/2009\/02\/17\/edhe-nje-vleresim-per-gjimnazin-privat-drita\/#primaryimage\",\"url\":\"https:\/\/www.visit-ulcinj.com\/blog\/wp-content\/uploads\/2009\/02\/bilal-alaj.jpg\",\"contentUrl\":\"https:\/\/www.visit-ulcinj.com\/blog\/wp-content\/uploads\/2009\/02\/bilal-alaj.jpg\",\"width\":\"283\",\"height\":\"288\"},{\"@type\":\"WebPage\",\"@id\":\"https:\/\/www.visit-ulcinj.com\/blog\/2009\/02\/17\/edhe-nje-vleresim-per-gjimnazin-privat-drita\/#webpage\",\"url\":\"https:\/\/www.visit-ulcinj.com\/blog\/2009\/02\/17\/edhe-nje-vleresim-per-gjimnazin-privat-drita\/\",\"name\":\"Edhe nj\u00eb vler\u00ebsim p\u00ebr gjimnazin privat \\\"Drita\\\" - Lajme nga Ulqini\",\"isPartOf\":{\"@id\":\"https:\/\/www.visit-ulcinj.com\/blog\/#website\"},\"primaryImageOfPage\":{\"@id\":\"https:\/\/www.visit-ulcinj.com\/blog\/2009\/02\/17\/edhe-nje-vleresim-per-gjimnazin-privat-drita\/#primaryimage\"},\"datePublished\":\"2009-02-17T18:49:57+00:00\",\"dateModified\":\"2009-02-17T18:49:57+00:00\",\"author\":{\"@id\":\"https:\/\/www.visit-ulcinj.com\/blog\/#\/schema\/person\/dcab619c614d3038751c63bc2aadc06d\"},\"description\":\"Pun\u00eb n\u00eb pajtim me standardet arsimore nd\u00ebrkomb\u00ebtare \\\"Rezultatet tregojn\u00eb se n\u00eb k\u00ebt\u00eb shkoll\u00eb procesi edukativ \u00ebsht\u00eb duke u zhvilluar sipas standardeve\",\"breadcrumb\":{\"@id\":\"https:\/\/www.visit-ulcinj.com\/blog\/2009\/02\/17\/edhe-nje-vleresim-per-gjimnazin-privat-drita\/#breadcrumb\"},\"inLanguage\":\"en-US\",\"potentialAction\":[{\"@type\":\"ReadAction\",\"target\":[\"https:\/\/www.visit-ulcinj.com\/blog\/2009\/02\/17\/edhe-nje-vleresim-per-gjimnazin-privat-drita\/\"]}]},{\"@type\":\"BreadcrumbList\",\"@id\":\"https:\/\/www.visit-ulcinj.com\/blog\/2009\/02\/17\/edhe-nje-vleresim-per-gjimnazin-privat-drita\/#breadcrumb\",\"itemListElement\":[{\"@type\":\"ListItem\",\"position\":1,\"name\":\"Edhe nj\u00eb vler\u00ebsim p\u00ebr gjimnazin privat &#8220;Drita&#8221;\"}]},{\"@type\":\"Person\",\"@id\":\"https:\/\/www.visit-ulcinj.com\/blog\/#\/schema\/person\/dcab619c614d3038751c63bc2aadc06d\",\"name\":\"ulqini\",\"sameAs\":[\"http:\/\/www.visit-ulcinj.com\"],\"url\":\"https:\/\/www.visit-ulcinj.com\/blog\/author\/admin\/\"}]}<\/script>\n<!-- \/ Yoast SEO plugin. -->","yoast_head_json":{"title":"Edhe nj\u00eb vler\u00ebsim p\u00ebr gjimnazin privat \"Drita\" - Lajme nga Ulqini","description":"Pun\u00eb n\u00eb pajtim me standardet arsimore nd\u00ebrkomb\u00ebtare \"Rezultatet tregojn\u00eb se n\u00eb k\u00ebt\u00eb shkoll\u00eb procesi edukativ \u00ebsht\u00eb duke u zhvilluar sipas standardeve","robots":{"index":"index","follow":"follow","max-snippet":"max-snippet:-1","max-image-preview":"max-image-preview:large","max-video-preview":"max-video-preview:-1"},"canonical":"https:\/\/www.visit-ulcinj.com\/blog\/2009\/02\/17\/edhe-nje-vleresim-per-gjimnazin-privat-drita\/","og_locale":"en_US","og_type":"article","og_title":"Edhe nj\u00eb vler\u00ebsim p\u00ebr gjimnazin privat \"Drita\" - Lajme nga Ulqini","og_description":"Pun\u00eb n\u00eb pajtim me standardet arsimore nd\u00ebrkomb\u00ebtare \"Rezultatet tregojn\u00eb se n\u00eb k\u00ebt\u00eb shkoll\u00eb procesi edukativ \u00ebsht\u00eb duke u zhvilluar sipas standardeve","og_url":"https:\/\/www.visit-ulcinj.com\/blog\/2009\/02\/17\/edhe-nje-vleresim-per-gjimnazin-privat-drita\/","og_site_name":"Lajme nga Ulqini","article_published_time":"2009-02-17T18:49:57+00:00","og_image":[{"url":"http:\/\/www.visit-ulcinj.com\/blog\/wp-content\/uploads\/2009\/02\/bilal-alaj.jpg"}],"twitter_misc":{"Written by":"ulqini","Est. reading time":"2 minutes"},"schema":{"@context":"https:\/\/schema.org","@graph":[{"@type":"WebSite","@id":"https:\/\/www.visit-ulcinj.com\/blog\/#website","url":"https:\/\/www.visit-ulcinj.com\/blog\/","name":"Lajme nga Ulqini","description":"Lajme,Vijesti,Ulqini,Ulqin,Crna Gora,Mali i Zi","potentialAction":[{"@type":"SearchAction","target":{"@type":"EntryPoint","urlTemplate":"https:\/\/www.visit-ulcinj.com\/blog\/?s={search_term_string}"},"query-input":"required name=search_term_string"}],"inLanguage":"en-US"},{"@type":"ImageObject","inLanguage":"en-US","@id":"https:\/\/www.visit-ulcinj.com\/blog\/2009\/02\/17\/edhe-nje-vleresim-per-gjimnazin-privat-drita\/#primaryimage","url":"https:\/\/www.visit-ulcinj.com\/blog\/wp-content\/uploads\/2009\/02\/bilal-alaj.jpg","contentUrl":"https:\/\/www.visit-ulcinj.com\/blog\/wp-content\/uploads\/2009\/02\/bilal-alaj.jpg","width":"283","height":"288"},{"@type":"WebPage","@id":"https:\/\/www.visit-ulcinj.com\/blog\/2009\/02\/17\/edhe-nje-vleresim-per-gjimnazin-privat-drita\/#webpage","url":"https:\/\/www.visit-ulcinj.com\/blog\/2009\/02\/17\/edhe-nje-vleresim-per-gjimnazin-privat-drita\/","name":"Edhe nj\u00eb vler\u00ebsim p\u00ebr gjimnazin privat \"Drita\" - Lajme nga Ulqini","isPartOf":{"@id":"https:\/\/www.visit-ulcinj.com\/blog\/#website"},"primaryImageOfPage":{"@id":"https:\/\/www.visit-ulcinj.com\/blog\/2009\/02\/17\/edhe-nje-vleresim-per-gjimnazin-privat-drita\/#primaryimage"},"datePublished":"2009-02-17T18:49:57+00:00","dateModified":"2009-02-17T18:49:57+00:00","author":{"@id":"https:\/\/www.visit-ulcinj.com\/blog\/#\/schema\/person\/dcab619c614d3038751c63bc2aadc06d"},"description":"Pun\u00eb n\u00eb pajtim me standardet arsimore nd\u00ebrkomb\u00ebtare \"Rezultatet tregojn\u00eb se n\u00eb k\u00ebt\u00eb shkoll\u00eb procesi edukativ \u00ebsht\u00eb duke u zhvilluar sipas standardeve","breadcrumb":{"@id":"https:\/\/www.visit-ulcinj.com\/blog\/2009\/02\/17\/edhe-nje-vleresim-per-gjimnazin-privat-drita\/#breadcrumb"},"inLanguage":"en-US","potentialAction":[{"@type":"ReadAction","target":["https:\/\/www.visit-ulcinj.com\/blog\/2009\/02\/17\/edhe-nje-vleresim-per-gjimnazin-privat-drita\/"]}]},{"@type":"BreadcrumbList","@id":"https:\/\/www.visit-ulcinj.com\/blog\/2009\/02\/17\/edhe-nje-vleresim-per-gjimnazin-privat-drita\/#breadcrumb","itemListElement":[{"@type":"ListItem","position":1,"name":"Edhe nj\u00eb vler\u00ebsim p\u00ebr gjimnazin privat &#8220;Drita&#8221;"}]},{"@type":"Person","@id":"https:\/\/www.visit-ulcinj.com\/blog\/#\/schema\/person\/dcab619c614d3038751c63bc2aadc06d","name":"ulqini","sameAs":["http:\/\/www.visit-ulcinj.com"],"url":"https:\/\/www.visit-ulcinj.com\/blog\/author\/admin\/"}]}},"jetpack_featured_media_url":"","jetpack_sharing_enabled":true,"jetpack_shortlink":"https:\/\/wp.me\/pe6lTn-2ZD","_links":{"self":[{"href":"https:\/\/www.visit-ulcinj.com\/blog\/wp-json\/wp\/v2\/posts\/11509"}],"collection":[{"href":"https:\/\/www.visit-ulcinj.com\/blog\/wp-json\/wp\/v2\/posts"}],"about":[{"href":"https:\/\/www.visit-ulcinj.com\/blog\/wp-json\/wp\/v2\/types\/post"}],"author":[{"embeddable":true,"href":"https:\/\/www.visit-ulcinj.com\/blog\/wp-json\/wp\/v2\/users\/1"}],"replies":[{"embeddable":true,"href":"https:\/\/www.visit-ulcinj.com\/blog\/wp-json\/wp\/v2\/comments?post=11509"}],"version-history":[{"count":0,"href":"https:\/\/www.visit-ulcinj.com\/blog\/wp-json\/wp\/v2\/posts\/11509\/revisions"}],"wp:attachment":[{"href":"https:\/\/www.visit-ulcinj.com\/blog\/wp-json\/wp\/v2\/media?parent=11509"}],"wp:term":[{"taxonomy":"category","embeddable":true,"href":"https:\/\/www.visit-ulcinj.com\/blog\/wp-json\/wp\/v2\/categories?post=11509"},{"taxonomy":"post_tag","embeddable":true,"href":"https:\/\/www.visit-ulcinj.com\/blog\/wp-json\/wp\/v2\/tags?post=11509"}],"curies":[{"name":"wp","href":"https:\/\/api.w.org\/{rel}","templated":true}]}}