{"id":1152,"date":"2008-04-06T16:21:13","date_gmt":"2008-04-06T21:21:13","guid":{"rendered":"http:\/\/www.visit-ulcinj.com\/blog\/?p=1152"},"modified":"2008-04-07T08:08:30","modified_gmt":"2008-04-07T13:08:30","slug":"filip-vujanoviq-fiton-zgjedhjet-presidenciale-ne-mal-te-zi","status":"publish","type":"post","link":"https:\/\/www.visit-ulcinj.com\/blog\/2008\/04\/06\/filip-vujanoviq-fiton-zgjedhjet-presidenciale-ne-mal-te-zi\/","title":{"rendered":"Filip Vujanoviq fiton zgjedhjet presidenciale ne Mal t\u00eb Zi me 51.2%"},"content":{"rendered":"<p><a href=\"http:\/\/www.visit-ulcinj.com\/blog\/wp-content\/uploads\/2008\/04\/filip-vujanovic-01.jpg\"><img loading=\"lazy\" class=\"alignleft size-medium wp-image-1153\" style=\"float: left;\" title=\"filip-vujanovic-01\" src=\"http:\/\/www.visit-ulcinj.com\/blog\/wp-content\/uploads\/2008\/04\/filip-vujanovic-01-300x215.jpg\" alt=\"Filip Vujanovic\" width=\"300\" height=\"215\" srcset=\"https:\/\/www.visit-ulcinj.com\/blog\/wp-content\/uploads\/2008\/04\/filip-vujanovic-01-300x215.jpg 300w, https:\/\/www.visit-ulcinj.com\/blog\/wp-content\/uploads\/2008\/04\/filip-vujanovic-01.jpg 418w\" sizes=\"(max-width: 300px) 100vw, 300px\" \/><\/a>Sipas t\u00eb dh\u00ebnave t\u00eb CEMI-it, n\u00eb zgjedhjet presidenciale n\u00eb Mal t\u00eb Zi kan\u00eb dal\u00eb 69% e zgjedh\u00ebsve me t\u00eb drejt\u00eb vote.<br \/>\n<strong>Sipas t\u00eb dh\u00ebnave t\u00eb Qendr\u00ebs joqeveritare CEMI, Vujanoviq ka fituar 51.2 % t\u00eb votave. Kandidati i koalicionit Lista serbe, Andrija Mandiq, ka fituar 21.3% t\u00eb votave, lideri i L\u00ebvizjes p\u00ebr Ndryshime, Nebojsha Medojeviq 14.7 %, nd\u00ebrsa kandidati Partis\u00eb Socialiste Popullore, S\u00ebrgjan Miliq, 12.8 %.<\/strong><\/p>\n<p>Kane perfunduar zgjedhjet presidenciale ne Mal te Zi . Pas hapjes se kutive te votimit ne oret e para te mengjesit te sotem, ato jane mbyllur vetem pak me pare duke perfunduar keshtu edhe procesin e votimeve. Ne baze te te dhenave, mesojme se ne keto zgjedhje pjesemarrja ka qene rreth 69 % e zgjedhesve. Filip Vujanoviq, kandidati i koalicionit qeveritar \u201cP\u00ebr Malin e Zi evropian\u201d ka dal\u00eb fitues i zgjedhjeve presidenciale t\u00eb mbajtura t\u00eb diel\u00ebn n\u00eb Mal t\u00eb Zi. Sipas rezultateve paraprake kan\u00eb votuar 69 % t\u00eb elektoratit nga 489.894  q\u00eb jan\u00eb t\u00eb regjistruar n\u00eb regjistrin e votuesve. Sipas k\u00ebtyre shifrave, kan\u00eb marr\u00eb pjes\u00eb n\u00eb votime rreth 69 %  e elektoratit. P\u00ebr Vujanoviqin kan\u00eb votuar rreth 51.2 % e zgjedh\u00ebsve, nd\u00ebrkoh\u00eb q\u00eb kandidati i lideri i L\u00ebvizjes p\u00ebr Ndryshime, Nebojsha Medojeviq,ka fituar 14,7 % t\u00eb votave, kurse kandidati,nga Partia Popullore Socialiste,Sergjan Miliq 12,8 %,kurse rezultatin ma t\u00eb mir e ka pasur kandidati nga Lista Serbe,Andrija Mandiq me 21,3 %.Sipas ligjit t\u00eb ri zgjedhor, t\u00eb miratuar nga Parlamenti i Malit t\u00eb Zi pas d\u00ebshtimit t\u00eb dy raundeve zgjedhore, President i Malit t\u00eb Zi zgjidhet ai kandidat i cili fiton shumic\u00ebn e votave pa marr\u00eb parasysh numrin e zgjedh\u00ebsve t\u00eb dal\u00eb n\u00eb votime. Pas fitores, Vujanoviq deklaroi se do ta \u00e7oj\u00eb Malin e Zi drejt familjes evropiane dhe Nato \u201cUn\u00eb do t\u00eb jem presidenti i krejt qytetareve ne Mal t\u00eb Zi q\u00eb do ta udh\u00ebheq\u00eb Malin e Zi hap pas hapi drejt Evrop\u00ebs dhe n\u00eb Aliansen Euroatlantike(Nato). Ne do t\u00eb vazhdojm\u00eb t\u00eb bashk\u00ebpunojm\u00eb me Evrop\u00ebn me q\u00ebllim q\u00eb t\u00eb b\u00ebhemi an\u00ebtar\u00eb t\u00eb saj\u201d. Rezultati nuk erdhi si surpriz\u00eb, pasi edhe n\u00eb zgjedhjet e kaluara Vujanovi\u00e7i kishte dal\u00eb i fituar.Filip Vujanoviqi ka qen\u00eb edhe kryetar i Parlamentit t\u00eb Malit t\u00eb Zi, kurse m\u00eb par\u00eb ka qen\u00eb edhe Kryeminist\u00ebr i k\u00ebsaj republike.Vujanoviq \u00ebsht\u00eb nj\u00eb nga udh\u00ebheq\u00ebsit kryesor\u00eb t\u00eb Partis\u00eb Demokratike t\u00eb Socialist\u00ebve dhe nj\u00eb aleat i politikanit m\u00eb t\u00eb fuqish\u00ebm t\u00eb vendit, kryeministrit Milo Gjukanoviq. Gjithashtu, Vujanoviq ka qen n\u00eb favor t\u00eb shk\u00ebputjes prej bashkimit Serbi-Mail i Zi dhe kthimin e vendit n\u00eb nj\u00eb shtet sovran. Nj\u00eb nga arsyet e fitores s\u00eb tij ishte edhe mungesa e organizimit prej partive t\u00eb opozit\u00ebs. Zgjedhjet presidenciale t\u00eb zhvilluara dje n\u00eb Malin e Zi, ishin &#8220;t\u00eb efektshme&#8221; dhe &#8220;n\u00eb p\u00ebrshtatje me normat nd\u00ebrkomb\u00ebtare&#8221;, -deklaroi nj\u00eb p\u00ebrfaq\u00ebsues i Organizat\u00ebs p\u00ebr Sigurin\u00eb dhe Bashk\u00ebpunimin n\u00eb Evrop\u00eb (OSBE), q\u00eb sidoqoft\u00eb rekomandon nj\u00eb &#8220;rishikim t\u00eb legjislacionit&#8221;. &#8220;N\u00eb p\u00ebrgjith\u00ebsi, votimi u zhvillua konform normave nd\u00ebrkomb\u00ebtare q\u00eb zbatohen gjat\u00eb zgjedhjeve demokratike&#8221;, &#8211; i deklaroi shtypit p\u00ebrfaqsuesi Organizat\u00ebs p\u00ebr Sigurin\u00eb dhe Bashk\u00ebpunimin n\u00eb Evrop\u00eb (OSBE).Si rezultat, zgjedhjet e sotme ishin t\u00eb efektshme dhe u zhvilluan n\u00eb nj\u00eb atmosfer\u00eb t\u00eb qet\u00eb, pa incidente, me disa parregullsi t\u00eb vogla&#8221;, &#8211; theksoi p\u00ebrfaq\u00ebsuesi i Organizat\u00ebs p\u00ebr Sigurin\u00eb dhe Bashk\u00ebpunimin n\u00eb Evrop\u00eb (OSBE) n\u00eb Podgoric\u00eb.Keto ishin zgjedhjet e para presidenciale pas pavaresise se vendit ne vitin 2006. Unioni Demokratik i Shqiptareve ka patur kandidatin Filip Vujanoviq, ndersa Forca dhe Alternativa shqiptare ka patur kandidatin Nebojsha Medojeviqin.<br \/>\nFituesi i zgjedhjeve presidenciale Vujanoviq, ka deklaruar t\u00eb diel\u00ebn n\u00eb mbr\u00ebmje se do t\u00eb jet\u00eb president i t\u00eb gjith\u00eb qytetar\u00ebve t\u00eb Malit t\u00eb Zi. Ai i ka fal\u00ebnderuar Partin\u00eb Social-Demokrate t\u00eb Malit t\u00eb Zi, Unionin Demokratik t\u00eb Shqiptar\u00ebve dhe Iniciativ\u00ebn Qytetare t\u00eb Kroat\u00ebve p\u00ebr mb\u00ebshtetjen q\u00eb i kan\u00eb dh\u00ebn\u00eb atij n\u00eb k\u00ebto zgjedhje.<br \/>\n<strong><br \/>\nH.B <\/strong><br \/>\n<strong><br \/>\nLAJME NGA ULQINI<\/strong><\/p>\n","protected":false},"excerpt":{"rendered":"<p><img loading=\"lazy\" class=\"alignleft size-medium wp-image-1153\" style=\"float: left;\" title=\"filip-vujanovic-01\" src=\"http:\/\/www.visit-ulcinj.com\/blog\/wp-content\/uploads\/2008\/04\/filip-vujanovic-01-300x215.jpg\" alt=\"Filip Vujanovic\" width=\"140\" height=\"140\" \/><\/p>\n","protected":false},"author":1,"featured_media":0,"comment_status":"open","ping_status":"closed","sticky":false,"template":"","format":"standard","meta":{"spay_email":"","jetpack_publicize_message":"","jetpack_is_tweetstorm":false,"jetpack_publicize_feature_enabled":true},"categories":[10,5,1,6,14,13,11,3,15],"tags":[2436,530,87,2435,2053,2437],"jetpack_publicize_connections":[],"yoast_head":"<!-- This site is optimized with the Yoast SEO plugin v19.1 - https:\/\/yoast.com\/wordpress\/plugins\/seo\/ -->\n<title>Filip Vujanoviq fiton zgjedhjet presidenciale ne Mal t\u00eb Zi me 51.2% - Lajme nga Ulqini<\/title>\n<meta name=\"robots\" content=\"index, follow, max-snippet:-1, max-image-preview:large, max-video-preview:-1\" \/>\n<link rel=\"canonical\" href=\"https:\/\/www.visit-ulcinj.com\/blog\/2008\/04\/06\/filip-vujanoviq-fiton-zgjedhjet-presidenciale-ne-mal-te-zi\/\" \/>\n<meta property=\"og:locale\" content=\"en_US\" \/>\n<meta property=\"og:type\" content=\"article\" \/>\n<meta property=\"og:title\" content=\"Filip Vujanoviq fiton zgjedhjet presidenciale ne Mal t\u00eb Zi me 51.2% - Lajme nga Ulqini\" \/>\n<meta property=\"og:url\" content=\"https:\/\/www.visit-ulcinj.com\/blog\/2008\/04\/06\/filip-vujanoviq-fiton-zgjedhjet-presidenciale-ne-mal-te-zi\/\" \/>\n<meta property=\"og:site_name\" content=\"Lajme nga Ulqini\" \/>\n<meta property=\"article:published_time\" content=\"2008-04-06T21:21:13+00:00\" \/>\n<meta property=\"article:modified_time\" content=\"2008-04-07T13:08:30+00:00\" \/>\n<meta property=\"og:image\" content=\"http:\/\/www.visit-ulcinj.com\/blog\/wp-content\/uploads\/2008\/04\/filip-vujanovic-01-300x215.jpg\" \/>\n<meta name=\"twitter:label1\" content=\"Written by\" \/>\n\t<meta name=\"twitter:data1\" content=\"ulqini\" \/>\n\t<meta name=\"twitter:label2\" content=\"Est. reading time\" \/>\n\t<meta name=\"twitter:data2\" content=\"3 minutes\" \/>\n<script type=\"application\/ld+json\" class=\"yoast-schema-graph\">{\"@context\":\"https:\/\/schema.org\",\"@graph\":[{\"@type\":\"WebSite\",\"@id\":\"https:\/\/www.visit-ulcinj.com\/blog\/#website\",\"url\":\"https:\/\/www.visit-ulcinj.com\/blog\/\",\"name\":\"Lajme nga Ulqini\",\"description\":\"Lajme,Vijesti,Ulqini,Ulqin,Crna Gora,Mali i Zi\",\"potentialAction\":[{\"@type\":\"SearchAction\",\"target\":{\"@type\":\"EntryPoint\",\"urlTemplate\":\"https:\/\/www.visit-ulcinj.com\/blog\/?s={search_term_string}\"},\"query-input\":\"required name=search_term_string\"}],\"inLanguage\":\"en-US\"},{\"@type\":\"ImageObject\",\"inLanguage\":\"en-US\",\"@id\":\"https:\/\/www.visit-ulcinj.com\/blog\/2008\/04\/06\/filip-vujanoviq-fiton-zgjedhjet-presidenciale-ne-mal-te-zi\/#primaryimage\",\"url\":\"http:\/\/www.visit-ulcinj.com\/blog\/wp-content\/uploads\/2008\/04\/filip-vujanovic-01-300x215.jpg\",\"contentUrl\":\"http:\/\/www.visit-ulcinj.com\/blog\/wp-content\/uploads\/2008\/04\/filip-vujanovic-01-300x215.jpg\"},{\"@type\":\"WebPage\",\"@id\":\"https:\/\/www.visit-ulcinj.com\/blog\/2008\/04\/06\/filip-vujanoviq-fiton-zgjedhjet-presidenciale-ne-mal-te-zi\/#webpage\",\"url\":\"https:\/\/www.visit-ulcinj.com\/blog\/2008\/04\/06\/filip-vujanoviq-fiton-zgjedhjet-presidenciale-ne-mal-te-zi\/\",\"name\":\"Filip Vujanoviq fiton zgjedhjet presidenciale ne Mal t\u00eb Zi me 51.2% - Lajme nga Ulqini\",\"isPartOf\":{\"@id\":\"https:\/\/www.visit-ulcinj.com\/blog\/#website\"},\"primaryImageOfPage\":{\"@id\":\"https:\/\/www.visit-ulcinj.com\/blog\/2008\/04\/06\/filip-vujanoviq-fiton-zgjedhjet-presidenciale-ne-mal-te-zi\/#primaryimage\"},\"datePublished\":\"2008-04-06T21:21:13+00:00\",\"dateModified\":\"2008-04-07T13:08:30+00:00\",\"author\":{\"@id\":\"https:\/\/www.visit-ulcinj.com\/blog\/#\/schema\/person\/dcab619c614d3038751c63bc2aadc06d\"},\"breadcrumb\":{\"@id\":\"https:\/\/www.visit-ulcinj.com\/blog\/2008\/04\/06\/filip-vujanoviq-fiton-zgjedhjet-presidenciale-ne-mal-te-zi\/#breadcrumb\"},\"inLanguage\":\"en-US\",\"potentialAction\":[{\"@type\":\"ReadAction\",\"target\":[\"https:\/\/www.visit-ulcinj.com\/blog\/2008\/04\/06\/filip-vujanoviq-fiton-zgjedhjet-presidenciale-ne-mal-te-zi\/\"]}]},{\"@type\":\"BreadcrumbList\",\"@id\":\"https:\/\/www.visit-ulcinj.com\/blog\/2008\/04\/06\/filip-vujanoviq-fiton-zgjedhjet-presidenciale-ne-mal-te-zi\/#breadcrumb\",\"itemListElement\":[{\"@type\":\"ListItem\",\"position\":1,\"name\":\"Filip Vujanoviq fiton zgjedhjet presidenciale ne Mal t\u00eb Zi me 51.2%\"}]},{\"@type\":\"Person\",\"@id\":\"https:\/\/www.visit-ulcinj.com\/blog\/#\/schema\/person\/dcab619c614d3038751c63bc2aadc06d\",\"name\":\"ulqini\",\"sameAs\":[\"http:\/\/www.visit-ulcinj.com\"],\"url\":\"https:\/\/www.visit-ulcinj.com\/blog\/author\/admin\/\"}]}<\/script>\n<!-- \/ Yoast SEO plugin. -->","yoast_head_json":{"title":"Filip Vujanoviq fiton zgjedhjet presidenciale ne Mal t\u00eb Zi me 51.2% - Lajme nga Ulqini","robots":{"index":"index","follow":"follow","max-snippet":"max-snippet:-1","max-image-preview":"max-image-preview:large","max-video-preview":"max-video-preview:-1"},"canonical":"https:\/\/www.visit-ulcinj.com\/blog\/2008\/04\/06\/filip-vujanoviq-fiton-zgjedhjet-presidenciale-ne-mal-te-zi\/","og_locale":"en_US","og_type":"article","og_title":"Filip Vujanoviq fiton zgjedhjet presidenciale ne Mal t\u00eb Zi me 51.2% - Lajme nga Ulqini","og_url":"https:\/\/www.visit-ulcinj.com\/blog\/2008\/04\/06\/filip-vujanoviq-fiton-zgjedhjet-presidenciale-ne-mal-te-zi\/","og_site_name":"Lajme nga Ulqini","article_published_time":"2008-04-06T21:21:13+00:00","article_modified_time":"2008-04-07T13:08:30+00:00","og_image":[{"url":"http:\/\/www.visit-ulcinj.com\/blog\/wp-content\/uploads\/2008\/04\/filip-vujanovic-01-300x215.jpg"}],"twitter_misc":{"Written by":"ulqini","Est. reading time":"3 minutes"},"schema":{"@context":"https:\/\/schema.org","@graph":[{"@type":"WebSite","@id":"https:\/\/www.visit-ulcinj.com\/blog\/#website","url":"https:\/\/www.visit-ulcinj.com\/blog\/","name":"Lajme nga Ulqini","description":"Lajme,Vijesti,Ulqini,Ulqin,Crna Gora,Mali i Zi","potentialAction":[{"@type":"SearchAction","target":{"@type":"EntryPoint","urlTemplate":"https:\/\/www.visit-ulcinj.com\/blog\/?s={search_term_string}"},"query-input":"required name=search_term_string"}],"inLanguage":"en-US"},{"@type":"ImageObject","inLanguage":"en-US","@id":"https:\/\/www.visit-ulcinj.com\/blog\/2008\/04\/06\/filip-vujanoviq-fiton-zgjedhjet-presidenciale-ne-mal-te-zi\/#primaryimage","url":"http:\/\/www.visit-ulcinj.com\/blog\/wp-content\/uploads\/2008\/04\/filip-vujanovic-01-300x215.jpg","contentUrl":"http:\/\/www.visit-ulcinj.com\/blog\/wp-content\/uploads\/2008\/04\/filip-vujanovic-01-300x215.jpg"},{"@type":"WebPage","@id":"https:\/\/www.visit-ulcinj.com\/blog\/2008\/04\/06\/filip-vujanoviq-fiton-zgjedhjet-presidenciale-ne-mal-te-zi\/#webpage","url":"https:\/\/www.visit-ulcinj.com\/blog\/2008\/04\/06\/filip-vujanoviq-fiton-zgjedhjet-presidenciale-ne-mal-te-zi\/","name":"Filip Vujanoviq fiton zgjedhjet presidenciale ne Mal t\u00eb Zi me 51.2% - Lajme nga Ulqini","isPartOf":{"@id":"https:\/\/www.visit-ulcinj.com\/blog\/#website"},"primaryImageOfPage":{"@id":"https:\/\/www.visit-ulcinj.com\/blog\/2008\/04\/06\/filip-vujanoviq-fiton-zgjedhjet-presidenciale-ne-mal-te-zi\/#primaryimage"},"datePublished":"2008-04-06T21:21:13+00:00","dateModified":"2008-04-07T13:08:30+00:00","author":{"@id":"https:\/\/www.visit-ulcinj.com\/blog\/#\/schema\/person\/dcab619c614d3038751c63bc2aadc06d"},"breadcrumb":{"@id":"https:\/\/www.visit-ulcinj.com\/blog\/2008\/04\/06\/filip-vujanoviq-fiton-zgjedhjet-presidenciale-ne-mal-te-zi\/#breadcrumb"},"inLanguage":"en-US","potentialAction":[{"@type":"ReadAction","target":["https:\/\/www.visit-ulcinj.com\/blog\/2008\/04\/06\/filip-vujanoviq-fiton-zgjedhjet-presidenciale-ne-mal-te-zi\/"]}]},{"@type":"BreadcrumbList","@id":"https:\/\/www.visit-ulcinj.com\/blog\/2008\/04\/06\/filip-vujanoviq-fiton-zgjedhjet-presidenciale-ne-mal-te-zi\/#breadcrumb","itemListElement":[{"@type":"ListItem","position":1,"name":"Filip Vujanoviq fiton zgjedhjet presidenciale ne Mal t\u00eb Zi me 51.2%"}]},{"@type":"Person","@id":"https:\/\/www.visit-ulcinj.com\/blog\/#\/schema\/person\/dcab619c614d3038751c63bc2aadc06d","name":"ulqini","sameAs":["http:\/\/www.visit-ulcinj.com"],"url":"https:\/\/www.visit-ulcinj.com\/blog\/author\/admin\/"}]}},"jetpack_featured_media_url":"","jetpack_sharing_enabled":true,"jetpack_shortlink":"https:\/\/wp.me\/pe6lTn-iA","_links":{"self":[{"href":"https:\/\/www.visit-ulcinj.com\/blog\/wp-json\/wp\/v2\/posts\/1152"}],"collection":[{"href":"https:\/\/www.visit-ulcinj.com\/blog\/wp-json\/wp\/v2\/posts"}],"about":[{"href":"https:\/\/www.visit-ulcinj.com\/blog\/wp-json\/wp\/v2\/types\/post"}],"author":[{"embeddable":true,"href":"https:\/\/www.visit-ulcinj.com\/blog\/wp-json\/wp\/v2\/users\/1"}],"replies":[{"embeddable":true,"href":"https:\/\/www.visit-ulcinj.com\/blog\/wp-json\/wp\/v2\/comments?post=1152"}],"version-history":[{"count":0,"href":"https:\/\/www.visit-ulcinj.com\/blog\/wp-json\/wp\/v2\/posts\/1152\/revisions"}],"wp:attachment":[{"href":"https:\/\/www.visit-ulcinj.com\/blog\/wp-json\/wp\/v2\/media?parent=1152"}],"wp:term":[{"taxonomy":"category","embeddable":true,"href":"https:\/\/www.visit-ulcinj.com\/blog\/wp-json\/wp\/v2\/categories?post=1152"},{"taxonomy":"post_tag","embeddable":true,"href":"https:\/\/www.visit-ulcinj.com\/blog\/wp-json\/wp\/v2\/tags?post=1152"}],"curies":[{"name":"wp","href":"https:\/\/api.w.org\/{rel}","templated":true}]}}