{"id":11576,"date":"2009-02-18T22:13:03","date_gmt":"2009-02-18T21:13:03","guid":{"rendered":"http:\/\/www.visit-ulcinj.com\/blog\/?p=11576"},"modified":"2009-02-18T22:17:55","modified_gmt":"2009-02-18T21:17:55","slug":"ne-kryeqendren-e-malesise-ne-tuzfestohet-dita-e-pavaresise-se-kosoves","status":"publish","type":"post","link":"https:\/\/www.visit-ulcinj.com\/blog\/2009\/02\/18\/ne-kryeqendren-e-malesise-ne-tuzfestohet-dita-e-pavaresise-se-kosoves\/","title":{"rendered":"N\u00eb kryeq\u00ebndr\u00ebn e Mal\u00ebsis\u00eb n\u00eb Tuz,festohet dita e Pavar\u00ebsis\u00eb s\u00eb Kosov\u00ebs"},"content":{"rendered":"<p><a href=\"http:\/\/www.visit-ulcinj.com\/blog\/wp-content\/uploads\/2009\/02\/ne-malesi-festohet-dita-e-pavaresise-se-kosoves.jpg\"><img loading=\"lazy\" class=\"alignleft size-full wp-image-11577\" title=\"ne-malesi-festohet-dita-e-pavaresise-se-kosoves\" src=\"http:\/\/www.visit-ulcinj.com\/blog\/wp-content\/uploads\/2009\/02\/ne-malesi-festohet-dita-e-pavaresise-se-kosoves.jpg\" alt=\"ne-malesi-festohet-dita-e-pavaresise-se-kosoves\" width=\"570\" height=\"400\" \/><\/a>P\u00ebrvjetori i par\u00eb i pavar\u00ebsis\u00eb s\u00eb Kosov\u00ebs, u sh\u00ebnua pothuajse n\u00eb t\u00eb gjith\u00eb trevat shqiptare.<\/p>\n<p>Ngjash\u00ebm ndodhi edhe n\u00eb kryeq\u00ebndr\u00ebn e Mal\u00ebsis\u00eb n\u00eb Tuz.<\/p>\n<p>Alternativa Shqiptare organizoi nj\u00eb soleminitet n\u00eb restorantin \u201cBelveder\u201d n\u00eb t\u00eb cilin, p\u00ebrve\u00e7 udh\u00ebheq\u00ebsis\u00eb partiake ishin t\u00eb pranish\u00ebm edhe disa p\u00ebrfaq\u00ebsuas t\u00eb LD n\u00eb MZ.<\/p>\n<p>N\u00eb fillim t\u00eb k\u00ebtij soleminiteti, k\u00ebng\u00ebtari i mir\u00ebnjohur Lek\u00eb Dedvukaj e interpretoi hymnin komb\u00ebtar kuse p\u00ebr r\u00ebd\u00ebsin\u00eb e k\u00ebsaj dat\u00eb t\u00eb sh\u00ebnuar fol\u00ebn kryetari i Alternativ\u00ebs Shqiptare Gjergj Camaj dhe funksioneri i k\u00ebsaj partie Luigj Jun\u00e7aj.<\/p>\n<p>N\u00eb k\u00ebt\u00eb soleminitet ishte i pranish\u00ebm edhe ambasadori i Shqip\u00ebris\u00eb n\u00eb Podgoric\u00eb, Tonin Beci me bashk\u00ebpuntor\u00ebt.<\/p>\n<p>Nd\u00ebrkaq Lidhja Demokratike n\u00eb Mal t\u00eb Zi, organizoi nj\u00eb soleminitet n\u00eb Restorantin \u201cNiagara\u201d, n\u00eb t\u00eb cilin ishte e pranishme udh\u00ebheq\u00ebsia m\u00eb e lart\u00eb partiake n\u00eb krye me z. Mehmet Bardhin, pastaj udh\u00ebheq\u00ebsit e t\u00eb gjitha deg\u00ebve t\u00eb k\u00ebsaj partie.<\/p>\n<p>Poashtu ishte i pranish\u00ebm edhe ambasadori i Shqip\u00ebris n\u00eb Podgoric\u00eb, Tonin Beci me bashk\u00ebpuntor\u00ebt.<\/p>\n<p>N\u00eb k\u00ebt\u00eb soleminitet t\u00eb pranishmit i p\u00ebrsh\u00ebndeti  kryetari i LDn\u00ebMZ-dega e Mal\u00ebsis\u00eb Nikoll\u00eb Camaj dhe kryetari i LDn\u00ebMZ Mehmet Bardhi.<\/p>\n<p>Ata duke p\u00ebrg\u00ebzuar t\u00eb pranishmit, e falenderuan Kosov\u00ebn p\u00ebr kontributin e dh\u00ebn\u00eb n\u00eb emancipimin e popullit shqiptar\u00eb n\u00eb Mal t\u00eb Zi.<\/p>\n<p>K\u00ebt\u00eb soleminitet e p\u00ebrcoll\u00ebn mediume t\u00eb shumta lokale nga Mal\u00ebsia, si dhe nga Podgorica e m\u00eb gj\u00ebr\u00eb.<\/p>\n<p>Nj\u00ebkoh\u00ebsisht LD n\u00eb MZ, i ndau nj\u00eb mir\u00ebnjohje t\u00eb ve\u00e7ant\u00eb SHBA-ve, p\u00ebr kontributin e dh\u00ebn\u00eb n\u00eb arritjen e pavar\u00ebsis\u00eb s\u00eb Kosov\u00ebs.<\/p>\n<p><strong>MALESIA.ORG<\/strong><\/p>\n<p><strong>Kto Fotografi jan eskluzivitet i Web Sajtit: \u00a0<a href=\"http:\/\/www.malesia.org\/ngjarjet\/2009\/shkurt\/festimi_i_pavaresise_malesi\/index.html\" target=\"_blank\"> MALESIA.ORG<\/a><\/strong><\/p>\n<p><strong>\n\t\t<style type=\"text\/css\">\n\t\t\t#gallery-1 {\n\t\t\t\tmargin: auto;\n\t\t\t}\n\t\t\t#gallery-1 .gallery-item {\n\t\t\t\tfloat: left;\n\t\t\t\tmargin-top: 10px;\n\t\t\t\ttext-align: center;\n\t\t\t\twidth: 33%;\n\t\t\t}\n\t\t\t#gallery-1 img {\n\t\t\t\tborder: 2px solid #cfcfcf;\n\t\t\t}\n\t\t\t#gallery-1 .gallery-caption {\n\t\t\t\tmargin-left: 0;\n\t\t\t}\n\t\t\t\/* see gallery_shortcode() in wp-includes\/media.php *\/\n\t\t<\/style>\n\t\t<div id='gallery-1' class='gallery galleryid-11576 gallery-columns-3 gallery-size-thumbnail'><dl class='gallery-item'>\n\t\t\t<dt class='gallery-icon landscape'>\n\t\t\t\t<a href='https:\/\/www.visit-ulcinj.com\/blog\/wp-content\/uploads\/2009\/02\/ne-malesi-festohet-dita-e-pavaresise-se-kosoves.jpg'><img width=\"150\" height=\"150\" src=\"https:\/\/www.visit-ulcinj.com\/blog\/wp-content\/uploads\/2009\/02\/ne-malesi-festohet-dita-e-pavaresise-se-kosoves-150x150.jpg\" class=\"attachment-thumbnail size-thumbnail\" alt=\"\" loading=\"lazy\" \/><\/a>\n\t\t\t<\/dt><\/dl><dl class='gallery-item'>\n\t\t\t<dt class='gallery-icon landscape'>\n\t\t\t\t<a href='https:\/\/www.visit-ulcinj.com\/blog\/wp-content\/uploads\/2009\/02\/ne-malesi-festohet-dita-e-pavaresise-se-kosoves1.jpg'><img width=\"150\" height=\"150\" src=\"https:\/\/www.visit-ulcinj.com\/blog\/wp-content\/uploads\/2009\/02\/ne-malesi-festohet-dita-e-pavaresise-se-kosoves1-150x150.jpg\" class=\"attachment-thumbnail size-thumbnail\" alt=\"\" loading=\"lazy\" \/><\/a>\n\t\t\t<\/dt><\/dl><dl class='gallery-item'>\n\t\t\t<dt class='gallery-icon landscape'>\n\t\t\t\t<a href='https:\/\/www.visit-ulcinj.com\/blog\/wp-content\/uploads\/2009\/02\/ne-malesi-festohet-dita-e-pavaresise-se-kosoves2.jpg'><img width=\"150\" height=\"150\" src=\"https:\/\/www.visit-ulcinj.com\/blog\/wp-content\/uploads\/2009\/02\/ne-malesi-festohet-dita-e-pavaresise-se-kosoves2-150x150.jpg\" class=\"attachment-thumbnail size-thumbnail\" alt=\"\" loading=\"lazy\" \/><\/a>\n\t\t\t<\/dt><\/dl><br style=\"clear: both\" \/><dl class='gallery-item'>\n\t\t\t<dt class='gallery-icon landscape'>\n\t\t\t\t<a href='https:\/\/www.visit-ulcinj.com\/blog\/wp-content\/uploads\/2009\/02\/ne-malesi-festohet-dita-e-pavaresise-se-kosoves3.jpg'><img width=\"150\" height=\"150\" src=\"https:\/\/www.visit-ulcinj.com\/blog\/wp-content\/uploads\/2009\/02\/ne-malesi-festohet-dita-e-pavaresise-se-kosoves3-150x150.jpg\" class=\"attachment-thumbnail size-thumbnail\" alt=\"\" loading=\"lazy\" \/><\/a>\n\t\t\t<\/dt><\/dl><dl class='gallery-item'>\n\t\t\t<dt class='gallery-icon landscape'>\n\t\t\t\t<a href='https:\/\/www.visit-ulcinj.com\/blog\/wp-content\/uploads\/2009\/02\/ne-malesi-festohet-dita-e-pavaresise-se-kosoves4.jpg'><img width=\"150\" height=\"150\" src=\"https:\/\/www.visit-ulcinj.com\/blog\/wp-content\/uploads\/2009\/02\/ne-malesi-festohet-dita-e-pavaresise-se-kosoves4-150x150.jpg\" class=\"attachment-thumbnail size-thumbnail\" alt=\"\" loading=\"lazy\" \/><\/a>\n\t\t\t<\/dt><\/dl><dl class='gallery-item'>\n\t\t\t<dt class='gallery-icon landscape'>\n\t\t\t\t<a href='https:\/\/www.visit-ulcinj.com\/blog\/wp-content\/uploads\/2009\/02\/ne-malesi-festohet-dita-e-pavaresise-se-kosoves5.jpg'><img width=\"150\" height=\"150\" src=\"https:\/\/www.visit-ulcinj.com\/blog\/wp-content\/uploads\/2009\/02\/ne-malesi-festohet-dita-e-pavaresise-se-kosoves5-150x150.jpg\" class=\"attachment-thumbnail size-thumbnail\" alt=\"\" loading=\"lazy\" \/><\/a>\n\t\t\t<\/dt><\/dl><br style=\"clear: both\" \/><dl class='gallery-item'>\n\t\t\t<dt class='gallery-icon landscape'>\n\t\t\t\t<a href='https:\/\/www.visit-ulcinj.com\/blog\/wp-content\/uploads\/2009\/02\/ne-malesi-festohet-dita-e-pavaresise-se-kosoves6.jpg'><img width=\"150\" height=\"150\" src=\"https:\/\/www.visit-ulcinj.com\/blog\/wp-content\/uploads\/2009\/02\/ne-malesi-festohet-dita-e-pavaresise-se-kosoves6-150x150.jpg\" class=\"attachment-thumbnail size-thumbnail\" alt=\"\" loading=\"lazy\" \/><\/a>\n\t\t\t<\/dt><\/dl><dl class='gallery-item'>\n\t\t\t<dt class='gallery-icon landscape'>\n\t\t\t\t<a href='https:\/\/www.visit-ulcinj.com\/blog\/wp-content\/uploads\/2009\/02\/ne-malesi-festohet-dita-e-pavaresise-se-kosoves7.jpg'><img width=\"150\" height=\"150\" src=\"https:\/\/www.visit-ulcinj.com\/blog\/wp-content\/uploads\/2009\/02\/ne-malesi-festohet-dita-e-pavaresise-se-kosoves7-150x150.jpg\" class=\"attachment-thumbnail size-thumbnail\" alt=\"\" loading=\"lazy\" \/><\/a>\n\t\t\t<\/dt><\/dl><dl class='gallery-item'>\n\t\t\t<dt class='gallery-icon landscape'>\n\t\t\t\t<a href='https:\/\/www.visit-ulcinj.com\/blog\/wp-content\/uploads\/2009\/02\/ne-malesi-festohet-dita-e-pavaresise-se-kosoves8.jpg'><img width=\"150\" height=\"150\" src=\"https:\/\/www.visit-ulcinj.com\/blog\/wp-content\/uploads\/2009\/02\/ne-malesi-festohet-dita-e-pavaresise-se-kosoves8-150x150.jpg\" class=\"attachment-thumbnail size-thumbnail\" alt=\"\" loading=\"lazy\" \/><\/a>\n\t\t\t<\/dt><\/dl><br style=\"clear: both\" \/><dl class='gallery-item'>\n\t\t\t<dt class='gallery-icon landscape'>\n\t\t\t\t<a href='https:\/\/www.visit-ulcinj.com\/blog\/wp-content\/uploads\/2009\/02\/ne-malesi-festohet-dita-e-pavaresise-se-kosoves9.jpg'><img width=\"150\" height=\"150\" src=\"https:\/\/www.visit-ulcinj.com\/blog\/wp-content\/uploads\/2009\/02\/ne-malesi-festohet-dita-e-pavaresise-se-kosoves9-150x150.jpg\" class=\"attachment-thumbnail size-thumbnail\" alt=\"\" loading=\"lazy\" \/><\/a>\n\t\t\t<\/dt><\/dl><dl class='gallery-item'>\n\t\t\t<dt class='gallery-icon landscape'>\n\t\t\t\t<a href='https:\/\/www.visit-ulcinj.com\/blog\/wp-content\/uploads\/2009\/02\/ne-malesi-festohet-dita-e-pavaresise-se-kosoves11.jpg'><img width=\"150\" height=\"150\" src=\"https:\/\/www.visit-ulcinj.com\/blog\/wp-content\/uploads\/2009\/02\/ne-malesi-festohet-dita-e-pavaresise-se-kosoves11-150x150.jpg\" class=\"attachment-thumbnail size-thumbnail\" alt=\"\" loading=\"lazy\" \/><\/a>\n\t\t\t<\/dt><\/dl><dl class='gallery-item'>\n\t\t\t<dt class='gallery-icon landscape'>\n\t\t\t\t<a href='https:\/\/www.visit-ulcinj.com\/blog\/wp-content\/uploads\/2009\/02\/ne-malesi-festohet-dita-e-pavaresise-se-kosoves12.jpg'><img width=\"150\" height=\"150\" src=\"https:\/\/www.visit-ulcinj.com\/blog\/wp-content\/uploads\/2009\/02\/ne-malesi-festohet-dita-e-pavaresise-se-kosoves12-150x150.jpg\" class=\"attachment-thumbnail size-thumbnail\" alt=\"\" loading=\"lazy\" \/><\/a>\n\t\t\t<\/dt><\/dl><br style=\"clear: both\" \/><dl class='gallery-item'>\n\t\t\t<dt class='gallery-icon landscape'>\n\t\t\t\t<a href='https:\/\/www.visit-ulcinj.com\/blog\/wp-content\/uploads\/2009\/02\/ne-malesi-festohet-dita-e-pavaresise-se-kosoves13.jpg'><img width=\"150\" height=\"150\" src=\"https:\/\/www.visit-ulcinj.com\/blog\/wp-content\/uploads\/2009\/02\/ne-malesi-festohet-dita-e-pavaresise-se-kosoves13-150x150.jpg\" class=\"attachment-thumbnail size-thumbnail\" alt=\"\" loading=\"lazy\" \/><\/a>\n\t\t\t<\/dt><\/dl><dl class='gallery-item'>\n\t\t\t<dt class='gallery-icon landscape'>\n\t\t\t\t<a href='https:\/\/www.visit-ulcinj.com\/blog\/wp-content\/uploads\/2009\/02\/ne-malesi-festohet-dita-e-pavaresise-se-kosoves14.jpg'><img width=\"150\" height=\"150\" src=\"https:\/\/www.visit-ulcinj.com\/blog\/wp-content\/uploads\/2009\/02\/ne-malesi-festohet-dita-e-pavaresise-se-kosoves14-150x150.jpg\" class=\"attachment-thumbnail size-thumbnail\" alt=\"\" loading=\"lazy\" \/><\/a>\n\t\t\t<\/dt><\/dl><dl class='gallery-item'>\n\t\t\t<dt class='gallery-icon portrait'>\n\t\t\t\t<a href='https:\/\/www.visit-ulcinj.com\/blog\/wp-content\/uploads\/2009\/02\/ne-malesi-festohet-dita-e-pavaresise-se-kosoves16.jpg'><img width=\"150\" height=\"150\" src=\"https:\/\/www.visit-ulcinj.com\/blog\/wp-content\/uploads\/2009\/02\/ne-malesi-festohet-dita-e-pavaresise-se-kosoves16-150x150.jpg\" class=\"attachment-thumbnail size-thumbnail\" alt=\"\" loading=\"lazy\" \/><\/a>\n\t\t\t<\/dt><\/dl><br style=\"clear: both\" \/><dl class='gallery-item'>\n\t\t\t<dt class='gallery-icon landscape'>\n\t\t\t\t<a href='https:\/\/www.visit-ulcinj.com\/blog\/wp-content\/uploads\/2009\/02\/ne-malesi-festohet-dita-e-pavaresise-se-kosoves17.jpg'><img width=\"150\" height=\"150\" src=\"https:\/\/www.visit-ulcinj.com\/blog\/wp-content\/uploads\/2009\/02\/ne-malesi-festohet-dita-e-pavaresise-se-kosoves17-150x150.jpg\" class=\"attachment-thumbnail size-thumbnail\" alt=\"\" loading=\"lazy\" \/><\/a>\n\t\t\t<\/dt><\/dl><dl class='gallery-item'>\n\t\t\t<dt class='gallery-icon landscape'>\n\t\t\t\t<a href='https:\/\/www.visit-ulcinj.com\/blog\/wp-content\/uploads\/2009\/02\/ne-malesi-festohet-dita-e-pavaresise-se-kosoves18.jpg'><img width=\"150\" height=\"150\" src=\"https:\/\/www.visit-ulcinj.com\/blog\/wp-content\/uploads\/2009\/02\/ne-malesi-festohet-dita-e-pavaresise-se-kosoves18-150x150.jpg\" class=\"attachment-thumbnail size-thumbnail\" alt=\"\" loading=\"lazy\" \/><\/a>\n\t\t\t<\/dt><\/dl><dl class='gallery-item'>\n\t\t\t<dt class='gallery-icon landscape'>\n\t\t\t\t<a href='https:\/\/www.visit-ulcinj.com\/blog\/wp-content\/uploads\/2009\/02\/ne-malesi-festohet-dita-e-pavaresise-se-kosoves19.jpg'><img width=\"150\" height=\"150\" src=\"https:\/\/www.visit-ulcinj.com\/blog\/wp-content\/uploads\/2009\/02\/ne-malesi-festohet-dita-e-pavaresise-se-kosoves19-150x150.jpg\" class=\"attachment-thumbnail size-thumbnail\" alt=\"\" loading=\"lazy\" \/><\/a>\n\t\t\t<\/dt><\/dl><br style=\"clear: both\" \/><dl class='gallery-item'>\n\t\t\t<dt class='gallery-icon landscape'>\n\t\t\t\t<a href='https:\/\/www.visit-ulcinj.com\/blog\/wp-content\/uploads\/2009\/02\/ne-malesi-festohet-dita-e-pavaresise-se-kosoves20.jpg'><img width=\"150\" height=\"150\" src=\"https:\/\/www.visit-ulcinj.com\/blog\/wp-content\/uploads\/2009\/02\/ne-malesi-festohet-dita-e-pavaresise-se-kosoves20-150x150.jpg\" class=\"attachment-thumbnail size-thumbnail\" alt=\"\" loading=\"lazy\" \/><\/a>\n\t\t\t<\/dt><\/dl><dl class='gallery-item'>\n\t\t\t<dt class='gallery-icon landscape'>\n\t\t\t\t<a href='https:\/\/www.visit-ulcinj.com\/blog\/wp-content\/uploads\/2009\/02\/ne-malesi-festohet-dita-e-pavaresise-se-kosoves21.jpg'><img width=\"150\" height=\"150\" src=\"https:\/\/www.visit-ulcinj.com\/blog\/wp-content\/uploads\/2009\/02\/ne-malesi-festohet-dita-e-pavaresise-se-kosoves21-150x150.jpg\" class=\"attachment-thumbnail size-thumbnail\" alt=\"\" loading=\"lazy\" \/><\/a>\n\t\t\t<\/dt><\/dl><dl class='gallery-item'>\n\t\t\t<dt class='gallery-icon landscape'>\n\t\t\t\t<a href='https:\/\/www.visit-ulcinj.com\/blog\/wp-content\/uploads\/2009\/02\/ne-malesi-festohet-dita-e-pavaresise-se-kosoves22.jpg'><img width=\"150\" height=\"150\" src=\"https:\/\/www.visit-ulcinj.com\/blog\/wp-content\/uploads\/2009\/02\/ne-malesi-festohet-dita-e-pavaresise-se-kosoves22-150x150.jpg\" class=\"attachment-thumbnail size-thumbnail\" alt=\"\" loading=\"lazy\" \/><\/a>\n\t\t\t<\/dt><\/dl><br style=\"clear: both\" \/><dl class='gallery-item'>\n\t\t\t<dt class='gallery-icon portrait'>\n\t\t\t\t<a href='https:\/\/www.visit-ulcinj.com\/blog\/wp-content\/uploads\/2009\/02\/ne-malesi-festohet-dita-e-pavaresise-se-kosoves23.jpg'><img width=\"150\" height=\"150\" src=\"https:\/\/www.visit-ulcinj.com\/blog\/wp-content\/uploads\/2009\/02\/ne-malesi-festohet-dita-e-pavaresise-se-kosoves23-150x150.jpg\" class=\"attachment-thumbnail size-thumbnail\" alt=\"\" loading=\"lazy\" \/><\/a>\n\t\t\t<\/dt><\/dl><dl class='gallery-item'>\n\t\t\t<dt class='gallery-icon landscape'>\n\t\t\t\t<a href='https:\/\/www.visit-ulcinj.com\/blog\/wp-content\/uploads\/2009\/02\/ne-malesi-festohet-dita-e-pavaresise-se-kosoves24.jpg'><img width=\"150\" height=\"150\" src=\"https:\/\/www.visit-ulcinj.com\/blog\/wp-content\/uploads\/2009\/02\/ne-malesi-festohet-dita-e-pavaresise-se-kosoves24-150x150.jpg\" class=\"attachment-thumbnail size-thumbnail\" alt=\"\" loading=\"lazy\" \/><\/a>\n\t\t\t<\/dt><\/dl><dl class='gallery-item'>\n\t\t\t<dt class='gallery-icon landscape'>\n\t\t\t\t<a href='https:\/\/www.visit-ulcinj.com\/blog\/wp-content\/uploads\/2009\/02\/ne-malesi-festohet-dita-e-pavaresise-se-kosoves25.jpg'><img width=\"150\" height=\"150\" src=\"https:\/\/www.visit-ulcinj.com\/blog\/wp-content\/uploads\/2009\/02\/ne-malesi-festohet-dita-e-pavaresise-se-kosoves25-150x150.jpg\" class=\"attachment-thumbnail size-thumbnail\" alt=\"\" loading=\"lazy\" \/><\/a>\n\t\t\t<\/dt><\/dl><br style=\"clear: both\" \/><dl class='gallery-item'>\n\t\t\t<dt class='gallery-icon portrait'>\n\t\t\t\t<a href='https:\/\/www.visit-ulcinj.com\/blog\/wp-content\/uploads\/2009\/02\/ne-malesi-festohet-dita-e-pavaresise-se-kosoves26.jpg'><img width=\"150\" height=\"150\" src=\"https:\/\/www.visit-ulcinj.com\/blog\/wp-content\/uploads\/2009\/02\/ne-malesi-festohet-dita-e-pavaresise-se-kosoves26-150x150.jpg\" class=\"attachment-thumbnail size-thumbnail\" alt=\"\" loading=\"lazy\" \/><\/a>\n\t\t\t<\/dt><\/dl><dl class='gallery-item'>\n\t\t\t<dt class='gallery-icon landscape'>\n\t\t\t\t<a href='https:\/\/www.visit-ulcinj.com\/blog\/wp-content\/uploads\/2009\/02\/ne-malesi-festohet-dita-e-pavaresise-se-kosoves27.jpg'><img width=\"150\" height=\"150\" src=\"https:\/\/www.visit-ulcinj.com\/blog\/wp-content\/uploads\/2009\/02\/ne-malesi-festohet-dita-e-pavaresise-se-kosoves27-150x150.jpg\" class=\"attachment-thumbnail size-thumbnail\" alt=\"\" loading=\"lazy\" \/><\/a>\n\t\t\t<\/dt><\/dl><dl class='gallery-item'>\n\t\t\t<dt class='gallery-icon portrait'>\n\t\t\t\t<a href='https:\/\/www.visit-ulcinj.com\/blog\/wp-content\/uploads\/2009\/02\/ne-malesi-festohet-dita-e-pavaresise-se-kosoves28.jpg'><img width=\"150\" height=\"150\" src=\"https:\/\/www.visit-ulcinj.com\/blog\/wp-content\/uploads\/2009\/02\/ne-malesi-festohet-dita-e-pavaresise-se-kosoves28-150x150.jpg\" class=\"attachment-thumbnail size-thumbnail\" alt=\"\" loading=\"lazy\" \/><\/a>\n\t\t\t<\/dt><\/dl><br style=\"clear: both\" \/>\n\t\t<\/div>\n<\/p>\n<p><\/strong><\/p>\n<p><strong><a href=\"http:\/\/www.visit-ulcinj.com\/blog\/wp-content\/uploads\/2009\/02\/pavaresia-e-kosoves_banner.jpg\"><img loading=\"lazy\" class=\"alignleft size-full wp-image-11555\" title=\"pavaresia-e-kosoves_banner\" src=\"http:\/\/www.visit-ulcinj.com\/blog\/wp-content\/uploads\/2009\/02\/pavaresia-e-kosoves_banner.jpg\" alt=\"pavaresia-e-kosoves_banner\" width=\"570\" height=\"80\" \/><\/a><br \/>\n<\/strong><\/p>\n<p><strong><\/strong><\/p>\n<p><strong><\/strong><\/p>\n","protected":false},"excerpt":{"rendered":"<p>P\u00ebrvjetori i par\u00eb i pavar\u00ebsis\u00eb s\u00eb Kosov\u00ebs, u sh\u00ebnua pothuajse n\u00eb t\u00eb gjith\u00eb trevat shqiptare. Ngjash\u00ebm ndodhi edhe n\u00eb kryeq\u00ebndr\u00ebn e Mal\u00ebsis\u00eb n\u00eb Tuz. Alternativa Shqiptare organizoi nj\u00eb soleminitet n\u00eb restorantin \u201cBelveder\u201d n\u00eb t\u00eb cilin, p\u00ebrve\u00e7 udh\u00ebheq\u00ebsis\u00eb partiake ishin t\u00eb pranish\u00ebm edhe disa p\u00ebrfaq\u00ebsuas t\u00eb LD n\u00eb MZ. N\u00eb fillim t\u00eb k\u00ebtij soleminiteti, k\u00ebng\u00ebtari i [&hellip;]<\/p>\n","protected":false},"author":1,"featured_media":0,"comment_status":"open","ping_status":"closed","sticky":false,"template":"","format":"standard","meta":{"spay_email":"","jetpack_publicize_message":"","jetpack_is_tweetstorm":false,"jetpack_publicize_feature_enabled":true},"categories":[13],"tags":[6879,6877,6876,6881,6880,128,347,6875,6878],"jetpack_publicize_connections":[],"yoast_head":"<!-- This site is optimized with the Yoast SEO plugin v19.1 - https:\/\/yoast.com\/wordpress\/plugins\/seo\/ -->\n<title>N\u00eb kryeq\u00ebndr\u00ebn e Mal\u00ebsis\u00eb n\u00eb Tuz,festohet dita e Pavar\u00ebsis\u00eb s\u00eb Kosov\u00ebs - Lajme nga Ulqini<\/title>\n<meta name=\"description\" content=\"P\u00ebrvjetori i par\u00eb i pavar\u00ebsis\u00eb s\u00eb Kosov\u00ebs, u sh\u00ebnua pothuajse n\u00eb t\u00eb gjith\u00eb trevat shqiptare. Ngjash\u00ebm ndodhi edhe n\u00eb kryeq\u00ebndr\u00ebn e Mal\u00ebsis\u00eb n\u00eb Tuz.\" \/>\n<meta name=\"robots\" content=\"index, follow, max-snippet:-1, max-image-preview:large, max-video-preview:-1\" \/>\n<link rel=\"canonical\" href=\"https:\/\/www.visit-ulcinj.com\/blog\/2009\/02\/18\/ne-kryeqendren-e-malesise-ne-tuzfestohet-dita-e-pavaresise-se-kosoves\/\" \/>\n<meta property=\"og:locale\" content=\"en_US\" \/>\n<meta property=\"og:type\" content=\"article\" \/>\n<meta property=\"og:title\" content=\"N\u00eb kryeq\u00ebndr\u00ebn e Mal\u00ebsis\u00eb n\u00eb Tuz,festohet dita e Pavar\u00ebsis\u00eb s\u00eb Kosov\u00ebs - Lajme nga Ulqini\" \/>\n<meta property=\"og:description\" content=\"P\u00ebrvjetori i par\u00eb i pavar\u00ebsis\u00eb s\u00eb Kosov\u00ebs, u sh\u00ebnua pothuajse n\u00eb t\u00eb gjith\u00eb trevat shqiptare. Ngjash\u00ebm ndodhi edhe n\u00eb kryeq\u00ebndr\u00ebn e Mal\u00ebsis\u00eb n\u00eb Tuz.\" \/>\n<meta property=\"og:url\" content=\"https:\/\/www.visit-ulcinj.com\/blog\/2009\/02\/18\/ne-kryeqendren-e-malesise-ne-tuzfestohet-dita-e-pavaresise-se-kosoves\/\" \/>\n<meta property=\"og:site_name\" content=\"Lajme nga Ulqini\" \/>\n<meta property=\"article:published_time\" content=\"2009-02-18T21:13:03+00:00\" \/>\n<meta property=\"article:modified_time\" content=\"2009-02-18T21:17:55+00:00\" \/>\n<meta property=\"og:image\" content=\"https:\/\/www.visit-ulcinj.com\/blog\/wp-content\/uploads\/2009\/02\/ne-malesi-festohet-dita-e-pavaresise-se-kosoves-150x150.jpg\" \/>\n<meta name=\"twitter:label1\" content=\"Written by\" \/>\n\t<meta name=\"twitter:data1\" content=\"ulqini\" \/>\n\t<meta name=\"twitter:label2\" content=\"Est. reading time\" \/>\n\t<meta name=\"twitter:data2\" content=\"2 minutes\" \/>\n<script type=\"application\/ld+json\" class=\"yoast-schema-graph\">{\"@context\":\"https:\/\/schema.org\",\"@graph\":[{\"@type\":\"WebSite\",\"@id\":\"https:\/\/www.visit-ulcinj.com\/blog\/#website\",\"url\":\"https:\/\/www.visit-ulcinj.com\/blog\/\",\"name\":\"Lajme nga Ulqini\",\"description\":\"Lajme,Vijesti,Ulqini,Ulqin,Crna Gora,Mali i Zi\",\"potentialAction\":[{\"@type\":\"SearchAction\",\"target\":{\"@type\":\"EntryPoint\",\"urlTemplate\":\"https:\/\/www.visit-ulcinj.com\/blog\/?s={search_term_string}\"},\"query-input\":\"required name=search_term_string\"}],\"inLanguage\":\"en-US\"},{\"@type\":\"ImageObject\",\"inLanguage\":\"en-US\",\"@id\":\"https:\/\/www.visit-ulcinj.com\/blog\/2009\/02\/18\/ne-kryeqendren-e-malesise-ne-tuzfestohet-dita-e-pavaresise-se-kosoves\/#primaryimage\",\"url\":\"https:\/\/www.visit-ulcinj.com\/blog\/wp-content\/uploads\/2009\/02\/ne-malesi-festohet-dita-e-pavaresise-se-kosoves.jpg\",\"contentUrl\":\"https:\/\/www.visit-ulcinj.com\/blog\/wp-content\/uploads\/2009\/02\/ne-malesi-festohet-dita-e-pavaresise-se-kosoves.jpg\",\"width\":\"650\",\"height\":\"488\"},{\"@type\":\"WebPage\",\"@id\":\"https:\/\/www.visit-ulcinj.com\/blog\/2009\/02\/18\/ne-kryeqendren-e-malesise-ne-tuzfestohet-dita-e-pavaresise-se-kosoves\/#webpage\",\"url\":\"https:\/\/www.visit-ulcinj.com\/blog\/2009\/02\/18\/ne-kryeqendren-e-malesise-ne-tuzfestohet-dita-e-pavaresise-se-kosoves\/\",\"name\":\"N\u00eb kryeq\u00ebndr\u00ebn e Mal\u00ebsis\u00eb n\u00eb Tuz,festohet dita e Pavar\u00ebsis\u00eb s\u00eb Kosov\u00ebs - Lajme nga Ulqini\",\"isPartOf\":{\"@id\":\"https:\/\/www.visit-ulcinj.com\/blog\/#website\"},\"primaryImageOfPage\":{\"@id\":\"https:\/\/www.visit-ulcinj.com\/blog\/2009\/02\/18\/ne-kryeqendren-e-malesise-ne-tuzfestohet-dita-e-pavaresise-se-kosoves\/#primaryimage\"},\"datePublished\":\"2009-02-18T21:13:03+00:00\",\"dateModified\":\"2009-02-18T21:17:55+00:00\",\"author\":{\"@id\":\"https:\/\/www.visit-ulcinj.com\/blog\/#\/schema\/person\/dcab619c614d3038751c63bc2aadc06d\"},\"description\":\"P\u00ebrvjetori i par\u00eb i pavar\u00ebsis\u00eb s\u00eb Kosov\u00ebs, u sh\u00ebnua pothuajse n\u00eb t\u00eb gjith\u00eb trevat shqiptare. Ngjash\u00ebm ndodhi edhe n\u00eb kryeq\u00ebndr\u00ebn e Mal\u00ebsis\u00eb n\u00eb Tuz.\",\"breadcrumb\":{\"@id\":\"https:\/\/www.visit-ulcinj.com\/blog\/2009\/02\/18\/ne-kryeqendren-e-malesise-ne-tuzfestohet-dita-e-pavaresise-se-kosoves\/#breadcrumb\"},\"inLanguage\":\"en-US\",\"potentialAction\":[{\"@type\":\"ReadAction\",\"target\":[\"https:\/\/www.visit-ulcinj.com\/blog\/2009\/02\/18\/ne-kryeqendren-e-malesise-ne-tuzfestohet-dita-e-pavaresise-se-kosoves\/\"]}]},{\"@type\":\"BreadcrumbList\",\"@id\":\"https:\/\/www.visit-ulcinj.com\/blog\/2009\/02\/18\/ne-kryeqendren-e-malesise-ne-tuzfestohet-dita-e-pavaresise-se-kosoves\/#breadcrumb\",\"itemListElement\":[{\"@type\":\"ListItem\",\"position\":1,\"name\":\"N\u00eb kryeq\u00ebndr\u00ebn e Mal\u00ebsis\u00eb n\u00eb Tuz,festohet dita e Pavar\u00ebsis\u00eb s\u00eb Kosov\u00ebs\"}]},{\"@type\":\"Person\",\"@id\":\"https:\/\/www.visit-ulcinj.com\/blog\/#\/schema\/person\/dcab619c614d3038751c63bc2aadc06d\",\"name\":\"ulqini\",\"sameAs\":[\"http:\/\/www.visit-ulcinj.com\"],\"url\":\"https:\/\/www.visit-ulcinj.com\/blog\/author\/admin\/\"}]}<\/script>\n<!-- \/ Yoast SEO plugin. -->","yoast_head_json":{"title":"N\u00eb kryeq\u00ebndr\u00ebn e Mal\u00ebsis\u00eb n\u00eb Tuz,festohet dita e Pavar\u00ebsis\u00eb s\u00eb Kosov\u00ebs - Lajme nga Ulqini","description":"P\u00ebrvjetori i par\u00eb i pavar\u00ebsis\u00eb s\u00eb Kosov\u00ebs, u sh\u00ebnua pothuajse n\u00eb t\u00eb gjith\u00eb trevat shqiptare. Ngjash\u00ebm ndodhi edhe n\u00eb kryeq\u00ebndr\u00ebn e Mal\u00ebsis\u00eb n\u00eb Tuz.","robots":{"index":"index","follow":"follow","max-snippet":"max-snippet:-1","max-image-preview":"max-image-preview:large","max-video-preview":"max-video-preview:-1"},"canonical":"https:\/\/www.visit-ulcinj.com\/blog\/2009\/02\/18\/ne-kryeqendren-e-malesise-ne-tuzfestohet-dita-e-pavaresise-se-kosoves\/","og_locale":"en_US","og_type":"article","og_title":"N\u00eb kryeq\u00ebndr\u00ebn e Mal\u00ebsis\u00eb n\u00eb Tuz,festohet dita e Pavar\u00ebsis\u00eb s\u00eb Kosov\u00ebs - Lajme nga Ulqini","og_description":"P\u00ebrvjetori i par\u00eb i pavar\u00ebsis\u00eb s\u00eb Kosov\u00ebs, u sh\u00ebnua pothuajse n\u00eb t\u00eb gjith\u00eb trevat shqiptare. Ngjash\u00ebm ndodhi edhe n\u00eb kryeq\u00ebndr\u00ebn e Mal\u00ebsis\u00eb n\u00eb Tuz.","og_url":"https:\/\/www.visit-ulcinj.com\/blog\/2009\/02\/18\/ne-kryeqendren-e-malesise-ne-tuzfestohet-dita-e-pavaresise-se-kosoves\/","og_site_name":"Lajme nga Ulqini","article_published_time":"2009-02-18T21:13:03+00:00","article_modified_time":"2009-02-18T21:17:55+00:00","og_image":[{"url":"https:\/\/www.visit-ulcinj.com\/blog\/wp-content\/uploads\/2009\/02\/ne-malesi-festohet-dita-e-pavaresise-se-kosoves-150x150.jpg"}],"twitter_misc":{"Written by":"ulqini","Est. reading time":"2 minutes"},"schema":{"@context":"https:\/\/schema.org","@graph":[{"@type":"WebSite","@id":"https:\/\/www.visit-ulcinj.com\/blog\/#website","url":"https:\/\/www.visit-ulcinj.com\/blog\/","name":"Lajme nga Ulqini","description":"Lajme,Vijesti,Ulqini,Ulqin,Crna Gora,Mali i Zi","potentialAction":[{"@type":"SearchAction","target":{"@type":"EntryPoint","urlTemplate":"https:\/\/www.visit-ulcinj.com\/blog\/?s={search_term_string}"},"query-input":"required name=search_term_string"}],"inLanguage":"en-US"},{"@type":"ImageObject","inLanguage":"en-US","@id":"https:\/\/www.visit-ulcinj.com\/blog\/2009\/02\/18\/ne-kryeqendren-e-malesise-ne-tuzfestohet-dita-e-pavaresise-se-kosoves\/#primaryimage","url":"https:\/\/www.visit-ulcinj.com\/blog\/wp-content\/uploads\/2009\/02\/ne-malesi-festohet-dita-e-pavaresise-se-kosoves.jpg","contentUrl":"https:\/\/www.visit-ulcinj.com\/blog\/wp-content\/uploads\/2009\/02\/ne-malesi-festohet-dita-e-pavaresise-se-kosoves.jpg","width":"650","height":"488"},{"@type":"WebPage","@id":"https:\/\/www.visit-ulcinj.com\/blog\/2009\/02\/18\/ne-kryeqendren-e-malesise-ne-tuzfestohet-dita-e-pavaresise-se-kosoves\/#webpage","url":"https:\/\/www.visit-ulcinj.com\/blog\/2009\/02\/18\/ne-kryeqendren-e-malesise-ne-tuzfestohet-dita-e-pavaresise-se-kosoves\/","name":"N\u00eb kryeq\u00ebndr\u00ebn e Mal\u00ebsis\u00eb n\u00eb Tuz,festohet dita e Pavar\u00ebsis\u00eb s\u00eb Kosov\u00ebs - Lajme nga Ulqini","isPartOf":{"@id":"https:\/\/www.visit-ulcinj.com\/blog\/#website"},"primaryImageOfPage":{"@id":"https:\/\/www.visit-ulcinj.com\/blog\/2009\/02\/18\/ne-kryeqendren-e-malesise-ne-tuzfestohet-dita-e-pavaresise-se-kosoves\/#primaryimage"},"datePublished":"2009-02-18T21:13:03+00:00","dateModified":"2009-02-18T21:17:55+00:00","author":{"@id":"https:\/\/www.visit-ulcinj.com\/blog\/#\/schema\/person\/dcab619c614d3038751c63bc2aadc06d"},"description":"P\u00ebrvjetori i par\u00eb i pavar\u00ebsis\u00eb s\u00eb Kosov\u00ebs, u sh\u00ebnua pothuajse n\u00eb t\u00eb gjith\u00eb trevat shqiptare. Ngjash\u00ebm ndodhi edhe n\u00eb kryeq\u00ebndr\u00ebn e Mal\u00ebsis\u00eb n\u00eb Tuz.","breadcrumb":{"@id":"https:\/\/www.visit-ulcinj.com\/blog\/2009\/02\/18\/ne-kryeqendren-e-malesise-ne-tuzfestohet-dita-e-pavaresise-se-kosoves\/#breadcrumb"},"inLanguage":"en-US","potentialAction":[{"@type":"ReadAction","target":["https:\/\/www.visit-ulcinj.com\/blog\/2009\/02\/18\/ne-kryeqendren-e-malesise-ne-tuzfestohet-dita-e-pavaresise-se-kosoves\/"]}]},{"@type":"BreadcrumbList","@id":"https:\/\/www.visit-ulcinj.com\/blog\/2009\/02\/18\/ne-kryeqendren-e-malesise-ne-tuzfestohet-dita-e-pavaresise-se-kosoves\/#breadcrumb","itemListElement":[{"@type":"ListItem","position":1,"name":"N\u00eb kryeq\u00ebndr\u00ebn e Mal\u00ebsis\u00eb n\u00eb Tuz,festohet dita e Pavar\u00ebsis\u00eb s\u00eb Kosov\u00ebs"}]},{"@type":"Person","@id":"https:\/\/www.visit-ulcinj.com\/blog\/#\/schema\/person\/dcab619c614d3038751c63bc2aadc06d","name":"ulqini","sameAs":["http:\/\/www.visit-ulcinj.com"],"url":"https:\/\/www.visit-ulcinj.com\/blog\/author\/admin\/"}]}},"jetpack_featured_media_url":"","jetpack_sharing_enabled":true,"jetpack_shortlink":"https:\/\/wp.me\/pe6lTn-30I","_links":{"self":[{"href":"https:\/\/www.visit-ulcinj.com\/blog\/wp-json\/wp\/v2\/posts\/11576"}],"collection":[{"href":"https:\/\/www.visit-ulcinj.com\/blog\/wp-json\/wp\/v2\/posts"}],"about":[{"href":"https:\/\/www.visit-ulcinj.com\/blog\/wp-json\/wp\/v2\/types\/post"}],"author":[{"embeddable":true,"href":"https:\/\/www.visit-ulcinj.com\/blog\/wp-json\/wp\/v2\/users\/1"}],"replies":[{"embeddable":true,"href":"https:\/\/www.visit-ulcinj.com\/blog\/wp-json\/wp\/v2\/comments?post=11576"}],"version-history":[{"count":0,"href":"https:\/\/www.visit-ulcinj.com\/blog\/wp-json\/wp\/v2\/posts\/11576\/revisions"}],"wp:attachment":[{"href":"https:\/\/www.visit-ulcinj.com\/blog\/wp-json\/wp\/v2\/media?parent=11576"}],"wp:term":[{"taxonomy":"category","embeddable":true,"href":"https:\/\/www.visit-ulcinj.com\/blog\/wp-json\/wp\/v2\/categories?post=11576"},{"taxonomy":"post_tag","embeddable":true,"href":"https:\/\/www.visit-ulcinj.com\/blog\/wp-json\/wp\/v2\/tags?post=11576"}],"curies":[{"name":"wp","href":"https:\/\/api.w.org\/{rel}","templated":true}]}}