{"id":11615,"date":"2009-02-19T14:59:52","date_gmt":"2009-02-19T13:59:52","guid":{"rendered":"http:\/\/www.visit-ulcinj.com\/blog\/?p=11615"},"modified":"2009-02-19T14:59:52","modified_gmt":"2009-02-19T13:59:52","slug":"zhuljeta-debaton-me-erjolen","status":"publish","type":"post","link":"https:\/\/www.visit-ulcinj.com\/blog\/2009\/02\/19\/zhuljeta-debaton-me-erjolen\/","title":{"rendered":"Zhuljeta debaton me Erjol\u00ebn"},"content":{"rendered":"<p><a href=\"http:\/\/www.visit-ulcinj.com\/blog\/wp-content\/uploads\/2009\/02\/erjola-dhe-zhuljeta-debat.jpg\"><img loading=\"lazy\" class=\"alignleft size-full wp-image-11616\" title=\"erjola-dhe-zhuljeta-debat-big-brother-albania\" src=\"http:\/\/www.visit-ulcinj.com\/blog\/wp-content\/uploads\/2009\/02\/erjola-dhe-zhuljeta-debat.jpg\" alt=\"erjola-dhe-zhuljeta-debat-big-brother-albania\" width=\"300\" height=\"205\" \/><\/a><em><span class=\"newsdate\">12\/02\/09 012:30<\/span><\/em><\/p>\n<p>Erjola, Aida, Zhuljeta dhe disa banor\u00eb t\u00eb tjer\u00eb t\u00eb sht\u00ebpis\u00eb kan\u00eb nisur t\u00eb bisedojn\u00eb p\u00ebr deg\u00ebt q\u00eb studionin dhe profesionet q\u00eb kishin. Erjola ka nisur t\u00eb tregoj\u00eb sesi aplikoi p\u00ebr Gazetari p\u00ebr shkak t\u00eb pasionit q\u00eb kishte p\u00ebr t\u00eb. Por i ati e kishte nxitur t\u00eb aplikonte edhe p\u00ebr nj\u00eb deg\u00eb tjet\u00ebr. Dhe ajo k\u00ebshtu kishte b\u00ebr\u00eb, kishte aplikuar p\u00ebr Ekonomik dhe i kishte fituar t\u00eb dyja. Megjith\u00eb pasionin p\u00ebr Gazetarin\u00eb, ajo kishte zgjedhur Ekonomikun. Kaq mjaftoi q\u00eb Zhuljeta t\u2019i kthehej e t\u2019i thoshte se jo vet\u00ebm q\u00eb nuk e shihte si ekonomiste por edhe se nuk mund ta kuptonte faktin q\u00eb ajo tjet\u00ebr kishte pasion e tjet\u00ebr kishte zgjedhur. Erjola nisi t\u2019i shpjegonte avantazhet e profesionit t\u00eb ekonomistit karshi atij t\u00eb gazetarit, t\u00eb cilin e njihte mir\u00eb sepse shum\u00eb shoqe t\u00eb saj punonin si t\u00eb tilla. P\u00ebr m\u00eb tep\u00ebr at\u00ebher\u00eb ajo nuk e kishte fituar ende besimin n\u00eb vetvete q\u00eb kishte tani. Debati ka vazhduar me shembujt e nj\u00eb gazetarie q\u00eb nuk funksionte sic duhej, t\u00eb sjella nga Erjola e po ashtu edhe me kund\u00ebrshtimet e Zhuljet\u00ebs p\u00ebr cdo gj\u00eb q\u00eb thoshte Erjola. \u2013\u201cDometh\u00ebn\u00eb ti do t\u00eb b\u00ebhesh gazetare kur t\u00eb jesh si veshka mes dhjamit, -i ka th\u00ebn\u00eb ajo Erjol\u00ebs, &#8211; kur ti kesh t\u00eb gjitha n\u00eb rregull, si\u00e7 i do ti!\u201d \u201c Jo,- ia ka kthyer ajo, &#8211; un\u00eb jam gati ta filloj edhe duke u \u00e7uar kafe gazetar\u00ebve, derisa t\u00eb arrij\u00eb atje ku duhet.\u201d<\/p>\n","protected":false},"excerpt":{"rendered":"<p>12\/02\/09 012:30 Erjola, Aida, Zhuljeta dhe disa banor\u00eb t\u00eb tjer\u00eb t\u00eb sht\u00ebpis\u00eb kan\u00eb nisur t\u00eb bisedojn\u00eb p\u00ebr deg\u00ebt q\u00eb studionin dhe profesionet q\u00eb kishin. Erjola ka nisur t\u00eb tregoj\u00eb sesi aplikoi p\u00ebr Gazetari p\u00ebr shkak t\u00eb pasionit q\u00eb kishte p\u00ebr t\u00eb. Por i ati e kishte nxitur t\u00eb aplikonte edhe p\u00ebr nj\u00eb deg\u00eb tjet\u00ebr. Dhe [&hellip;]<\/p>\n","protected":false},"author":1,"featured_media":0,"comment_status":"open","ping_status":"closed","sticky":false,"template":"","format":"standard","meta":{"spay_email":"","jetpack_publicize_message":"","jetpack_is_tweetstorm":false,"jetpack_publicize_feature_enabled":true},"categories":[6502],"tags":[6566,6886,6563,6693,6887,6564],"jetpack_publicize_connections":[],"yoast_head":"<!-- This site is optimized with the Yoast SEO plugin v19.1 - https:\/\/yoast.com\/wordpress\/plugins\/seo\/ -->\n<title>Zhuljeta debaton me Erjol\u00c3\u00abn - Big Brother Albania<\/title>\n<meta name=\"description\" content=\"Big Brother Albania - Erjola, Aida, Zhuljeta dhe disa banor\u00c3\u00ab t\u00c3\u00ab tjer\u00c3\u00ab t\u00c3\u00ab sht\u00c3\u00abpis\u00c3\u00ab kan\u00c3\u00ab nisur t\u00c3\u00ab bisedojn\u00c3\u00ab p\u00c3\u00abr deg\u00c3\u00abt q\u00c3\u00ab studionin dhe profesionet q\u00c3\u00ab kishin.\" \/>\n<meta name=\"robots\" content=\"index, follow, max-snippet:-1, max-image-preview:large, max-video-preview:-1\" \/>\n<link rel=\"canonical\" href=\"https:\/\/www.visit-ulcinj.com\/blog\/2009\/02\/19\/zhuljeta-debaton-me-erjolen\/\" \/>\n<meta property=\"og:locale\" content=\"en_US\" \/>\n<meta property=\"og:type\" content=\"article\" \/>\n<meta property=\"og:title\" content=\"Zhuljeta debaton me Erjol\u00c3\u00abn - Big Brother Albania\" \/>\n<meta property=\"og:description\" content=\"Big Brother Albania - Erjola, Aida, Zhuljeta dhe disa banor\u00c3\u00ab t\u00c3\u00ab tjer\u00c3\u00ab t\u00c3\u00ab sht\u00c3\u00abpis\u00c3\u00ab kan\u00c3\u00ab nisur t\u00c3\u00ab bisedojn\u00c3\u00ab p\u00c3\u00abr deg\u00c3\u00abt q\u00c3\u00ab studionin dhe profesionet q\u00c3\u00ab kishin.\" \/>\n<meta property=\"og:url\" content=\"https:\/\/www.visit-ulcinj.com\/blog\/2009\/02\/19\/zhuljeta-debaton-me-erjolen\/\" \/>\n<meta property=\"og:site_name\" content=\"Lajme nga Ulqini\" \/>\n<meta property=\"article:published_time\" content=\"2009-02-19T13:59:52+00:00\" \/>\n<meta property=\"og:image\" content=\"http:\/\/www.visit-ulcinj.com\/blog\/wp-content\/uploads\/2009\/02\/erjola-dhe-zhuljeta-debat.jpg\" \/>\n<meta name=\"twitter:label1\" content=\"Written by\" \/>\n\t<meta name=\"twitter:data1\" content=\"ulqini\" \/>\n\t<meta name=\"twitter:label2\" content=\"Est. reading time\" \/>\n\t<meta name=\"twitter:data2\" content=\"1 minute\" \/>\n<script type=\"application\/ld+json\" class=\"yoast-schema-graph\">{\"@context\":\"https:\/\/schema.org\",\"@graph\":[{\"@type\":\"WebSite\",\"@id\":\"https:\/\/www.visit-ulcinj.com\/blog\/#website\",\"url\":\"https:\/\/www.visit-ulcinj.com\/blog\/\",\"name\":\"Lajme nga Ulqini\",\"description\":\"Lajme,Vijesti,Ulqini,Ulqin,Crna Gora,Mali i Zi\",\"potentialAction\":[{\"@type\":\"SearchAction\",\"target\":{\"@type\":\"EntryPoint\",\"urlTemplate\":\"https:\/\/www.visit-ulcinj.com\/blog\/?s={search_term_string}\"},\"query-input\":\"required name=search_term_string\"}],\"inLanguage\":\"en-US\"},{\"@type\":\"ImageObject\",\"inLanguage\":\"en-US\",\"@id\":\"https:\/\/www.visit-ulcinj.com\/blog\/2009\/02\/19\/zhuljeta-debaton-me-erjolen\/#primaryimage\",\"url\":\"http:\/\/www.visit-ulcinj.com\/blog\/wp-content\/uploads\/2009\/02\/erjola-dhe-zhuljeta-debat.jpg\",\"contentUrl\":\"http:\/\/www.visit-ulcinj.com\/blog\/wp-content\/uploads\/2009\/02\/erjola-dhe-zhuljeta-debat.jpg\"},{\"@type\":\"WebPage\",\"@id\":\"https:\/\/www.visit-ulcinj.com\/blog\/2009\/02\/19\/zhuljeta-debaton-me-erjolen\/#webpage\",\"url\":\"https:\/\/www.visit-ulcinj.com\/blog\/2009\/02\/19\/zhuljeta-debaton-me-erjolen\/\",\"name\":\"Zhuljeta debaton me Erjol\u00c3\u00abn - Big Brother Albania\",\"isPartOf\":{\"@id\":\"https:\/\/www.visit-ulcinj.com\/blog\/#website\"},\"primaryImageOfPage\":{\"@id\":\"https:\/\/www.visit-ulcinj.com\/blog\/2009\/02\/19\/zhuljeta-debaton-me-erjolen\/#primaryimage\"},\"datePublished\":\"2009-02-19T13:59:52+00:00\",\"dateModified\":\"2009-02-19T13:59:52+00:00\",\"author\":{\"@id\":\"https:\/\/www.visit-ulcinj.com\/blog\/#\/schema\/person\/dcab619c614d3038751c63bc2aadc06d\"},\"description\":\"Big Brother Albania - Erjola, Aida, Zhuljeta dhe disa banor\u00c3\u00ab t\u00c3\u00ab tjer\u00c3\u00ab t\u00c3\u00ab sht\u00c3\u00abpis\u00c3\u00ab kan\u00c3\u00ab nisur t\u00c3\u00ab bisedojn\u00c3\u00ab p\u00c3\u00abr deg\u00c3\u00abt q\u00c3\u00ab studionin dhe profesionet q\u00c3\u00ab kishin.\",\"breadcrumb\":{\"@id\":\"https:\/\/www.visit-ulcinj.com\/blog\/2009\/02\/19\/zhuljeta-debaton-me-erjolen\/#breadcrumb\"},\"inLanguage\":\"en-US\",\"potentialAction\":[{\"@type\":\"ReadAction\",\"target\":[\"https:\/\/www.visit-ulcinj.com\/blog\/2009\/02\/19\/zhuljeta-debaton-me-erjolen\/\"]}]},{\"@type\":\"BreadcrumbList\",\"@id\":\"https:\/\/www.visit-ulcinj.com\/blog\/2009\/02\/19\/zhuljeta-debaton-me-erjolen\/#breadcrumb\",\"itemListElement\":[{\"@type\":\"ListItem\",\"position\":1,\"name\":\"Zhuljeta debaton me Erjol\u00ebn\"}]},{\"@type\":\"Person\",\"@id\":\"https:\/\/www.visit-ulcinj.com\/blog\/#\/schema\/person\/dcab619c614d3038751c63bc2aadc06d\",\"name\":\"ulqini\",\"sameAs\":[\"http:\/\/www.visit-ulcinj.com\"],\"url\":\"https:\/\/www.visit-ulcinj.com\/blog\/author\/admin\/\"}]}<\/script>\n<!-- \/ Yoast SEO plugin. -->","yoast_head_json":{"title":"Zhuljeta debaton me Erjol\u00c3\u00abn - Big Brother Albania","description":"Big Brother Albania - Erjola, Aida, Zhuljeta dhe disa banor\u00c3\u00ab t\u00c3\u00ab tjer\u00c3\u00ab t\u00c3\u00ab sht\u00c3\u00abpis\u00c3\u00ab kan\u00c3\u00ab nisur t\u00c3\u00ab bisedojn\u00c3\u00ab p\u00c3\u00abr deg\u00c3\u00abt q\u00c3\u00ab studionin dhe profesionet q\u00c3\u00ab kishin.","robots":{"index":"index","follow":"follow","max-snippet":"max-snippet:-1","max-image-preview":"max-image-preview:large","max-video-preview":"max-video-preview:-1"},"canonical":"https:\/\/www.visit-ulcinj.com\/blog\/2009\/02\/19\/zhuljeta-debaton-me-erjolen\/","og_locale":"en_US","og_type":"article","og_title":"Zhuljeta debaton me Erjol\u00c3\u00abn - Big Brother Albania","og_description":"Big Brother Albania - Erjola, Aida, Zhuljeta dhe disa banor\u00c3\u00ab t\u00c3\u00ab tjer\u00c3\u00ab t\u00c3\u00ab sht\u00c3\u00abpis\u00c3\u00ab kan\u00c3\u00ab nisur t\u00c3\u00ab bisedojn\u00c3\u00ab p\u00c3\u00abr deg\u00c3\u00abt q\u00c3\u00ab studionin dhe profesionet q\u00c3\u00ab kishin.","og_url":"https:\/\/www.visit-ulcinj.com\/blog\/2009\/02\/19\/zhuljeta-debaton-me-erjolen\/","og_site_name":"Lajme nga Ulqini","article_published_time":"2009-02-19T13:59:52+00:00","og_image":[{"url":"http:\/\/www.visit-ulcinj.com\/blog\/wp-content\/uploads\/2009\/02\/erjola-dhe-zhuljeta-debat.jpg"}],"twitter_misc":{"Written by":"ulqini","Est. reading time":"1 minute"},"schema":{"@context":"https:\/\/schema.org","@graph":[{"@type":"WebSite","@id":"https:\/\/www.visit-ulcinj.com\/blog\/#website","url":"https:\/\/www.visit-ulcinj.com\/blog\/","name":"Lajme nga Ulqini","description":"Lajme,Vijesti,Ulqini,Ulqin,Crna Gora,Mali i Zi","potentialAction":[{"@type":"SearchAction","target":{"@type":"EntryPoint","urlTemplate":"https:\/\/www.visit-ulcinj.com\/blog\/?s={search_term_string}"},"query-input":"required name=search_term_string"}],"inLanguage":"en-US"},{"@type":"ImageObject","inLanguage":"en-US","@id":"https:\/\/www.visit-ulcinj.com\/blog\/2009\/02\/19\/zhuljeta-debaton-me-erjolen\/#primaryimage","url":"http:\/\/www.visit-ulcinj.com\/blog\/wp-content\/uploads\/2009\/02\/erjola-dhe-zhuljeta-debat.jpg","contentUrl":"http:\/\/www.visit-ulcinj.com\/blog\/wp-content\/uploads\/2009\/02\/erjola-dhe-zhuljeta-debat.jpg"},{"@type":"WebPage","@id":"https:\/\/www.visit-ulcinj.com\/blog\/2009\/02\/19\/zhuljeta-debaton-me-erjolen\/#webpage","url":"https:\/\/www.visit-ulcinj.com\/blog\/2009\/02\/19\/zhuljeta-debaton-me-erjolen\/","name":"Zhuljeta debaton me Erjol\u00c3\u00abn - Big Brother Albania","isPartOf":{"@id":"https:\/\/www.visit-ulcinj.com\/blog\/#website"},"primaryImageOfPage":{"@id":"https:\/\/www.visit-ulcinj.com\/blog\/2009\/02\/19\/zhuljeta-debaton-me-erjolen\/#primaryimage"},"datePublished":"2009-02-19T13:59:52+00:00","dateModified":"2009-02-19T13:59:52+00:00","author":{"@id":"https:\/\/www.visit-ulcinj.com\/blog\/#\/schema\/person\/dcab619c614d3038751c63bc2aadc06d"},"description":"Big Brother Albania - Erjola, Aida, Zhuljeta dhe disa banor\u00c3\u00ab t\u00c3\u00ab tjer\u00c3\u00ab t\u00c3\u00ab sht\u00c3\u00abpis\u00c3\u00ab kan\u00c3\u00ab nisur t\u00c3\u00ab bisedojn\u00c3\u00ab p\u00c3\u00abr deg\u00c3\u00abt q\u00c3\u00ab studionin dhe profesionet q\u00c3\u00ab kishin.","breadcrumb":{"@id":"https:\/\/www.visit-ulcinj.com\/blog\/2009\/02\/19\/zhuljeta-debaton-me-erjolen\/#breadcrumb"},"inLanguage":"en-US","potentialAction":[{"@type":"ReadAction","target":["https:\/\/www.visit-ulcinj.com\/blog\/2009\/02\/19\/zhuljeta-debaton-me-erjolen\/"]}]},{"@type":"BreadcrumbList","@id":"https:\/\/www.visit-ulcinj.com\/blog\/2009\/02\/19\/zhuljeta-debaton-me-erjolen\/#breadcrumb","itemListElement":[{"@type":"ListItem","position":1,"name":"Zhuljeta debaton me Erjol\u00ebn"}]},{"@type":"Person","@id":"https:\/\/www.visit-ulcinj.com\/blog\/#\/schema\/person\/dcab619c614d3038751c63bc2aadc06d","name":"ulqini","sameAs":["http:\/\/www.visit-ulcinj.com"],"url":"https:\/\/www.visit-ulcinj.com\/blog\/author\/admin\/"}]}},"jetpack_featured_media_url":"","jetpack_sharing_enabled":true,"jetpack_shortlink":"https:\/\/wp.me\/pe6lTn-31l","_links":{"self":[{"href":"https:\/\/www.visit-ulcinj.com\/blog\/wp-json\/wp\/v2\/posts\/11615"}],"collection":[{"href":"https:\/\/www.visit-ulcinj.com\/blog\/wp-json\/wp\/v2\/posts"}],"about":[{"href":"https:\/\/www.visit-ulcinj.com\/blog\/wp-json\/wp\/v2\/types\/post"}],"author":[{"embeddable":true,"href":"https:\/\/www.visit-ulcinj.com\/blog\/wp-json\/wp\/v2\/users\/1"}],"replies":[{"embeddable":true,"href":"https:\/\/www.visit-ulcinj.com\/blog\/wp-json\/wp\/v2\/comments?post=11615"}],"version-history":[{"count":0,"href":"https:\/\/www.visit-ulcinj.com\/blog\/wp-json\/wp\/v2\/posts\/11615\/revisions"}],"wp:attachment":[{"href":"https:\/\/www.visit-ulcinj.com\/blog\/wp-json\/wp\/v2\/media?parent=11615"}],"wp:term":[{"taxonomy":"category","embeddable":true,"href":"https:\/\/www.visit-ulcinj.com\/blog\/wp-json\/wp\/v2\/categories?post=11615"},{"taxonomy":"post_tag","embeddable":true,"href":"https:\/\/www.visit-ulcinj.com\/blog\/wp-json\/wp\/v2\/tags?post=11615"}],"curies":[{"name":"wp","href":"https:\/\/api.w.org\/{rel}","templated":true}]}}