{"id":11618,"date":"2009-02-19T15:03:52","date_gmt":"2009-02-19T14:03:52","guid":{"rendered":"http:\/\/www.visit-ulcinj.com\/blog\/?p=11618"},"modified":"2009-02-19T15:03:52","modified_gmt":"2009-02-19T14:03:52","slug":"arjoni-nuk-do-bejme-jete-luksi","status":"publish","type":"post","link":"https:\/\/www.visit-ulcinj.com\/blog\/2009\/02\/19\/arjoni-nuk-do-bejme-jete-luksi\/","title":{"rendered":"Arjoni &#8211; Nuk do b\u00ebjm\u00eb jet\u00eb luksi"},"content":{"rendered":"<p><em><span class=\"newsdate\"><a href=\"http:\/\/www.visit-ulcinj.com\/blog\/wp-content\/uploads\/2009\/02\/fdgfg.jpg\"><img loading=\"lazy\" class=\"alignleft size-full wp-image-11619\" title=\"arjoni-big-brother-albania\" src=\"http:\/\/www.visit-ulcinj.com\/blog\/wp-content\/uploads\/2009\/02\/fdgfg.jpg\" alt=\"arjoni-big-brother-albania\" width=\"300\" height=\"205\" \/><\/a>12\/02\/2009 16:40<\/span><\/em><\/p>\n<p>Banor\u00ebt i kan\u00eb z\u00ebn\u00eb ethet p\u00ebr buxhetin e jav\u00ebs s\u00eb ardhshme. Arjoni, Lirita dhe Mimoza diskutojn\u00eb p\u00ebr buxhetin e jav\u00ebs sesa i lart\u00eb \u00ebsht\u00eb dhe a do ti dal\u00eb n\u00ebse ata nuk do t\u00eb arrijn\u00eb t\u00eb kalojn\u00eb prov\u00ebn. Arjoni k\u00ebmb\u00ebngul se sido t\u00eb jet\u00eb buxheti do t\u00eb mjaftoj\u00eb q\u00eb ata t\u00eb ushehen sa m\u00eb normalisht, por jo t\u00eb b\u00ebjn\u00eb jet\u00eb luksi. Ai i referohet \u00e7mimeve t\u00eb tregut aktual t\u00eb restoranteve t\u00eb kryeqytetit, p\u00ebr t\u00eb treguar se me fare pak mund t\u00eb ushqehesh. Nd\u00ebrkoh\u00eb Lirita nuk arrin dot t\u00eb b\u00ebj\u00eb dallimin mes 100 lek\u00ebve, prandaj edhe Arjoni e ndihmon duke i konvertuar k\u00ebt\u00eb shum\u00eb n\u00eb euro. Ata flasin p\u00ebr pagat dhe ndryshimet e tyre midis tregut shqiptar dhe atij kosovar, ku Mimoza thot\u00eb se paga mesatare n\u00eb Kosov\u00eb arrin n\u00eb 400 euro, q\u00eb edhe i p\u00ebrshtaten standarteve evropiane.<\/p>\n<p>Top Channel<\/p>\n","protected":false},"excerpt":{"rendered":"<p>12\/02\/2009 16:40 Banor\u00ebt i kan\u00eb z\u00ebn\u00eb ethet p\u00ebr buxhetin e jav\u00ebs s\u00eb ardhshme. Arjoni, Lirita dhe Mimoza diskutojn\u00eb p\u00ebr buxhetin e jav\u00ebs sesa i lart\u00eb \u00ebsht\u00eb dhe a do ti dal\u00eb n\u00ebse ata nuk do t\u00eb arrijn\u00eb t\u00eb kalojn\u00eb prov\u00ebn. Arjoni k\u00ebmb\u00ebngul se sido t\u00eb jet\u00eb buxheti do t\u00eb mjaftoj\u00eb q\u00eb ata t\u00eb ushehen sa [&hellip;]<\/p>\n","protected":false},"author":1,"featured_media":0,"comment_status":"open","ping_status":"closed","sticky":false,"template":"","format":"standard","meta":{"spay_email":"","jetpack_publicize_message":"","jetpack_is_tweetstorm":false,"jetpack_publicize_feature_enabled":true},"categories":[6502],"tags":[6738,6769,6883,5057,6506,6712,6567,6568,6888,6889,6887],"jetpack_publicize_connections":[],"yoast_head":"<!-- This site is optimized with the Yoast SEO plugin v19.1 - https:\/\/yoast.com\/wordpress\/plugins\/seo\/ -->\n<title>Arjoni - Nuk do b\u00c3\u00abjm\u00c3\u00ab jet\u00c3\u00ab luksi - Big Brother Albania<\/title>\n<meta name=\"description\" content=\"Big Brother Albania - Banor\u00c3\u00abt i kan\u00c3\u00ab z\u00c3\u00abn\u00c3\u00ab ethet p\u00c3\u00abr buxhetin e jav\u00c3\u00abs s\u00c3\u00ab ardhshme.\" \/>\n<meta name=\"robots\" content=\"index, follow, max-snippet:-1, max-image-preview:large, max-video-preview:-1\" \/>\n<link rel=\"canonical\" href=\"https:\/\/www.visit-ulcinj.com\/blog\/2009\/02\/19\/arjoni-nuk-do-bejme-jete-luksi\/\" \/>\n<meta property=\"og:locale\" content=\"en_US\" \/>\n<meta property=\"og:type\" content=\"article\" \/>\n<meta property=\"og:title\" content=\"Arjoni - Nuk do b\u00c3\u00abjm\u00c3\u00ab jet\u00c3\u00ab luksi - Big Brother Albania\" \/>\n<meta property=\"og:description\" content=\"Big Brother Albania - Banor\u00c3\u00abt i kan\u00c3\u00ab z\u00c3\u00abn\u00c3\u00ab ethet p\u00c3\u00abr buxhetin e jav\u00c3\u00abs s\u00c3\u00ab ardhshme.\" \/>\n<meta property=\"og:url\" content=\"https:\/\/www.visit-ulcinj.com\/blog\/2009\/02\/19\/arjoni-nuk-do-bejme-jete-luksi\/\" \/>\n<meta property=\"og:site_name\" content=\"Lajme nga Ulqini\" \/>\n<meta property=\"article:published_time\" content=\"2009-02-19T14:03:52+00:00\" \/>\n<meta property=\"og:image\" content=\"http:\/\/www.visit-ulcinj.com\/blog\/wp-content\/uploads\/2009\/02\/fdgfg.jpg\" \/>\n<meta name=\"twitter:label1\" content=\"Written by\" \/>\n\t<meta name=\"twitter:data1\" content=\"ulqini\" \/>\n\t<meta name=\"twitter:label2\" content=\"Est. reading time\" \/>\n\t<meta name=\"twitter:data2\" content=\"1 minute\" \/>\n<script type=\"application\/ld+json\" class=\"yoast-schema-graph\">{\"@context\":\"https:\/\/schema.org\",\"@graph\":[{\"@type\":\"WebSite\",\"@id\":\"https:\/\/www.visit-ulcinj.com\/blog\/#website\",\"url\":\"https:\/\/www.visit-ulcinj.com\/blog\/\",\"name\":\"Lajme nga Ulqini\",\"description\":\"Lajme,Vijesti,Ulqini,Ulqin,Crna Gora,Mali i Zi\",\"potentialAction\":[{\"@type\":\"SearchAction\",\"target\":{\"@type\":\"EntryPoint\",\"urlTemplate\":\"https:\/\/www.visit-ulcinj.com\/blog\/?s={search_term_string}\"},\"query-input\":\"required name=search_term_string\"}],\"inLanguage\":\"en-US\"},{\"@type\":\"ImageObject\",\"inLanguage\":\"en-US\",\"@id\":\"https:\/\/www.visit-ulcinj.com\/blog\/2009\/02\/19\/arjoni-nuk-do-bejme-jete-luksi\/#primaryimage\",\"url\":\"http:\/\/www.visit-ulcinj.com\/blog\/wp-content\/uploads\/2009\/02\/fdgfg.jpg\",\"contentUrl\":\"http:\/\/www.visit-ulcinj.com\/blog\/wp-content\/uploads\/2009\/02\/fdgfg.jpg\"},{\"@type\":\"WebPage\",\"@id\":\"https:\/\/www.visit-ulcinj.com\/blog\/2009\/02\/19\/arjoni-nuk-do-bejme-jete-luksi\/#webpage\",\"url\":\"https:\/\/www.visit-ulcinj.com\/blog\/2009\/02\/19\/arjoni-nuk-do-bejme-jete-luksi\/\",\"name\":\"Arjoni - Nuk do b\u00c3\u00abjm\u00c3\u00ab jet\u00c3\u00ab luksi - Big Brother Albania\",\"isPartOf\":{\"@id\":\"https:\/\/www.visit-ulcinj.com\/blog\/#website\"},\"primaryImageOfPage\":{\"@id\":\"https:\/\/www.visit-ulcinj.com\/blog\/2009\/02\/19\/arjoni-nuk-do-bejme-jete-luksi\/#primaryimage\"},\"datePublished\":\"2009-02-19T14:03:52+00:00\",\"dateModified\":\"2009-02-19T14:03:52+00:00\",\"author\":{\"@id\":\"https:\/\/www.visit-ulcinj.com\/blog\/#\/schema\/person\/dcab619c614d3038751c63bc2aadc06d\"},\"description\":\"Big Brother Albania - Banor\u00c3\u00abt i kan\u00c3\u00ab z\u00c3\u00abn\u00c3\u00ab ethet p\u00c3\u00abr buxhetin e jav\u00c3\u00abs s\u00c3\u00ab ardhshme.\",\"breadcrumb\":{\"@id\":\"https:\/\/www.visit-ulcinj.com\/blog\/2009\/02\/19\/arjoni-nuk-do-bejme-jete-luksi\/#breadcrumb\"},\"inLanguage\":\"en-US\",\"potentialAction\":[{\"@type\":\"ReadAction\",\"target\":[\"https:\/\/www.visit-ulcinj.com\/blog\/2009\/02\/19\/arjoni-nuk-do-bejme-jete-luksi\/\"]}]},{\"@type\":\"BreadcrumbList\",\"@id\":\"https:\/\/www.visit-ulcinj.com\/blog\/2009\/02\/19\/arjoni-nuk-do-bejme-jete-luksi\/#breadcrumb\",\"itemListElement\":[{\"@type\":\"ListItem\",\"position\":1,\"name\":\"Arjoni &#8211; Nuk do b\u00ebjm\u00eb jet\u00eb luksi\"}]},{\"@type\":\"Person\",\"@id\":\"https:\/\/www.visit-ulcinj.com\/blog\/#\/schema\/person\/dcab619c614d3038751c63bc2aadc06d\",\"name\":\"ulqini\",\"sameAs\":[\"http:\/\/www.visit-ulcinj.com\"],\"url\":\"https:\/\/www.visit-ulcinj.com\/blog\/author\/admin\/\"}]}<\/script>\n<!-- \/ Yoast SEO plugin. -->","yoast_head_json":{"title":"Arjoni - Nuk do b\u00c3\u00abjm\u00c3\u00ab jet\u00c3\u00ab luksi - Big Brother Albania","description":"Big Brother Albania - Banor\u00c3\u00abt i kan\u00c3\u00ab z\u00c3\u00abn\u00c3\u00ab ethet p\u00c3\u00abr buxhetin e jav\u00c3\u00abs s\u00c3\u00ab ardhshme.","robots":{"index":"index","follow":"follow","max-snippet":"max-snippet:-1","max-image-preview":"max-image-preview:large","max-video-preview":"max-video-preview:-1"},"canonical":"https:\/\/www.visit-ulcinj.com\/blog\/2009\/02\/19\/arjoni-nuk-do-bejme-jete-luksi\/","og_locale":"en_US","og_type":"article","og_title":"Arjoni - Nuk do b\u00c3\u00abjm\u00c3\u00ab jet\u00c3\u00ab luksi - Big Brother Albania","og_description":"Big Brother Albania - Banor\u00c3\u00abt i kan\u00c3\u00ab z\u00c3\u00abn\u00c3\u00ab ethet p\u00c3\u00abr buxhetin e jav\u00c3\u00abs s\u00c3\u00ab ardhshme.","og_url":"https:\/\/www.visit-ulcinj.com\/blog\/2009\/02\/19\/arjoni-nuk-do-bejme-jete-luksi\/","og_site_name":"Lajme nga Ulqini","article_published_time":"2009-02-19T14:03:52+00:00","og_image":[{"url":"http:\/\/www.visit-ulcinj.com\/blog\/wp-content\/uploads\/2009\/02\/fdgfg.jpg"}],"twitter_misc":{"Written by":"ulqini","Est. reading time":"1 minute"},"schema":{"@context":"https:\/\/schema.org","@graph":[{"@type":"WebSite","@id":"https:\/\/www.visit-ulcinj.com\/blog\/#website","url":"https:\/\/www.visit-ulcinj.com\/blog\/","name":"Lajme nga Ulqini","description":"Lajme,Vijesti,Ulqini,Ulqin,Crna Gora,Mali i Zi","potentialAction":[{"@type":"SearchAction","target":{"@type":"EntryPoint","urlTemplate":"https:\/\/www.visit-ulcinj.com\/blog\/?s={search_term_string}"},"query-input":"required name=search_term_string"}],"inLanguage":"en-US"},{"@type":"ImageObject","inLanguage":"en-US","@id":"https:\/\/www.visit-ulcinj.com\/blog\/2009\/02\/19\/arjoni-nuk-do-bejme-jete-luksi\/#primaryimage","url":"http:\/\/www.visit-ulcinj.com\/blog\/wp-content\/uploads\/2009\/02\/fdgfg.jpg","contentUrl":"http:\/\/www.visit-ulcinj.com\/blog\/wp-content\/uploads\/2009\/02\/fdgfg.jpg"},{"@type":"WebPage","@id":"https:\/\/www.visit-ulcinj.com\/blog\/2009\/02\/19\/arjoni-nuk-do-bejme-jete-luksi\/#webpage","url":"https:\/\/www.visit-ulcinj.com\/blog\/2009\/02\/19\/arjoni-nuk-do-bejme-jete-luksi\/","name":"Arjoni - Nuk do b\u00c3\u00abjm\u00c3\u00ab jet\u00c3\u00ab luksi - Big Brother Albania","isPartOf":{"@id":"https:\/\/www.visit-ulcinj.com\/blog\/#website"},"primaryImageOfPage":{"@id":"https:\/\/www.visit-ulcinj.com\/blog\/2009\/02\/19\/arjoni-nuk-do-bejme-jete-luksi\/#primaryimage"},"datePublished":"2009-02-19T14:03:52+00:00","dateModified":"2009-02-19T14:03:52+00:00","author":{"@id":"https:\/\/www.visit-ulcinj.com\/blog\/#\/schema\/person\/dcab619c614d3038751c63bc2aadc06d"},"description":"Big Brother Albania - Banor\u00c3\u00abt i kan\u00c3\u00ab z\u00c3\u00abn\u00c3\u00ab ethet p\u00c3\u00abr buxhetin e jav\u00c3\u00abs s\u00c3\u00ab ardhshme.","breadcrumb":{"@id":"https:\/\/www.visit-ulcinj.com\/blog\/2009\/02\/19\/arjoni-nuk-do-bejme-jete-luksi\/#breadcrumb"},"inLanguage":"en-US","potentialAction":[{"@type":"ReadAction","target":["https:\/\/www.visit-ulcinj.com\/blog\/2009\/02\/19\/arjoni-nuk-do-bejme-jete-luksi\/"]}]},{"@type":"BreadcrumbList","@id":"https:\/\/www.visit-ulcinj.com\/blog\/2009\/02\/19\/arjoni-nuk-do-bejme-jete-luksi\/#breadcrumb","itemListElement":[{"@type":"ListItem","position":1,"name":"Arjoni &#8211; Nuk do b\u00ebjm\u00eb jet\u00eb luksi"}]},{"@type":"Person","@id":"https:\/\/www.visit-ulcinj.com\/blog\/#\/schema\/person\/dcab619c614d3038751c63bc2aadc06d","name":"ulqini","sameAs":["http:\/\/www.visit-ulcinj.com"],"url":"https:\/\/www.visit-ulcinj.com\/blog\/author\/admin\/"}]}},"jetpack_featured_media_url":"","jetpack_sharing_enabled":true,"jetpack_shortlink":"https:\/\/wp.me\/pe6lTn-31o","_links":{"self":[{"href":"https:\/\/www.visit-ulcinj.com\/blog\/wp-json\/wp\/v2\/posts\/11618"}],"collection":[{"href":"https:\/\/www.visit-ulcinj.com\/blog\/wp-json\/wp\/v2\/posts"}],"about":[{"href":"https:\/\/www.visit-ulcinj.com\/blog\/wp-json\/wp\/v2\/types\/post"}],"author":[{"embeddable":true,"href":"https:\/\/www.visit-ulcinj.com\/blog\/wp-json\/wp\/v2\/users\/1"}],"replies":[{"embeddable":true,"href":"https:\/\/www.visit-ulcinj.com\/blog\/wp-json\/wp\/v2\/comments?post=11618"}],"version-history":[{"count":0,"href":"https:\/\/www.visit-ulcinj.com\/blog\/wp-json\/wp\/v2\/posts\/11618\/revisions"}],"wp:attachment":[{"href":"https:\/\/www.visit-ulcinj.com\/blog\/wp-json\/wp\/v2\/media?parent=11618"}],"wp:term":[{"taxonomy":"category","embeddable":true,"href":"https:\/\/www.visit-ulcinj.com\/blog\/wp-json\/wp\/v2\/categories?post=11618"},{"taxonomy":"post_tag","embeddable":true,"href":"https:\/\/www.visit-ulcinj.com\/blog\/wp-json\/wp\/v2\/tags?post=11618"}],"curies":[{"name":"wp","href":"https:\/\/api.w.org\/{rel}","templated":true}]}}