{"id":1162,"date":"2008-04-07T13:19:29","date_gmt":"2008-04-07T18:19:29","guid":{"rendered":"http:\/\/www.visit-ulcinj.com\/blog\/?p=1162"},"modified":"2008-04-07T13:19:29","modified_gmt":"2008-04-07T18:19:29","slug":"tenderi-per-valdanosin-ne-muajin-maj","status":"publish","type":"post","link":"https:\/\/www.visit-ulcinj.com\/blog\/2008\/04\/07\/tenderi-per-valdanosin-ne-muajin-maj\/","title":{"rendered":"Tenderi p\u00ebr Valdanosin n\u00eb muajin maj"},"content":{"rendered":"<p><a href=\"http:\/\/www.visit-ulcinj.com\/blog\/wp-content\/uploads\/2008\/03\/valdanosi-1.jpg\"><img loading=\"lazy\" class=\"alignleft size-thumbnail wp-image-1055\" style=\"float: left;\" title=\"Baie de Valdanos\" src=\"http:\/\/www.visit-ulcinj.com\/blog\/wp-content\/uploads\/2008\/03\/valdanosi-1.jpg\" alt=\"valdanos\" width=\"150\" height=\"120\" \/><\/a><strong>K\u00ebshilli p\u00ebr privatizim fton investitor\u00ebt nd\u00ebrkomb\u00ebtar\u00eb t\u00eb shfaqin interesimin e tyre p\u00ebr valdanosin dhe ish pushimoren ushtarake &#8220;<\/strong><strong>&#8220;<\/strong><br \/>\nQeveria pret nga investitori potencial q\u00eb nga k\u00ebto dy lokalitete n\u00eb bregdetin malazias t\u00eb nd\u00ebrtoj\u00eb komplekse turistike unike dhe multifunksionale t\u00eb nivelit t\u00eb lart\u00eb, t\u00eb cil\u00ebt ofrojn\u00eb nj\u00eb s\u00ebr\u00eb aktivitetesh p\u00ebr pushim dhe rekreacion, por n\u00eb m\u00ebnyr\u00eb q\u00eb t\u00eb mos rrezikoj\u00eb ambientin e tyre natyror dhe pasurin\u00eb ekologjike.<br \/>\nK\u00ebshilli p\u00ebr Privatizim i ka ftuar t\u00eb premten investitor\u00ebt e interesuar nd\u00ebrkomb\u00ebtar\u00eb q\u00eb deri m\u00eb 15 maj t\u00eb shfaqin interesimin e tyre p\u00ebr marrjen me qira shum\u00ebvje\u00e7are t\u00eb kompleksit t\u00eb Valdanosit dhe ish pushimores ushtarake, t\u00eb njohur si &#8220;Ostrvo cvijeqa&#8221;.<br \/>\nQeveria pret nga investitori potencial q\u00eb nga k\u00ebto dy lokalitete n\u00eb bregdetin malazias t\u00eb nd\u00ebrtoj\u00eb komplekse turistike unike dhe multifunksionale t\u00eb nivelit t\u00eb lart\u00eb, t\u00eb cil\u00ebt ofrojn\u00eb nj\u00eb s\u00ebr\u00eb aktivitetesh p\u00ebr pushim dhe rekreacion, por n\u00eb m\u00ebnyr\u00eb q\u00eb t\u00eb mos rrezikoj\u00eb ambientin e tyre natyror dhe pasurin\u00eb ekologjike.<br \/>\nAjo pr\u00eat po ashtu nga qiramarr\u00ebsi i Valdanosit q\u00eb t\u00eb nd\u00ebrtoj\u00eb kompleksin e hoteleve me objektet p\u00ebr rekreacion t\u00eb kategoris\u00eb me kat\u00ebr dhe pes\u00eb yje, t\u00eb cilat do t\u00eb menaxhohen nga nj\u00eb operator turistik nd\u00ebrkomb\u00ebtar i njohur.<br \/>\nOfertat duhet t\u00eb p\u00ebrmbajn\u00eb planet detaje konceptuale, investuese dhe operative, t\u00eb cilat do t\u00eb vler\u00ebsohen nga Komisioni i tenderit sipas sitemit t\u00eb pik\u00ebve. Nga secili ofertues do t\u00eb k\u00ebrkohet q\u00eb t\u00eb ofroj\u00eb propozimin financiar, i cili duhet t\u00eb p\u00ebrfshij\u00eb koh\u00ebzgjatjen e propozuar t\u00eb qiramarrjes, shum\u00ebn e qiras\u00eb, struktur\u00ebn, kushtet dhe afatet kohore.<br \/>\nQiramarr\u00ebsi do t\u00eb paguaj\u00eb qiran\u00eb vjetore n\u00eb baz\u00eb t\u00eb qarkullimit financiar, por do t\u00eb jet\u00eb e p\u00ebrcaktuar qiraja minimale e garantuar.<a href=\"http:\/\/www.visit-ulcinj.com\/blog\/wp-content\/uploads\/2008\/03\/plazha-e-valdanosit-_3_.jpg\"><img loading=\"lazy\" class=\"alignright size-thumbnail wp-image-829\" style=\"float: right;\" title=\"Valdanos Bucht_ulcinj.\" src=\"http:\/\/www.visit-ulcinj.com\/blog\/wp-content\/uploads\/2008\/03\/plazha-e-valdanosit-_3_.jpg\" alt=\"Pla?a Valdanos\" width=\"150\" height=\"97\" \/><\/a><br \/>\nNga qiramarr\u00ebsi do t\u00eb k\u00ebrkohet t\u00eb ofroj\u00eb planin e investimit n\u00eb lokalitet, t\u00eb cilin do t\u00eb jet\u00eb i obliguar ta realizoj\u00eb n\u00eb periudh\u00ebn trivje\u00e7are pas n\u00ebnshkrimit t\u00eb Kontrat\u00ebs s\u00eb qiramarrjes.<br \/>\nGjat\u00eb vler\u00ebsimit t\u00eb ofertave, kriteri kryesor do t\u00eb jet\u00eb shuma e investimeve t\u00eb planifikuara.<br \/>\nPas p\u00ebrzgjedhjes s\u00eb ofert\u00ebs m\u00eb t\u00eb volitshme, me ofertuesin e zgjedhur do t\u00eb fillojn\u00eb bisedimet q\u00eb do t\u00eb duhej t\u00eb p\u00ebrfundonin me n\u00ebnshkrimin e kontrat\u00ebs.<br \/>\nQeveria ka b\u00ebr\u00eb t\u00eb ditur se tenderi nd\u00ebrkomb\u00ebtar p\u00ebr valorizimin turistik t\u00eb k\u00ebtyre dy lokaliteteve do t\u00eb shpallet n\u00eb pjes\u00ebn e dyt\u00eb t\u00eb majit.<br \/>\n(Kohapress)<\/p>\n","protected":false},"excerpt":{"rendered":"<p><img loading=\"lazy\" class=\"alignleft size-thumbnail wp-image-1055\" style=\"float: left;\" title=\"Baie de Valdanos\" src=\"http:\/\/www.visit-ulcinj.com\/blog\/wp-content\/uploads\/2008\/03\/valdanosi-1.jpg\" alt=\"valdanos\" width=\"140\" height=\"140\" \/><\/p>\n","protected":false},"author":1,"featured_media":0,"comment_status":"open","ping_status":"closed","sticky":false,"template":"","format":"standard","meta":{"spay_email":"","jetpack_publicize_message":"","jetpack_is_tweetstorm":false,"jetpack_publicize_feature_enabled":true},"categories":[8],"tags":[95,200,136,561],"jetpack_publicize_connections":[],"yoast_head":"<!-- This site is optimized with the Yoast SEO plugin v19.1 - https:\/\/yoast.com\/wordpress\/plugins\/seo\/ -->\n<title>Tenderi p\u00ebr Valdanosin n\u00eb muajin maj - Lajme nga Ulqini<\/title>\n<meta name=\"robots\" content=\"index, follow, max-snippet:-1, max-image-preview:large, max-video-preview:-1\" \/>\n<link rel=\"canonical\" href=\"https:\/\/www.visit-ulcinj.com\/blog\/2008\/04\/07\/tenderi-per-valdanosin-ne-muajin-maj\/\" \/>\n<meta property=\"og:locale\" content=\"en_US\" \/>\n<meta property=\"og:type\" content=\"article\" \/>\n<meta property=\"og:title\" content=\"Tenderi p\u00ebr Valdanosin n\u00eb muajin maj - Lajme nga Ulqini\" \/>\n<meta property=\"og:url\" content=\"https:\/\/www.visit-ulcinj.com\/blog\/2008\/04\/07\/tenderi-per-valdanosin-ne-muajin-maj\/\" \/>\n<meta property=\"og:site_name\" content=\"Lajme nga Ulqini\" \/>\n<meta property=\"article:published_time\" content=\"2008-04-07T18:19:29+00:00\" \/>\n<meta property=\"og:image\" content=\"http:\/\/www.visit-ulcinj.com\/blog\/wp-content\/uploads\/2008\/03\/valdanosi-1.jpg\" \/>\n<meta name=\"twitter:label1\" content=\"Written by\" \/>\n\t<meta name=\"twitter:data1\" content=\"ulqini\" \/>\n\t<meta name=\"twitter:label2\" content=\"Est. reading time\" \/>\n\t<meta name=\"twitter:data2\" content=\"2 minutes\" \/>\n<script type=\"application\/ld+json\" class=\"yoast-schema-graph\">{\"@context\":\"https:\/\/schema.org\",\"@graph\":[{\"@type\":\"WebSite\",\"@id\":\"https:\/\/www.visit-ulcinj.com\/blog\/#website\",\"url\":\"https:\/\/www.visit-ulcinj.com\/blog\/\",\"name\":\"Lajme nga Ulqini\",\"description\":\"Lajme,Vijesti,Ulqini,Ulqin,Crna Gora,Mali i Zi\",\"potentialAction\":[{\"@type\":\"SearchAction\",\"target\":{\"@type\":\"EntryPoint\",\"urlTemplate\":\"https:\/\/www.visit-ulcinj.com\/blog\/?s={search_term_string}\"},\"query-input\":\"required name=search_term_string\"}],\"inLanguage\":\"en-US\"},{\"@type\":\"ImageObject\",\"inLanguage\":\"en-US\",\"@id\":\"https:\/\/www.visit-ulcinj.com\/blog\/2008\/04\/07\/tenderi-per-valdanosin-ne-muajin-maj\/#primaryimage\",\"url\":\"http:\/\/www.visit-ulcinj.com\/blog\/wp-content\/uploads\/2008\/03\/valdanosi-1.jpg\",\"contentUrl\":\"http:\/\/www.visit-ulcinj.com\/blog\/wp-content\/uploads\/2008\/03\/valdanosi-1.jpg\"},{\"@type\":\"WebPage\",\"@id\":\"https:\/\/www.visit-ulcinj.com\/blog\/2008\/04\/07\/tenderi-per-valdanosin-ne-muajin-maj\/#webpage\",\"url\":\"https:\/\/www.visit-ulcinj.com\/blog\/2008\/04\/07\/tenderi-per-valdanosin-ne-muajin-maj\/\",\"name\":\"Tenderi p\u00ebr Valdanosin n\u00eb muajin maj - Lajme nga Ulqini\",\"isPartOf\":{\"@id\":\"https:\/\/www.visit-ulcinj.com\/blog\/#website\"},\"primaryImageOfPage\":{\"@id\":\"https:\/\/www.visit-ulcinj.com\/blog\/2008\/04\/07\/tenderi-per-valdanosin-ne-muajin-maj\/#primaryimage\"},\"datePublished\":\"2008-04-07T18:19:29+00:00\",\"dateModified\":\"2008-04-07T18:19:29+00:00\",\"author\":{\"@id\":\"https:\/\/www.visit-ulcinj.com\/blog\/#\/schema\/person\/dcab619c614d3038751c63bc2aadc06d\"},\"breadcrumb\":{\"@id\":\"https:\/\/www.visit-ulcinj.com\/blog\/2008\/04\/07\/tenderi-per-valdanosin-ne-muajin-maj\/#breadcrumb\"},\"inLanguage\":\"en-US\",\"potentialAction\":[{\"@type\":\"ReadAction\",\"target\":[\"https:\/\/www.visit-ulcinj.com\/blog\/2008\/04\/07\/tenderi-per-valdanosin-ne-muajin-maj\/\"]}]},{\"@type\":\"BreadcrumbList\",\"@id\":\"https:\/\/www.visit-ulcinj.com\/blog\/2008\/04\/07\/tenderi-per-valdanosin-ne-muajin-maj\/#breadcrumb\",\"itemListElement\":[{\"@type\":\"ListItem\",\"position\":1,\"name\":\"Tenderi p\u00ebr Valdanosin n\u00eb muajin maj\"}]},{\"@type\":\"Person\",\"@id\":\"https:\/\/www.visit-ulcinj.com\/blog\/#\/schema\/person\/dcab619c614d3038751c63bc2aadc06d\",\"name\":\"ulqini\",\"sameAs\":[\"http:\/\/www.visit-ulcinj.com\"],\"url\":\"https:\/\/www.visit-ulcinj.com\/blog\/author\/admin\/\"}]}<\/script>\n<!-- \/ Yoast SEO plugin. -->","yoast_head_json":{"title":"Tenderi p\u00ebr Valdanosin n\u00eb muajin maj - Lajme nga Ulqini","robots":{"index":"index","follow":"follow","max-snippet":"max-snippet:-1","max-image-preview":"max-image-preview:large","max-video-preview":"max-video-preview:-1"},"canonical":"https:\/\/www.visit-ulcinj.com\/blog\/2008\/04\/07\/tenderi-per-valdanosin-ne-muajin-maj\/","og_locale":"en_US","og_type":"article","og_title":"Tenderi p\u00ebr Valdanosin n\u00eb muajin maj - Lajme nga Ulqini","og_url":"https:\/\/www.visit-ulcinj.com\/blog\/2008\/04\/07\/tenderi-per-valdanosin-ne-muajin-maj\/","og_site_name":"Lajme nga Ulqini","article_published_time":"2008-04-07T18:19:29+00:00","og_image":[{"url":"http:\/\/www.visit-ulcinj.com\/blog\/wp-content\/uploads\/2008\/03\/valdanosi-1.jpg"}],"twitter_misc":{"Written by":"ulqini","Est. reading time":"2 minutes"},"schema":{"@context":"https:\/\/schema.org","@graph":[{"@type":"WebSite","@id":"https:\/\/www.visit-ulcinj.com\/blog\/#website","url":"https:\/\/www.visit-ulcinj.com\/blog\/","name":"Lajme nga Ulqini","description":"Lajme,Vijesti,Ulqini,Ulqin,Crna Gora,Mali i Zi","potentialAction":[{"@type":"SearchAction","target":{"@type":"EntryPoint","urlTemplate":"https:\/\/www.visit-ulcinj.com\/blog\/?s={search_term_string}"},"query-input":"required name=search_term_string"}],"inLanguage":"en-US"},{"@type":"ImageObject","inLanguage":"en-US","@id":"https:\/\/www.visit-ulcinj.com\/blog\/2008\/04\/07\/tenderi-per-valdanosin-ne-muajin-maj\/#primaryimage","url":"http:\/\/www.visit-ulcinj.com\/blog\/wp-content\/uploads\/2008\/03\/valdanosi-1.jpg","contentUrl":"http:\/\/www.visit-ulcinj.com\/blog\/wp-content\/uploads\/2008\/03\/valdanosi-1.jpg"},{"@type":"WebPage","@id":"https:\/\/www.visit-ulcinj.com\/blog\/2008\/04\/07\/tenderi-per-valdanosin-ne-muajin-maj\/#webpage","url":"https:\/\/www.visit-ulcinj.com\/blog\/2008\/04\/07\/tenderi-per-valdanosin-ne-muajin-maj\/","name":"Tenderi p\u00ebr Valdanosin n\u00eb muajin maj - Lajme nga Ulqini","isPartOf":{"@id":"https:\/\/www.visit-ulcinj.com\/blog\/#website"},"primaryImageOfPage":{"@id":"https:\/\/www.visit-ulcinj.com\/blog\/2008\/04\/07\/tenderi-per-valdanosin-ne-muajin-maj\/#primaryimage"},"datePublished":"2008-04-07T18:19:29+00:00","dateModified":"2008-04-07T18:19:29+00:00","author":{"@id":"https:\/\/www.visit-ulcinj.com\/blog\/#\/schema\/person\/dcab619c614d3038751c63bc2aadc06d"},"breadcrumb":{"@id":"https:\/\/www.visit-ulcinj.com\/blog\/2008\/04\/07\/tenderi-per-valdanosin-ne-muajin-maj\/#breadcrumb"},"inLanguage":"en-US","potentialAction":[{"@type":"ReadAction","target":["https:\/\/www.visit-ulcinj.com\/blog\/2008\/04\/07\/tenderi-per-valdanosin-ne-muajin-maj\/"]}]},{"@type":"BreadcrumbList","@id":"https:\/\/www.visit-ulcinj.com\/blog\/2008\/04\/07\/tenderi-per-valdanosin-ne-muajin-maj\/#breadcrumb","itemListElement":[{"@type":"ListItem","position":1,"name":"Tenderi p\u00ebr Valdanosin n\u00eb muajin maj"}]},{"@type":"Person","@id":"https:\/\/www.visit-ulcinj.com\/blog\/#\/schema\/person\/dcab619c614d3038751c63bc2aadc06d","name":"ulqini","sameAs":["http:\/\/www.visit-ulcinj.com"],"url":"https:\/\/www.visit-ulcinj.com\/blog\/author\/admin\/"}]}},"jetpack_featured_media_url":"","jetpack_sharing_enabled":true,"jetpack_shortlink":"https:\/\/wp.me\/pe6lTn-iK","_links":{"self":[{"href":"https:\/\/www.visit-ulcinj.com\/blog\/wp-json\/wp\/v2\/posts\/1162"}],"collection":[{"href":"https:\/\/www.visit-ulcinj.com\/blog\/wp-json\/wp\/v2\/posts"}],"about":[{"href":"https:\/\/www.visit-ulcinj.com\/blog\/wp-json\/wp\/v2\/types\/post"}],"author":[{"embeddable":true,"href":"https:\/\/www.visit-ulcinj.com\/blog\/wp-json\/wp\/v2\/users\/1"}],"replies":[{"embeddable":true,"href":"https:\/\/www.visit-ulcinj.com\/blog\/wp-json\/wp\/v2\/comments?post=1162"}],"version-history":[{"count":0,"href":"https:\/\/www.visit-ulcinj.com\/blog\/wp-json\/wp\/v2\/posts\/1162\/revisions"}],"wp:attachment":[{"href":"https:\/\/www.visit-ulcinj.com\/blog\/wp-json\/wp\/v2\/media?parent=1162"}],"wp:term":[{"taxonomy":"category","embeddable":true,"href":"https:\/\/www.visit-ulcinj.com\/blog\/wp-json\/wp\/v2\/categories?post=1162"},{"taxonomy":"post_tag","embeddable":true,"href":"https:\/\/www.visit-ulcinj.com\/blog\/wp-json\/wp\/v2\/tags?post=1162"}],"curies":[{"name":"wp","href":"https:\/\/api.w.org\/{rel}","templated":true}]}}