{"id":11624,"date":"2009-02-19T15:10:06","date_gmt":"2009-02-19T14:10:06","guid":{"rendered":"http:\/\/www.visit-ulcinj.com\/blog\/?p=11624"},"modified":"2009-02-19T15:10:06","modified_gmt":"2009-02-19T14:10:06","slug":"diskutohet-origjina-e-e-big-brother","status":"publish","type":"post","link":"https:\/\/www.visit-ulcinj.com\/blog\/2009\/02\/19\/diskutohet-origjina-e-e-big-brother\/","title":{"rendered":"Diskutohet origjina e e Big Brother"},"content":{"rendered":"<p><strong><\/strong><em><span class=\"newsdate\"><a href=\"http:\/\/www.visit-ulcinj.com\/blog\/wp-content\/uploads\/2009\/02\/big-ok.jpg\"><img loading=\"lazy\" class=\"alignleft size-full wp-image-11625\" title=\"big-ok-big-brother-albania\" src=\"http:\/\/www.visit-ulcinj.com\/blog\/wp-content\/uploads\/2009\/02\/big-ok.jpg\" alt=\"big-ok-big-brother-albania\" width=\"300\" height=\"205\" \/><\/a>12\/02\/2009 19:00<\/span><\/em><\/p>\n<p>T\u00eb mbledhur n\u00eb sallon t\u00eb gjith\u00eb banor\u00ebt diskutojn\u00eb p\u00ebrse ky reality shou q\u00eb n\u00eb origjin\u00eb \u00ebsht\u00eb quajtur \u201cV\u00ebllai i Madh\u201d dhe jo \u201cBabai i Madh\u201d. T\u00eb gjith\u00eb hedhin disa argumente nj\u00ebri pas tjetrit, por Bjordi tregon se zanafilla ka ardhur nga nj\u00eb lib\u00ebr dhe q\u00eb at\u00ebher\u00eb ky format televiziv \u00ebsht\u00eb quajtur \u201cV\u00ebllai i Madh\u201d, prej nga edhe eshte frymezuar. \u201cUn\u00eb mendoj se quhet V\u00ebllai i Madh pasi p\u00ebrkujdest p\u00ebr ty, \u00ebsht\u00eb ai q\u00eb t\u00eb q\u00ebndron m\u00eb af\u00ebr problemeve t\u00eb tua dhe q\u00eb t\u00eb jep konfidencat q\u00eb t\u00eb nevojiten dhe q\u00eb t\u00eb t\u00ebrheq ndonj\u00ebher\u00eb nga veshi, pasi ky \u00ebsht\u00eb edhe roli i v\u00ebllait n\u00eb realitet\u201d-argumenton Zhuljeta. Edhe Qetsori argumenton t\u00eb nj\u00ebjt\u00ebn ide, e cila mb\u00ebshtet edhe nga banor\u00ebt e tjer\u00eb.<\/p>\n<p>Top Channel<\/p>\n","protected":false},"excerpt":{"rendered":"<p>12\/02\/2009 19:00 T\u00eb mbledhur n\u00eb sallon t\u00eb gjith\u00eb banor\u00ebt diskutojn\u00eb p\u00ebrse ky reality shou q\u00eb n\u00eb origjin\u00eb \u00ebsht\u00eb quajtur \u201cV\u00ebllai i Madh\u201d dhe jo \u201cBabai i Madh\u201d. T\u00eb gjith\u00eb hedhin disa argumente nj\u00ebri pas tjetrit, por Bjordi tregon se zanafilla ka ardhur nga nj\u00eb lib\u00ebr dhe q\u00eb at\u00ebher\u00eb ky format televiziv \u00ebsht\u00eb quajtur \u201cV\u00ebllai i [&hellip;]<\/p>\n","protected":false},"author":1,"featured_media":0,"comment_status":"open","ping_status":"closed","sticky":false,"template":"","format":"standard","meta":{"spay_email":"","jetpack_publicize_message":"","jetpack_is_tweetstorm":false,"jetpack_publicize_feature_enabled":true},"categories":[6502],"tags":[6769,6883,5057,6506,6516,6712,6891,6693],"jetpack_publicize_connections":[],"yoast_head":"<!-- This site is optimized with the Yoast SEO plugin v19.1 - https:\/\/yoast.com\/wordpress\/plugins\/seo\/ -->\n<title>Diskutohet origjina e e Big Brother - Big Brother Albania<\/title>\n<meta name=\"description\" content=\"Big Brother Albania - T\u00c3\u00ab mbledhur n\u00c3\u00ab sallon t\u00c3\u00ab gjith\u00c3\u00ab banor\u00c3\u00abt diskutojn\u00c3\u00ab p\u00c3\u00abrse ky reality shou q\u00c3\u00ab n\u00c3\u00ab origjin\u00c3\u00ab \u00c3\u00absht\u00c3\u00ab quajtur \u00e2\u20ac\u0153V\u00c3\u00abllai i Madh\u00e2\u20ac\u009d dhe jo \u00e2\u20ac\u0153Babai i Madh\u00e2\u20ac\u009d.\" \/>\n<meta name=\"robots\" content=\"index, follow, max-snippet:-1, max-image-preview:large, max-video-preview:-1\" \/>\n<link rel=\"canonical\" href=\"https:\/\/www.visit-ulcinj.com\/blog\/2009\/02\/19\/diskutohet-origjina-e-e-big-brother\/\" \/>\n<meta property=\"og:locale\" content=\"en_US\" \/>\n<meta property=\"og:type\" content=\"article\" \/>\n<meta property=\"og:title\" content=\"Diskutohet origjina e e Big Brother - Big Brother Albania\" \/>\n<meta property=\"og:description\" content=\"Big Brother Albania - T\u00c3\u00ab mbledhur n\u00c3\u00ab sallon t\u00c3\u00ab gjith\u00c3\u00ab banor\u00c3\u00abt diskutojn\u00c3\u00ab p\u00c3\u00abrse ky reality shou q\u00c3\u00ab n\u00c3\u00ab origjin\u00c3\u00ab \u00c3\u00absht\u00c3\u00ab quajtur \u00e2\u20ac\u0153V\u00c3\u00abllai i Madh\u00e2\u20ac\u009d dhe jo \u00e2\u20ac\u0153Babai i Madh\u00e2\u20ac\u009d.\" \/>\n<meta property=\"og:url\" content=\"https:\/\/www.visit-ulcinj.com\/blog\/2009\/02\/19\/diskutohet-origjina-e-e-big-brother\/\" \/>\n<meta property=\"og:site_name\" content=\"Lajme nga Ulqini\" \/>\n<meta property=\"article:published_time\" content=\"2009-02-19T14:10:06+00:00\" \/>\n<meta property=\"og:image\" content=\"http:\/\/www.visit-ulcinj.com\/blog\/wp-content\/uploads\/2009\/02\/big-ok.jpg\" \/>\n<meta name=\"twitter:label1\" content=\"Written by\" \/>\n\t<meta name=\"twitter:data1\" content=\"ulqini\" \/>\n\t<meta name=\"twitter:label2\" content=\"Est. reading time\" \/>\n\t<meta name=\"twitter:data2\" content=\"1 minute\" \/>\n<script type=\"application\/ld+json\" class=\"yoast-schema-graph\">{\"@context\":\"https:\/\/schema.org\",\"@graph\":[{\"@type\":\"WebSite\",\"@id\":\"https:\/\/www.visit-ulcinj.com\/blog\/#website\",\"url\":\"https:\/\/www.visit-ulcinj.com\/blog\/\",\"name\":\"Lajme nga Ulqini\",\"description\":\"Lajme,Vijesti,Ulqini,Ulqin,Crna Gora,Mali i Zi\",\"potentialAction\":[{\"@type\":\"SearchAction\",\"target\":{\"@type\":\"EntryPoint\",\"urlTemplate\":\"https:\/\/www.visit-ulcinj.com\/blog\/?s={search_term_string}\"},\"query-input\":\"required name=search_term_string\"}],\"inLanguage\":\"en-US\"},{\"@type\":\"ImageObject\",\"inLanguage\":\"en-US\",\"@id\":\"https:\/\/www.visit-ulcinj.com\/blog\/2009\/02\/19\/diskutohet-origjina-e-e-big-brother\/#primaryimage\",\"url\":\"http:\/\/www.visit-ulcinj.com\/blog\/wp-content\/uploads\/2009\/02\/big-ok.jpg\",\"contentUrl\":\"http:\/\/www.visit-ulcinj.com\/blog\/wp-content\/uploads\/2009\/02\/big-ok.jpg\"},{\"@type\":\"WebPage\",\"@id\":\"https:\/\/www.visit-ulcinj.com\/blog\/2009\/02\/19\/diskutohet-origjina-e-e-big-brother\/#webpage\",\"url\":\"https:\/\/www.visit-ulcinj.com\/blog\/2009\/02\/19\/diskutohet-origjina-e-e-big-brother\/\",\"name\":\"Diskutohet origjina e e Big Brother - Big Brother Albania\",\"isPartOf\":{\"@id\":\"https:\/\/www.visit-ulcinj.com\/blog\/#website\"},\"primaryImageOfPage\":{\"@id\":\"https:\/\/www.visit-ulcinj.com\/blog\/2009\/02\/19\/diskutohet-origjina-e-e-big-brother\/#primaryimage\"},\"datePublished\":\"2009-02-19T14:10:06+00:00\",\"dateModified\":\"2009-02-19T14:10:06+00:00\",\"author\":{\"@id\":\"https:\/\/www.visit-ulcinj.com\/blog\/#\/schema\/person\/dcab619c614d3038751c63bc2aadc06d\"},\"description\":\"Big Brother Albania - T\u00c3\u00ab mbledhur n\u00c3\u00ab sallon t\u00c3\u00ab gjith\u00c3\u00ab banor\u00c3\u00abt diskutojn\u00c3\u00ab p\u00c3\u00abrse ky reality shou q\u00c3\u00ab n\u00c3\u00ab origjin\u00c3\u00ab \u00c3\u00absht\u00c3\u00ab quajtur \u00e2\u20ac\u0153V\u00c3\u00abllai i Madh\u00e2\u20ac\u009d dhe jo \u00e2\u20ac\u0153Babai i Madh\u00e2\u20ac\u009d.\",\"breadcrumb\":{\"@id\":\"https:\/\/www.visit-ulcinj.com\/blog\/2009\/02\/19\/diskutohet-origjina-e-e-big-brother\/#breadcrumb\"},\"inLanguage\":\"en-US\",\"potentialAction\":[{\"@type\":\"ReadAction\",\"target\":[\"https:\/\/www.visit-ulcinj.com\/blog\/2009\/02\/19\/diskutohet-origjina-e-e-big-brother\/\"]}]},{\"@type\":\"BreadcrumbList\",\"@id\":\"https:\/\/www.visit-ulcinj.com\/blog\/2009\/02\/19\/diskutohet-origjina-e-e-big-brother\/#breadcrumb\",\"itemListElement\":[{\"@type\":\"ListItem\",\"position\":1,\"name\":\"Diskutohet origjina e e Big Brother\"}]},{\"@type\":\"Person\",\"@id\":\"https:\/\/www.visit-ulcinj.com\/blog\/#\/schema\/person\/dcab619c614d3038751c63bc2aadc06d\",\"name\":\"ulqini\",\"sameAs\":[\"http:\/\/www.visit-ulcinj.com\"],\"url\":\"https:\/\/www.visit-ulcinj.com\/blog\/author\/admin\/\"}]}<\/script>\n<!-- \/ Yoast SEO plugin. -->","yoast_head_json":{"title":"Diskutohet origjina e e Big Brother - Big Brother Albania","description":"Big Brother Albania - T\u00c3\u00ab mbledhur n\u00c3\u00ab sallon t\u00c3\u00ab gjith\u00c3\u00ab banor\u00c3\u00abt diskutojn\u00c3\u00ab p\u00c3\u00abrse ky reality shou q\u00c3\u00ab n\u00c3\u00ab origjin\u00c3\u00ab \u00c3\u00absht\u00c3\u00ab quajtur \u00e2\u20ac\u0153V\u00c3\u00abllai i Madh\u00e2\u20ac\u009d dhe jo \u00e2\u20ac\u0153Babai i Madh\u00e2\u20ac\u009d.","robots":{"index":"index","follow":"follow","max-snippet":"max-snippet:-1","max-image-preview":"max-image-preview:large","max-video-preview":"max-video-preview:-1"},"canonical":"https:\/\/www.visit-ulcinj.com\/blog\/2009\/02\/19\/diskutohet-origjina-e-e-big-brother\/","og_locale":"en_US","og_type":"article","og_title":"Diskutohet origjina e e Big Brother - Big Brother Albania","og_description":"Big Brother Albania - T\u00c3\u00ab mbledhur n\u00c3\u00ab sallon t\u00c3\u00ab gjith\u00c3\u00ab banor\u00c3\u00abt diskutojn\u00c3\u00ab p\u00c3\u00abrse ky reality shou q\u00c3\u00ab n\u00c3\u00ab origjin\u00c3\u00ab \u00c3\u00absht\u00c3\u00ab quajtur \u00e2\u20ac\u0153V\u00c3\u00abllai i Madh\u00e2\u20ac\u009d dhe jo \u00e2\u20ac\u0153Babai i Madh\u00e2\u20ac\u009d.","og_url":"https:\/\/www.visit-ulcinj.com\/blog\/2009\/02\/19\/diskutohet-origjina-e-e-big-brother\/","og_site_name":"Lajme nga Ulqini","article_published_time":"2009-02-19T14:10:06+00:00","og_image":[{"url":"http:\/\/www.visit-ulcinj.com\/blog\/wp-content\/uploads\/2009\/02\/big-ok.jpg"}],"twitter_misc":{"Written by":"ulqini","Est. reading time":"1 minute"},"schema":{"@context":"https:\/\/schema.org","@graph":[{"@type":"WebSite","@id":"https:\/\/www.visit-ulcinj.com\/blog\/#website","url":"https:\/\/www.visit-ulcinj.com\/blog\/","name":"Lajme nga Ulqini","description":"Lajme,Vijesti,Ulqini,Ulqin,Crna Gora,Mali i Zi","potentialAction":[{"@type":"SearchAction","target":{"@type":"EntryPoint","urlTemplate":"https:\/\/www.visit-ulcinj.com\/blog\/?s={search_term_string}"},"query-input":"required name=search_term_string"}],"inLanguage":"en-US"},{"@type":"ImageObject","inLanguage":"en-US","@id":"https:\/\/www.visit-ulcinj.com\/blog\/2009\/02\/19\/diskutohet-origjina-e-e-big-brother\/#primaryimage","url":"http:\/\/www.visit-ulcinj.com\/blog\/wp-content\/uploads\/2009\/02\/big-ok.jpg","contentUrl":"http:\/\/www.visit-ulcinj.com\/blog\/wp-content\/uploads\/2009\/02\/big-ok.jpg"},{"@type":"WebPage","@id":"https:\/\/www.visit-ulcinj.com\/blog\/2009\/02\/19\/diskutohet-origjina-e-e-big-brother\/#webpage","url":"https:\/\/www.visit-ulcinj.com\/blog\/2009\/02\/19\/diskutohet-origjina-e-e-big-brother\/","name":"Diskutohet origjina e e Big Brother - Big Brother Albania","isPartOf":{"@id":"https:\/\/www.visit-ulcinj.com\/blog\/#website"},"primaryImageOfPage":{"@id":"https:\/\/www.visit-ulcinj.com\/blog\/2009\/02\/19\/diskutohet-origjina-e-e-big-brother\/#primaryimage"},"datePublished":"2009-02-19T14:10:06+00:00","dateModified":"2009-02-19T14:10:06+00:00","author":{"@id":"https:\/\/www.visit-ulcinj.com\/blog\/#\/schema\/person\/dcab619c614d3038751c63bc2aadc06d"},"description":"Big Brother Albania - T\u00c3\u00ab mbledhur n\u00c3\u00ab sallon t\u00c3\u00ab gjith\u00c3\u00ab banor\u00c3\u00abt diskutojn\u00c3\u00ab p\u00c3\u00abrse ky reality shou q\u00c3\u00ab n\u00c3\u00ab origjin\u00c3\u00ab \u00c3\u00absht\u00c3\u00ab quajtur \u00e2\u20ac\u0153V\u00c3\u00abllai i Madh\u00e2\u20ac\u009d dhe jo \u00e2\u20ac\u0153Babai i Madh\u00e2\u20ac\u009d.","breadcrumb":{"@id":"https:\/\/www.visit-ulcinj.com\/blog\/2009\/02\/19\/diskutohet-origjina-e-e-big-brother\/#breadcrumb"},"inLanguage":"en-US","potentialAction":[{"@type":"ReadAction","target":["https:\/\/www.visit-ulcinj.com\/blog\/2009\/02\/19\/diskutohet-origjina-e-e-big-brother\/"]}]},{"@type":"BreadcrumbList","@id":"https:\/\/www.visit-ulcinj.com\/blog\/2009\/02\/19\/diskutohet-origjina-e-e-big-brother\/#breadcrumb","itemListElement":[{"@type":"ListItem","position":1,"name":"Diskutohet origjina e e Big Brother"}]},{"@type":"Person","@id":"https:\/\/www.visit-ulcinj.com\/blog\/#\/schema\/person\/dcab619c614d3038751c63bc2aadc06d","name":"ulqini","sameAs":["http:\/\/www.visit-ulcinj.com"],"url":"https:\/\/www.visit-ulcinj.com\/blog\/author\/admin\/"}]}},"jetpack_featured_media_url":"","jetpack_sharing_enabled":true,"jetpack_shortlink":"https:\/\/wp.me\/pe6lTn-31u","_links":{"self":[{"href":"https:\/\/www.visit-ulcinj.com\/blog\/wp-json\/wp\/v2\/posts\/11624"}],"collection":[{"href":"https:\/\/www.visit-ulcinj.com\/blog\/wp-json\/wp\/v2\/posts"}],"about":[{"href":"https:\/\/www.visit-ulcinj.com\/blog\/wp-json\/wp\/v2\/types\/post"}],"author":[{"embeddable":true,"href":"https:\/\/www.visit-ulcinj.com\/blog\/wp-json\/wp\/v2\/users\/1"}],"replies":[{"embeddable":true,"href":"https:\/\/www.visit-ulcinj.com\/blog\/wp-json\/wp\/v2\/comments?post=11624"}],"version-history":[{"count":0,"href":"https:\/\/www.visit-ulcinj.com\/blog\/wp-json\/wp\/v2\/posts\/11624\/revisions"}],"wp:attachment":[{"href":"https:\/\/www.visit-ulcinj.com\/blog\/wp-json\/wp\/v2\/media?parent=11624"}],"wp:term":[{"taxonomy":"category","embeddable":true,"href":"https:\/\/www.visit-ulcinj.com\/blog\/wp-json\/wp\/v2\/categories?post=11624"},{"taxonomy":"post_tag","embeddable":true,"href":"https:\/\/www.visit-ulcinj.com\/blog\/wp-json\/wp\/v2\/tags?post=11624"}],"curies":[{"name":"wp","href":"https:\/\/api.w.org\/{rel}","templated":true}]}}