{"id":11637,"date":"2009-02-19T15:32:10","date_gmt":"2009-02-19T14:32:10","guid":{"rendered":"http:\/\/www.visit-ulcinj.com\/blog\/?p=11637"},"modified":"2009-02-19T15:32:10","modified_gmt":"2009-02-19T14:32:10","slug":"lirita-bie-nga-krevati","status":"publish","type":"post","link":"https:\/\/www.visit-ulcinj.com\/blog\/2009\/02\/19\/lirita-bie-nga-krevati\/","title":{"rendered":"Lirita bie nga krevati!"},"content":{"rendered":"<p><a href=\"http:\/\/www.visit-ulcinj.com\/blog\/wp-content\/uploads\/2009\/02\/lirita-bie-nga-krevati.jpg\"><img loading=\"lazy\" class=\"alignleft size-full wp-image-11638\" title=\"lirita-bie-nga-krevati-big-brother-albania\" src=\"http:\/\/www.visit-ulcinj.com\/blog\/wp-content\/uploads\/2009\/02\/lirita-bie-nga-krevati.jpg\" alt=\"lirita-bie-nga-krevati-big-brother-albania\" width=\"300\" height=\"225\" \/><\/a><em><span class=\"newsdate\">13\/02\/09 04:30<\/span><\/em><\/p>\n<p>Rreth or\u00ebs 4 t\u00eb m\u00ebgjesit t\u00eb sot\u00ebm, si edhe cdo dit\u00eb tjet\u00ebr Aida, Lirita dhe Erjola kan\u00eb vaazhduar me komentet e tyre n\u00eb lidhje me banor\u00ebt e tjer\u00eb e sjelljet e tyre. Biseda ka kaluar n\u00eb t\u00eb qeshura t\u00eb pap\u00ebrmbajtshme t\u00eb t\u00eb trijave, si rezultat i t\u00eb cilave, Lirita, edhe p\u00ebr shkak t\u00eb err\u00ebsir\u00ebs, ka r\u00ebn\u00eb nga krevati. Kjo i ka shum\u00ebfishuar t\u00eb qeshurat e vajzave, t\u00eb cilat nuk jan\u00eb p\u00ebrmbajtur dot m\u00eb.<\/p>\n<p>Top Channel<\/p>\n","protected":false},"excerpt":{"rendered":"<p>13\/02\/09 04:30 Rreth or\u00ebs 4 t\u00eb m\u00ebgjesit t\u00eb sot\u00ebm, si edhe cdo dit\u00eb tjet\u00ebr Aida, Lirita dhe Erjola kan\u00eb vaazhduar me komentet e tyre n\u00eb lidhje me banor\u00ebt e tjer\u00eb e sjelljet e tyre. Biseda ka kaluar n\u00eb t\u00eb qeshura t\u00eb pap\u00ebrmbajtshme t\u00eb t\u00eb trijave, si rezultat i t\u00eb cilave, Lirita, edhe p\u00ebr shkak t\u00eb [&hellip;]<\/p>\n","protected":false},"author":1,"featured_media":0,"comment_status":"open","ping_status":"closed","sticky":false,"template":"","format":"standard","meta":{"spay_email":"","jetpack_publicize_message":"","jetpack_is_tweetstorm":false,"jetpack_publicize_feature_enabled":true},"categories":[6502],"tags":[6895,6567,6542,6693,6893,6887],"jetpack_publicize_connections":[],"yoast_head":"<!-- This site is optimized with the Yoast SEO plugin v19.1 - https:\/\/yoast.com\/wordpress\/plugins\/seo\/ -->\n<title>Lirita bie nga krevati! - Big Brother Albania<\/title>\n<meta name=\"description\" content=\"Big Brother Albania - Rreth or\u00c3\u00abs 4 t\u00c3\u00ab m\u00c3\u00abgjesit t\u00c3\u00ab sot\u00c3\u00abm, si edhe cdo dit\u00c3\u00ab tjet\u00c3\u00abr Aida, Lirita dhe Erjola kan\u00c3\u00ab vaazhduar me komentet e tyre n\u00c3\u00ab lidhje me banor\u00c3\u00abt e tjer\u00c3\u00ab e sjelljet e tyre.\" \/>\n<meta name=\"robots\" content=\"index, follow, max-snippet:-1, max-image-preview:large, max-video-preview:-1\" \/>\n<link rel=\"canonical\" href=\"https:\/\/www.visit-ulcinj.com\/blog\/2009\/02\/19\/lirita-bie-nga-krevati\/\" \/>\n<meta property=\"og:locale\" content=\"en_US\" \/>\n<meta property=\"og:type\" content=\"article\" \/>\n<meta property=\"og:title\" content=\"Lirita bie nga krevati! - Big Brother Albania\" \/>\n<meta property=\"og:description\" content=\"Big Brother Albania - Rreth or\u00c3\u00abs 4 t\u00c3\u00ab m\u00c3\u00abgjesit t\u00c3\u00ab sot\u00c3\u00abm, si edhe cdo dit\u00c3\u00ab tjet\u00c3\u00abr Aida, Lirita dhe Erjola kan\u00c3\u00ab vaazhduar me komentet e tyre n\u00c3\u00ab lidhje me banor\u00c3\u00abt e tjer\u00c3\u00ab e sjelljet e tyre.\" \/>\n<meta property=\"og:url\" content=\"https:\/\/www.visit-ulcinj.com\/blog\/2009\/02\/19\/lirita-bie-nga-krevati\/\" \/>\n<meta property=\"og:site_name\" content=\"Lajme nga Ulqini\" \/>\n<meta property=\"article:published_time\" content=\"2009-02-19T14:32:10+00:00\" \/>\n<meta property=\"og:image\" content=\"http:\/\/www.visit-ulcinj.com\/blog\/wp-content\/uploads\/2009\/02\/lirita-bie-nga-krevati.jpg\" \/>\n<meta name=\"twitter:label1\" content=\"Written by\" \/>\n\t<meta name=\"twitter:data1\" content=\"ulqini\" \/>\n<script type=\"application\/ld+json\" class=\"yoast-schema-graph\">{\"@context\":\"https:\/\/schema.org\",\"@graph\":[{\"@type\":\"WebSite\",\"@id\":\"https:\/\/www.visit-ulcinj.com\/blog\/#website\",\"url\":\"https:\/\/www.visit-ulcinj.com\/blog\/\",\"name\":\"Lajme nga Ulqini\",\"description\":\"Lajme,Vijesti,Ulqini,Ulqin,Crna Gora,Mali i Zi\",\"potentialAction\":[{\"@type\":\"SearchAction\",\"target\":{\"@type\":\"EntryPoint\",\"urlTemplate\":\"https:\/\/www.visit-ulcinj.com\/blog\/?s={search_term_string}\"},\"query-input\":\"required name=search_term_string\"}],\"inLanguage\":\"en-US\"},{\"@type\":\"ImageObject\",\"inLanguage\":\"en-US\",\"@id\":\"https:\/\/www.visit-ulcinj.com\/blog\/2009\/02\/19\/lirita-bie-nga-krevati\/#primaryimage\",\"url\":\"http:\/\/www.visit-ulcinj.com\/blog\/wp-content\/uploads\/2009\/02\/lirita-bie-nga-krevati.jpg\",\"contentUrl\":\"http:\/\/www.visit-ulcinj.com\/blog\/wp-content\/uploads\/2009\/02\/lirita-bie-nga-krevati.jpg\"},{\"@type\":\"WebPage\",\"@id\":\"https:\/\/www.visit-ulcinj.com\/blog\/2009\/02\/19\/lirita-bie-nga-krevati\/#webpage\",\"url\":\"https:\/\/www.visit-ulcinj.com\/blog\/2009\/02\/19\/lirita-bie-nga-krevati\/\",\"name\":\"Lirita bie nga krevati! - Big Brother Albania\",\"isPartOf\":{\"@id\":\"https:\/\/www.visit-ulcinj.com\/blog\/#website\"},\"primaryImageOfPage\":{\"@id\":\"https:\/\/www.visit-ulcinj.com\/blog\/2009\/02\/19\/lirita-bie-nga-krevati\/#primaryimage\"},\"datePublished\":\"2009-02-19T14:32:10+00:00\",\"dateModified\":\"2009-02-19T14:32:10+00:00\",\"author\":{\"@id\":\"https:\/\/www.visit-ulcinj.com\/blog\/#\/schema\/person\/dcab619c614d3038751c63bc2aadc06d\"},\"description\":\"Big Brother Albania - Rreth or\u00c3\u00abs 4 t\u00c3\u00ab m\u00c3\u00abgjesit t\u00c3\u00ab sot\u00c3\u00abm, si edhe cdo dit\u00c3\u00ab tjet\u00c3\u00abr Aida, Lirita dhe Erjola kan\u00c3\u00ab vaazhduar me komentet e tyre n\u00c3\u00ab lidhje me banor\u00c3\u00abt e tjer\u00c3\u00ab e sjelljet e tyre.\",\"breadcrumb\":{\"@id\":\"https:\/\/www.visit-ulcinj.com\/blog\/2009\/02\/19\/lirita-bie-nga-krevati\/#breadcrumb\"},\"inLanguage\":\"en-US\",\"potentialAction\":[{\"@type\":\"ReadAction\",\"target\":[\"https:\/\/www.visit-ulcinj.com\/blog\/2009\/02\/19\/lirita-bie-nga-krevati\/\"]}]},{\"@type\":\"BreadcrumbList\",\"@id\":\"https:\/\/www.visit-ulcinj.com\/blog\/2009\/02\/19\/lirita-bie-nga-krevati\/#breadcrumb\",\"itemListElement\":[{\"@type\":\"ListItem\",\"position\":1,\"name\":\"Lirita bie nga krevati!\"}]},{\"@type\":\"Person\",\"@id\":\"https:\/\/www.visit-ulcinj.com\/blog\/#\/schema\/person\/dcab619c614d3038751c63bc2aadc06d\",\"name\":\"ulqini\",\"sameAs\":[\"http:\/\/www.visit-ulcinj.com\"],\"url\":\"https:\/\/www.visit-ulcinj.com\/blog\/author\/admin\/\"}]}<\/script>\n<!-- \/ Yoast SEO plugin. -->","yoast_head_json":{"title":"Lirita bie nga krevati! - Big Brother Albania","description":"Big Brother Albania - Rreth or\u00c3\u00abs 4 t\u00c3\u00ab m\u00c3\u00abgjesit t\u00c3\u00ab sot\u00c3\u00abm, si edhe cdo dit\u00c3\u00ab tjet\u00c3\u00abr Aida, Lirita dhe Erjola kan\u00c3\u00ab vaazhduar me komentet e tyre n\u00c3\u00ab lidhje me banor\u00c3\u00abt e tjer\u00c3\u00ab e sjelljet e tyre.","robots":{"index":"index","follow":"follow","max-snippet":"max-snippet:-1","max-image-preview":"max-image-preview:large","max-video-preview":"max-video-preview:-1"},"canonical":"https:\/\/www.visit-ulcinj.com\/blog\/2009\/02\/19\/lirita-bie-nga-krevati\/","og_locale":"en_US","og_type":"article","og_title":"Lirita bie nga krevati! - Big Brother Albania","og_description":"Big Brother Albania - Rreth or\u00c3\u00abs 4 t\u00c3\u00ab m\u00c3\u00abgjesit t\u00c3\u00ab sot\u00c3\u00abm, si edhe cdo dit\u00c3\u00ab tjet\u00c3\u00abr Aida, Lirita dhe Erjola kan\u00c3\u00ab vaazhduar me komentet e tyre n\u00c3\u00ab lidhje me banor\u00c3\u00abt e tjer\u00c3\u00ab e sjelljet e tyre.","og_url":"https:\/\/www.visit-ulcinj.com\/blog\/2009\/02\/19\/lirita-bie-nga-krevati\/","og_site_name":"Lajme nga Ulqini","article_published_time":"2009-02-19T14:32:10+00:00","og_image":[{"url":"http:\/\/www.visit-ulcinj.com\/blog\/wp-content\/uploads\/2009\/02\/lirita-bie-nga-krevati.jpg"}],"twitter_misc":{"Written by":"ulqini"},"schema":{"@context":"https:\/\/schema.org","@graph":[{"@type":"WebSite","@id":"https:\/\/www.visit-ulcinj.com\/blog\/#website","url":"https:\/\/www.visit-ulcinj.com\/blog\/","name":"Lajme nga Ulqini","description":"Lajme,Vijesti,Ulqini,Ulqin,Crna Gora,Mali i Zi","potentialAction":[{"@type":"SearchAction","target":{"@type":"EntryPoint","urlTemplate":"https:\/\/www.visit-ulcinj.com\/blog\/?s={search_term_string}"},"query-input":"required name=search_term_string"}],"inLanguage":"en-US"},{"@type":"ImageObject","inLanguage":"en-US","@id":"https:\/\/www.visit-ulcinj.com\/blog\/2009\/02\/19\/lirita-bie-nga-krevati\/#primaryimage","url":"http:\/\/www.visit-ulcinj.com\/blog\/wp-content\/uploads\/2009\/02\/lirita-bie-nga-krevati.jpg","contentUrl":"http:\/\/www.visit-ulcinj.com\/blog\/wp-content\/uploads\/2009\/02\/lirita-bie-nga-krevati.jpg"},{"@type":"WebPage","@id":"https:\/\/www.visit-ulcinj.com\/blog\/2009\/02\/19\/lirita-bie-nga-krevati\/#webpage","url":"https:\/\/www.visit-ulcinj.com\/blog\/2009\/02\/19\/lirita-bie-nga-krevati\/","name":"Lirita bie nga krevati! - Big Brother Albania","isPartOf":{"@id":"https:\/\/www.visit-ulcinj.com\/blog\/#website"},"primaryImageOfPage":{"@id":"https:\/\/www.visit-ulcinj.com\/blog\/2009\/02\/19\/lirita-bie-nga-krevati\/#primaryimage"},"datePublished":"2009-02-19T14:32:10+00:00","dateModified":"2009-02-19T14:32:10+00:00","author":{"@id":"https:\/\/www.visit-ulcinj.com\/blog\/#\/schema\/person\/dcab619c614d3038751c63bc2aadc06d"},"description":"Big Brother Albania - Rreth or\u00c3\u00abs 4 t\u00c3\u00ab m\u00c3\u00abgjesit t\u00c3\u00ab sot\u00c3\u00abm, si edhe cdo dit\u00c3\u00ab tjet\u00c3\u00abr Aida, Lirita dhe Erjola kan\u00c3\u00ab vaazhduar me komentet e tyre n\u00c3\u00ab lidhje me banor\u00c3\u00abt e tjer\u00c3\u00ab e sjelljet e tyre.","breadcrumb":{"@id":"https:\/\/www.visit-ulcinj.com\/blog\/2009\/02\/19\/lirita-bie-nga-krevati\/#breadcrumb"},"inLanguage":"en-US","potentialAction":[{"@type":"ReadAction","target":["https:\/\/www.visit-ulcinj.com\/blog\/2009\/02\/19\/lirita-bie-nga-krevati\/"]}]},{"@type":"BreadcrumbList","@id":"https:\/\/www.visit-ulcinj.com\/blog\/2009\/02\/19\/lirita-bie-nga-krevati\/#breadcrumb","itemListElement":[{"@type":"ListItem","position":1,"name":"Lirita bie nga krevati!"}]},{"@type":"Person","@id":"https:\/\/www.visit-ulcinj.com\/blog\/#\/schema\/person\/dcab619c614d3038751c63bc2aadc06d","name":"ulqini","sameAs":["http:\/\/www.visit-ulcinj.com"],"url":"https:\/\/www.visit-ulcinj.com\/blog\/author\/admin\/"}]}},"jetpack_featured_media_url":"","jetpack_sharing_enabled":true,"jetpack_shortlink":"https:\/\/wp.me\/pe6lTn-31H","_links":{"self":[{"href":"https:\/\/www.visit-ulcinj.com\/blog\/wp-json\/wp\/v2\/posts\/11637"}],"collection":[{"href":"https:\/\/www.visit-ulcinj.com\/blog\/wp-json\/wp\/v2\/posts"}],"about":[{"href":"https:\/\/www.visit-ulcinj.com\/blog\/wp-json\/wp\/v2\/types\/post"}],"author":[{"embeddable":true,"href":"https:\/\/www.visit-ulcinj.com\/blog\/wp-json\/wp\/v2\/users\/1"}],"replies":[{"embeddable":true,"href":"https:\/\/www.visit-ulcinj.com\/blog\/wp-json\/wp\/v2\/comments?post=11637"}],"version-history":[{"count":0,"href":"https:\/\/www.visit-ulcinj.com\/blog\/wp-json\/wp\/v2\/posts\/11637\/revisions"}],"wp:attachment":[{"href":"https:\/\/www.visit-ulcinj.com\/blog\/wp-json\/wp\/v2\/media?parent=11637"}],"wp:term":[{"taxonomy":"category","embeddable":true,"href":"https:\/\/www.visit-ulcinj.com\/blog\/wp-json\/wp\/v2\/categories?post=11637"},{"taxonomy":"post_tag","embeddable":true,"href":"https:\/\/www.visit-ulcinj.com\/blog\/wp-json\/wp\/v2\/tags?post=11637"}],"curies":[{"name":"wp","href":"https:\/\/api.w.org\/{rel}","templated":true}]}}