{"id":11640,"date":"2009-02-19T15:35:09","date_gmt":"2009-02-19T14:35:09","guid":{"rendered":"http:\/\/www.visit-ulcinj.com\/blog\/?p=11640"},"modified":"2009-02-19T15:35:09","modified_gmt":"2009-02-19T14:35:09","slug":"bjordi-fle-prane-mimozes","status":"publish","type":"post","link":"https:\/\/www.visit-ulcinj.com\/blog\/2009\/02\/19\/bjordi-fle-prane-mimozes\/","title":{"rendered":"Bjordi fle pran\u00eb Mimoz\u00ebs"},"content":{"rendered":"<p><strong><\/strong><em><span class=\"newsdate\"><a href=\"http:\/\/www.visit-ulcinj.com\/blog\/wp-content\/uploads\/2009\/02\/bjordi-prane-mimozes.jpg\"><img loading=\"lazy\" class=\"alignleft size-full wp-image-11641\" title=\"bjordi-prane-mimozes-big-brother-albania\" src=\"http:\/\/www.visit-ulcinj.com\/blog\/wp-content\/uploads\/2009\/02\/bjordi-prane-mimozes.jpg\" alt=\"bjordi-prane-mimozes-big-brother-albania\" width=\"300\" height=\"205\" \/><\/a>13\/02\/09 10:00<\/span><\/em><\/p>\n<p>Nat\u00ebn e s\u00eb m\u00ebrkur\u00ebs apo m\u00eb mir\u00eb t\u00eb themi m\u00ebngjesin e s\u00eb enjtes, Aida dhe Lirita kan\u00eb vazhduar t\u00eb flen\u00eb bashk\u00eb , zakon i nisur prej dy net\u00ebsh m\u00eb par\u00eb. Po ashtu gjithsecili prej banor\u00ebve t\u00eb sht\u00ebpis\u00eb s\u00eb Big Brother, e ka kaluar nat\u00ebn n\u00eb krevatin e zgjedhur q\u00eb nat\u00ebn e par\u00eb, me p\u00ebrjashtim t\u00eb Bjordit. Ai ka zgjedhur t\u00eb zgjohet pran\u00eb Mimoz\u00ebs, prandaj ka fjetur n\u00eb krevatin af\u00ebr saj.<\/p>\n<p>Top Channel<\/p>\n","protected":false},"excerpt":{"rendered":"<p>13\/02\/09 10:00 Nat\u00ebn e s\u00eb m\u00ebrkur\u00ebs apo m\u00eb mir\u00eb t\u00eb themi m\u00ebngjesin e s\u00eb enjtes, Aida dhe Lirita kan\u00eb vazhduar t\u00eb flen\u00eb bashk\u00eb , zakon i nisur prej dy net\u00ebsh m\u00eb par\u00eb. Po ashtu gjithsecili prej banor\u00ebve t\u00eb sht\u00ebpis\u00eb s\u00eb Big Brother, e ka kaluar nat\u00ebn n\u00eb krevatin e zgjedhur q\u00eb nat\u00ebn e par\u00eb, me [&hellip;]<\/p>\n","protected":false},"author":1,"featured_media":0,"comment_status":"open","ping_status":"closed","sticky":false,"template":"","format":"standard","meta":{"spay_email":"","jetpack_publicize_message":"","jetpack_is_tweetstorm":false,"jetpack_publicize_feature_enabled":true},"categories":[6502],"tags":[6665,6896,6522,6568,6544,6693,6893,6887],"jetpack_publicize_connections":[],"yoast_head":"<!-- This site is optimized with the Yoast SEO plugin v19.1 - https:\/\/yoast.com\/wordpress\/plugins\/seo\/ -->\n<title>Bjordi fle pran\u00c3\u00ab Mimoz\u00c3\u00abs - Big Brother Albania<\/title>\n<meta name=\"description\" content=\"Nat\u00c3\u00abn e s\u00c3\u00ab m\u00c3\u00abrkur\u00c3\u00abs apo m\u00c3\u00ab mir\u00c3\u00ab t\u00c3\u00ab themi m\u00c3\u00abngjesin e s\u00c3\u00ab enjtes - Big Brother Albania\" \/>\n<meta name=\"robots\" content=\"index, follow, max-snippet:-1, max-image-preview:large, max-video-preview:-1\" \/>\n<link rel=\"canonical\" href=\"https:\/\/www.visit-ulcinj.com\/blog\/2009\/02\/19\/bjordi-fle-prane-mimozes\/\" \/>\n<meta property=\"og:locale\" content=\"en_US\" \/>\n<meta property=\"og:type\" content=\"article\" \/>\n<meta property=\"og:title\" content=\"Bjordi fle pran\u00c3\u00ab Mimoz\u00c3\u00abs - Big Brother Albania\" \/>\n<meta property=\"og:description\" content=\"Nat\u00c3\u00abn e s\u00c3\u00ab m\u00c3\u00abrkur\u00c3\u00abs apo m\u00c3\u00ab mir\u00c3\u00ab t\u00c3\u00ab themi m\u00c3\u00abngjesin e s\u00c3\u00ab enjtes - Big Brother Albania\" \/>\n<meta property=\"og:url\" content=\"https:\/\/www.visit-ulcinj.com\/blog\/2009\/02\/19\/bjordi-fle-prane-mimozes\/\" \/>\n<meta property=\"og:site_name\" content=\"Lajme nga Ulqini\" \/>\n<meta property=\"article:published_time\" content=\"2009-02-19T14:35:09+00:00\" \/>\n<meta property=\"og:image\" content=\"http:\/\/www.visit-ulcinj.com\/blog\/wp-content\/uploads\/2009\/02\/bjordi-prane-mimozes.jpg\" \/>\n<meta name=\"twitter:label1\" content=\"Written by\" \/>\n\t<meta name=\"twitter:data1\" content=\"ulqini\" \/>\n<script type=\"application\/ld+json\" class=\"yoast-schema-graph\">{\"@context\":\"https:\/\/schema.org\",\"@graph\":[{\"@type\":\"WebSite\",\"@id\":\"https:\/\/www.visit-ulcinj.com\/blog\/#website\",\"url\":\"https:\/\/www.visit-ulcinj.com\/blog\/\",\"name\":\"Lajme nga Ulqini\",\"description\":\"Lajme,Vijesti,Ulqini,Ulqin,Crna Gora,Mali i Zi\",\"potentialAction\":[{\"@type\":\"SearchAction\",\"target\":{\"@type\":\"EntryPoint\",\"urlTemplate\":\"https:\/\/www.visit-ulcinj.com\/blog\/?s={search_term_string}\"},\"query-input\":\"required name=search_term_string\"}],\"inLanguage\":\"en-US\"},{\"@type\":\"ImageObject\",\"inLanguage\":\"en-US\",\"@id\":\"https:\/\/www.visit-ulcinj.com\/blog\/2009\/02\/19\/bjordi-fle-prane-mimozes\/#primaryimage\",\"url\":\"http:\/\/www.visit-ulcinj.com\/blog\/wp-content\/uploads\/2009\/02\/bjordi-prane-mimozes.jpg\",\"contentUrl\":\"http:\/\/www.visit-ulcinj.com\/blog\/wp-content\/uploads\/2009\/02\/bjordi-prane-mimozes.jpg\"},{\"@type\":\"WebPage\",\"@id\":\"https:\/\/www.visit-ulcinj.com\/blog\/2009\/02\/19\/bjordi-fle-prane-mimozes\/#webpage\",\"url\":\"https:\/\/www.visit-ulcinj.com\/blog\/2009\/02\/19\/bjordi-fle-prane-mimozes\/\",\"name\":\"Bjordi fle pran\u00c3\u00ab Mimoz\u00c3\u00abs - Big Brother Albania\",\"isPartOf\":{\"@id\":\"https:\/\/www.visit-ulcinj.com\/blog\/#website\"},\"primaryImageOfPage\":{\"@id\":\"https:\/\/www.visit-ulcinj.com\/blog\/2009\/02\/19\/bjordi-fle-prane-mimozes\/#primaryimage\"},\"datePublished\":\"2009-02-19T14:35:09+00:00\",\"dateModified\":\"2009-02-19T14:35:09+00:00\",\"author\":{\"@id\":\"https:\/\/www.visit-ulcinj.com\/blog\/#\/schema\/person\/dcab619c614d3038751c63bc2aadc06d\"},\"description\":\"Nat\u00c3\u00abn e s\u00c3\u00ab m\u00c3\u00abrkur\u00c3\u00abs apo m\u00c3\u00ab mir\u00c3\u00ab t\u00c3\u00ab themi m\u00c3\u00abngjesin e s\u00c3\u00ab enjtes - Big Brother Albania\",\"breadcrumb\":{\"@id\":\"https:\/\/www.visit-ulcinj.com\/blog\/2009\/02\/19\/bjordi-fle-prane-mimozes\/#breadcrumb\"},\"inLanguage\":\"en-US\",\"potentialAction\":[{\"@type\":\"ReadAction\",\"target\":[\"https:\/\/www.visit-ulcinj.com\/blog\/2009\/02\/19\/bjordi-fle-prane-mimozes\/\"]}]},{\"@type\":\"BreadcrumbList\",\"@id\":\"https:\/\/www.visit-ulcinj.com\/blog\/2009\/02\/19\/bjordi-fle-prane-mimozes\/#breadcrumb\",\"itemListElement\":[{\"@type\":\"ListItem\",\"position\":1,\"name\":\"Bjordi fle pran\u00eb Mimoz\u00ebs\"}]},{\"@type\":\"Person\",\"@id\":\"https:\/\/www.visit-ulcinj.com\/blog\/#\/schema\/person\/dcab619c614d3038751c63bc2aadc06d\",\"name\":\"ulqini\",\"sameAs\":[\"http:\/\/www.visit-ulcinj.com\"],\"url\":\"https:\/\/www.visit-ulcinj.com\/blog\/author\/admin\/\"}]}<\/script>\n<!-- \/ Yoast SEO plugin. -->","yoast_head_json":{"title":"Bjordi fle pran\u00c3\u00ab Mimoz\u00c3\u00abs - Big Brother Albania","description":"Nat\u00c3\u00abn e s\u00c3\u00ab m\u00c3\u00abrkur\u00c3\u00abs apo m\u00c3\u00ab mir\u00c3\u00ab t\u00c3\u00ab themi m\u00c3\u00abngjesin e s\u00c3\u00ab enjtes - Big Brother Albania","robots":{"index":"index","follow":"follow","max-snippet":"max-snippet:-1","max-image-preview":"max-image-preview:large","max-video-preview":"max-video-preview:-1"},"canonical":"https:\/\/www.visit-ulcinj.com\/blog\/2009\/02\/19\/bjordi-fle-prane-mimozes\/","og_locale":"en_US","og_type":"article","og_title":"Bjordi fle pran\u00c3\u00ab Mimoz\u00c3\u00abs - Big Brother Albania","og_description":"Nat\u00c3\u00abn e s\u00c3\u00ab m\u00c3\u00abrkur\u00c3\u00abs apo m\u00c3\u00ab mir\u00c3\u00ab t\u00c3\u00ab themi m\u00c3\u00abngjesin e s\u00c3\u00ab enjtes - Big Brother Albania","og_url":"https:\/\/www.visit-ulcinj.com\/blog\/2009\/02\/19\/bjordi-fle-prane-mimozes\/","og_site_name":"Lajme nga Ulqini","article_published_time":"2009-02-19T14:35:09+00:00","og_image":[{"url":"http:\/\/www.visit-ulcinj.com\/blog\/wp-content\/uploads\/2009\/02\/bjordi-prane-mimozes.jpg"}],"twitter_misc":{"Written by":"ulqini"},"schema":{"@context":"https:\/\/schema.org","@graph":[{"@type":"WebSite","@id":"https:\/\/www.visit-ulcinj.com\/blog\/#website","url":"https:\/\/www.visit-ulcinj.com\/blog\/","name":"Lajme nga Ulqini","description":"Lajme,Vijesti,Ulqini,Ulqin,Crna Gora,Mali i Zi","potentialAction":[{"@type":"SearchAction","target":{"@type":"EntryPoint","urlTemplate":"https:\/\/www.visit-ulcinj.com\/blog\/?s={search_term_string}"},"query-input":"required name=search_term_string"}],"inLanguage":"en-US"},{"@type":"ImageObject","inLanguage":"en-US","@id":"https:\/\/www.visit-ulcinj.com\/blog\/2009\/02\/19\/bjordi-fle-prane-mimozes\/#primaryimage","url":"http:\/\/www.visit-ulcinj.com\/blog\/wp-content\/uploads\/2009\/02\/bjordi-prane-mimozes.jpg","contentUrl":"http:\/\/www.visit-ulcinj.com\/blog\/wp-content\/uploads\/2009\/02\/bjordi-prane-mimozes.jpg"},{"@type":"WebPage","@id":"https:\/\/www.visit-ulcinj.com\/blog\/2009\/02\/19\/bjordi-fle-prane-mimozes\/#webpage","url":"https:\/\/www.visit-ulcinj.com\/blog\/2009\/02\/19\/bjordi-fle-prane-mimozes\/","name":"Bjordi fle pran\u00c3\u00ab Mimoz\u00c3\u00abs - Big Brother Albania","isPartOf":{"@id":"https:\/\/www.visit-ulcinj.com\/blog\/#website"},"primaryImageOfPage":{"@id":"https:\/\/www.visit-ulcinj.com\/blog\/2009\/02\/19\/bjordi-fle-prane-mimozes\/#primaryimage"},"datePublished":"2009-02-19T14:35:09+00:00","dateModified":"2009-02-19T14:35:09+00:00","author":{"@id":"https:\/\/www.visit-ulcinj.com\/blog\/#\/schema\/person\/dcab619c614d3038751c63bc2aadc06d"},"description":"Nat\u00c3\u00abn e s\u00c3\u00ab m\u00c3\u00abrkur\u00c3\u00abs apo m\u00c3\u00ab mir\u00c3\u00ab t\u00c3\u00ab themi m\u00c3\u00abngjesin e s\u00c3\u00ab enjtes - Big Brother Albania","breadcrumb":{"@id":"https:\/\/www.visit-ulcinj.com\/blog\/2009\/02\/19\/bjordi-fle-prane-mimozes\/#breadcrumb"},"inLanguage":"en-US","potentialAction":[{"@type":"ReadAction","target":["https:\/\/www.visit-ulcinj.com\/blog\/2009\/02\/19\/bjordi-fle-prane-mimozes\/"]}]},{"@type":"BreadcrumbList","@id":"https:\/\/www.visit-ulcinj.com\/blog\/2009\/02\/19\/bjordi-fle-prane-mimozes\/#breadcrumb","itemListElement":[{"@type":"ListItem","position":1,"name":"Bjordi fle pran\u00eb Mimoz\u00ebs"}]},{"@type":"Person","@id":"https:\/\/www.visit-ulcinj.com\/blog\/#\/schema\/person\/dcab619c614d3038751c63bc2aadc06d","name":"ulqini","sameAs":["http:\/\/www.visit-ulcinj.com"],"url":"https:\/\/www.visit-ulcinj.com\/blog\/author\/admin\/"}]}},"jetpack_featured_media_url":"","jetpack_sharing_enabled":true,"jetpack_shortlink":"https:\/\/wp.me\/pe6lTn-31K","_links":{"self":[{"href":"https:\/\/www.visit-ulcinj.com\/blog\/wp-json\/wp\/v2\/posts\/11640"}],"collection":[{"href":"https:\/\/www.visit-ulcinj.com\/blog\/wp-json\/wp\/v2\/posts"}],"about":[{"href":"https:\/\/www.visit-ulcinj.com\/blog\/wp-json\/wp\/v2\/types\/post"}],"author":[{"embeddable":true,"href":"https:\/\/www.visit-ulcinj.com\/blog\/wp-json\/wp\/v2\/users\/1"}],"replies":[{"embeddable":true,"href":"https:\/\/www.visit-ulcinj.com\/blog\/wp-json\/wp\/v2\/comments?post=11640"}],"version-history":[{"count":0,"href":"https:\/\/www.visit-ulcinj.com\/blog\/wp-json\/wp\/v2\/posts\/11640\/revisions"}],"wp:attachment":[{"href":"https:\/\/www.visit-ulcinj.com\/blog\/wp-json\/wp\/v2\/media?parent=11640"}],"wp:term":[{"taxonomy":"category","embeddable":true,"href":"https:\/\/www.visit-ulcinj.com\/blog\/wp-json\/wp\/v2\/categories?post=11640"},{"taxonomy":"post_tag","embeddable":true,"href":"https:\/\/www.visit-ulcinj.com\/blog\/wp-json\/wp\/v2\/tags?post=11640"}],"curies":[{"name":"wp","href":"https:\/\/api.w.org\/{rel}","templated":true}]}}