{"id":11644,"date":"2009-02-19T15:39:23","date_gmt":"2009-02-19T14:39:23","guid":{"rendered":"http:\/\/www.visit-ulcinj.com\/blog\/?p=11644"},"modified":"2009-02-19T15:39:23","modified_gmt":"2009-02-19T14:39:23","slug":"arjoni-ja-si-joshet-nje-femer","status":"publish","type":"post","link":"https:\/\/www.visit-ulcinj.com\/blog\/2009\/02\/19\/arjoni-ja-si-joshet-nje-femer\/","title":{"rendered":"Arjoni &#8211; Ja si joshet nj\u00eb fem\u00ebr"},"content":{"rendered":"<p><strong><\/strong><em><span class=\"newsdate\"><a href=\"http:\/\/www.visit-ulcinj.com\/blog\/wp-content\/uploads\/2009\/02\/arjoni.jpg\"><img loading=\"lazy\" class=\"alignleft size-full wp-image-11645\" title=\"arjoni-bi-brother-albania\" src=\"http:\/\/www.visit-ulcinj.com\/blog\/wp-content\/uploads\/2009\/02\/arjoni.jpg\" alt=\"arjoni-bi-brother-albania\" width=\"300\" height=\"225\" \/><\/a>13\/02\/09 18:00 <\/span><\/em><\/p>\n<p>Ka shum\u00eb m\u00ebnyra p\u00ebr t\u00eb t\u00ebrhequr nj\u00eb fem\u00ebr, por duket se Arjoni e ka kuptuar dhe e di sesi. Ai pranon se nj\u00eb m\u00ebnyr\u00eb mjaft efikase sipas tij \u00ebsht\u00eb injorimi i saj, n\u00eb k\u00ebt\u00eb m\u00ebnyr\u00eb ajo do t\u00eb tregoj\u00eb m\u00eb shum\u00eb interes p\u00ebr t\u00eb dhe mun dt\u00eb afrohet. Nd\u00ebrkoh\u00eb m\u00eb pas biseda e banor\u00ebve fokusohet te suprizat e pritshme q\u00eb autor\u00ebt do ti b\u00ebjn\u00eb gjat\u00eb nat\u00ebs s\u00eb spektaklit. Ata presin shum\u00eb supriza gjat\u00eb spektaklit, por gjithsesi Qetsori do t\u00eb d\u00ebshironte t\u00eb shihte djalin e tij. Megjithat\u00eb nata e ardhshme pritet q\u00eb p\u00ebrve\u00e7 nj\u00eb spektakli t\u00eb madh t\u00eb sjell\u00eb edhe shum\u00eb supriza, mes t\u00eb cilave do t\u00eb jet\u00eb edhe pjesa e nominimeve, nj\u00eb sprov\u00eb kjo p\u00ebr t\u00eb gjith\u00eb banor\u00ebt e Big Brother, q\u00eb deri tani nuk e kan\u00eb ndier k\u00ebt\u00eb detyrim.<\/p>\n<p>Top Channel<\/p>\n","protected":false},"excerpt":{"rendered":"<p>13\/02\/09 18:00 Ka shum\u00eb m\u00ebnyra p\u00ebr t\u00eb t\u00ebrhequr nj\u00eb fem\u00ebr, por duket se Arjoni e ka kuptuar dhe e di sesi. Ai pranon se nj\u00eb m\u00ebnyr\u00eb mjaft efikase sipas tij \u00ebsht\u00eb injorimi i saj, n\u00eb k\u00ebt\u00eb m\u00ebnyr\u00eb ajo do t\u00eb tregoj\u00eb m\u00eb shum\u00eb interes p\u00ebr t\u00eb dhe mun dt\u00eb afrohet. Nd\u00ebrkoh\u00eb m\u00eb pas biseda e [&hellip;]<\/p>\n","protected":false},"author":1,"featured_media":0,"comment_status":"open","ping_status":"closed","sticky":false,"template":"","format":"standard","meta":{"spay_email":"","jetpack_publicize_message":"","jetpack_is_tweetstorm":false,"jetpack_publicize_feature_enabled":true},"categories":[6502],"tags":[6525,6738,6506,6712,6688,6689,6898,6693,6893,6887],"jetpack_publicize_connections":[],"yoast_head":"<!-- This site is optimized with the Yoast SEO plugin v19.1 - https:\/\/yoast.com\/wordpress\/plugins\/seo\/ -->\n<title>Arjoni - Ja si joshet nj\u00c3\u00ab fem\u00c3\u00abr - Big Brother Albania<\/title>\n<meta name=\"description\" content=\"Big Brother Albania - Ka shum\u00c3\u00ab m\u00c3\u00abnyra p\u00c3\u00abr t\u00c3\u00ab t\u00c3\u00abrhequr nj\u00c3\u00ab fem\u00c3\u00abr, por duket se Arjoni e ka kuptuar dhe e di sesi.\" \/>\n<meta name=\"robots\" content=\"index, follow, max-snippet:-1, max-image-preview:large, max-video-preview:-1\" \/>\n<link rel=\"canonical\" href=\"https:\/\/www.visit-ulcinj.com\/blog\/2009\/02\/19\/arjoni-ja-si-joshet-nje-femer\/\" \/>\n<meta property=\"og:locale\" content=\"en_US\" \/>\n<meta property=\"og:type\" content=\"article\" \/>\n<meta property=\"og:title\" content=\"Arjoni - Ja si joshet nj\u00c3\u00ab fem\u00c3\u00abr - Big Brother Albania\" \/>\n<meta property=\"og:description\" content=\"Big Brother Albania - Ka shum\u00c3\u00ab m\u00c3\u00abnyra p\u00c3\u00abr t\u00c3\u00ab t\u00c3\u00abrhequr nj\u00c3\u00ab fem\u00c3\u00abr, por duket se Arjoni e ka kuptuar dhe e di sesi.\" \/>\n<meta property=\"og:url\" content=\"https:\/\/www.visit-ulcinj.com\/blog\/2009\/02\/19\/arjoni-ja-si-joshet-nje-femer\/\" \/>\n<meta property=\"og:site_name\" content=\"Lajme nga Ulqini\" \/>\n<meta property=\"article:published_time\" content=\"2009-02-19T14:39:23+00:00\" \/>\n<meta property=\"og:image\" content=\"http:\/\/www.visit-ulcinj.com\/blog\/wp-content\/uploads\/2009\/02\/arjoni.jpg\" \/>\n<meta name=\"twitter:label1\" content=\"Written by\" \/>\n\t<meta name=\"twitter:data1\" content=\"ulqini\" \/>\n\t<meta name=\"twitter:label2\" content=\"Est. reading time\" \/>\n\t<meta name=\"twitter:data2\" content=\"1 minute\" \/>\n<script type=\"application\/ld+json\" class=\"yoast-schema-graph\">{\"@context\":\"https:\/\/schema.org\",\"@graph\":[{\"@type\":\"WebSite\",\"@id\":\"https:\/\/www.visit-ulcinj.com\/blog\/#website\",\"url\":\"https:\/\/www.visit-ulcinj.com\/blog\/\",\"name\":\"Lajme nga Ulqini\",\"description\":\"Lajme,Vijesti,Ulqini,Ulqin,Crna Gora,Mali i Zi\",\"potentialAction\":[{\"@type\":\"SearchAction\",\"target\":{\"@type\":\"EntryPoint\",\"urlTemplate\":\"https:\/\/www.visit-ulcinj.com\/blog\/?s={search_term_string}\"},\"query-input\":\"required name=search_term_string\"}],\"inLanguage\":\"en-US\"},{\"@type\":\"ImageObject\",\"inLanguage\":\"en-US\",\"@id\":\"https:\/\/www.visit-ulcinj.com\/blog\/2009\/02\/19\/arjoni-ja-si-joshet-nje-femer\/#primaryimage\",\"url\":\"http:\/\/www.visit-ulcinj.com\/blog\/wp-content\/uploads\/2009\/02\/arjoni.jpg\",\"contentUrl\":\"http:\/\/www.visit-ulcinj.com\/blog\/wp-content\/uploads\/2009\/02\/arjoni.jpg\"},{\"@type\":\"WebPage\",\"@id\":\"https:\/\/www.visit-ulcinj.com\/blog\/2009\/02\/19\/arjoni-ja-si-joshet-nje-femer\/#webpage\",\"url\":\"https:\/\/www.visit-ulcinj.com\/blog\/2009\/02\/19\/arjoni-ja-si-joshet-nje-femer\/\",\"name\":\"Arjoni - Ja si joshet nj\u00c3\u00ab fem\u00c3\u00abr - Big Brother Albania\",\"isPartOf\":{\"@id\":\"https:\/\/www.visit-ulcinj.com\/blog\/#website\"},\"primaryImageOfPage\":{\"@id\":\"https:\/\/www.visit-ulcinj.com\/blog\/2009\/02\/19\/arjoni-ja-si-joshet-nje-femer\/#primaryimage\"},\"datePublished\":\"2009-02-19T14:39:23+00:00\",\"dateModified\":\"2009-02-19T14:39:23+00:00\",\"author\":{\"@id\":\"https:\/\/www.visit-ulcinj.com\/blog\/#\/schema\/person\/dcab619c614d3038751c63bc2aadc06d\"},\"description\":\"Big Brother Albania - Ka shum\u00c3\u00ab m\u00c3\u00abnyra p\u00c3\u00abr t\u00c3\u00ab t\u00c3\u00abrhequr nj\u00c3\u00ab fem\u00c3\u00abr, por duket se Arjoni e ka kuptuar dhe e di sesi.\",\"breadcrumb\":{\"@id\":\"https:\/\/www.visit-ulcinj.com\/blog\/2009\/02\/19\/arjoni-ja-si-joshet-nje-femer\/#breadcrumb\"},\"inLanguage\":\"en-US\",\"potentialAction\":[{\"@type\":\"ReadAction\",\"target\":[\"https:\/\/www.visit-ulcinj.com\/blog\/2009\/02\/19\/arjoni-ja-si-joshet-nje-femer\/\"]}]},{\"@type\":\"BreadcrumbList\",\"@id\":\"https:\/\/www.visit-ulcinj.com\/blog\/2009\/02\/19\/arjoni-ja-si-joshet-nje-femer\/#breadcrumb\",\"itemListElement\":[{\"@type\":\"ListItem\",\"position\":1,\"name\":\"Arjoni &#8211; Ja si joshet nj\u00eb fem\u00ebr\"}]},{\"@type\":\"Person\",\"@id\":\"https:\/\/www.visit-ulcinj.com\/blog\/#\/schema\/person\/dcab619c614d3038751c63bc2aadc06d\",\"name\":\"ulqini\",\"sameAs\":[\"http:\/\/www.visit-ulcinj.com\"],\"url\":\"https:\/\/www.visit-ulcinj.com\/blog\/author\/admin\/\"}]}<\/script>\n<!-- \/ Yoast SEO plugin. -->","yoast_head_json":{"title":"Arjoni - Ja si joshet nj\u00c3\u00ab fem\u00c3\u00abr - Big Brother Albania","description":"Big Brother Albania - Ka shum\u00c3\u00ab m\u00c3\u00abnyra p\u00c3\u00abr t\u00c3\u00ab t\u00c3\u00abrhequr nj\u00c3\u00ab fem\u00c3\u00abr, por duket se Arjoni e ka kuptuar dhe e di sesi.","robots":{"index":"index","follow":"follow","max-snippet":"max-snippet:-1","max-image-preview":"max-image-preview:large","max-video-preview":"max-video-preview:-1"},"canonical":"https:\/\/www.visit-ulcinj.com\/blog\/2009\/02\/19\/arjoni-ja-si-joshet-nje-femer\/","og_locale":"en_US","og_type":"article","og_title":"Arjoni - Ja si joshet nj\u00c3\u00ab fem\u00c3\u00abr - Big Brother Albania","og_description":"Big Brother Albania - Ka shum\u00c3\u00ab m\u00c3\u00abnyra p\u00c3\u00abr t\u00c3\u00ab t\u00c3\u00abrhequr nj\u00c3\u00ab fem\u00c3\u00abr, por duket se Arjoni e ka kuptuar dhe e di sesi.","og_url":"https:\/\/www.visit-ulcinj.com\/blog\/2009\/02\/19\/arjoni-ja-si-joshet-nje-femer\/","og_site_name":"Lajme nga Ulqini","article_published_time":"2009-02-19T14:39:23+00:00","og_image":[{"url":"http:\/\/www.visit-ulcinj.com\/blog\/wp-content\/uploads\/2009\/02\/arjoni.jpg"}],"twitter_misc":{"Written by":"ulqini","Est. reading time":"1 minute"},"schema":{"@context":"https:\/\/schema.org","@graph":[{"@type":"WebSite","@id":"https:\/\/www.visit-ulcinj.com\/blog\/#website","url":"https:\/\/www.visit-ulcinj.com\/blog\/","name":"Lajme nga Ulqini","description":"Lajme,Vijesti,Ulqini,Ulqin,Crna Gora,Mali i Zi","potentialAction":[{"@type":"SearchAction","target":{"@type":"EntryPoint","urlTemplate":"https:\/\/www.visit-ulcinj.com\/blog\/?s={search_term_string}"},"query-input":"required name=search_term_string"}],"inLanguage":"en-US"},{"@type":"ImageObject","inLanguage":"en-US","@id":"https:\/\/www.visit-ulcinj.com\/blog\/2009\/02\/19\/arjoni-ja-si-joshet-nje-femer\/#primaryimage","url":"http:\/\/www.visit-ulcinj.com\/blog\/wp-content\/uploads\/2009\/02\/arjoni.jpg","contentUrl":"http:\/\/www.visit-ulcinj.com\/blog\/wp-content\/uploads\/2009\/02\/arjoni.jpg"},{"@type":"WebPage","@id":"https:\/\/www.visit-ulcinj.com\/blog\/2009\/02\/19\/arjoni-ja-si-joshet-nje-femer\/#webpage","url":"https:\/\/www.visit-ulcinj.com\/blog\/2009\/02\/19\/arjoni-ja-si-joshet-nje-femer\/","name":"Arjoni - Ja si joshet nj\u00c3\u00ab fem\u00c3\u00abr - Big Brother Albania","isPartOf":{"@id":"https:\/\/www.visit-ulcinj.com\/blog\/#website"},"primaryImageOfPage":{"@id":"https:\/\/www.visit-ulcinj.com\/blog\/2009\/02\/19\/arjoni-ja-si-joshet-nje-femer\/#primaryimage"},"datePublished":"2009-02-19T14:39:23+00:00","dateModified":"2009-02-19T14:39:23+00:00","author":{"@id":"https:\/\/www.visit-ulcinj.com\/blog\/#\/schema\/person\/dcab619c614d3038751c63bc2aadc06d"},"description":"Big Brother Albania - Ka shum\u00c3\u00ab m\u00c3\u00abnyra p\u00c3\u00abr t\u00c3\u00ab t\u00c3\u00abrhequr nj\u00c3\u00ab fem\u00c3\u00abr, por duket se Arjoni e ka kuptuar dhe e di sesi.","breadcrumb":{"@id":"https:\/\/www.visit-ulcinj.com\/blog\/2009\/02\/19\/arjoni-ja-si-joshet-nje-femer\/#breadcrumb"},"inLanguage":"en-US","potentialAction":[{"@type":"ReadAction","target":["https:\/\/www.visit-ulcinj.com\/blog\/2009\/02\/19\/arjoni-ja-si-joshet-nje-femer\/"]}]},{"@type":"BreadcrumbList","@id":"https:\/\/www.visit-ulcinj.com\/blog\/2009\/02\/19\/arjoni-ja-si-joshet-nje-femer\/#breadcrumb","itemListElement":[{"@type":"ListItem","position":1,"name":"Arjoni &#8211; Ja si joshet nj\u00eb fem\u00ebr"}]},{"@type":"Person","@id":"https:\/\/www.visit-ulcinj.com\/blog\/#\/schema\/person\/dcab619c614d3038751c63bc2aadc06d","name":"ulqini","sameAs":["http:\/\/www.visit-ulcinj.com"],"url":"https:\/\/www.visit-ulcinj.com\/blog\/author\/admin\/"}]}},"jetpack_featured_media_url":"","jetpack_sharing_enabled":true,"jetpack_shortlink":"https:\/\/wp.me\/pe6lTn-31O","_links":{"self":[{"href":"https:\/\/www.visit-ulcinj.com\/blog\/wp-json\/wp\/v2\/posts\/11644"}],"collection":[{"href":"https:\/\/www.visit-ulcinj.com\/blog\/wp-json\/wp\/v2\/posts"}],"about":[{"href":"https:\/\/www.visit-ulcinj.com\/blog\/wp-json\/wp\/v2\/types\/post"}],"author":[{"embeddable":true,"href":"https:\/\/www.visit-ulcinj.com\/blog\/wp-json\/wp\/v2\/users\/1"}],"replies":[{"embeddable":true,"href":"https:\/\/www.visit-ulcinj.com\/blog\/wp-json\/wp\/v2\/comments?post=11644"}],"version-history":[{"count":0,"href":"https:\/\/www.visit-ulcinj.com\/blog\/wp-json\/wp\/v2\/posts\/11644\/revisions"}],"wp:attachment":[{"href":"https:\/\/www.visit-ulcinj.com\/blog\/wp-json\/wp\/v2\/media?parent=11644"}],"wp:term":[{"taxonomy":"category","embeddable":true,"href":"https:\/\/www.visit-ulcinj.com\/blog\/wp-json\/wp\/v2\/categories?post=11644"},{"taxonomy":"post_tag","embeddable":true,"href":"https:\/\/www.visit-ulcinj.com\/blog\/wp-json\/wp\/v2\/tags?post=11644"}],"curies":[{"name":"wp","href":"https:\/\/api.w.org\/{rel}","templated":true}]}}