{"id":11651,"date":"2009-02-19T15:50:03","date_gmt":"2009-02-19T14:50:03","guid":{"rendered":"http:\/\/www.visit-ulcinj.com\/blog\/?p=11651"},"modified":"2009-02-19T15:50:03","modified_gmt":"2009-02-19T14:50:03","slug":"sori-imagjinon-mozen-te-shendoshe","status":"publish","type":"post","link":"https:\/\/www.visit-ulcinj.com\/blog\/2009\/02\/19\/sori-imagjinon-mozen-te-shendoshe\/","title":{"rendered":"Sori imagjinon Moz\u00ebn t\u00eb sh\u00ebndosh\u00eb"},"content":{"rendered":"<p><strong><span class=\"newstitlec\"><\/span><\/strong><em><span class=\"newsdate\"><a href=\"http:\/\/www.visit-ulcinj.com\/blog\/wp-content\/uploads\/2009\/02\/moza-dhe-sori.jpg\"><img loading=\"lazy\" class=\"alignleft size-full wp-image-11652\" title=\"moza-dhe-sori-big-brother-albania\" src=\"http:\/\/www.visit-ulcinj.com\/blog\/wp-content\/uploads\/2009\/02\/moza-dhe-sori.jpg\" alt=\"moza-dhe-sori-big-brother-albania\" width=\"300\" height=\"205\" \/><\/a>13\/02\/09 22:30 <\/span><\/em><\/p>\n<p>T\u00eb ulur n\u00eb banakun e kuzhin\u00ebs, Qetsori dhe Mimoza nisin nj\u00eb bised\u00eb paksa ngacmuese mes tyre. Djali nga Vlora e pyet bukuroshen nga Kosova sesi do t\u00eb dukej n\u00ebse do t\u00eb ishte akoma m\u00eb e sh\u00ebndosh\u00eb. Ajo sheh linjat e trupit dhe thot\u00eb se i p\u00eblqen k\u00ebshtu si \u00ebsht\u00eb. Por, Qetsori p\u00ebr ta v\u00ebn\u00eb akoma n\u00eb sed\u00ebr i thot\u00eb se edhe e sh\u00ebndosh\u00eb ajo do t\u00eb dukej e bukur. M\u00eb pas ai e pyet se \u00e7far\u00eb njer\u00ebzish ka n\u00eb familje dhe ajo i thot\u00eb se ka edhe 4 motra. Sori thot\u00eb se n\u00ebse do t\u00eb b\u00ebj\u00eb nj\u00eb cun, do ta quaj\u00eb Vrana, nj\u00eb em\u00ebr q\u00eb duket se e ka fiksim.<\/p>\n","protected":false},"excerpt":{"rendered":"<p>13\/02\/09 22:30 T\u00eb ulur n\u00eb banakun e kuzhin\u00ebs, Qetsori dhe Mimoza nisin nj\u00eb bised\u00eb paksa ngacmuese mes tyre. Djali nga Vlora e pyet bukuroshen nga Kosova sesi do t\u00eb dukej n\u00ebse do t\u00eb ishte akoma m\u00eb e sh\u00ebndosh\u00eb. Ajo sheh linjat e trupit dhe thot\u00eb se i p\u00eblqen k\u00ebshtu si \u00ebsht\u00eb. Por, Qetsori p\u00ebr ta [&hellip;]<\/p>\n","protected":false},"author":1,"featured_media":0,"comment_status":"open","ping_status":"closed","sticky":false,"template":"","format":"standard","meta":{"spay_email":"","jetpack_publicize_message":"","jetpack_is_tweetstorm":false,"jetpack_publicize_feature_enabled":true},"categories":[6502],"tags":[6506,6712,6688,6689,6898,6568,2062,6900,6899,6693,6893,6887],"jetpack_publicize_connections":[],"yoast_head":"<!-- This site is optimized with the Yoast SEO plugin v19.1 - https:\/\/yoast.com\/wordpress\/plugins\/seo\/ -->\n<title>Sori imagjinon Moz\u00c3\u00abn t\u00c3\u00ab sh\u00c3\u00abndosh\u00c3\u00ab - Big Brother Albania<\/title>\n<meta name=\"description\" content=\"Big Brothe Albania - T\u00c3\u00ab ulur n\u00c3\u00ab banakun e kuzhin\u00c3\u00abs, Qetsori dhe Mimoza nisin nj\u00c3\u00ab bised\u00c3\u00ab paksa ngacmuese mes tyre.\" \/>\n<meta name=\"robots\" content=\"index, follow, max-snippet:-1, max-image-preview:large, max-video-preview:-1\" \/>\n<link rel=\"canonical\" href=\"https:\/\/www.visit-ulcinj.com\/blog\/2009\/02\/19\/sori-imagjinon-mozen-te-shendoshe\/\" \/>\n<meta property=\"og:locale\" content=\"en_US\" \/>\n<meta property=\"og:type\" content=\"article\" \/>\n<meta property=\"og:title\" content=\"Sori imagjinon Moz\u00c3\u00abn t\u00c3\u00ab sh\u00c3\u00abndosh\u00c3\u00ab - Big Brother Albania\" \/>\n<meta property=\"og:description\" content=\"Big Brothe Albania - T\u00c3\u00ab ulur n\u00c3\u00ab banakun e kuzhin\u00c3\u00abs, Qetsori dhe Mimoza nisin nj\u00c3\u00ab bised\u00c3\u00ab paksa ngacmuese mes tyre.\" \/>\n<meta property=\"og:url\" content=\"https:\/\/www.visit-ulcinj.com\/blog\/2009\/02\/19\/sori-imagjinon-mozen-te-shendoshe\/\" \/>\n<meta property=\"og:site_name\" content=\"Lajme nga Ulqini\" \/>\n<meta property=\"article:published_time\" content=\"2009-02-19T14:50:03+00:00\" \/>\n<meta property=\"og:image\" content=\"http:\/\/www.visit-ulcinj.com\/blog\/wp-content\/uploads\/2009\/02\/moza-dhe-sori.jpg\" \/>\n<meta name=\"twitter:label1\" content=\"Written by\" \/>\n\t<meta name=\"twitter:data1\" content=\"ulqini\" \/>\n\t<meta name=\"twitter:label2\" content=\"Est. reading time\" \/>\n\t<meta name=\"twitter:data2\" content=\"1 minute\" \/>\n<script type=\"application\/ld+json\" class=\"yoast-schema-graph\">{\"@context\":\"https:\/\/schema.org\",\"@graph\":[{\"@type\":\"WebSite\",\"@id\":\"https:\/\/www.visit-ulcinj.com\/blog\/#website\",\"url\":\"https:\/\/www.visit-ulcinj.com\/blog\/\",\"name\":\"Lajme nga Ulqini\",\"description\":\"Lajme,Vijesti,Ulqini,Ulqin,Crna Gora,Mali i Zi\",\"potentialAction\":[{\"@type\":\"SearchAction\",\"target\":{\"@type\":\"EntryPoint\",\"urlTemplate\":\"https:\/\/www.visit-ulcinj.com\/blog\/?s={search_term_string}\"},\"query-input\":\"required name=search_term_string\"}],\"inLanguage\":\"en-US\"},{\"@type\":\"ImageObject\",\"inLanguage\":\"en-US\",\"@id\":\"https:\/\/www.visit-ulcinj.com\/blog\/2009\/02\/19\/sori-imagjinon-mozen-te-shendoshe\/#primaryimage\",\"url\":\"http:\/\/www.visit-ulcinj.com\/blog\/wp-content\/uploads\/2009\/02\/moza-dhe-sori.jpg\",\"contentUrl\":\"http:\/\/www.visit-ulcinj.com\/blog\/wp-content\/uploads\/2009\/02\/moza-dhe-sori.jpg\"},{\"@type\":\"WebPage\",\"@id\":\"https:\/\/www.visit-ulcinj.com\/blog\/2009\/02\/19\/sori-imagjinon-mozen-te-shendoshe\/#webpage\",\"url\":\"https:\/\/www.visit-ulcinj.com\/blog\/2009\/02\/19\/sori-imagjinon-mozen-te-shendoshe\/\",\"name\":\"Sori imagjinon Moz\u00c3\u00abn t\u00c3\u00ab sh\u00c3\u00abndosh\u00c3\u00ab - Big Brother Albania\",\"isPartOf\":{\"@id\":\"https:\/\/www.visit-ulcinj.com\/blog\/#website\"},\"primaryImageOfPage\":{\"@id\":\"https:\/\/www.visit-ulcinj.com\/blog\/2009\/02\/19\/sori-imagjinon-mozen-te-shendoshe\/#primaryimage\"},\"datePublished\":\"2009-02-19T14:50:03+00:00\",\"dateModified\":\"2009-02-19T14:50:03+00:00\",\"author\":{\"@id\":\"https:\/\/www.visit-ulcinj.com\/blog\/#\/schema\/person\/dcab619c614d3038751c63bc2aadc06d\"},\"description\":\"Big Brothe Albania - T\u00c3\u00ab ulur n\u00c3\u00ab banakun e kuzhin\u00c3\u00abs, Qetsori dhe Mimoza nisin nj\u00c3\u00ab bised\u00c3\u00ab paksa ngacmuese mes tyre.\",\"breadcrumb\":{\"@id\":\"https:\/\/www.visit-ulcinj.com\/blog\/2009\/02\/19\/sori-imagjinon-mozen-te-shendoshe\/#breadcrumb\"},\"inLanguage\":\"en-US\",\"potentialAction\":[{\"@type\":\"ReadAction\",\"target\":[\"https:\/\/www.visit-ulcinj.com\/blog\/2009\/02\/19\/sori-imagjinon-mozen-te-shendoshe\/\"]}]},{\"@type\":\"BreadcrumbList\",\"@id\":\"https:\/\/www.visit-ulcinj.com\/blog\/2009\/02\/19\/sori-imagjinon-mozen-te-shendoshe\/#breadcrumb\",\"itemListElement\":[{\"@type\":\"ListItem\",\"position\":1,\"name\":\"Sori imagjinon Moz\u00ebn t\u00eb sh\u00ebndosh\u00eb\"}]},{\"@type\":\"Person\",\"@id\":\"https:\/\/www.visit-ulcinj.com\/blog\/#\/schema\/person\/dcab619c614d3038751c63bc2aadc06d\",\"name\":\"ulqini\",\"sameAs\":[\"http:\/\/www.visit-ulcinj.com\"],\"url\":\"https:\/\/www.visit-ulcinj.com\/blog\/author\/admin\/\"}]}<\/script>\n<!-- \/ Yoast SEO plugin. -->","yoast_head_json":{"title":"Sori imagjinon Moz\u00c3\u00abn t\u00c3\u00ab sh\u00c3\u00abndosh\u00c3\u00ab - Big Brother Albania","description":"Big Brothe Albania - T\u00c3\u00ab ulur n\u00c3\u00ab banakun e kuzhin\u00c3\u00abs, Qetsori dhe Mimoza nisin nj\u00c3\u00ab bised\u00c3\u00ab paksa ngacmuese mes tyre.","robots":{"index":"index","follow":"follow","max-snippet":"max-snippet:-1","max-image-preview":"max-image-preview:large","max-video-preview":"max-video-preview:-1"},"canonical":"https:\/\/www.visit-ulcinj.com\/blog\/2009\/02\/19\/sori-imagjinon-mozen-te-shendoshe\/","og_locale":"en_US","og_type":"article","og_title":"Sori imagjinon Moz\u00c3\u00abn t\u00c3\u00ab sh\u00c3\u00abndosh\u00c3\u00ab - Big Brother Albania","og_description":"Big Brothe Albania - T\u00c3\u00ab ulur n\u00c3\u00ab banakun e kuzhin\u00c3\u00abs, Qetsori dhe Mimoza nisin nj\u00c3\u00ab bised\u00c3\u00ab paksa ngacmuese mes tyre.","og_url":"https:\/\/www.visit-ulcinj.com\/blog\/2009\/02\/19\/sori-imagjinon-mozen-te-shendoshe\/","og_site_name":"Lajme nga Ulqini","article_published_time":"2009-02-19T14:50:03+00:00","og_image":[{"url":"http:\/\/www.visit-ulcinj.com\/blog\/wp-content\/uploads\/2009\/02\/moza-dhe-sori.jpg"}],"twitter_misc":{"Written by":"ulqini","Est. reading time":"1 minute"},"schema":{"@context":"https:\/\/schema.org","@graph":[{"@type":"WebSite","@id":"https:\/\/www.visit-ulcinj.com\/blog\/#website","url":"https:\/\/www.visit-ulcinj.com\/blog\/","name":"Lajme nga Ulqini","description":"Lajme,Vijesti,Ulqini,Ulqin,Crna Gora,Mali i Zi","potentialAction":[{"@type":"SearchAction","target":{"@type":"EntryPoint","urlTemplate":"https:\/\/www.visit-ulcinj.com\/blog\/?s={search_term_string}"},"query-input":"required name=search_term_string"}],"inLanguage":"en-US"},{"@type":"ImageObject","inLanguage":"en-US","@id":"https:\/\/www.visit-ulcinj.com\/blog\/2009\/02\/19\/sori-imagjinon-mozen-te-shendoshe\/#primaryimage","url":"http:\/\/www.visit-ulcinj.com\/blog\/wp-content\/uploads\/2009\/02\/moza-dhe-sori.jpg","contentUrl":"http:\/\/www.visit-ulcinj.com\/blog\/wp-content\/uploads\/2009\/02\/moza-dhe-sori.jpg"},{"@type":"WebPage","@id":"https:\/\/www.visit-ulcinj.com\/blog\/2009\/02\/19\/sori-imagjinon-mozen-te-shendoshe\/#webpage","url":"https:\/\/www.visit-ulcinj.com\/blog\/2009\/02\/19\/sori-imagjinon-mozen-te-shendoshe\/","name":"Sori imagjinon Moz\u00c3\u00abn t\u00c3\u00ab sh\u00c3\u00abndosh\u00c3\u00ab - Big Brother Albania","isPartOf":{"@id":"https:\/\/www.visit-ulcinj.com\/blog\/#website"},"primaryImageOfPage":{"@id":"https:\/\/www.visit-ulcinj.com\/blog\/2009\/02\/19\/sori-imagjinon-mozen-te-shendoshe\/#primaryimage"},"datePublished":"2009-02-19T14:50:03+00:00","dateModified":"2009-02-19T14:50:03+00:00","author":{"@id":"https:\/\/www.visit-ulcinj.com\/blog\/#\/schema\/person\/dcab619c614d3038751c63bc2aadc06d"},"description":"Big Brothe Albania - T\u00c3\u00ab ulur n\u00c3\u00ab banakun e kuzhin\u00c3\u00abs, Qetsori dhe Mimoza nisin nj\u00c3\u00ab bised\u00c3\u00ab paksa ngacmuese mes tyre.","breadcrumb":{"@id":"https:\/\/www.visit-ulcinj.com\/blog\/2009\/02\/19\/sori-imagjinon-mozen-te-shendoshe\/#breadcrumb"},"inLanguage":"en-US","potentialAction":[{"@type":"ReadAction","target":["https:\/\/www.visit-ulcinj.com\/blog\/2009\/02\/19\/sori-imagjinon-mozen-te-shendoshe\/"]}]},{"@type":"BreadcrumbList","@id":"https:\/\/www.visit-ulcinj.com\/blog\/2009\/02\/19\/sori-imagjinon-mozen-te-shendoshe\/#breadcrumb","itemListElement":[{"@type":"ListItem","position":1,"name":"Sori imagjinon Moz\u00ebn t\u00eb sh\u00ebndosh\u00eb"}]},{"@type":"Person","@id":"https:\/\/www.visit-ulcinj.com\/blog\/#\/schema\/person\/dcab619c614d3038751c63bc2aadc06d","name":"ulqini","sameAs":["http:\/\/www.visit-ulcinj.com"],"url":"https:\/\/www.visit-ulcinj.com\/blog\/author\/admin\/"}]}},"jetpack_featured_media_url":"","jetpack_sharing_enabled":true,"jetpack_shortlink":"https:\/\/wp.me\/pe6lTn-31V","_links":{"self":[{"href":"https:\/\/www.visit-ulcinj.com\/blog\/wp-json\/wp\/v2\/posts\/11651"}],"collection":[{"href":"https:\/\/www.visit-ulcinj.com\/blog\/wp-json\/wp\/v2\/posts"}],"about":[{"href":"https:\/\/www.visit-ulcinj.com\/blog\/wp-json\/wp\/v2\/types\/post"}],"author":[{"embeddable":true,"href":"https:\/\/www.visit-ulcinj.com\/blog\/wp-json\/wp\/v2\/users\/1"}],"replies":[{"embeddable":true,"href":"https:\/\/www.visit-ulcinj.com\/blog\/wp-json\/wp\/v2\/comments?post=11651"}],"version-history":[{"count":0,"href":"https:\/\/www.visit-ulcinj.com\/blog\/wp-json\/wp\/v2\/posts\/11651\/revisions"}],"wp:attachment":[{"href":"https:\/\/www.visit-ulcinj.com\/blog\/wp-json\/wp\/v2\/media?parent=11651"}],"wp:term":[{"taxonomy":"category","embeddable":true,"href":"https:\/\/www.visit-ulcinj.com\/blog\/wp-json\/wp\/v2\/categories?post=11651"},{"taxonomy":"post_tag","embeddable":true,"href":"https:\/\/www.visit-ulcinj.com\/blog\/wp-json\/wp\/v2\/tags?post=11651"}],"curies":[{"name":"wp","href":"https:\/\/api.w.org\/{rel}","templated":true}]}}