{"id":11660,"date":"2009-02-19T15:58:53","date_gmt":"2009-02-19T14:58:53","guid":{"rendered":"http:\/\/www.visit-ulcinj.com\/blog\/?p=11660"},"modified":"2009-02-19T15:58:53","modified_gmt":"2009-02-19T14:58:53","slug":"bjorni-dhe-aida-flene-ne-tende","status":"publish","type":"post","link":"https:\/\/www.visit-ulcinj.com\/blog\/2009\/02\/19\/bjorni-dhe-aida-flene-ne-tende\/","title":{"rendered":"Bjorni dhe Aida flen\u00eb n\u00eb tend\u00eb"},"content":{"rendered":"<p><strong><\/strong><a href=\"http:\/\/www.visit-ulcinj.com\/blog\/wp-content\/uploads\/2009\/02\/bjordi-dhe-aida-ne-tende.jpg\"><img loading=\"lazy\" class=\"alignleft size-full wp-image-11661\" title=\"bjordi-dhe-aida-ne-tende-big-brother-albania\" src=\"http:\/\/www.visit-ulcinj.com\/blog\/wp-content\/uploads\/2009\/02\/bjordi-dhe-aida-ne-tende.jpg\" alt=\"bjordi-dhe-aida-ne-tende-big-brother-albania\" width=\"300\" height=\"205\" \/><\/a><em><span class=\"newsdate\">15\/02\/09 01:00 <\/span><\/em><\/p>\n<p>Darka e mrekullueshme q\u00eb priste Dritanin dhe t\u00eb fejuar\u00ebn e tij dhe tenda n\u00eb zon\u00ebn e kampingut nuk mund t\u00eb shkonin kot. Prandaj, Big Brother vendosi t\u2019u linte banor\u00ebve nj\u00eb mund\u00ebsi p\u00ebr ta shfryt\u00ebzuar at\u00eb. \u00c7ifti q\u00eb do t\u00eb ofrohej p\u00ebr ta b\u00ebr\u00eb k\u00ebt\u00eb e q\u00eb nuk do t\u00eb kund\u00ebrshtohej nga banor\u00ebt e tjer\u00eb do ta g\u00ebzonte dark\u00ebn dhe at\u00eb hap\u00ebsir\u00eb, t\u00eb gjith\u00ebn p\u00ebr vete. Fillimisht u ofruan Lirita dhe Aida, por duke qen\u00eb se duhej t\u00eb ishin nj\u00eb mashkull, nj\u00eb fem\u00ebr, gjithmon\u00eb sipas rregullave t\u00eb V\u00ebllait t\u00eb madh, u vetzgjodh\u00ebn dhe u pranuan Bjordi dhe Aida. Ata kan\u00eb shijuar t\u00eb k\u00ebnaqur dark\u00ebn e mrekullueshme t\u00eb p\u00ebrgatitur p\u00ebr Dritanin e t\u00eb fejuar\u00ebn e tij dhe e kan\u00eb kaluar gjith\u00eb nat\u00ebn duke biseduar. N\u00eb m\u00ebngjes, Aida, e lodhur por e k\u00ebnaqur nga nata e sapokaluar, ka th\u00ebn\u00eb: -\u201cKu \u00ebsht\u00eb ai Dritani, se do ta vdes fare, pse kishte turp ai?! Nuk e keni iden\u00eb sa mir\u00eb kemi kaluar. Si\u00e7 tha edhe Bjordi, -vazhdoi ajo, -edhe nj\u00eb shoqe po t\u00eb m\u00eb kishte ardhur, un\u00eb do t\u00eb kisha pranuar t\u00eb flija n\u00eb tend\u00eb. Thjesht p\u00ebr t\u2019u \u00e7mallur, thjesht p\u00ebr t\u00eb folur.\u201d<\/p>\n","protected":false},"excerpt":{"rendered":"<p>15\/02\/09 01:00 Darka e mrekullueshme q\u00eb priste Dritanin dhe t\u00eb fejuar\u00ebn e tij dhe tenda n\u00eb zon\u00ebn e kampingut nuk mund t\u00eb shkonin kot. Prandaj, Big Brother vendosi t\u2019u linte banor\u00ebve nj\u00eb mund\u00ebsi p\u00ebr ta shfryt\u00ebzuar at\u00eb. \u00c7ifti q\u00eb do t\u00eb ofrohej p\u00ebr ta b\u00ebr\u00eb k\u00ebt\u00eb e q\u00eb nuk do t\u00eb kund\u00ebrshtohej nga banor\u00ebt e [&hellip;]<\/p>\n","protected":false},"author":1,"featured_media":0,"comment_status":"open","ping_status":"closed","sticky":false,"template":"","format":"standard","meta":{"spay_email":"","jetpack_publicize_message":"","jetpack_is_tweetstorm":false,"jetpack_publicize_feature_enabled":true},"categories":[6502],"tags":[6566,6506,6712,6688,6689,6665,6907,6905,6898,6693,6893,6887],"jetpack_publicize_connections":[],"yoast_head":"<!-- This site is optimized with the Yoast SEO plugin v19.1 - https:\/\/yoast.com\/wordpress\/plugins\/seo\/ -->\n<title>Bjorni dhe Aida flen\u00c3\u00ab n\u00c3\u00ab tend\u00c3\u00ab - Big Brother Albania<\/title>\n<meta name=\"description\" content=\"Big Brother Albania - Darka e mrekullueshme q\u00c3\u00ab priste Dritanin dhe t\u00c3\u00ab fejuar\u00c3\u00abn e tij dhe tenda n\u00c3\u00ab zon\u00c3\u00abn e kampingut nuk mund t\u00c3\u00ab shkonin kot.\" \/>\n<meta name=\"robots\" content=\"index, follow, max-snippet:-1, max-image-preview:large, max-video-preview:-1\" \/>\n<link rel=\"canonical\" href=\"https:\/\/www.visit-ulcinj.com\/blog\/2009\/02\/19\/bjorni-dhe-aida-flene-ne-tende\/\" \/>\n<meta property=\"og:locale\" content=\"en_US\" \/>\n<meta property=\"og:type\" content=\"article\" \/>\n<meta property=\"og:title\" content=\"Bjorni dhe Aida flen\u00c3\u00ab n\u00c3\u00ab tend\u00c3\u00ab - Big Brother Albania\" \/>\n<meta property=\"og:description\" content=\"Big Brother Albania - Darka e mrekullueshme q\u00c3\u00ab priste Dritanin dhe t\u00c3\u00ab fejuar\u00c3\u00abn e tij dhe tenda n\u00c3\u00ab zon\u00c3\u00abn e kampingut nuk mund t\u00c3\u00ab shkonin kot.\" \/>\n<meta property=\"og:url\" content=\"https:\/\/www.visit-ulcinj.com\/blog\/2009\/02\/19\/bjorni-dhe-aida-flene-ne-tende\/\" \/>\n<meta property=\"og:site_name\" content=\"Lajme nga Ulqini\" \/>\n<meta property=\"article:published_time\" content=\"2009-02-19T14:58:53+00:00\" \/>\n<meta property=\"og:image\" content=\"http:\/\/www.visit-ulcinj.com\/blog\/wp-content\/uploads\/2009\/02\/bjordi-dhe-aida-ne-tende.jpg\" \/>\n<meta name=\"twitter:label1\" content=\"Written by\" \/>\n\t<meta name=\"twitter:data1\" content=\"ulqini\" \/>\n\t<meta name=\"twitter:label2\" content=\"Est. reading time\" \/>\n\t<meta name=\"twitter:data2\" content=\"1 minute\" \/>\n<script type=\"application\/ld+json\" class=\"yoast-schema-graph\">{\"@context\":\"https:\/\/schema.org\",\"@graph\":[{\"@type\":\"WebSite\",\"@id\":\"https:\/\/www.visit-ulcinj.com\/blog\/#website\",\"url\":\"https:\/\/www.visit-ulcinj.com\/blog\/\",\"name\":\"Lajme nga Ulqini\",\"description\":\"Lajme,Vijesti,Ulqini,Ulqin,Crna Gora,Mali i Zi\",\"potentialAction\":[{\"@type\":\"SearchAction\",\"target\":{\"@type\":\"EntryPoint\",\"urlTemplate\":\"https:\/\/www.visit-ulcinj.com\/blog\/?s={search_term_string}\"},\"query-input\":\"required name=search_term_string\"}],\"inLanguage\":\"en-US\"},{\"@type\":\"ImageObject\",\"inLanguage\":\"en-US\",\"@id\":\"https:\/\/www.visit-ulcinj.com\/blog\/2009\/02\/19\/bjorni-dhe-aida-flene-ne-tende\/#primaryimage\",\"url\":\"http:\/\/www.visit-ulcinj.com\/blog\/wp-content\/uploads\/2009\/02\/bjordi-dhe-aida-ne-tende.jpg\",\"contentUrl\":\"http:\/\/www.visit-ulcinj.com\/blog\/wp-content\/uploads\/2009\/02\/bjordi-dhe-aida-ne-tende.jpg\"},{\"@type\":\"WebPage\",\"@id\":\"https:\/\/www.visit-ulcinj.com\/blog\/2009\/02\/19\/bjorni-dhe-aida-flene-ne-tende\/#webpage\",\"url\":\"https:\/\/www.visit-ulcinj.com\/blog\/2009\/02\/19\/bjorni-dhe-aida-flene-ne-tende\/\",\"name\":\"Bjorni dhe Aida flen\u00c3\u00ab n\u00c3\u00ab tend\u00c3\u00ab - Big Brother Albania\",\"isPartOf\":{\"@id\":\"https:\/\/www.visit-ulcinj.com\/blog\/#website\"},\"primaryImageOfPage\":{\"@id\":\"https:\/\/www.visit-ulcinj.com\/blog\/2009\/02\/19\/bjorni-dhe-aida-flene-ne-tende\/#primaryimage\"},\"datePublished\":\"2009-02-19T14:58:53+00:00\",\"dateModified\":\"2009-02-19T14:58:53+00:00\",\"author\":{\"@id\":\"https:\/\/www.visit-ulcinj.com\/blog\/#\/schema\/person\/dcab619c614d3038751c63bc2aadc06d\"},\"description\":\"Big Brother Albania - Darka e mrekullueshme q\u00c3\u00ab priste Dritanin dhe t\u00c3\u00ab fejuar\u00c3\u00abn e tij dhe tenda n\u00c3\u00ab zon\u00c3\u00abn e kampingut nuk mund t\u00c3\u00ab shkonin kot.\",\"breadcrumb\":{\"@id\":\"https:\/\/www.visit-ulcinj.com\/blog\/2009\/02\/19\/bjorni-dhe-aida-flene-ne-tende\/#breadcrumb\"},\"inLanguage\":\"en-US\",\"potentialAction\":[{\"@type\":\"ReadAction\",\"target\":[\"https:\/\/www.visit-ulcinj.com\/blog\/2009\/02\/19\/bjorni-dhe-aida-flene-ne-tende\/\"]}]},{\"@type\":\"BreadcrumbList\",\"@id\":\"https:\/\/www.visit-ulcinj.com\/blog\/2009\/02\/19\/bjorni-dhe-aida-flene-ne-tende\/#breadcrumb\",\"itemListElement\":[{\"@type\":\"ListItem\",\"position\":1,\"name\":\"Bjorni dhe Aida flen\u00eb n\u00eb tend\u00eb\"}]},{\"@type\":\"Person\",\"@id\":\"https:\/\/www.visit-ulcinj.com\/blog\/#\/schema\/person\/dcab619c614d3038751c63bc2aadc06d\",\"name\":\"ulqini\",\"sameAs\":[\"http:\/\/www.visit-ulcinj.com\"],\"url\":\"https:\/\/www.visit-ulcinj.com\/blog\/author\/admin\/\"}]}<\/script>\n<!-- \/ Yoast SEO plugin. -->","yoast_head_json":{"title":"Bjorni dhe Aida flen\u00c3\u00ab n\u00c3\u00ab tend\u00c3\u00ab - Big Brother Albania","description":"Big Brother Albania - Darka e mrekullueshme q\u00c3\u00ab priste Dritanin dhe t\u00c3\u00ab fejuar\u00c3\u00abn e tij dhe tenda n\u00c3\u00ab zon\u00c3\u00abn e kampingut nuk mund t\u00c3\u00ab shkonin kot.","robots":{"index":"index","follow":"follow","max-snippet":"max-snippet:-1","max-image-preview":"max-image-preview:large","max-video-preview":"max-video-preview:-1"},"canonical":"https:\/\/www.visit-ulcinj.com\/blog\/2009\/02\/19\/bjorni-dhe-aida-flene-ne-tende\/","og_locale":"en_US","og_type":"article","og_title":"Bjorni dhe Aida flen\u00c3\u00ab n\u00c3\u00ab tend\u00c3\u00ab - Big Brother Albania","og_description":"Big Brother Albania - Darka e mrekullueshme q\u00c3\u00ab priste Dritanin dhe t\u00c3\u00ab fejuar\u00c3\u00abn e tij dhe tenda n\u00c3\u00ab zon\u00c3\u00abn e kampingut nuk mund t\u00c3\u00ab shkonin kot.","og_url":"https:\/\/www.visit-ulcinj.com\/blog\/2009\/02\/19\/bjorni-dhe-aida-flene-ne-tende\/","og_site_name":"Lajme nga Ulqini","article_published_time":"2009-02-19T14:58:53+00:00","og_image":[{"url":"http:\/\/www.visit-ulcinj.com\/blog\/wp-content\/uploads\/2009\/02\/bjordi-dhe-aida-ne-tende.jpg"}],"twitter_misc":{"Written by":"ulqini","Est. reading time":"1 minute"},"schema":{"@context":"https:\/\/schema.org","@graph":[{"@type":"WebSite","@id":"https:\/\/www.visit-ulcinj.com\/blog\/#website","url":"https:\/\/www.visit-ulcinj.com\/blog\/","name":"Lajme nga Ulqini","description":"Lajme,Vijesti,Ulqini,Ulqin,Crna Gora,Mali i Zi","potentialAction":[{"@type":"SearchAction","target":{"@type":"EntryPoint","urlTemplate":"https:\/\/www.visit-ulcinj.com\/blog\/?s={search_term_string}"},"query-input":"required name=search_term_string"}],"inLanguage":"en-US"},{"@type":"ImageObject","inLanguage":"en-US","@id":"https:\/\/www.visit-ulcinj.com\/blog\/2009\/02\/19\/bjorni-dhe-aida-flene-ne-tende\/#primaryimage","url":"http:\/\/www.visit-ulcinj.com\/blog\/wp-content\/uploads\/2009\/02\/bjordi-dhe-aida-ne-tende.jpg","contentUrl":"http:\/\/www.visit-ulcinj.com\/blog\/wp-content\/uploads\/2009\/02\/bjordi-dhe-aida-ne-tende.jpg"},{"@type":"WebPage","@id":"https:\/\/www.visit-ulcinj.com\/blog\/2009\/02\/19\/bjorni-dhe-aida-flene-ne-tende\/#webpage","url":"https:\/\/www.visit-ulcinj.com\/blog\/2009\/02\/19\/bjorni-dhe-aida-flene-ne-tende\/","name":"Bjorni dhe Aida flen\u00c3\u00ab n\u00c3\u00ab tend\u00c3\u00ab - Big Brother Albania","isPartOf":{"@id":"https:\/\/www.visit-ulcinj.com\/blog\/#website"},"primaryImageOfPage":{"@id":"https:\/\/www.visit-ulcinj.com\/blog\/2009\/02\/19\/bjorni-dhe-aida-flene-ne-tende\/#primaryimage"},"datePublished":"2009-02-19T14:58:53+00:00","dateModified":"2009-02-19T14:58:53+00:00","author":{"@id":"https:\/\/www.visit-ulcinj.com\/blog\/#\/schema\/person\/dcab619c614d3038751c63bc2aadc06d"},"description":"Big Brother Albania - Darka e mrekullueshme q\u00c3\u00ab priste Dritanin dhe t\u00c3\u00ab fejuar\u00c3\u00abn e tij dhe tenda n\u00c3\u00ab zon\u00c3\u00abn e kampingut nuk mund t\u00c3\u00ab shkonin kot.","breadcrumb":{"@id":"https:\/\/www.visit-ulcinj.com\/blog\/2009\/02\/19\/bjorni-dhe-aida-flene-ne-tende\/#breadcrumb"},"inLanguage":"en-US","potentialAction":[{"@type":"ReadAction","target":["https:\/\/www.visit-ulcinj.com\/blog\/2009\/02\/19\/bjorni-dhe-aida-flene-ne-tende\/"]}]},{"@type":"BreadcrumbList","@id":"https:\/\/www.visit-ulcinj.com\/blog\/2009\/02\/19\/bjorni-dhe-aida-flene-ne-tende\/#breadcrumb","itemListElement":[{"@type":"ListItem","position":1,"name":"Bjorni dhe Aida flen\u00eb n\u00eb tend\u00eb"}]},{"@type":"Person","@id":"https:\/\/www.visit-ulcinj.com\/blog\/#\/schema\/person\/dcab619c614d3038751c63bc2aadc06d","name":"ulqini","sameAs":["http:\/\/www.visit-ulcinj.com"],"url":"https:\/\/www.visit-ulcinj.com\/blog\/author\/admin\/"}]}},"jetpack_featured_media_url":"","jetpack_sharing_enabled":true,"jetpack_shortlink":"https:\/\/wp.me\/pe6lTn-324","_links":{"self":[{"href":"https:\/\/www.visit-ulcinj.com\/blog\/wp-json\/wp\/v2\/posts\/11660"}],"collection":[{"href":"https:\/\/www.visit-ulcinj.com\/blog\/wp-json\/wp\/v2\/posts"}],"about":[{"href":"https:\/\/www.visit-ulcinj.com\/blog\/wp-json\/wp\/v2\/types\/post"}],"author":[{"embeddable":true,"href":"https:\/\/www.visit-ulcinj.com\/blog\/wp-json\/wp\/v2\/users\/1"}],"replies":[{"embeddable":true,"href":"https:\/\/www.visit-ulcinj.com\/blog\/wp-json\/wp\/v2\/comments?post=11660"}],"version-history":[{"count":0,"href":"https:\/\/www.visit-ulcinj.com\/blog\/wp-json\/wp\/v2\/posts\/11660\/revisions"}],"wp:attachment":[{"href":"https:\/\/www.visit-ulcinj.com\/blog\/wp-json\/wp\/v2\/media?parent=11660"}],"wp:term":[{"taxonomy":"category","embeddable":true,"href":"https:\/\/www.visit-ulcinj.com\/blog\/wp-json\/wp\/v2\/categories?post=11660"},{"taxonomy":"post_tag","embeddable":true,"href":"https:\/\/www.visit-ulcinj.com\/blog\/wp-json\/wp\/v2\/tags?post=11660"}],"curies":[{"name":"wp","href":"https:\/\/api.w.org\/{rel}","templated":true}]}}