{"id":11664,"date":"2009-02-19T16:01:38","date_gmt":"2009-02-19T15:01:38","guid":{"rendered":"http:\/\/www.visit-ulcinj.com\/blog\/?p=11664"},"modified":"2009-02-19T16:01:38","modified_gmt":"2009-02-19T15:01:38","slug":"adelajde-flet-me-te-fejuarin","status":"publish","type":"post","link":"https:\/\/www.visit-ulcinj.com\/blog\/2009\/02\/19\/adelajde-flet-me-te-fejuarin\/","title":{"rendered":"Adelajde flet me t\u00eb fejuarin"},"content":{"rendered":"<p><strong><\/strong><em><span class=\"newsdate\">1<a href=\"http:\/\/www.visit-ulcinj.com\/blog\/wp-content\/uploads\/2009\/02\/adelajda-ifejuari.jpg\"><img loading=\"lazy\" class=\"alignleft size-full wp-image-11665\" title=\"adelajda-ifejuari-big-brother-albania\" src=\"http:\/\/www.visit-ulcinj.com\/blog\/wp-content\/uploads\/2009\/02\/adelajda-ifejuari.jpg\" alt=\"adelajda-ifejuari-big-brother-albania\" width=\"300\" height=\"205\" \/><\/a>4\/02\/09 23:00<\/span><\/em><\/p>\n<p>Suprizat nuk kan\u00eb munduar as p\u00ebr Adelajden. Edhe p\u00ebr t\u00eb ishte Sh\u00ebn Valentin. Ndaj, gjat\u00eb spektaklit, V\u00ebllai i madh, ka dashur q\u00eb ajo t\u00eb fla\u00ebs me t\u00eb fejuarin. N\u00eb fakt, gjat\u00eb gjith\u00eb jav\u00ebs, autor\u00ebt kan\u00eb k\u00ebrkuar e k\u00ebmb\u00ebngulur q\u00eb ai t\u00eb vinte n\u00eb studio, por pa arritur q\u00eb t\u2019ia mbushin mendjen. E vetmja alternativ\u00eb e mbetur ishte mund\u00ebsimi i nj\u00eb lidhjeje telefonike mes tij dhe Adel\u00ebs. Por fillimisht edhe kjo rezultoi e pasuksesshme: telefoni i tij ishte i fikur. Por, me sa duket, ai, si n\u00eb fund t\u00eb fundit t\u00eb gjitha familjet shqiptare, ishte duke ndjekur spektaklin Big Brother, n\u00eb Top Chanel dhe menj\u00ebher\u00eb e ka hapur telefonin. K\u00ebshtu \u00ebsht\u00eb b\u00ebr\u00eb e mundur q\u00eb me ndihm\u00ebn e Arban\u00ebs, ata t\u00eb flasin me nj\u00ebri-tjetrin. Por nuk ka ndodhur ajo q\u00eb ndoshta prisnin t\u00eb gjith\u00eb, nj\u00eb bised\u00eb me nota romantike mes tyre. N\u00eb fakt, ai ka qen\u00eb kund\u00ebr vendimit q\u00eb Adelajda t\u00eb hynte n\u00eb sht\u00ebpin\u00eb e V\u00ebllait t\u00eb madh dhe kjo ka shkaktuar nj\u00eb shk\u00ebputje n\u00eb lidhjen pes\u00ebvjecare t\u00eb tyre. Ai i ka th\u00ebn\u00eb Adelajdes vet\u00ebm:- \u201cMundohu t\u00eb jesh vetvetja, ti je vajz\u00eb e mir\u00eb dhe e sjellshme!\u201d, fjal\u00eb aspak prej nj\u00eb t\u00eb dashuruari t\u00eb p\u00ebrmalluar. Me insistimin e Arban\u00ebs dhe ngacmimeve t\u00eb saj, pyetjes \u201cA e ke ti xhan Adelajden?\u201d ai mezi iu p\u00ebrgjigj q\u00eb e ka.<\/p>\n","protected":false},"excerpt":{"rendered":"<p>14\/02\/09 23:00 Suprizat nuk kan\u00eb munduar as p\u00ebr Adelajden. Edhe p\u00ebr t\u00eb ishte Sh\u00ebn Valentin. Ndaj, gjat\u00eb spektaklit, V\u00ebllai i madh, ka dashur q\u00eb ajo t\u00eb fla\u00ebs me t\u00eb fejuarin. N\u00eb fakt, gjat\u00eb gjith\u00eb jav\u00ebs, autor\u00ebt kan\u00eb k\u00ebrkuar e k\u00ebmb\u00ebngulur q\u00eb ai t\u00eb vinte n\u00eb studio, por pa arritur q\u00eb t\u2019ia mbushin mendjen. E vetmja [&hellip;]<\/p>\n","protected":false},"author":1,"featured_media":0,"comment_status":"open","ping_status":"closed","sticky":false,"template":"","format":"standard","meta":{"spay_email":"","jetpack_publicize_message":"","jetpack_is_tweetstorm":false,"jetpack_publicize_feature_enabled":true},"categories":[6502],"tags":[6562,6529,6908,6506,6712,6688,6689,6898,6414,6693,6893,6887],"jetpack_publicize_connections":[],"yoast_head":"<!-- This site is optimized with the Yoast SEO plugin v19.1 - https:\/\/yoast.com\/wordpress\/plugins\/seo\/ -->\n<title>Adelajde flet me t\u00c3\u00ab fejuarin - Big Brother Albania<\/title>\n<meta name=\"description\" content=\"Big Brother Albania - Suprizat nuk kan\u00c3\u00ab munduar as p\u00c3\u00abr Adelajden. Edhe p\u00c3\u00abr t\u00c3\u00ab ishte Sh\u00c3\u00abn Valentin.\" \/>\n<meta name=\"robots\" content=\"index, follow, max-snippet:-1, max-image-preview:large, max-video-preview:-1\" \/>\n<link rel=\"canonical\" href=\"https:\/\/www.visit-ulcinj.com\/blog\/2009\/02\/19\/adelajde-flet-me-te-fejuarin\/\" \/>\n<meta property=\"og:locale\" content=\"en_US\" \/>\n<meta property=\"og:type\" content=\"article\" \/>\n<meta property=\"og:title\" content=\"Adelajde flet me t\u00c3\u00ab fejuarin - Big Brother Albania\" \/>\n<meta property=\"og:description\" content=\"Big Brother Albania - Suprizat nuk kan\u00c3\u00ab munduar as p\u00c3\u00abr Adelajden. Edhe p\u00c3\u00abr t\u00c3\u00ab ishte Sh\u00c3\u00abn Valentin.\" \/>\n<meta property=\"og:url\" content=\"https:\/\/www.visit-ulcinj.com\/blog\/2009\/02\/19\/adelajde-flet-me-te-fejuarin\/\" \/>\n<meta property=\"og:site_name\" content=\"Lajme nga Ulqini\" \/>\n<meta property=\"article:published_time\" content=\"2009-02-19T15:01:38+00:00\" \/>\n<meta property=\"og:image\" content=\"http:\/\/www.visit-ulcinj.com\/blog\/wp-content\/uploads\/2009\/02\/adelajda-ifejuari.jpg\" \/>\n<meta name=\"twitter:label1\" content=\"Written by\" \/>\n\t<meta name=\"twitter:data1\" content=\"ulqini\" \/>\n\t<meta name=\"twitter:label2\" content=\"Est. reading time\" \/>\n\t<meta name=\"twitter:data2\" content=\"1 minute\" \/>\n<script type=\"application\/ld+json\" class=\"yoast-schema-graph\">{\"@context\":\"https:\/\/schema.org\",\"@graph\":[{\"@type\":\"WebSite\",\"@id\":\"https:\/\/www.visit-ulcinj.com\/blog\/#website\",\"url\":\"https:\/\/www.visit-ulcinj.com\/blog\/\",\"name\":\"Lajme nga Ulqini\",\"description\":\"Lajme,Vijesti,Ulqini,Ulqin,Crna Gora,Mali i Zi\",\"potentialAction\":[{\"@type\":\"SearchAction\",\"target\":{\"@type\":\"EntryPoint\",\"urlTemplate\":\"https:\/\/www.visit-ulcinj.com\/blog\/?s={search_term_string}\"},\"query-input\":\"required name=search_term_string\"}],\"inLanguage\":\"en-US\"},{\"@type\":\"ImageObject\",\"inLanguage\":\"en-US\",\"@id\":\"https:\/\/www.visit-ulcinj.com\/blog\/2009\/02\/19\/adelajde-flet-me-te-fejuarin\/#primaryimage\",\"url\":\"http:\/\/www.visit-ulcinj.com\/blog\/wp-content\/uploads\/2009\/02\/adelajda-ifejuari.jpg\",\"contentUrl\":\"http:\/\/www.visit-ulcinj.com\/blog\/wp-content\/uploads\/2009\/02\/adelajda-ifejuari.jpg\"},{\"@type\":\"WebPage\",\"@id\":\"https:\/\/www.visit-ulcinj.com\/blog\/2009\/02\/19\/adelajde-flet-me-te-fejuarin\/#webpage\",\"url\":\"https:\/\/www.visit-ulcinj.com\/blog\/2009\/02\/19\/adelajde-flet-me-te-fejuarin\/\",\"name\":\"Adelajde flet me t\u00c3\u00ab fejuarin - Big Brother Albania\",\"isPartOf\":{\"@id\":\"https:\/\/www.visit-ulcinj.com\/blog\/#website\"},\"primaryImageOfPage\":{\"@id\":\"https:\/\/www.visit-ulcinj.com\/blog\/2009\/02\/19\/adelajde-flet-me-te-fejuarin\/#primaryimage\"},\"datePublished\":\"2009-02-19T15:01:38+00:00\",\"dateModified\":\"2009-02-19T15:01:38+00:00\",\"author\":{\"@id\":\"https:\/\/www.visit-ulcinj.com\/blog\/#\/schema\/person\/dcab619c614d3038751c63bc2aadc06d\"},\"description\":\"Big Brother Albania - Suprizat nuk kan\u00c3\u00ab munduar as p\u00c3\u00abr Adelajden. Edhe p\u00c3\u00abr t\u00c3\u00ab ishte Sh\u00c3\u00abn Valentin.\",\"breadcrumb\":{\"@id\":\"https:\/\/www.visit-ulcinj.com\/blog\/2009\/02\/19\/adelajde-flet-me-te-fejuarin\/#breadcrumb\"},\"inLanguage\":\"en-US\",\"potentialAction\":[{\"@type\":\"ReadAction\",\"target\":[\"https:\/\/www.visit-ulcinj.com\/blog\/2009\/02\/19\/adelajde-flet-me-te-fejuarin\/\"]}]},{\"@type\":\"BreadcrumbList\",\"@id\":\"https:\/\/www.visit-ulcinj.com\/blog\/2009\/02\/19\/adelajde-flet-me-te-fejuarin\/#breadcrumb\",\"itemListElement\":[{\"@type\":\"ListItem\",\"position\":1,\"name\":\"Adelajde flet me t\u00eb fejuarin\"}]},{\"@type\":\"Person\",\"@id\":\"https:\/\/www.visit-ulcinj.com\/blog\/#\/schema\/person\/dcab619c614d3038751c63bc2aadc06d\",\"name\":\"ulqini\",\"sameAs\":[\"http:\/\/www.visit-ulcinj.com\"],\"url\":\"https:\/\/www.visit-ulcinj.com\/blog\/author\/admin\/\"}]}<\/script>\n<!-- \/ Yoast SEO plugin. -->","yoast_head_json":{"title":"Adelajde flet me t\u00c3\u00ab fejuarin - Big Brother Albania","description":"Big Brother Albania - Suprizat nuk kan\u00c3\u00ab munduar as p\u00c3\u00abr Adelajden. Edhe p\u00c3\u00abr t\u00c3\u00ab ishte Sh\u00c3\u00abn Valentin.","robots":{"index":"index","follow":"follow","max-snippet":"max-snippet:-1","max-image-preview":"max-image-preview:large","max-video-preview":"max-video-preview:-1"},"canonical":"https:\/\/www.visit-ulcinj.com\/blog\/2009\/02\/19\/adelajde-flet-me-te-fejuarin\/","og_locale":"en_US","og_type":"article","og_title":"Adelajde flet me t\u00c3\u00ab fejuarin - Big Brother Albania","og_description":"Big Brother Albania - Suprizat nuk kan\u00c3\u00ab munduar as p\u00c3\u00abr Adelajden. Edhe p\u00c3\u00abr t\u00c3\u00ab ishte Sh\u00c3\u00abn Valentin.","og_url":"https:\/\/www.visit-ulcinj.com\/blog\/2009\/02\/19\/adelajde-flet-me-te-fejuarin\/","og_site_name":"Lajme nga Ulqini","article_published_time":"2009-02-19T15:01:38+00:00","og_image":[{"url":"http:\/\/www.visit-ulcinj.com\/blog\/wp-content\/uploads\/2009\/02\/adelajda-ifejuari.jpg"}],"twitter_misc":{"Written by":"ulqini","Est. reading time":"1 minute"},"schema":{"@context":"https:\/\/schema.org","@graph":[{"@type":"WebSite","@id":"https:\/\/www.visit-ulcinj.com\/blog\/#website","url":"https:\/\/www.visit-ulcinj.com\/blog\/","name":"Lajme nga Ulqini","description":"Lajme,Vijesti,Ulqini,Ulqin,Crna Gora,Mali i Zi","potentialAction":[{"@type":"SearchAction","target":{"@type":"EntryPoint","urlTemplate":"https:\/\/www.visit-ulcinj.com\/blog\/?s={search_term_string}"},"query-input":"required name=search_term_string"}],"inLanguage":"en-US"},{"@type":"ImageObject","inLanguage":"en-US","@id":"https:\/\/www.visit-ulcinj.com\/blog\/2009\/02\/19\/adelajde-flet-me-te-fejuarin\/#primaryimage","url":"http:\/\/www.visit-ulcinj.com\/blog\/wp-content\/uploads\/2009\/02\/adelajda-ifejuari.jpg","contentUrl":"http:\/\/www.visit-ulcinj.com\/blog\/wp-content\/uploads\/2009\/02\/adelajda-ifejuari.jpg"},{"@type":"WebPage","@id":"https:\/\/www.visit-ulcinj.com\/blog\/2009\/02\/19\/adelajde-flet-me-te-fejuarin\/#webpage","url":"https:\/\/www.visit-ulcinj.com\/blog\/2009\/02\/19\/adelajde-flet-me-te-fejuarin\/","name":"Adelajde flet me t\u00c3\u00ab fejuarin - Big Brother Albania","isPartOf":{"@id":"https:\/\/www.visit-ulcinj.com\/blog\/#website"},"primaryImageOfPage":{"@id":"https:\/\/www.visit-ulcinj.com\/blog\/2009\/02\/19\/adelajde-flet-me-te-fejuarin\/#primaryimage"},"datePublished":"2009-02-19T15:01:38+00:00","dateModified":"2009-02-19T15:01:38+00:00","author":{"@id":"https:\/\/www.visit-ulcinj.com\/blog\/#\/schema\/person\/dcab619c614d3038751c63bc2aadc06d"},"description":"Big Brother Albania - Suprizat nuk kan\u00c3\u00ab munduar as p\u00c3\u00abr Adelajden. Edhe p\u00c3\u00abr t\u00c3\u00ab ishte Sh\u00c3\u00abn Valentin.","breadcrumb":{"@id":"https:\/\/www.visit-ulcinj.com\/blog\/2009\/02\/19\/adelajde-flet-me-te-fejuarin\/#breadcrumb"},"inLanguage":"en-US","potentialAction":[{"@type":"ReadAction","target":["https:\/\/www.visit-ulcinj.com\/blog\/2009\/02\/19\/adelajde-flet-me-te-fejuarin\/"]}]},{"@type":"BreadcrumbList","@id":"https:\/\/www.visit-ulcinj.com\/blog\/2009\/02\/19\/adelajde-flet-me-te-fejuarin\/#breadcrumb","itemListElement":[{"@type":"ListItem","position":1,"name":"Adelajde flet me t\u00eb fejuarin"}]},{"@type":"Person","@id":"https:\/\/www.visit-ulcinj.com\/blog\/#\/schema\/person\/dcab619c614d3038751c63bc2aadc06d","name":"ulqini","sameAs":["http:\/\/www.visit-ulcinj.com"],"url":"https:\/\/www.visit-ulcinj.com\/blog\/author\/admin\/"}]}},"jetpack_featured_media_url":"","jetpack_sharing_enabled":true,"jetpack_shortlink":"https:\/\/wp.me\/pe6lTn-328","_links":{"self":[{"href":"https:\/\/www.visit-ulcinj.com\/blog\/wp-json\/wp\/v2\/posts\/11664"}],"collection":[{"href":"https:\/\/www.visit-ulcinj.com\/blog\/wp-json\/wp\/v2\/posts"}],"about":[{"href":"https:\/\/www.visit-ulcinj.com\/blog\/wp-json\/wp\/v2\/types\/post"}],"author":[{"embeddable":true,"href":"https:\/\/www.visit-ulcinj.com\/blog\/wp-json\/wp\/v2\/users\/1"}],"replies":[{"embeddable":true,"href":"https:\/\/www.visit-ulcinj.com\/blog\/wp-json\/wp\/v2\/comments?post=11664"}],"version-history":[{"count":0,"href":"https:\/\/www.visit-ulcinj.com\/blog\/wp-json\/wp\/v2\/posts\/11664\/revisions"}],"wp:attachment":[{"href":"https:\/\/www.visit-ulcinj.com\/blog\/wp-json\/wp\/v2\/media?parent=11664"}],"wp:term":[{"taxonomy":"category","embeddable":true,"href":"https:\/\/www.visit-ulcinj.com\/blog\/wp-json\/wp\/v2\/categories?post=11664"},{"taxonomy":"post_tag","embeddable":true,"href":"https:\/\/www.visit-ulcinj.com\/blog\/wp-json\/wp\/v2\/tags?post=11664"}],"curies":[{"name":"wp","href":"https:\/\/api.w.org\/{rel}","templated":true}]}}