{"id":11670,"date":"2009-02-19T16:07:22","date_gmt":"2009-02-19T15:07:22","guid":{"rendered":"http:\/\/www.visit-ulcinj.com\/blog\/?p=11670"},"modified":"2009-02-19T16:07:22","modified_gmt":"2009-02-19T15:07:22","slug":"mimoza-vjen-nga-nje-tjeter-kulture","status":"publish","type":"post","link":"https:\/\/www.visit-ulcinj.com\/blog\/2009\/02\/19\/mimoza-vjen-nga-nje-tjeter-kulture\/","title":{"rendered":"Mimoza vjen nga nj\u00eb tjet\u00ebr kultur\u00eb"},"content":{"rendered":"<p><strong><span class=\"newstitlec\"><a href=\"http:\/\/www.visit-ulcinj.com\/blog\/wp-content\/uploads\/2009\/02\/bjordi4.jpg\"><img loading=\"lazy\" class=\"alignleft size-full wp-image-11671\" title=\"bjordi4-big-brother-albania\" src=\"http:\/\/www.visit-ulcinj.com\/blog\/wp-content\/uploads\/2009\/02\/bjordi4.jpg\" alt=\"bjordi4-big-brother-albania\" width=\"300\" height=\"225\" \/><\/a>Mimoza vjen nga nj\u00eb tjet\u00ebr kultur\u00eb<\/span><\/strong><br \/>\n<em><span class=\"newsdate\">16\/02\/09 13:00<\/span><\/em><\/p>\n<p>Bjordi u ka shprehur sot banor\u00ebve disa opinione t\u00eb tij n\u00eb lidhje me Mimoz\u00ebn. Ai ka th\u00ebn\u00eb se ajo i duket shum\u00eb e vog\u00ebl dhe kjo \u00ebsht\u00eb nj\u00eb v\u00ebshtir\u00ebsi p\u00ebr t\u00eb q\u00eb \u00ebsht\u00eb m\u00ebsuar q\u00eb t\u00eb gjith\u00eb miqt\u00eb, shok\u00eb apo shoqe, t\u2019i ket\u00eb t\u00eb pakt\u00ebn 3 vjet m\u00eb t\u00eb rritur se vetja. Gjithashtu edhe t\u00eb dashurat. Ai i ka treguar Republik\u00ebs se vet\u00ebm nj\u00eb t\u00eb dashur ka patur m\u00eb t\u00eb vog\u00ebl se vetja, t\u00eb tjerat jo. \u201cPastaj ajo vjen nga nj\u00eb tjet\u00ebr kultur\u00eb!\u201d \u2013 ka th\u00ebn\u00eb ai. Mbase p\u00ebr vajzat k\u00ebtu \u00ebsht\u00eb shum\u00eb e leht\u00eb q\u00eb t\u00eb kuptohen me t\u00eb, sepse n\u00eb fund t\u00eb fundit jan\u00eb rritur n\u00eb Shqip\u00ebri, nd\u00ebrsa p\u00ebr at\u00eb q\u00eb nga nj\u00eb vend tjet\u00ebr \u00ebsht\u00eb akoma dhe m\u00eb e v\u00ebshtir\u00eb.<\/p>\n","protected":false},"excerpt":{"rendered":"<p>Mimoza vjen nga nj\u00eb tjet\u00ebr kultur\u00eb 16\/02\/09 13:00 Bjordi u ka shprehur sot banor\u00ebve disa opinione t\u00eb tij n\u00eb lidhje me Mimoz\u00ebn. Ai ka th\u00ebn\u00eb se ajo i duket shum\u00eb e vog\u00ebl dhe kjo \u00ebsht\u00eb nj\u00eb v\u00ebshtir\u00ebsi p\u00ebr t\u00eb q\u00eb \u00ebsht\u00eb m\u00ebsuar q\u00eb t\u00eb gjith\u00eb miqt\u00eb, shok\u00eb apo shoqe, t\u2019i ket\u00eb t\u00eb pakt\u00ebn 3 vjet [&hellip;]<\/p>\n","protected":false},"author":1,"featured_media":0,"comment_status":"open","ping_status":"closed","sticky":false,"template":"","format":"standard","meta":{"spay_email":"","jetpack_publicize_message":"","jetpack_is_tweetstorm":false,"jetpack_publicize_feature_enabled":true},"categories":[6502],"tags":[6506,6712,6688,6689,6665,6898,49,6568,6918,3946,6693,6893,6887],"jetpack_publicize_connections":[],"yoast_head":"<!-- This site is optimized with the Yoast SEO plugin v19.1 - https:\/\/yoast.com\/wordpress\/plugins\/seo\/ -->\n<title>Mimoza vjen nga nj\u00c3\u00ab tjet\u00c3\u00abr kultur\u00c3\u00ab - Big Brother Albania<\/title>\n<meta name=\"description\" content=\"Big Brother Albania - Bjordi u ka shprehur sot banor\u00c3\u00abve disa opinione t\u00c3\u00ab tij n\u00c3\u00ab lidhje me Mimoz\u00c3\u00abn.\" \/>\n<meta name=\"robots\" content=\"index, follow, max-snippet:-1, max-image-preview:large, max-video-preview:-1\" \/>\n<link rel=\"canonical\" href=\"https:\/\/www.visit-ulcinj.com\/blog\/2009\/02\/19\/mimoza-vjen-nga-nje-tjeter-kulture\/\" \/>\n<meta property=\"og:locale\" content=\"en_US\" \/>\n<meta property=\"og:type\" content=\"article\" \/>\n<meta property=\"og:title\" content=\"Mimoza vjen nga nj\u00c3\u00ab tjet\u00c3\u00abr kultur\u00c3\u00ab - Big Brother Albania\" \/>\n<meta property=\"og:description\" content=\"Big Brother Albania - Bjordi u ka shprehur sot banor\u00c3\u00abve disa opinione t\u00c3\u00ab tij n\u00c3\u00ab lidhje me Mimoz\u00c3\u00abn.\" \/>\n<meta property=\"og:url\" content=\"https:\/\/www.visit-ulcinj.com\/blog\/2009\/02\/19\/mimoza-vjen-nga-nje-tjeter-kulture\/\" \/>\n<meta property=\"og:site_name\" content=\"Lajme nga Ulqini\" \/>\n<meta property=\"article:published_time\" content=\"2009-02-19T15:07:22+00:00\" \/>\n<meta property=\"og:image\" content=\"http:\/\/www.visit-ulcinj.com\/blog\/wp-content\/uploads\/2009\/02\/bjordi4.jpg\" \/>\n<meta name=\"twitter:label1\" content=\"Written by\" \/>\n\t<meta name=\"twitter:data1\" content=\"ulqini\" \/>\n\t<meta name=\"twitter:label2\" content=\"Est. reading time\" \/>\n\t<meta name=\"twitter:data2\" content=\"1 minute\" \/>\n<script type=\"application\/ld+json\" class=\"yoast-schema-graph\">{\"@context\":\"https:\/\/schema.org\",\"@graph\":[{\"@type\":\"WebSite\",\"@id\":\"https:\/\/www.visit-ulcinj.com\/blog\/#website\",\"url\":\"https:\/\/www.visit-ulcinj.com\/blog\/\",\"name\":\"Lajme nga Ulqini\",\"description\":\"Lajme,Vijesti,Ulqini,Ulqin,Crna Gora,Mali i Zi\",\"potentialAction\":[{\"@type\":\"SearchAction\",\"target\":{\"@type\":\"EntryPoint\",\"urlTemplate\":\"https:\/\/www.visit-ulcinj.com\/blog\/?s={search_term_string}\"},\"query-input\":\"required name=search_term_string\"}],\"inLanguage\":\"en-US\"},{\"@type\":\"ImageObject\",\"inLanguage\":\"en-US\",\"@id\":\"https:\/\/www.visit-ulcinj.com\/blog\/2009\/02\/19\/mimoza-vjen-nga-nje-tjeter-kulture\/#primaryimage\",\"url\":\"http:\/\/www.visit-ulcinj.com\/blog\/wp-content\/uploads\/2009\/02\/bjordi4.jpg\",\"contentUrl\":\"http:\/\/www.visit-ulcinj.com\/blog\/wp-content\/uploads\/2009\/02\/bjordi4.jpg\"},{\"@type\":\"WebPage\",\"@id\":\"https:\/\/www.visit-ulcinj.com\/blog\/2009\/02\/19\/mimoza-vjen-nga-nje-tjeter-kulture\/#webpage\",\"url\":\"https:\/\/www.visit-ulcinj.com\/blog\/2009\/02\/19\/mimoza-vjen-nga-nje-tjeter-kulture\/\",\"name\":\"Mimoza vjen nga nj\u00c3\u00ab tjet\u00c3\u00abr kultur\u00c3\u00ab - Big Brother Albania\",\"isPartOf\":{\"@id\":\"https:\/\/www.visit-ulcinj.com\/blog\/#website\"},\"primaryImageOfPage\":{\"@id\":\"https:\/\/www.visit-ulcinj.com\/blog\/2009\/02\/19\/mimoza-vjen-nga-nje-tjeter-kulture\/#primaryimage\"},\"datePublished\":\"2009-02-19T15:07:22+00:00\",\"dateModified\":\"2009-02-19T15:07:22+00:00\",\"author\":{\"@id\":\"https:\/\/www.visit-ulcinj.com\/blog\/#\/schema\/person\/dcab619c614d3038751c63bc2aadc06d\"},\"description\":\"Big Brother Albania - Bjordi u ka shprehur sot banor\u00c3\u00abve disa opinione t\u00c3\u00ab tij n\u00c3\u00ab lidhje me Mimoz\u00c3\u00abn.\",\"breadcrumb\":{\"@id\":\"https:\/\/www.visit-ulcinj.com\/blog\/2009\/02\/19\/mimoza-vjen-nga-nje-tjeter-kulture\/#breadcrumb\"},\"inLanguage\":\"en-US\",\"potentialAction\":[{\"@type\":\"ReadAction\",\"target\":[\"https:\/\/www.visit-ulcinj.com\/blog\/2009\/02\/19\/mimoza-vjen-nga-nje-tjeter-kulture\/\"]}]},{\"@type\":\"BreadcrumbList\",\"@id\":\"https:\/\/www.visit-ulcinj.com\/blog\/2009\/02\/19\/mimoza-vjen-nga-nje-tjeter-kulture\/#breadcrumb\",\"itemListElement\":[{\"@type\":\"ListItem\",\"position\":1,\"name\":\"Mimoza vjen nga nj\u00eb tjet\u00ebr kultur\u00eb\"}]},{\"@type\":\"Person\",\"@id\":\"https:\/\/www.visit-ulcinj.com\/blog\/#\/schema\/person\/dcab619c614d3038751c63bc2aadc06d\",\"name\":\"ulqini\",\"sameAs\":[\"http:\/\/www.visit-ulcinj.com\"],\"url\":\"https:\/\/www.visit-ulcinj.com\/blog\/author\/admin\/\"}]}<\/script>\n<!-- \/ Yoast SEO plugin. -->","yoast_head_json":{"title":"Mimoza vjen nga nj\u00c3\u00ab tjet\u00c3\u00abr kultur\u00c3\u00ab - Big Brother Albania","description":"Big Brother Albania - Bjordi u ka shprehur sot banor\u00c3\u00abve disa opinione t\u00c3\u00ab tij n\u00c3\u00ab lidhje me Mimoz\u00c3\u00abn.","robots":{"index":"index","follow":"follow","max-snippet":"max-snippet:-1","max-image-preview":"max-image-preview:large","max-video-preview":"max-video-preview:-1"},"canonical":"https:\/\/www.visit-ulcinj.com\/blog\/2009\/02\/19\/mimoza-vjen-nga-nje-tjeter-kulture\/","og_locale":"en_US","og_type":"article","og_title":"Mimoza vjen nga nj\u00c3\u00ab tjet\u00c3\u00abr kultur\u00c3\u00ab - Big Brother Albania","og_description":"Big Brother Albania - Bjordi u ka shprehur sot banor\u00c3\u00abve disa opinione t\u00c3\u00ab tij n\u00c3\u00ab lidhje me Mimoz\u00c3\u00abn.","og_url":"https:\/\/www.visit-ulcinj.com\/blog\/2009\/02\/19\/mimoza-vjen-nga-nje-tjeter-kulture\/","og_site_name":"Lajme nga Ulqini","article_published_time":"2009-02-19T15:07:22+00:00","og_image":[{"url":"http:\/\/www.visit-ulcinj.com\/blog\/wp-content\/uploads\/2009\/02\/bjordi4.jpg"}],"twitter_misc":{"Written by":"ulqini","Est. reading time":"1 minute"},"schema":{"@context":"https:\/\/schema.org","@graph":[{"@type":"WebSite","@id":"https:\/\/www.visit-ulcinj.com\/blog\/#website","url":"https:\/\/www.visit-ulcinj.com\/blog\/","name":"Lajme nga Ulqini","description":"Lajme,Vijesti,Ulqini,Ulqin,Crna Gora,Mali i Zi","potentialAction":[{"@type":"SearchAction","target":{"@type":"EntryPoint","urlTemplate":"https:\/\/www.visit-ulcinj.com\/blog\/?s={search_term_string}"},"query-input":"required name=search_term_string"}],"inLanguage":"en-US"},{"@type":"ImageObject","inLanguage":"en-US","@id":"https:\/\/www.visit-ulcinj.com\/blog\/2009\/02\/19\/mimoza-vjen-nga-nje-tjeter-kulture\/#primaryimage","url":"http:\/\/www.visit-ulcinj.com\/blog\/wp-content\/uploads\/2009\/02\/bjordi4.jpg","contentUrl":"http:\/\/www.visit-ulcinj.com\/blog\/wp-content\/uploads\/2009\/02\/bjordi4.jpg"},{"@type":"WebPage","@id":"https:\/\/www.visit-ulcinj.com\/blog\/2009\/02\/19\/mimoza-vjen-nga-nje-tjeter-kulture\/#webpage","url":"https:\/\/www.visit-ulcinj.com\/blog\/2009\/02\/19\/mimoza-vjen-nga-nje-tjeter-kulture\/","name":"Mimoza vjen nga nj\u00c3\u00ab tjet\u00c3\u00abr kultur\u00c3\u00ab - Big Brother Albania","isPartOf":{"@id":"https:\/\/www.visit-ulcinj.com\/blog\/#website"},"primaryImageOfPage":{"@id":"https:\/\/www.visit-ulcinj.com\/blog\/2009\/02\/19\/mimoza-vjen-nga-nje-tjeter-kulture\/#primaryimage"},"datePublished":"2009-02-19T15:07:22+00:00","dateModified":"2009-02-19T15:07:22+00:00","author":{"@id":"https:\/\/www.visit-ulcinj.com\/blog\/#\/schema\/person\/dcab619c614d3038751c63bc2aadc06d"},"description":"Big Brother Albania - Bjordi u ka shprehur sot banor\u00c3\u00abve disa opinione t\u00c3\u00ab tij n\u00c3\u00ab lidhje me Mimoz\u00c3\u00abn.","breadcrumb":{"@id":"https:\/\/www.visit-ulcinj.com\/blog\/2009\/02\/19\/mimoza-vjen-nga-nje-tjeter-kulture\/#breadcrumb"},"inLanguage":"en-US","potentialAction":[{"@type":"ReadAction","target":["https:\/\/www.visit-ulcinj.com\/blog\/2009\/02\/19\/mimoza-vjen-nga-nje-tjeter-kulture\/"]}]},{"@type":"BreadcrumbList","@id":"https:\/\/www.visit-ulcinj.com\/blog\/2009\/02\/19\/mimoza-vjen-nga-nje-tjeter-kulture\/#breadcrumb","itemListElement":[{"@type":"ListItem","position":1,"name":"Mimoza vjen nga nj\u00eb tjet\u00ebr kultur\u00eb"}]},{"@type":"Person","@id":"https:\/\/www.visit-ulcinj.com\/blog\/#\/schema\/person\/dcab619c614d3038751c63bc2aadc06d","name":"ulqini","sameAs":["http:\/\/www.visit-ulcinj.com"],"url":"https:\/\/www.visit-ulcinj.com\/blog\/author\/admin\/"}]}},"jetpack_featured_media_url":"","jetpack_sharing_enabled":true,"jetpack_shortlink":"https:\/\/wp.me\/pe6lTn-32e","_links":{"self":[{"href":"https:\/\/www.visit-ulcinj.com\/blog\/wp-json\/wp\/v2\/posts\/11670"}],"collection":[{"href":"https:\/\/www.visit-ulcinj.com\/blog\/wp-json\/wp\/v2\/posts"}],"about":[{"href":"https:\/\/www.visit-ulcinj.com\/blog\/wp-json\/wp\/v2\/types\/post"}],"author":[{"embeddable":true,"href":"https:\/\/www.visit-ulcinj.com\/blog\/wp-json\/wp\/v2\/users\/1"}],"replies":[{"embeddable":true,"href":"https:\/\/www.visit-ulcinj.com\/blog\/wp-json\/wp\/v2\/comments?post=11670"}],"version-history":[{"count":0,"href":"https:\/\/www.visit-ulcinj.com\/blog\/wp-json\/wp\/v2\/posts\/11670\/revisions"}],"wp:attachment":[{"href":"https:\/\/www.visit-ulcinj.com\/blog\/wp-json\/wp\/v2\/media?parent=11670"}],"wp:term":[{"taxonomy":"category","embeddable":true,"href":"https:\/\/www.visit-ulcinj.com\/blog\/wp-json\/wp\/v2\/categories?post=11670"},{"taxonomy":"post_tag","embeddable":true,"href":"https:\/\/www.visit-ulcinj.com\/blog\/wp-json\/wp\/v2\/tags?post=11670"}],"curies":[{"name":"wp","href":"https:\/\/api.w.org\/{rel}","templated":true}]}}