{"id":11676,"date":"2009-02-19T16:10:39","date_gmt":"2009-02-19T15:10:39","guid":{"rendered":"http:\/\/www.visit-ulcinj.com\/blog\/?p=11676"},"modified":"2009-02-19T16:10:39","modified_gmt":"2009-02-19T15:10:39","slug":"lirita-si-ishte-hera-e-e-pare","status":"publish","type":"post","link":"https:\/\/www.visit-ulcinj.com\/blog\/2009\/02\/19\/lirita-si-ishte-hera-e-e-pare\/","title":{"rendered":"Lirita : Si ishte hera e e par\u00eb"},"content":{"rendered":"<p><strong><span class=\"newstitlec\"><\/span><\/strong><a href=\"http:\/\/www.visit-ulcinj.com\/blog\/wp-content\/uploads\/2009\/02\/lirita-dhe-seksi.jpg\"><img loading=\"lazy\" class=\"alignleft size-full wp-image-11677\" title=\"lirita-dhe-seksi-big-brother-albania\" src=\"http:\/\/www.visit-ulcinj.com\/blog\/wp-content\/uploads\/2009\/02\/lirita-dhe-seksi.jpg\" alt=\"lirita-dhe-seksi-big-brother-albania\" width=\"300\" height=\"205\" \/><\/a><em><span class=\"newsdate\">16\/02\/09 19:00<\/span><\/em><\/p>\n<p>Lirita si nj\u00eb nd\u00ebr vajzat m\u00eb t\u00eb hapura sugjeron q\u00eb t\u00eb diskutohet p\u00ebr nj\u00eb tem\u00eb paksa delikate, pik\u00ebrisht p\u00ebr her\u00ebn e par\u00eb. Por duket se jo t\u00eb gjith\u00eb tregohen t\u00eb hapur dhe t\u00eb gatsh\u00ebm p\u00ebr t\u00eb rr\u00ebfyer sekretin e madh. Madje Arjoni thot\u00eb se nuk i p\u00eblqen q\u00eb t\u00eb tregoj\u00eb her\u00ebn e tij t\u00eb par\u00eb kur ka kryer marr\u00ebdh\u00ebnie seksuale. Lirita tregon se shkenc\u00ebrisht \u00ebsht\u00eb e provuar se t\u00eb gjith\u00eb f\u00ebmij\u00ebt pas mosh\u00ebs 13 vje\u00e7are fillojn\u00eb e njohin seksualitetin e tyre t\u00eb v\u00ebrtet\u00eb dhe ndoshta kjo \u00ebssht\u00eb pozitive q\u00eb ne t\u00eb kuptpojm\u00eb se kur ka ndodhur tek ne kjo ndjesi dhe nuk ka asnj\u00eb gj\u00eb t\u00eb keqe te zbulojme me shume. Por banor\u00ebt n\u00eb fillim tregohen paksa skeptik\u00eb per te rrefyer per jeten e tyre sentimentale.<\/p>\n","protected":false},"excerpt":{"rendered":"<p>16\/02\/09 19:00 Lirita si nj\u00eb nd\u00ebr vajzat m\u00eb t\u00eb hapura sugjeron q\u00eb t\u00eb diskutohet p\u00ebr nj\u00eb tem\u00eb paksa delikate, pik\u00ebrisht p\u00ebr her\u00ebn e par\u00eb. Por duket se jo t\u00eb gjith\u00eb tregohen t\u00eb hapur dhe t\u00eb gatsh\u00ebm p\u00ebr t\u00eb rr\u00ebfyer sekretin e madh. Madje Arjoni thot\u00eb se nuk i p\u00eblqen q\u00eb t\u00eb tregoj\u00eb her\u00ebn e tij [&hellip;]<\/p>\n","protected":false},"author":1,"featured_media":0,"comment_status":"open","ping_status":"closed","sticky":false,"template":"","format":"standard","meta":{"spay_email":"","jetpack_publicize_message":"","jetpack_is_tweetstorm":false,"jetpack_publicize_feature_enabled":true},"categories":[6502],"tags":[6506,6712,6688,6689,6898,6567,6919,6542,6920,6693,6893,6887],"jetpack_publicize_connections":[],"yoast_head":"<!-- This site is optimized with the Yoast SEO plugin v19.1 - https:\/\/yoast.com\/wordpress\/plugins\/seo\/ -->\n<title>Lirita : Si ishte hera e e par\u00c3\u00ab - Big Brother Albania<\/title>\n<meta name=\"description\" content=\"Big Brother Albania - Lirita si nj\u00c3\u00ab nd\u00c3\u00abr vajzat m\u00c3\u00ab t\u00c3\u00ab hapura sugjeron q\u00c3\u00ab t\u00c3\u00ab diskutohet p\u00c3\u00abr nj\u00c3\u00ab tem\u00c3\u00ab paksa delikate\" \/>\n<meta name=\"robots\" content=\"index, follow, max-snippet:-1, max-image-preview:large, max-video-preview:-1\" \/>\n<link rel=\"canonical\" href=\"https:\/\/www.visit-ulcinj.com\/blog\/2009\/02\/19\/lirita-si-ishte-hera-e-e-pare\/\" \/>\n<meta property=\"og:locale\" content=\"en_US\" \/>\n<meta property=\"og:type\" content=\"article\" \/>\n<meta property=\"og:title\" content=\"Lirita : Si ishte hera e e par\u00c3\u00ab - Big Brother Albania\" \/>\n<meta property=\"og:description\" content=\"Big Brother Albania - Lirita si nj\u00c3\u00ab nd\u00c3\u00abr vajzat m\u00c3\u00ab t\u00c3\u00ab hapura sugjeron q\u00c3\u00ab t\u00c3\u00ab diskutohet p\u00c3\u00abr nj\u00c3\u00ab tem\u00c3\u00ab paksa delikate\" \/>\n<meta property=\"og:url\" content=\"https:\/\/www.visit-ulcinj.com\/blog\/2009\/02\/19\/lirita-si-ishte-hera-e-e-pare\/\" \/>\n<meta property=\"og:site_name\" content=\"Lajme nga Ulqini\" \/>\n<meta property=\"article:published_time\" content=\"2009-02-19T15:10:39+00:00\" \/>\n<meta property=\"og:image\" content=\"http:\/\/www.visit-ulcinj.com\/blog\/wp-content\/uploads\/2009\/02\/lirita-dhe-seksi.jpg\" \/>\n<meta name=\"twitter:label1\" content=\"Written by\" \/>\n\t<meta name=\"twitter:data1\" content=\"ulqini\" \/>\n\t<meta name=\"twitter:label2\" content=\"Est. reading time\" \/>\n\t<meta name=\"twitter:data2\" content=\"1 minute\" \/>\n<script type=\"application\/ld+json\" class=\"yoast-schema-graph\">{\"@context\":\"https:\/\/schema.org\",\"@graph\":[{\"@type\":\"WebSite\",\"@id\":\"https:\/\/www.visit-ulcinj.com\/blog\/#website\",\"url\":\"https:\/\/www.visit-ulcinj.com\/blog\/\",\"name\":\"Lajme nga Ulqini\",\"description\":\"Lajme,Vijesti,Ulqini,Ulqin,Crna Gora,Mali i Zi\",\"potentialAction\":[{\"@type\":\"SearchAction\",\"target\":{\"@type\":\"EntryPoint\",\"urlTemplate\":\"https:\/\/www.visit-ulcinj.com\/blog\/?s={search_term_string}\"},\"query-input\":\"required name=search_term_string\"}],\"inLanguage\":\"en-US\"},{\"@type\":\"ImageObject\",\"inLanguage\":\"en-US\",\"@id\":\"https:\/\/www.visit-ulcinj.com\/blog\/2009\/02\/19\/lirita-si-ishte-hera-e-e-pare\/#primaryimage\",\"url\":\"http:\/\/www.visit-ulcinj.com\/blog\/wp-content\/uploads\/2009\/02\/lirita-dhe-seksi.jpg\",\"contentUrl\":\"http:\/\/www.visit-ulcinj.com\/blog\/wp-content\/uploads\/2009\/02\/lirita-dhe-seksi.jpg\"},{\"@type\":\"WebPage\",\"@id\":\"https:\/\/www.visit-ulcinj.com\/blog\/2009\/02\/19\/lirita-si-ishte-hera-e-e-pare\/#webpage\",\"url\":\"https:\/\/www.visit-ulcinj.com\/blog\/2009\/02\/19\/lirita-si-ishte-hera-e-e-pare\/\",\"name\":\"Lirita : Si ishte hera e e par\u00c3\u00ab - Big Brother Albania\",\"isPartOf\":{\"@id\":\"https:\/\/www.visit-ulcinj.com\/blog\/#website\"},\"primaryImageOfPage\":{\"@id\":\"https:\/\/www.visit-ulcinj.com\/blog\/2009\/02\/19\/lirita-si-ishte-hera-e-e-pare\/#primaryimage\"},\"datePublished\":\"2009-02-19T15:10:39+00:00\",\"dateModified\":\"2009-02-19T15:10:39+00:00\",\"author\":{\"@id\":\"https:\/\/www.visit-ulcinj.com\/blog\/#\/schema\/person\/dcab619c614d3038751c63bc2aadc06d\"},\"description\":\"Big Brother Albania - Lirita si nj\u00c3\u00ab nd\u00c3\u00abr vajzat m\u00c3\u00ab t\u00c3\u00ab hapura sugjeron q\u00c3\u00ab t\u00c3\u00ab diskutohet p\u00c3\u00abr nj\u00c3\u00ab tem\u00c3\u00ab paksa delikate\",\"breadcrumb\":{\"@id\":\"https:\/\/www.visit-ulcinj.com\/blog\/2009\/02\/19\/lirita-si-ishte-hera-e-e-pare\/#breadcrumb\"},\"inLanguage\":\"en-US\",\"potentialAction\":[{\"@type\":\"ReadAction\",\"target\":[\"https:\/\/www.visit-ulcinj.com\/blog\/2009\/02\/19\/lirita-si-ishte-hera-e-e-pare\/\"]}]},{\"@type\":\"BreadcrumbList\",\"@id\":\"https:\/\/www.visit-ulcinj.com\/blog\/2009\/02\/19\/lirita-si-ishte-hera-e-e-pare\/#breadcrumb\",\"itemListElement\":[{\"@type\":\"ListItem\",\"position\":1,\"name\":\"Lirita : Si ishte hera e e par\u00eb\"}]},{\"@type\":\"Person\",\"@id\":\"https:\/\/www.visit-ulcinj.com\/blog\/#\/schema\/person\/dcab619c614d3038751c63bc2aadc06d\",\"name\":\"ulqini\",\"sameAs\":[\"http:\/\/www.visit-ulcinj.com\"],\"url\":\"https:\/\/www.visit-ulcinj.com\/blog\/author\/admin\/\"}]}<\/script>\n<!-- \/ Yoast SEO plugin. -->","yoast_head_json":{"title":"Lirita : Si ishte hera e e par\u00c3\u00ab - Big Brother Albania","description":"Big Brother Albania - Lirita si nj\u00c3\u00ab nd\u00c3\u00abr vajzat m\u00c3\u00ab t\u00c3\u00ab hapura sugjeron q\u00c3\u00ab t\u00c3\u00ab diskutohet p\u00c3\u00abr nj\u00c3\u00ab tem\u00c3\u00ab paksa delikate","robots":{"index":"index","follow":"follow","max-snippet":"max-snippet:-1","max-image-preview":"max-image-preview:large","max-video-preview":"max-video-preview:-1"},"canonical":"https:\/\/www.visit-ulcinj.com\/blog\/2009\/02\/19\/lirita-si-ishte-hera-e-e-pare\/","og_locale":"en_US","og_type":"article","og_title":"Lirita : Si ishte hera e e par\u00c3\u00ab - Big Brother Albania","og_description":"Big Brother Albania - Lirita si nj\u00c3\u00ab nd\u00c3\u00abr vajzat m\u00c3\u00ab t\u00c3\u00ab hapura sugjeron q\u00c3\u00ab t\u00c3\u00ab diskutohet p\u00c3\u00abr nj\u00c3\u00ab tem\u00c3\u00ab paksa delikate","og_url":"https:\/\/www.visit-ulcinj.com\/blog\/2009\/02\/19\/lirita-si-ishte-hera-e-e-pare\/","og_site_name":"Lajme nga Ulqini","article_published_time":"2009-02-19T15:10:39+00:00","og_image":[{"url":"http:\/\/www.visit-ulcinj.com\/blog\/wp-content\/uploads\/2009\/02\/lirita-dhe-seksi.jpg"}],"twitter_misc":{"Written by":"ulqini","Est. reading time":"1 minute"},"schema":{"@context":"https:\/\/schema.org","@graph":[{"@type":"WebSite","@id":"https:\/\/www.visit-ulcinj.com\/blog\/#website","url":"https:\/\/www.visit-ulcinj.com\/blog\/","name":"Lajme nga Ulqini","description":"Lajme,Vijesti,Ulqini,Ulqin,Crna Gora,Mali i Zi","potentialAction":[{"@type":"SearchAction","target":{"@type":"EntryPoint","urlTemplate":"https:\/\/www.visit-ulcinj.com\/blog\/?s={search_term_string}"},"query-input":"required name=search_term_string"}],"inLanguage":"en-US"},{"@type":"ImageObject","inLanguage":"en-US","@id":"https:\/\/www.visit-ulcinj.com\/blog\/2009\/02\/19\/lirita-si-ishte-hera-e-e-pare\/#primaryimage","url":"http:\/\/www.visit-ulcinj.com\/blog\/wp-content\/uploads\/2009\/02\/lirita-dhe-seksi.jpg","contentUrl":"http:\/\/www.visit-ulcinj.com\/blog\/wp-content\/uploads\/2009\/02\/lirita-dhe-seksi.jpg"},{"@type":"WebPage","@id":"https:\/\/www.visit-ulcinj.com\/blog\/2009\/02\/19\/lirita-si-ishte-hera-e-e-pare\/#webpage","url":"https:\/\/www.visit-ulcinj.com\/blog\/2009\/02\/19\/lirita-si-ishte-hera-e-e-pare\/","name":"Lirita : Si ishte hera e e par\u00c3\u00ab - Big Brother Albania","isPartOf":{"@id":"https:\/\/www.visit-ulcinj.com\/blog\/#website"},"primaryImageOfPage":{"@id":"https:\/\/www.visit-ulcinj.com\/blog\/2009\/02\/19\/lirita-si-ishte-hera-e-e-pare\/#primaryimage"},"datePublished":"2009-02-19T15:10:39+00:00","dateModified":"2009-02-19T15:10:39+00:00","author":{"@id":"https:\/\/www.visit-ulcinj.com\/blog\/#\/schema\/person\/dcab619c614d3038751c63bc2aadc06d"},"description":"Big Brother Albania - Lirita si nj\u00c3\u00ab nd\u00c3\u00abr vajzat m\u00c3\u00ab t\u00c3\u00ab hapura sugjeron q\u00c3\u00ab t\u00c3\u00ab diskutohet p\u00c3\u00abr nj\u00c3\u00ab tem\u00c3\u00ab paksa delikate","breadcrumb":{"@id":"https:\/\/www.visit-ulcinj.com\/blog\/2009\/02\/19\/lirita-si-ishte-hera-e-e-pare\/#breadcrumb"},"inLanguage":"en-US","potentialAction":[{"@type":"ReadAction","target":["https:\/\/www.visit-ulcinj.com\/blog\/2009\/02\/19\/lirita-si-ishte-hera-e-e-pare\/"]}]},{"@type":"BreadcrumbList","@id":"https:\/\/www.visit-ulcinj.com\/blog\/2009\/02\/19\/lirita-si-ishte-hera-e-e-pare\/#breadcrumb","itemListElement":[{"@type":"ListItem","position":1,"name":"Lirita : Si ishte hera e e par\u00eb"}]},{"@type":"Person","@id":"https:\/\/www.visit-ulcinj.com\/blog\/#\/schema\/person\/dcab619c614d3038751c63bc2aadc06d","name":"ulqini","sameAs":["http:\/\/www.visit-ulcinj.com"],"url":"https:\/\/www.visit-ulcinj.com\/blog\/author\/admin\/"}]}},"jetpack_featured_media_url":"","jetpack_sharing_enabled":true,"jetpack_shortlink":"https:\/\/wp.me\/pe6lTn-32k","_links":{"self":[{"href":"https:\/\/www.visit-ulcinj.com\/blog\/wp-json\/wp\/v2\/posts\/11676"}],"collection":[{"href":"https:\/\/www.visit-ulcinj.com\/blog\/wp-json\/wp\/v2\/posts"}],"about":[{"href":"https:\/\/www.visit-ulcinj.com\/blog\/wp-json\/wp\/v2\/types\/post"}],"author":[{"embeddable":true,"href":"https:\/\/www.visit-ulcinj.com\/blog\/wp-json\/wp\/v2\/users\/1"}],"replies":[{"embeddable":true,"href":"https:\/\/www.visit-ulcinj.com\/blog\/wp-json\/wp\/v2\/comments?post=11676"}],"version-history":[{"count":0,"href":"https:\/\/www.visit-ulcinj.com\/blog\/wp-json\/wp\/v2\/posts\/11676\/revisions"}],"wp:attachment":[{"href":"https:\/\/www.visit-ulcinj.com\/blog\/wp-json\/wp\/v2\/media?parent=11676"}],"wp:term":[{"taxonomy":"category","embeddable":true,"href":"https:\/\/www.visit-ulcinj.com\/blog\/wp-json\/wp\/v2\/categories?post=11676"},{"taxonomy":"post_tag","embeddable":true,"href":"https:\/\/www.visit-ulcinj.com\/blog\/wp-json\/wp\/v2\/tags?post=11676"}],"curies":[{"name":"wp","href":"https:\/\/api.w.org\/{rel}","templated":true}]}}