{"id":11683,"date":"2009-02-19T16:23:23","date_gmt":"2009-02-19T15:23:23","guid":{"rendered":"http:\/\/www.visit-ulcinj.com\/blog\/?p=11683"},"modified":"2009-02-19T16:23:23","modified_gmt":"2009-02-19T15:23:23","slug":"big-brother-uron-1-vjetorin-e-pavaresise","status":"publish","type":"post","link":"https:\/\/www.visit-ulcinj.com\/blog\/2009\/02\/19\/big-brother-uron-1-vjetorin-e-pavaresise\/","title":{"rendered":"Big Brother, uron 1 vjetorin e Pavaresise"},"content":{"rendered":"<p><em><span class=\"newsdate\"><a href=\"http:\/\/www.visit-ulcinj.com\/blog\/wp-content\/uploads\/2009\/02\/flaumir-i-xemles.jpg\"><img loading=\"lazy\" class=\"alignleft size-full wp-image-11684\" title=\"flaumir-i-xemles-big-brother-albania\" src=\"http:\/\/www.visit-ulcinj.com\/blog\/wp-content\/uploads\/2009\/02\/flaumir-i-xemles.jpg\" alt=\"flaumir-i-xemles-big-brother-albania\" width=\"300\" height=\"205\" \/><\/a>17\/02\/09 19:55<\/span><\/em><\/p>\n<p>T\u00eb gjith\u00eb banor\u00ebt e sht\u00ebpis\u00eb s\u00eb Big Brother mblidhen n\u00eb kuzhin\u00eb ku ndjekin s\u00eb bashku nj\u00eb material filmik p\u00ebr pavar\u00ebsin\u00eb e Kosov\u00ebs. T\u00eb gjith\u00eb jan\u00eb t\u00eb veshur me simbole komb\u00ebtare, ngjyrat kuq e zi, por edhe ato t\u00eb flamurit t\u00eb Kosov\u00ebs. Mimoza shfaqet me flamurin e Kosov\u00ebs e nj\u00eb tort\u00eb q\u00eb sapo \u00ebsht\u00eb futur n\u00eb sht\u00ebpi m\u00eb q\u00ebllim q\u00eb ata t\u00eb festojn\u00eb, nd\u00ebrsa Aida ka flamurin ton\u00eb komb\u00ebtar. Banor\u00ebt t\u00eb g\u00ebzuar fillojn\u00eb t\u00eb k\u00ebndojn\u00eb s\u00eb bashku duke val\u00ebvitur flamujt\u00eb. Ata mblidhen s\u00eb bashku n\u00eb dhom\u00ebn e sekreteve p\u00ebr t\u00eb p\u00ebrsh\u00ebndetur t\u00eb gjith\u00eb shqiptar\u00ebt kudo q\u00eb ndodhen p\u00ebr pavar\u00ebsin\u00eb e Kosov\u00ebs. Ata mbajn\u00eb simbolet tona komb\u00ebtare, urojn\u00eb fest\u00ebn dhe m\u00eb pas presin tort\u00ebn duke k\u00ebnduar s\u00eb bashku \u201cShum\u00eb urime p\u00ebr Kosov\u00ebn\u201d.<\/p>\n<p>Top Channel<\/p>\n","protected":false},"excerpt":{"rendered":"<p>17\/02\/09 19:55 T\u00eb gjith\u00eb banor\u00ebt e sht\u00ebpis\u00eb s\u00eb Big Brother mblidhen n\u00eb kuzhin\u00eb ku ndjekin s\u00eb bashku nj\u00eb material filmik p\u00ebr pavar\u00ebsin\u00eb e Kosov\u00ebs. T\u00eb gjith\u00eb jan\u00eb t\u00eb veshur me simbole komb\u00ebtare, ngjyrat kuq e zi, por edhe ato t\u00eb flamurit t\u00eb Kosov\u00ebs. Mimoza shfaqet me flamurin e Kosov\u00ebs e nj\u00eb tort\u00eb q\u00eb sapo \u00ebsht\u00eb [&hellip;]<\/p>\n","protected":false},"author":1,"featured_media":0,"comment_status":"open","ping_status":"closed","sticky":false,"template":"","format":"standard","meta":{"spay_email":"","jetpack_publicize_message":"","jetpack_is_tweetstorm":false,"jetpack_publicize_feature_enabled":true},"categories":[6502],"tags":[6551,6566,5057,6506,6712,6688,6689,6898,49,6568,6693,6893,6887,6925],"jetpack_publicize_connections":[],"yoast_head":"<!-- This site is optimized with the Yoast SEO plugin v19.1 - https:\/\/yoast.com\/wordpress\/plugins\/seo\/ -->\n<title>Big Brother, uron 1 vjetorin e Pavaresise - Big Brother Albania<\/title>\n<meta name=\"description\" content=\"Big Brother Albania - T\u00c3\u00ab gjith\u00c3\u00ab banor\u00c3\u00abt e sht\u00c3\u00abpis\u00c3\u00ab s\u00c3\u00ab Big Brother mblidhen n\u00c3\u00ab kuzhin\u00c3\u00ab ku ndjekin s\u00c3\u00ab bashku nj\u00c3\u00ab material filmik p\u00c3\u00abr pavar\u00c3\u00absin\u00c3\u00ab e Kosov\u00c3\u00abs.\" \/>\n<meta name=\"robots\" content=\"index, follow, max-snippet:-1, max-image-preview:large, max-video-preview:-1\" \/>\n<link rel=\"canonical\" href=\"https:\/\/www.visit-ulcinj.com\/blog\/2009\/02\/19\/big-brother-uron-1-vjetorin-e-pavaresise\/\" \/>\n<meta property=\"og:locale\" content=\"en_US\" \/>\n<meta property=\"og:type\" content=\"article\" \/>\n<meta property=\"og:title\" content=\"Big Brother, uron 1 vjetorin e Pavaresise - Big Brother Albania\" \/>\n<meta property=\"og:description\" content=\"Big Brother Albania - T\u00c3\u00ab gjith\u00c3\u00ab banor\u00c3\u00abt e sht\u00c3\u00abpis\u00c3\u00ab s\u00c3\u00ab Big Brother mblidhen n\u00c3\u00ab kuzhin\u00c3\u00ab ku ndjekin s\u00c3\u00ab bashku nj\u00c3\u00ab material filmik p\u00c3\u00abr pavar\u00c3\u00absin\u00c3\u00ab e Kosov\u00c3\u00abs.\" \/>\n<meta property=\"og:url\" content=\"https:\/\/www.visit-ulcinj.com\/blog\/2009\/02\/19\/big-brother-uron-1-vjetorin-e-pavaresise\/\" \/>\n<meta property=\"og:site_name\" content=\"Lajme nga Ulqini\" \/>\n<meta property=\"article:published_time\" content=\"2009-02-19T15:23:23+00:00\" \/>\n<meta property=\"og:image\" content=\"http:\/\/www.visit-ulcinj.com\/blog\/wp-content\/uploads\/2009\/02\/flaumir-i-xemles.jpg\" \/>\n<meta name=\"twitter:label1\" content=\"Written by\" \/>\n\t<meta name=\"twitter:data1\" content=\"ulqini\" \/>\n\t<meta name=\"twitter:label2\" content=\"Est. reading time\" \/>\n\t<meta name=\"twitter:data2\" content=\"1 minute\" \/>\n<script type=\"application\/ld+json\" class=\"yoast-schema-graph\">{\"@context\":\"https:\/\/schema.org\",\"@graph\":[{\"@type\":\"WebSite\",\"@id\":\"https:\/\/www.visit-ulcinj.com\/blog\/#website\",\"url\":\"https:\/\/www.visit-ulcinj.com\/blog\/\",\"name\":\"Lajme nga Ulqini\",\"description\":\"Lajme,Vijesti,Ulqini,Ulqin,Crna Gora,Mali i Zi\",\"potentialAction\":[{\"@type\":\"SearchAction\",\"target\":{\"@type\":\"EntryPoint\",\"urlTemplate\":\"https:\/\/www.visit-ulcinj.com\/blog\/?s={search_term_string}\"},\"query-input\":\"required name=search_term_string\"}],\"inLanguage\":\"en-US\"},{\"@type\":\"ImageObject\",\"inLanguage\":\"en-US\",\"@id\":\"https:\/\/www.visit-ulcinj.com\/blog\/2009\/02\/19\/big-brother-uron-1-vjetorin-e-pavaresise\/#primaryimage\",\"url\":\"http:\/\/www.visit-ulcinj.com\/blog\/wp-content\/uploads\/2009\/02\/flaumir-i-xemles.jpg\",\"contentUrl\":\"http:\/\/www.visit-ulcinj.com\/blog\/wp-content\/uploads\/2009\/02\/flaumir-i-xemles.jpg\"},{\"@type\":\"WebPage\",\"@id\":\"https:\/\/www.visit-ulcinj.com\/blog\/2009\/02\/19\/big-brother-uron-1-vjetorin-e-pavaresise\/#webpage\",\"url\":\"https:\/\/www.visit-ulcinj.com\/blog\/2009\/02\/19\/big-brother-uron-1-vjetorin-e-pavaresise\/\",\"name\":\"Big Brother, uron 1 vjetorin e Pavaresise - Big Brother Albania\",\"isPartOf\":{\"@id\":\"https:\/\/www.visit-ulcinj.com\/blog\/#website\"},\"primaryImageOfPage\":{\"@id\":\"https:\/\/www.visit-ulcinj.com\/blog\/2009\/02\/19\/big-brother-uron-1-vjetorin-e-pavaresise\/#primaryimage\"},\"datePublished\":\"2009-02-19T15:23:23+00:00\",\"dateModified\":\"2009-02-19T15:23:23+00:00\",\"author\":{\"@id\":\"https:\/\/www.visit-ulcinj.com\/blog\/#\/schema\/person\/dcab619c614d3038751c63bc2aadc06d\"},\"description\":\"Big Brother Albania - T\u00c3\u00ab gjith\u00c3\u00ab banor\u00c3\u00abt e sht\u00c3\u00abpis\u00c3\u00ab s\u00c3\u00ab Big Brother mblidhen n\u00c3\u00ab kuzhin\u00c3\u00ab ku ndjekin s\u00c3\u00ab bashku nj\u00c3\u00ab material filmik p\u00c3\u00abr pavar\u00c3\u00absin\u00c3\u00ab e Kosov\u00c3\u00abs.\",\"breadcrumb\":{\"@id\":\"https:\/\/www.visit-ulcinj.com\/blog\/2009\/02\/19\/big-brother-uron-1-vjetorin-e-pavaresise\/#breadcrumb\"},\"inLanguage\":\"en-US\",\"potentialAction\":[{\"@type\":\"ReadAction\",\"target\":[\"https:\/\/www.visit-ulcinj.com\/blog\/2009\/02\/19\/big-brother-uron-1-vjetorin-e-pavaresise\/\"]}]},{\"@type\":\"BreadcrumbList\",\"@id\":\"https:\/\/www.visit-ulcinj.com\/blog\/2009\/02\/19\/big-brother-uron-1-vjetorin-e-pavaresise\/#breadcrumb\",\"itemListElement\":[{\"@type\":\"ListItem\",\"position\":1,\"name\":\"Big Brother, uron 1 vjetorin e Pavaresise\"}]},{\"@type\":\"Person\",\"@id\":\"https:\/\/www.visit-ulcinj.com\/blog\/#\/schema\/person\/dcab619c614d3038751c63bc2aadc06d\",\"name\":\"ulqini\",\"sameAs\":[\"http:\/\/www.visit-ulcinj.com\"],\"url\":\"https:\/\/www.visit-ulcinj.com\/blog\/author\/admin\/\"}]}<\/script>\n<!-- \/ Yoast SEO plugin. -->","yoast_head_json":{"title":"Big Brother, uron 1 vjetorin e Pavaresise - Big Brother Albania","description":"Big Brother Albania - T\u00c3\u00ab gjith\u00c3\u00ab banor\u00c3\u00abt e sht\u00c3\u00abpis\u00c3\u00ab s\u00c3\u00ab Big Brother mblidhen n\u00c3\u00ab kuzhin\u00c3\u00ab ku ndjekin s\u00c3\u00ab bashku nj\u00c3\u00ab material filmik p\u00c3\u00abr pavar\u00c3\u00absin\u00c3\u00ab e Kosov\u00c3\u00abs.","robots":{"index":"index","follow":"follow","max-snippet":"max-snippet:-1","max-image-preview":"max-image-preview:large","max-video-preview":"max-video-preview:-1"},"canonical":"https:\/\/www.visit-ulcinj.com\/blog\/2009\/02\/19\/big-brother-uron-1-vjetorin-e-pavaresise\/","og_locale":"en_US","og_type":"article","og_title":"Big Brother, uron 1 vjetorin e Pavaresise - Big Brother Albania","og_description":"Big Brother Albania - T\u00c3\u00ab gjith\u00c3\u00ab banor\u00c3\u00abt e sht\u00c3\u00abpis\u00c3\u00ab s\u00c3\u00ab Big Brother mblidhen n\u00c3\u00ab kuzhin\u00c3\u00ab ku ndjekin s\u00c3\u00ab bashku nj\u00c3\u00ab material filmik p\u00c3\u00abr pavar\u00c3\u00absin\u00c3\u00ab e Kosov\u00c3\u00abs.","og_url":"https:\/\/www.visit-ulcinj.com\/blog\/2009\/02\/19\/big-brother-uron-1-vjetorin-e-pavaresise\/","og_site_name":"Lajme nga Ulqini","article_published_time":"2009-02-19T15:23:23+00:00","og_image":[{"url":"http:\/\/www.visit-ulcinj.com\/blog\/wp-content\/uploads\/2009\/02\/flaumir-i-xemles.jpg"}],"twitter_misc":{"Written by":"ulqini","Est. reading time":"1 minute"},"schema":{"@context":"https:\/\/schema.org","@graph":[{"@type":"WebSite","@id":"https:\/\/www.visit-ulcinj.com\/blog\/#website","url":"https:\/\/www.visit-ulcinj.com\/blog\/","name":"Lajme nga Ulqini","description":"Lajme,Vijesti,Ulqini,Ulqin,Crna Gora,Mali i Zi","potentialAction":[{"@type":"SearchAction","target":{"@type":"EntryPoint","urlTemplate":"https:\/\/www.visit-ulcinj.com\/blog\/?s={search_term_string}"},"query-input":"required name=search_term_string"}],"inLanguage":"en-US"},{"@type":"ImageObject","inLanguage":"en-US","@id":"https:\/\/www.visit-ulcinj.com\/blog\/2009\/02\/19\/big-brother-uron-1-vjetorin-e-pavaresise\/#primaryimage","url":"http:\/\/www.visit-ulcinj.com\/blog\/wp-content\/uploads\/2009\/02\/flaumir-i-xemles.jpg","contentUrl":"http:\/\/www.visit-ulcinj.com\/blog\/wp-content\/uploads\/2009\/02\/flaumir-i-xemles.jpg"},{"@type":"WebPage","@id":"https:\/\/www.visit-ulcinj.com\/blog\/2009\/02\/19\/big-brother-uron-1-vjetorin-e-pavaresise\/#webpage","url":"https:\/\/www.visit-ulcinj.com\/blog\/2009\/02\/19\/big-brother-uron-1-vjetorin-e-pavaresise\/","name":"Big Brother, uron 1 vjetorin e Pavaresise - Big Brother Albania","isPartOf":{"@id":"https:\/\/www.visit-ulcinj.com\/blog\/#website"},"primaryImageOfPage":{"@id":"https:\/\/www.visit-ulcinj.com\/blog\/2009\/02\/19\/big-brother-uron-1-vjetorin-e-pavaresise\/#primaryimage"},"datePublished":"2009-02-19T15:23:23+00:00","dateModified":"2009-02-19T15:23:23+00:00","author":{"@id":"https:\/\/www.visit-ulcinj.com\/blog\/#\/schema\/person\/dcab619c614d3038751c63bc2aadc06d"},"description":"Big Brother Albania - T\u00c3\u00ab gjith\u00c3\u00ab banor\u00c3\u00abt e sht\u00c3\u00abpis\u00c3\u00ab s\u00c3\u00ab Big Brother mblidhen n\u00c3\u00ab kuzhin\u00c3\u00ab ku ndjekin s\u00c3\u00ab bashku nj\u00c3\u00ab material filmik p\u00c3\u00abr pavar\u00c3\u00absin\u00c3\u00ab e Kosov\u00c3\u00abs.","breadcrumb":{"@id":"https:\/\/www.visit-ulcinj.com\/blog\/2009\/02\/19\/big-brother-uron-1-vjetorin-e-pavaresise\/#breadcrumb"},"inLanguage":"en-US","potentialAction":[{"@type":"ReadAction","target":["https:\/\/www.visit-ulcinj.com\/blog\/2009\/02\/19\/big-brother-uron-1-vjetorin-e-pavaresise\/"]}]},{"@type":"BreadcrumbList","@id":"https:\/\/www.visit-ulcinj.com\/blog\/2009\/02\/19\/big-brother-uron-1-vjetorin-e-pavaresise\/#breadcrumb","itemListElement":[{"@type":"ListItem","position":1,"name":"Big Brother, uron 1 vjetorin e Pavaresise"}]},{"@type":"Person","@id":"https:\/\/www.visit-ulcinj.com\/blog\/#\/schema\/person\/dcab619c614d3038751c63bc2aadc06d","name":"ulqini","sameAs":["http:\/\/www.visit-ulcinj.com"],"url":"https:\/\/www.visit-ulcinj.com\/blog\/author\/admin\/"}]}},"jetpack_featured_media_url":"","jetpack_sharing_enabled":true,"jetpack_shortlink":"https:\/\/wp.me\/pe6lTn-32r","_links":{"self":[{"href":"https:\/\/www.visit-ulcinj.com\/blog\/wp-json\/wp\/v2\/posts\/11683"}],"collection":[{"href":"https:\/\/www.visit-ulcinj.com\/blog\/wp-json\/wp\/v2\/posts"}],"about":[{"href":"https:\/\/www.visit-ulcinj.com\/blog\/wp-json\/wp\/v2\/types\/post"}],"author":[{"embeddable":true,"href":"https:\/\/www.visit-ulcinj.com\/blog\/wp-json\/wp\/v2\/users\/1"}],"replies":[{"embeddable":true,"href":"https:\/\/www.visit-ulcinj.com\/blog\/wp-json\/wp\/v2\/comments?post=11683"}],"version-history":[{"count":0,"href":"https:\/\/www.visit-ulcinj.com\/blog\/wp-json\/wp\/v2\/posts\/11683\/revisions"}],"wp:attachment":[{"href":"https:\/\/www.visit-ulcinj.com\/blog\/wp-json\/wp\/v2\/media?parent=11683"}],"wp:term":[{"taxonomy":"category","embeddable":true,"href":"https:\/\/www.visit-ulcinj.com\/blog\/wp-json\/wp\/v2\/categories?post=11683"},{"taxonomy":"post_tag","embeddable":true,"href":"https:\/\/www.visit-ulcinj.com\/blog\/wp-json\/wp\/v2\/tags?post=11683"}],"curies":[{"name":"wp","href":"https:\/\/api.w.org\/{rel}","templated":true}]}}