{"id":1169,"date":"2008-04-08T13:53:37","date_gmt":"2008-04-08T18:53:37","guid":{"rendered":"http:\/\/www.visit-ulcinj.com\/blog\/?p=1169"},"modified":"2008-04-08T13:53:37","modified_gmt":"2008-04-08T18:53:37","slug":"be-zgjedhjet-ne-mal-te-zi-ishin-te-drejta-e-te-lira","status":"publish","type":"post","link":"https:\/\/www.visit-ulcinj.com\/blog\/2008\/04\/08\/be-zgjedhjet-ne-mal-te-zi-ishin-te-drejta-e-te-lira\/","title":{"rendered":"BE :Zgjedhjet ne Mal te Zi ishin te drejta e te lira"},"content":{"rendered":"<p><img loading=\"lazy\" class=\"alignleft\" style=\"float: left;\" src=\"http:\/\/johnfenzel.typepad.com\/john_fenzels_blog\/images\/2007\/07\/07\/eu_flag.jpg\" alt=\"\" width=\"240\" height=\"240\" \/>Presidenca e Bashkimit Evropian p\u00ebrg\u00ebzoi Filip Vujanovi\u00e7in p\u00ebr rizgjedhjen e tij n\u00eb krye t\u00eb presidenc\u00ebs malazeze, duke vler\u00ebsuar se zgjedhjet ishin &#8220;t\u00eb lira dhe t\u00eb drejta&#8221; p\u00ebr t\u00eb gjith\u00eb, dhe rikonfirmoi perspektiv\u00ebn evropiane t\u00eb vendit. &#8220;Presidenca shpreh k\u00ebnaq\u00ebsin\u00eb p\u00ebr nivelin e pjes\u00ebmarrjes n\u00eb k\u00ebto zgjedhje, q\u00eb sipas nj\u00eb vler\u00ebsimi paraprak ishin t\u00eb lira dhe t\u00eb drejta&#8221;, n\u00ebnvizon ajo n\u00eb nj\u00eb komunikat\u00eb. Sllovenia rikonfirmon n\u00eb k\u00ebt\u00eb kontekst se Mali i Zi ka vokacionin p\u00ebr t&#8217;u pranuar me koh\u00eb n\u00eb Bashkimin Evropian dhe u b\u00ebri thirrje t\u00eb gjitha forcave politike t\u00eb vendit t\u00eb punojn\u00eb p\u00ebr k\u00ebt\u00eb q\u00ebllim. Mali i Zi n\u00ebnshkroi vitin e shkuar Marr\u00ebveshjen e Stabilizim-Asociimit me BE-n\u00eb, q\u00eb p\u00ebrb\u00ebn hapin e par\u00eb drejt integrimit n\u00eb bllokun evropian. Ai shpreson t\u00eb depozitoj\u00eb k\u00ebrkes\u00ebn zyrtare t\u00eb pranimit gjat\u00eb presidenc\u00ebs sllovene, ose deri n\u00eb fund t\u00eb gjasht\u00ebmujorit t\u00eb par\u00eb t\u00eb k\u00ebtij viti. Statusi zyrtar i kandidatit \u00ebsht\u00eb etapa e fundit p\u00ebr nj\u00eb vend drejt hapjes s\u00eb negociatave zyrtare t\u00eb pranimit. Sipas rezultateve paraprake zyrtare t\u00eb komisionit zgjedhor, t\u00eb b\u00ebra publike sot, presidenti i deritanish\u00ebm Filip Vujanovi\u00e7 u rizgjodh me 51,89 p\u00ebr qind t\u00eb votave. Mali i Zi u nda nga Serbia n\u00eb qershor 2006, pas nj\u00eb referendumi gjat\u00eb t\u00eb cilit 55,5 % e zgjedh\u00ebsve votuan pro pavar\u00ebsis\u00eb.<br \/>\n<strong>AFP<\/strong><\/p>\n","protected":false},"excerpt":{"rendered":"<p><img loading=\"lazy\" class=\"alignleft\" style=\"float: left;\" src=\"http:\/\/johnfenzel.typepad.com\/john_fenzels_blog\/images\/2007\/07\/07\/eu_flag.jpg\" alt=\"\" width=\"140\" height=\"140\" \/><\/p>\n","protected":false},"author":1,"featured_media":0,"comment_status":"open","ping_status":"closed","sticky":false,"template":"","format":"standard","meta":{"spay_email":"","jetpack_publicize_message":"","jetpack_is_tweetstorm":false,"jetpack_publicize_feature_enabled":true},"categories":[12],"tags":[],"jetpack_publicize_connections":[],"yoast_head":"<!-- This site is optimized with the Yoast SEO plugin v19.1 - https:\/\/yoast.com\/wordpress\/plugins\/seo\/ -->\n<title>BE :Zgjedhjet ne Mal te Zi ishin te drejta e te lira - Lajme nga Ulqini<\/title>\n<meta name=\"robots\" content=\"index, follow, max-snippet:-1, max-image-preview:large, max-video-preview:-1\" \/>\n<link rel=\"canonical\" href=\"https:\/\/www.visit-ulcinj.com\/blog\/2008\/04\/08\/be-zgjedhjet-ne-mal-te-zi-ishin-te-drejta-e-te-lira\/\" \/>\n<meta property=\"og:locale\" content=\"en_US\" \/>\n<meta property=\"og:type\" content=\"article\" \/>\n<meta property=\"og:title\" content=\"BE :Zgjedhjet ne Mal te Zi ishin te drejta e te lira - Lajme nga Ulqini\" \/>\n<meta property=\"og:url\" content=\"https:\/\/www.visit-ulcinj.com\/blog\/2008\/04\/08\/be-zgjedhjet-ne-mal-te-zi-ishin-te-drejta-e-te-lira\/\" \/>\n<meta property=\"og:site_name\" content=\"Lajme nga Ulqini\" \/>\n<meta property=\"article:published_time\" content=\"2008-04-08T18:53:37+00:00\" \/>\n<meta property=\"og:image\" content=\"http:\/\/johnfenzel.typepad.com\/john_fenzels_blog\/images\/2007\/07\/07\/eu_flag.jpg\" \/>\n<meta name=\"twitter:label1\" content=\"Written by\" \/>\n\t<meta name=\"twitter:data1\" content=\"ulqini\" \/>\n\t<meta name=\"twitter:label2\" content=\"Est. reading time\" \/>\n\t<meta name=\"twitter:data2\" content=\"1 minute\" \/>\n<script type=\"application\/ld+json\" class=\"yoast-schema-graph\">{\"@context\":\"https:\/\/schema.org\",\"@graph\":[{\"@type\":\"WebSite\",\"@id\":\"https:\/\/www.visit-ulcinj.com\/blog\/#website\",\"url\":\"https:\/\/www.visit-ulcinj.com\/blog\/\",\"name\":\"Lajme nga Ulqini\",\"description\":\"Lajme,Vijesti,Ulqini,Ulqin,Crna Gora,Mali i Zi\",\"potentialAction\":[{\"@type\":\"SearchAction\",\"target\":{\"@type\":\"EntryPoint\",\"urlTemplate\":\"https:\/\/www.visit-ulcinj.com\/blog\/?s={search_term_string}\"},\"query-input\":\"required name=search_term_string\"}],\"inLanguage\":\"en-US\"},{\"@type\":\"ImageObject\",\"inLanguage\":\"en-US\",\"@id\":\"https:\/\/www.visit-ulcinj.com\/blog\/2008\/04\/08\/be-zgjedhjet-ne-mal-te-zi-ishin-te-drejta-e-te-lira\/#primaryimage\",\"url\":\"http:\/\/johnfenzel.typepad.com\/john_fenzels_blog\/images\/2007\/07\/07\/eu_flag.jpg\",\"contentUrl\":\"http:\/\/johnfenzel.typepad.com\/john_fenzels_blog\/images\/2007\/07\/07\/eu_flag.jpg\"},{\"@type\":\"WebPage\",\"@id\":\"https:\/\/www.visit-ulcinj.com\/blog\/2008\/04\/08\/be-zgjedhjet-ne-mal-te-zi-ishin-te-drejta-e-te-lira\/#webpage\",\"url\":\"https:\/\/www.visit-ulcinj.com\/blog\/2008\/04\/08\/be-zgjedhjet-ne-mal-te-zi-ishin-te-drejta-e-te-lira\/\",\"name\":\"BE :Zgjedhjet ne Mal te Zi ishin te drejta e te lira - Lajme nga Ulqini\",\"isPartOf\":{\"@id\":\"https:\/\/www.visit-ulcinj.com\/blog\/#website\"},\"primaryImageOfPage\":{\"@id\":\"https:\/\/www.visit-ulcinj.com\/blog\/2008\/04\/08\/be-zgjedhjet-ne-mal-te-zi-ishin-te-drejta-e-te-lira\/#primaryimage\"},\"datePublished\":\"2008-04-08T18:53:37+00:00\",\"dateModified\":\"2008-04-08T18:53:37+00:00\",\"author\":{\"@id\":\"https:\/\/www.visit-ulcinj.com\/blog\/#\/schema\/person\/dcab619c614d3038751c63bc2aadc06d\"},\"breadcrumb\":{\"@id\":\"https:\/\/www.visit-ulcinj.com\/blog\/2008\/04\/08\/be-zgjedhjet-ne-mal-te-zi-ishin-te-drejta-e-te-lira\/#breadcrumb\"},\"inLanguage\":\"en-US\",\"potentialAction\":[{\"@type\":\"ReadAction\",\"target\":[\"https:\/\/www.visit-ulcinj.com\/blog\/2008\/04\/08\/be-zgjedhjet-ne-mal-te-zi-ishin-te-drejta-e-te-lira\/\"]}]},{\"@type\":\"BreadcrumbList\",\"@id\":\"https:\/\/www.visit-ulcinj.com\/blog\/2008\/04\/08\/be-zgjedhjet-ne-mal-te-zi-ishin-te-drejta-e-te-lira\/#breadcrumb\",\"itemListElement\":[{\"@type\":\"ListItem\",\"position\":1,\"name\":\"BE :Zgjedhjet ne Mal te Zi ishin te drejta e te lira\"}]},{\"@type\":\"Person\",\"@id\":\"https:\/\/www.visit-ulcinj.com\/blog\/#\/schema\/person\/dcab619c614d3038751c63bc2aadc06d\",\"name\":\"ulqini\",\"sameAs\":[\"http:\/\/www.visit-ulcinj.com\"],\"url\":\"https:\/\/www.visit-ulcinj.com\/blog\/author\/admin\/\"}]}<\/script>\n<!-- \/ Yoast SEO plugin. -->","yoast_head_json":{"title":"BE :Zgjedhjet ne Mal te Zi ishin te drejta e te lira - Lajme nga Ulqini","robots":{"index":"index","follow":"follow","max-snippet":"max-snippet:-1","max-image-preview":"max-image-preview:large","max-video-preview":"max-video-preview:-1"},"canonical":"https:\/\/www.visit-ulcinj.com\/blog\/2008\/04\/08\/be-zgjedhjet-ne-mal-te-zi-ishin-te-drejta-e-te-lira\/","og_locale":"en_US","og_type":"article","og_title":"BE :Zgjedhjet ne Mal te Zi ishin te drejta e te lira - Lajme nga Ulqini","og_url":"https:\/\/www.visit-ulcinj.com\/blog\/2008\/04\/08\/be-zgjedhjet-ne-mal-te-zi-ishin-te-drejta-e-te-lira\/","og_site_name":"Lajme nga Ulqini","article_published_time":"2008-04-08T18:53:37+00:00","og_image":[{"url":"http:\/\/johnfenzel.typepad.com\/john_fenzels_blog\/images\/2007\/07\/07\/eu_flag.jpg"}],"twitter_misc":{"Written by":"ulqini","Est. reading time":"1 minute"},"schema":{"@context":"https:\/\/schema.org","@graph":[{"@type":"WebSite","@id":"https:\/\/www.visit-ulcinj.com\/blog\/#website","url":"https:\/\/www.visit-ulcinj.com\/blog\/","name":"Lajme nga Ulqini","description":"Lajme,Vijesti,Ulqini,Ulqin,Crna Gora,Mali i Zi","potentialAction":[{"@type":"SearchAction","target":{"@type":"EntryPoint","urlTemplate":"https:\/\/www.visit-ulcinj.com\/blog\/?s={search_term_string}"},"query-input":"required name=search_term_string"}],"inLanguage":"en-US"},{"@type":"ImageObject","inLanguage":"en-US","@id":"https:\/\/www.visit-ulcinj.com\/blog\/2008\/04\/08\/be-zgjedhjet-ne-mal-te-zi-ishin-te-drejta-e-te-lira\/#primaryimage","url":"http:\/\/johnfenzel.typepad.com\/john_fenzels_blog\/images\/2007\/07\/07\/eu_flag.jpg","contentUrl":"http:\/\/johnfenzel.typepad.com\/john_fenzels_blog\/images\/2007\/07\/07\/eu_flag.jpg"},{"@type":"WebPage","@id":"https:\/\/www.visit-ulcinj.com\/blog\/2008\/04\/08\/be-zgjedhjet-ne-mal-te-zi-ishin-te-drejta-e-te-lira\/#webpage","url":"https:\/\/www.visit-ulcinj.com\/blog\/2008\/04\/08\/be-zgjedhjet-ne-mal-te-zi-ishin-te-drejta-e-te-lira\/","name":"BE :Zgjedhjet ne Mal te Zi ishin te drejta e te lira - Lajme nga Ulqini","isPartOf":{"@id":"https:\/\/www.visit-ulcinj.com\/blog\/#website"},"primaryImageOfPage":{"@id":"https:\/\/www.visit-ulcinj.com\/blog\/2008\/04\/08\/be-zgjedhjet-ne-mal-te-zi-ishin-te-drejta-e-te-lira\/#primaryimage"},"datePublished":"2008-04-08T18:53:37+00:00","dateModified":"2008-04-08T18:53:37+00:00","author":{"@id":"https:\/\/www.visit-ulcinj.com\/blog\/#\/schema\/person\/dcab619c614d3038751c63bc2aadc06d"},"breadcrumb":{"@id":"https:\/\/www.visit-ulcinj.com\/blog\/2008\/04\/08\/be-zgjedhjet-ne-mal-te-zi-ishin-te-drejta-e-te-lira\/#breadcrumb"},"inLanguage":"en-US","potentialAction":[{"@type":"ReadAction","target":["https:\/\/www.visit-ulcinj.com\/blog\/2008\/04\/08\/be-zgjedhjet-ne-mal-te-zi-ishin-te-drejta-e-te-lira\/"]}]},{"@type":"BreadcrumbList","@id":"https:\/\/www.visit-ulcinj.com\/blog\/2008\/04\/08\/be-zgjedhjet-ne-mal-te-zi-ishin-te-drejta-e-te-lira\/#breadcrumb","itemListElement":[{"@type":"ListItem","position":1,"name":"BE :Zgjedhjet ne Mal te Zi ishin te drejta e te lira"}]},{"@type":"Person","@id":"https:\/\/www.visit-ulcinj.com\/blog\/#\/schema\/person\/dcab619c614d3038751c63bc2aadc06d","name":"ulqini","sameAs":["http:\/\/www.visit-ulcinj.com"],"url":"https:\/\/www.visit-ulcinj.com\/blog\/author\/admin\/"}]}},"jetpack_featured_media_url":"","jetpack_sharing_enabled":true,"jetpack_shortlink":"https:\/\/wp.me\/pe6lTn-iR","_links":{"self":[{"href":"https:\/\/www.visit-ulcinj.com\/blog\/wp-json\/wp\/v2\/posts\/1169"}],"collection":[{"href":"https:\/\/www.visit-ulcinj.com\/blog\/wp-json\/wp\/v2\/posts"}],"about":[{"href":"https:\/\/www.visit-ulcinj.com\/blog\/wp-json\/wp\/v2\/types\/post"}],"author":[{"embeddable":true,"href":"https:\/\/www.visit-ulcinj.com\/blog\/wp-json\/wp\/v2\/users\/1"}],"replies":[{"embeddable":true,"href":"https:\/\/www.visit-ulcinj.com\/blog\/wp-json\/wp\/v2\/comments?post=1169"}],"version-history":[{"count":0,"href":"https:\/\/www.visit-ulcinj.com\/blog\/wp-json\/wp\/v2\/posts\/1169\/revisions"}],"wp:attachment":[{"href":"https:\/\/www.visit-ulcinj.com\/blog\/wp-json\/wp\/v2\/media?parent=1169"}],"wp:term":[{"taxonomy":"category","embeddable":true,"href":"https:\/\/www.visit-ulcinj.com\/blog\/wp-json\/wp\/v2\/categories?post=1169"},{"taxonomy":"post_tag","embeddable":true,"href":"https:\/\/www.visit-ulcinj.com\/blog\/wp-json\/wp\/v2\/tags?post=1169"}],"curies":[{"name":"wp","href":"https:\/\/api.w.org\/{rel}","templated":true}]}}