{"id":11693,"date":"2009-02-19T20:24:53","date_gmt":"2009-02-19T19:24:53","guid":{"rendered":"http:\/\/www.visit-ulcinj.com\/blog\/?p=11693"},"modified":"2009-02-19T20:24:53","modified_gmt":"2009-02-19T19:24:53","slug":"ulcinj-slavio-pobjedu-nad-mornarom","status":"publish","type":"post","link":"https:\/\/www.visit-ulcinj.com\/blog\/2009\/02\/19\/ulcinj-slavio-pobjedu-nad-mornarom\/","title":{"rendered":"Ulcinj slavio pobjedu nad mornarom"},"content":{"rendered":"<p style=\"text-align: left;\"><strong><a href=\"http:\/\/www.visit-ulcinj.com\/blog\/wp-content\/uploads\/2009\/02\/kk_ulcinj5.gif\"><img loading=\"lazy\" class=\"alignleft size-full wp-image-11694\" title=\"kk_ulcinj5\" src=\"http:\/\/www.visit-ulcinj.com\/blog\/wp-content\/uploads\/2009\/02\/kk_ulcinj5.gif\" alt=\"kk_ulcinj5\" width=\"570\" height=\"350\" \/><\/a>Lider i dalje na tronu <\/strong><br \/>\nDerbi je po svemu opravdao taj epitet i ispunio o?ekivanja, bio je to pravi praznik ko\u0161arke u Ulcinju. Svi akteri imali su zapa\u017eene uloge, po?ev od publike do igra?a, svi na vrlo visokom nivou. Utakmica je do samog kraja bila zanimljiva i rezultatski neizvjesna, vrlo dinami?na i borbena. Doslovce u zadnjoj sekundi Mornar je imao \u0161ut za produ\u017eetak, tako da i taj detalj pokazuje uzbudljivost me?a u kome se bukvalno do samog kraja nije znao pobjednik. Odigrali smo dosta dobro i mi i odli?na ekipa Mornara, koga smo zaslu\u017eeno pobijedili u njihovoj dobroj igri na gostuje?em terenu &#8211; trijumf sa 77:74 u derbiju 14. kola Oportuniti lige, pred oko 1.000 gledalaca u O\u0160 &#8220;Mar\u0161al Tito&#8221;, komentari\u0161e kormilar Ulcinja Dragan Radovi?. Revan\u0161 lidera Crnogorske lige za poraz u Baru. Opet odli?ni ?uri\u0161i? i nadareni &#8220;mornari&#8221;? &#8211; Uspjeli smo da ispariramo njihovo glavno oru\u017eje, brzu igru sa puno udvajanja i mijenjanje odbrane. Dosta dobro smo se adaptirali na sve njihove promjene. U\u0161li smo u sistem igre koji nam odgovara, sa predno\u0161?u na poziciji centara. Solidno smo takti?ki odreagovali. I pored 24 uba?ena ko\u0161a, uspjeli smo da zaustavimo njihovog najboljeg igra?a. ?uri\u0161i?a, ipak, nije odigrao kao u prvoj utakmici u Baru, kada nijesmo imali rje\u0161enja za njega. Svi igra?i u mojoj ekipi dali su veliki doprinos, zaslu\u017eeno smo pobijedili. Poslije startne dionice od 24:16, kom\u0161ije sustigle do poluvremena 39:38? &#8211; Mijenjali smo se i mi i Mornar u vo?stvu, u prvom poluvremenu dosta slabo smo \u0161utirali za tri poena, za razliku od mnogo boljeg procenta realizacije gostiju. I da je bila ve?a razlika, mislim da ne bi puno zna?ila po\u0161to se prednost brzo topila, ali ne ve?a od sedam-osam razlike \u0161to potvr?uje ujedna?enost ?itavog me?a. Tre?a ?etvrtina 62:55? &#8211; I nakon odmora imali smo stalno vo?stvo od tri-?etiri do sedamosam razlike, dr\u017eali prednost do samog fini\u0161a i penal zavr\u0161nice, koju smo uspjeli da sa?uvamo i zabilje\u017eimo pobjedu. ?etiri kola prije kraja Oportuniti lige &#8211; sa 11 pobjeda obezbijedili Superligu? &#8211; U preostala ?etiri kola imamo i gostovanje u Pljevljima, gdje o?ekujemo nove bodove protiv Rudara. Smatram da smo i matemati?ki sa 99 odsto obezbijedili ulazak u Superligu. Me?utim, sigurno se ne?emo zadovoljiti time. U svaku utakmicu do kraja u?i ?emo motivisani i \u017eeljni nove pobjede. Nakon vikend zavr\u0161nice Kupa Crne Gore u Danilovgradu &#8211; u 15. kolu gostovanje ABS Primorju. Poslije prvog poraza u Igalu &#8211; Jevti?ev sastav sve ?e u?initi da osvoji bodove za Superligu? &#8211; Ekipa ABS Primorja sigurno ?e biti maksimalno motivisana, ali razmi\u0161ljamo samo o nama i na\u0161oj igri. Kao \u0161to smo i do sada i\u0161li na svako gostovanje, tako ?emo i u Igalu poku\u0161ati da odigramo \u0161to bolje, za\u0161to da ne zabilje\u017eimo novu pobjedu. Ambijent prelijep oko 1.000 gledalaca &#8211; sportska i fer atmosfera? &#8211; Sve je bilo besprekorno, ambijent kakav se po\u017eeljeti mo\u017ee, ba\u0161 prava sportska atmosfera. Ulcinjska publika, po ko zna koji put, pokazala je kako se navija i kako se voli svoj klub. Obaveza nam je da to vra?amo u svakom narednom me?u, imperativ zbog navija?a koji nas nose da ponekad damo i vi\u0161e nego realno mo\u017eemo i \u0161to se od nas o?ekuje.<\/p>\n<p><strong>Vs. SREDANOVI?<br \/>\nIzvor \/ Arena \/ Pobjeda<\/strong><\/p>\n<p style=\"text-align: left;\"><strong>Ove Fotografije\u00a0 su uzete iz web sajta <a href=\"http:\/\/www.ulqini.org\/shqip.htm\" target=\"_blank\">www.ulqini.de<\/a><br \/>\n<\/strong><\/p>\n<p style=\"text-align: left;\"><strong>\n\t\t<style type=\"text\/css\">\n\t\t\t#gallery-1 {\n\t\t\t\tmargin: auto;\n\t\t\t}\n\t\t\t#gallery-1 .gallery-item {\n\t\t\t\tfloat: left;\n\t\t\t\tmargin-top: 10px;\n\t\t\t\ttext-align: center;\n\t\t\t\twidth: 33%;\n\t\t\t}\n\t\t\t#gallery-1 img {\n\t\t\t\tborder: 2px solid #cfcfcf;\n\t\t\t}\n\t\t\t#gallery-1 .gallery-caption {\n\t\t\t\tmargin-left: 0;\n\t\t\t}\n\t\t\t\/* see gallery_shortcode() in wp-includes\/media.php *\/\n\t\t<\/style>\n\t\t<div id='gallery-1' class='gallery galleryid-11693 gallery-columns-3 gallery-size-thumbnail'><dl class='gallery-item'>\n\t\t\t<dt class='gallery-icon landscape'>\n\t\t\t\t<a href='https:\/\/www.visit-ulcinj.com\/blog\/wp-content\/uploads\/2009\/02\/kk_ulcinj5.gif'><img width=\"150\" height=\"150\" src=\"https:\/\/www.visit-ulcinj.com\/blog\/wp-content\/uploads\/2009\/02\/kk_ulcinj5-150x150.gif\" class=\"attachment-thumbnail size-thumbnail\" alt=\"\" loading=\"lazy\" \/><\/a>\n\t\t\t<\/dt><\/dl><dl class='gallery-item'>\n\t\t\t<dt class='gallery-icon landscape'>\n\t\t\t\t<a href='https:\/\/www.visit-ulcinj.com\/blog\/wp-content\/uploads\/2009\/02\/kk_ulcinj.jpg'><img width=\"150\" height=\"150\" src=\"https:\/\/www.visit-ulcinj.com\/blog\/wp-content\/uploads\/2009\/02\/kk_ulcinj-150x150.jpg\" class=\"attachment-thumbnail size-thumbnail\" alt=\"\" loading=\"lazy\" \/><\/a>\n\t\t\t<\/dt><\/dl><dl class='gallery-item'>\n\t\t\t<dt class='gallery-icon landscape'>\n\t\t\t\t<a href='https:\/\/www.visit-ulcinj.com\/blog\/wp-content\/uploads\/2009\/02\/kk_ulcinj1.jpg'><img width=\"150\" height=\"150\" src=\"https:\/\/www.visit-ulcinj.com\/blog\/wp-content\/uploads\/2009\/02\/kk_ulcinj1-150x150.jpg\" class=\"attachment-thumbnail size-thumbnail\" alt=\"\" loading=\"lazy\" \/><\/a>\n\t\t\t<\/dt><\/dl><br style=\"clear: both\" \/><dl class='gallery-item'>\n\t\t\t<dt class='gallery-icon landscape'>\n\t\t\t\t<a href='https:\/\/www.visit-ulcinj.com\/blog\/wp-content\/uploads\/2009\/02\/kk_ulcinj2.jpg'><img width=\"150\" height=\"150\" src=\"https:\/\/www.visit-ulcinj.com\/blog\/wp-content\/uploads\/2009\/02\/kk_ulcinj2-150x150.jpg\" class=\"attachment-thumbnail size-thumbnail\" alt=\"\" loading=\"lazy\" \/><\/a>\n\t\t\t<\/dt><\/dl><dl class='gallery-item'>\n\t\t\t<dt class='gallery-icon landscape'>\n\t\t\t\t<a href='https:\/\/www.visit-ulcinj.com\/blog\/wp-content\/uploads\/2009\/02\/kk_ulcinj3.jpg'><img width=\"150\" height=\"150\" src=\"https:\/\/www.visit-ulcinj.com\/blog\/wp-content\/uploads\/2009\/02\/kk_ulcinj3-150x150.jpg\" class=\"attachment-thumbnail size-thumbnail\" alt=\"\" loading=\"lazy\" \/><\/a>\n\t\t\t<\/dt><\/dl><dl class='gallery-item'>\n\t\t\t<dt class='gallery-icon landscape'>\n\t\t\t\t<a href='https:\/\/www.visit-ulcinj.com\/blog\/wp-content\/uploads\/2009\/02\/kk_ulcinj4.jpg'><img width=\"150\" height=\"150\" src=\"https:\/\/www.visit-ulcinj.com\/blog\/wp-content\/uploads\/2009\/02\/kk_ulcinj4-150x150.jpg\" class=\"attachment-thumbnail size-thumbnail\" alt=\"\" loading=\"lazy\" \/><\/a>\n\t\t\t<\/dt><\/dl><br style=\"clear: both\" \/>\n\t\t<\/div>\n<\/p>\n<p><\/strong><\/p>\n<p style=\"text-align: left;\">[googlevideo width=&#8221;570&#8243; height=&#8221;350&#8243;]http:\/\/video.google.de\/videoplay?docid=-104528995690036889[\/googlevideo]<strong><br \/>\n<\/strong><\/p>\n","protected":false},"excerpt":{"rendered":"<p>Lider i dalje na tronu Derbi je po svemu opravdao taj epitet i ispunio o?ekivanja, bio je to pravi praznik ko\u0161arke u Ulcinju. Svi akteri imali su zapa\u017eene uloge, po?ev od publike do igra?a, svi na vrlo visokom nivou. Utakmica je do samog kraja bila zanimljiva i rezultatski neizvjesna, vrlo dinami?na i borbena. Doslovce u [&hellip;]<\/p>\n","protected":false},"author":1,"featured_media":0,"comment_status":"open","ping_status":"closed","sticky":false,"template":"","format":"standard","meta":{"spay_email":"","jetpack_publicize_message":"","jetpack_is_tweetstorm":false,"jetpack_publicize_feature_enabled":true},"categories":[3],"tags":[6932,6931,6929,6930,6928,6933],"jetpack_publicize_connections":[],"yoast_head":"<!-- This site is optimized with the Yoast SEO plugin v19.1 - https:\/\/yoast.com\/wordpress\/plugins\/seo\/ -->\n<title>Ulcinj slavio pobjedu nad mornarom - Lajme nga Ulqini<\/title>\n<meta name=\"description\" content=\"Lider i dalje na tronu Derbi je po svemu opravdao taj epitet i ispunio o?ekivanja, bio je to pravi praznik ko\u0161arke u Ulcinju. Svi akteri imali su zapa\u017eene\" \/>\n<meta name=\"robots\" content=\"index, follow, max-snippet:-1, max-image-preview:large, max-video-preview:-1\" \/>\n<link rel=\"canonical\" href=\"https:\/\/www.visit-ulcinj.com\/blog\/2009\/02\/19\/ulcinj-slavio-pobjedu-nad-mornarom\/\" \/>\n<meta property=\"og:locale\" content=\"en_US\" \/>\n<meta property=\"og:type\" content=\"article\" \/>\n<meta property=\"og:title\" content=\"Ulcinj slavio pobjedu nad mornarom - Lajme nga Ulqini\" \/>\n<meta property=\"og:description\" content=\"Lider i dalje na tronu Derbi je po svemu opravdao taj epitet i ispunio o?ekivanja, bio je to pravi praznik ko\u0161arke u Ulcinju. Svi akteri imali su zapa\u017eene\" \/>\n<meta property=\"og:url\" content=\"https:\/\/www.visit-ulcinj.com\/blog\/2009\/02\/19\/ulcinj-slavio-pobjedu-nad-mornarom\/\" \/>\n<meta property=\"og:site_name\" content=\"Lajme nga Ulqini\" \/>\n<meta property=\"article:published_time\" content=\"2009-02-19T19:24:53+00:00\" \/>\n<meta property=\"og:image\" content=\"https:\/\/www.visit-ulcinj.com\/blog\/wp-content\/uploads\/2009\/02\/kk_ulcinj5-150x150.gif\" \/>\n<meta name=\"twitter:label1\" content=\"Written by\" \/>\n\t<meta name=\"twitter:data1\" content=\"ulqini\" \/>\n\t<meta name=\"twitter:label2\" content=\"Est. reading time\" \/>\n\t<meta name=\"twitter:data2\" content=\"3 minutes\" \/>\n<script type=\"application\/ld+json\" class=\"yoast-schema-graph\">{\"@context\":\"https:\/\/schema.org\",\"@graph\":[{\"@type\":\"WebSite\",\"@id\":\"https:\/\/www.visit-ulcinj.com\/blog\/#website\",\"url\":\"https:\/\/www.visit-ulcinj.com\/blog\/\",\"name\":\"Lajme nga Ulqini\",\"description\":\"Lajme,Vijesti,Ulqini,Ulqin,Crna Gora,Mali i Zi\",\"potentialAction\":[{\"@type\":\"SearchAction\",\"target\":{\"@type\":\"EntryPoint\",\"urlTemplate\":\"https:\/\/www.visit-ulcinj.com\/blog\/?s={search_term_string}\"},\"query-input\":\"required name=search_term_string\"}],\"inLanguage\":\"en-US\"},{\"@type\":\"ImageObject\",\"inLanguage\":\"en-US\",\"@id\":\"https:\/\/www.visit-ulcinj.com\/blog\/2009\/02\/19\/ulcinj-slavio-pobjedu-nad-mornarom\/#primaryimage\",\"url\":\"https:\/\/www.visit-ulcinj.com\/blog\/wp-content\/uploads\/2009\/02\/kk_ulcinj5.gif\",\"contentUrl\":\"https:\/\/www.visit-ulcinj.com\/blog\/wp-content\/uploads\/2009\/02\/kk_ulcinj5.gif\",\"width\":\"495\",\"height\":\"300\"},{\"@type\":\"WebPage\",\"@id\":\"https:\/\/www.visit-ulcinj.com\/blog\/2009\/02\/19\/ulcinj-slavio-pobjedu-nad-mornarom\/#webpage\",\"url\":\"https:\/\/www.visit-ulcinj.com\/blog\/2009\/02\/19\/ulcinj-slavio-pobjedu-nad-mornarom\/\",\"name\":\"Ulcinj slavio pobjedu nad mornarom - Lajme nga Ulqini\",\"isPartOf\":{\"@id\":\"https:\/\/www.visit-ulcinj.com\/blog\/#website\"},\"primaryImageOfPage\":{\"@id\":\"https:\/\/www.visit-ulcinj.com\/blog\/2009\/02\/19\/ulcinj-slavio-pobjedu-nad-mornarom\/#primaryimage\"},\"datePublished\":\"2009-02-19T19:24:53+00:00\",\"dateModified\":\"2009-02-19T19:24:53+00:00\",\"author\":{\"@id\":\"https:\/\/www.visit-ulcinj.com\/blog\/#\/schema\/person\/dcab619c614d3038751c63bc2aadc06d\"},\"description\":\"Lider i dalje na tronu Derbi je po svemu opravdao taj epitet i ispunio o?ekivanja, bio je to pravi praznik ko\u0161arke u Ulcinju. Svi akteri imali su zapa\u017eene\",\"breadcrumb\":{\"@id\":\"https:\/\/www.visit-ulcinj.com\/blog\/2009\/02\/19\/ulcinj-slavio-pobjedu-nad-mornarom\/#breadcrumb\"},\"inLanguage\":\"en-US\",\"potentialAction\":[{\"@type\":\"ReadAction\",\"target\":[\"https:\/\/www.visit-ulcinj.com\/blog\/2009\/02\/19\/ulcinj-slavio-pobjedu-nad-mornarom\/\"]}]},{\"@type\":\"BreadcrumbList\",\"@id\":\"https:\/\/www.visit-ulcinj.com\/blog\/2009\/02\/19\/ulcinj-slavio-pobjedu-nad-mornarom\/#breadcrumb\",\"itemListElement\":[{\"@type\":\"ListItem\",\"position\":1,\"name\":\"Ulcinj slavio pobjedu nad mornarom\"}]},{\"@type\":\"Person\",\"@id\":\"https:\/\/www.visit-ulcinj.com\/blog\/#\/schema\/person\/dcab619c614d3038751c63bc2aadc06d\",\"name\":\"ulqini\",\"sameAs\":[\"http:\/\/www.visit-ulcinj.com\"],\"url\":\"https:\/\/www.visit-ulcinj.com\/blog\/author\/admin\/\"}]}<\/script>\n<!-- \/ Yoast SEO plugin. -->","yoast_head_json":{"title":"Ulcinj slavio pobjedu nad mornarom - Lajme nga Ulqini","description":"Lider i dalje na tronu Derbi je po svemu opravdao taj epitet i ispunio o?ekivanja, bio je to pravi praznik ko\u0161arke u Ulcinju. Svi akteri imali su zapa\u017eene","robots":{"index":"index","follow":"follow","max-snippet":"max-snippet:-1","max-image-preview":"max-image-preview:large","max-video-preview":"max-video-preview:-1"},"canonical":"https:\/\/www.visit-ulcinj.com\/blog\/2009\/02\/19\/ulcinj-slavio-pobjedu-nad-mornarom\/","og_locale":"en_US","og_type":"article","og_title":"Ulcinj slavio pobjedu nad mornarom - Lajme nga Ulqini","og_description":"Lider i dalje na tronu Derbi je po svemu opravdao taj epitet i ispunio o?ekivanja, bio je to pravi praznik ko\u0161arke u Ulcinju. Svi akteri imali su zapa\u017eene","og_url":"https:\/\/www.visit-ulcinj.com\/blog\/2009\/02\/19\/ulcinj-slavio-pobjedu-nad-mornarom\/","og_site_name":"Lajme nga Ulqini","article_published_time":"2009-02-19T19:24:53+00:00","og_image":[{"url":"https:\/\/www.visit-ulcinj.com\/blog\/wp-content\/uploads\/2009\/02\/kk_ulcinj5-150x150.gif"}],"twitter_misc":{"Written by":"ulqini","Est. reading time":"3 minutes"},"schema":{"@context":"https:\/\/schema.org","@graph":[{"@type":"WebSite","@id":"https:\/\/www.visit-ulcinj.com\/blog\/#website","url":"https:\/\/www.visit-ulcinj.com\/blog\/","name":"Lajme nga Ulqini","description":"Lajme,Vijesti,Ulqini,Ulqin,Crna Gora,Mali i Zi","potentialAction":[{"@type":"SearchAction","target":{"@type":"EntryPoint","urlTemplate":"https:\/\/www.visit-ulcinj.com\/blog\/?s={search_term_string}"},"query-input":"required name=search_term_string"}],"inLanguage":"en-US"},{"@type":"ImageObject","inLanguage":"en-US","@id":"https:\/\/www.visit-ulcinj.com\/blog\/2009\/02\/19\/ulcinj-slavio-pobjedu-nad-mornarom\/#primaryimage","url":"https:\/\/www.visit-ulcinj.com\/blog\/wp-content\/uploads\/2009\/02\/kk_ulcinj5.gif","contentUrl":"https:\/\/www.visit-ulcinj.com\/blog\/wp-content\/uploads\/2009\/02\/kk_ulcinj5.gif","width":"495","height":"300"},{"@type":"WebPage","@id":"https:\/\/www.visit-ulcinj.com\/blog\/2009\/02\/19\/ulcinj-slavio-pobjedu-nad-mornarom\/#webpage","url":"https:\/\/www.visit-ulcinj.com\/blog\/2009\/02\/19\/ulcinj-slavio-pobjedu-nad-mornarom\/","name":"Ulcinj slavio pobjedu nad mornarom - Lajme nga Ulqini","isPartOf":{"@id":"https:\/\/www.visit-ulcinj.com\/blog\/#website"},"primaryImageOfPage":{"@id":"https:\/\/www.visit-ulcinj.com\/blog\/2009\/02\/19\/ulcinj-slavio-pobjedu-nad-mornarom\/#primaryimage"},"datePublished":"2009-02-19T19:24:53+00:00","dateModified":"2009-02-19T19:24:53+00:00","author":{"@id":"https:\/\/www.visit-ulcinj.com\/blog\/#\/schema\/person\/dcab619c614d3038751c63bc2aadc06d"},"description":"Lider i dalje na tronu Derbi je po svemu opravdao taj epitet i ispunio o?ekivanja, bio je to pravi praznik ko\u0161arke u Ulcinju. Svi akteri imali su zapa\u017eene","breadcrumb":{"@id":"https:\/\/www.visit-ulcinj.com\/blog\/2009\/02\/19\/ulcinj-slavio-pobjedu-nad-mornarom\/#breadcrumb"},"inLanguage":"en-US","potentialAction":[{"@type":"ReadAction","target":["https:\/\/www.visit-ulcinj.com\/blog\/2009\/02\/19\/ulcinj-slavio-pobjedu-nad-mornarom\/"]}]},{"@type":"BreadcrumbList","@id":"https:\/\/www.visit-ulcinj.com\/blog\/2009\/02\/19\/ulcinj-slavio-pobjedu-nad-mornarom\/#breadcrumb","itemListElement":[{"@type":"ListItem","position":1,"name":"Ulcinj slavio pobjedu nad mornarom"}]},{"@type":"Person","@id":"https:\/\/www.visit-ulcinj.com\/blog\/#\/schema\/person\/dcab619c614d3038751c63bc2aadc06d","name":"ulqini","sameAs":["http:\/\/www.visit-ulcinj.com"],"url":"https:\/\/www.visit-ulcinj.com\/blog\/author\/admin\/"}]}},"jetpack_featured_media_url":"","jetpack_sharing_enabled":true,"jetpack_shortlink":"https:\/\/wp.me\/pe6lTn-32B","_links":{"self":[{"href":"https:\/\/www.visit-ulcinj.com\/blog\/wp-json\/wp\/v2\/posts\/11693"}],"collection":[{"href":"https:\/\/www.visit-ulcinj.com\/blog\/wp-json\/wp\/v2\/posts"}],"about":[{"href":"https:\/\/www.visit-ulcinj.com\/blog\/wp-json\/wp\/v2\/types\/post"}],"author":[{"embeddable":true,"href":"https:\/\/www.visit-ulcinj.com\/blog\/wp-json\/wp\/v2\/users\/1"}],"replies":[{"embeddable":true,"href":"https:\/\/www.visit-ulcinj.com\/blog\/wp-json\/wp\/v2\/comments?post=11693"}],"version-history":[{"count":0,"href":"https:\/\/www.visit-ulcinj.com\/blog\/wp-json\/wp\/v2\/posts\/11693\/revisions"}],"wp:attachment":[{"href":"https:\/\/www.visit-ulcinj.com\/blog\/wp-json\/wp\/v2\/media?parent=11693"}],"wp:term":[{"taxonomy":"category","embeddable":true,"href":"https:\/\/www.visit-ulcinj.com\/blog\/wp-json\/wp\/v2\/categories?post=11693"},{"taxonomy":"post_tag","embeddable":true,"href":"https:\/\/www.visit-ulcinj.com\/blog\/wp-json\/wp\/v2\/tags?post=11693"}],"curies":[{"name":"wp","href":"https:\/\/api.w.org\/{rel}","templated":true}]}}