{"id":11741,"date":"2009-02-21T18:15:20","date_gmt":"2009-02-21T17:15:20","guid":{"rendered":"http:\/\/www.visit-ulcinj.com\/blog\/?p=11741"},"modified":"2009-02-22T18:16:30","modified_gmt":"2009-02-22T17:16:30","slug":"600-mije-euro-investim-per-rrugen-e-carshise-te-ulqinit","status":"publish","type":"post","link":"https:\/\/www.visit-ulcinj.com\/blog\/2009\/02\/21\/600-mije-euro-investim-per-rrugen-e-carshise-te-ulqinit\/","title":{"rendered":"600 mij\u00eb Euro investim p\u00ebr rrug\u00ebn e \u00c7arshis\u00eb t\u00eb Ulqinit"},"content":{"rendered":"<p><a href=\"http:\/\/www.visit-ulcinj.com\/blog\/wp-content\/uploads\/2009\/02\/carshia-e-ulqinit8.jpg\"><img loading=\"lazy\" class=\"alignleft size-full wp-image-11774\" title=\"carshia-e-ulqinit8\" src=\"http:\/\/www.visit-ulcinj.com\/blog\/wp-content\/uploads\/2009\/02\/carshia-e-ulqinit8.jpg\" alt=\"carshia-e-ulqinit8\" width=\"570\" height=\"400\" \/><\/a>N\u00eb nj\u00eb nga lagjet m\u00eb t\u00eb mira t\u00eb Ulqinit, n\u00eb k\u00ebt zon\u00eb ka filluar rregullimi i fazes s\u00eb dyt\u00eb t\u00eb rrug\u00ebs q\u00eb \u00e7on prej Restorantit Bonita deri te ish SDK-ja\u00a0 me sip\u00ebrfaqe 500 metra katror. P\u00ebr realizimin e k\u00ebtij projekti nd\u00ebrmarrjes\u00a0 \u201cProminvest\u201d do ti ndahen\u00a0 afer 1 milion euro sa kushton krejt projekti i relizum n\u00eb dy faza. N\u00eb an\u00ebn nj\u00eb nga pikat boshtore do t\u00eb rregullohet rruga me gjat\u00ebsi 520 metra, gjer\u00ebsia e rrug\u00ebs do t\u00eb jet\u00eb gjasht\u00eb metra dhe trotuaret do t\u00eb rregullohen dy her\u00eb nga dy metra. N\u00eb an\u00ebn dy rruga do t\u00eb ket\u00eb gjat\u00ebsi prej 240 metra me gjer\u00ebsi prej gjasht\u00eb metrash dhe trotuaret do t\u00eb rregullohen dy her\u00eb nga nj\u00eb met\u00ebr e gjysm\u00eb.<\/p>\n<p>Projekti do t\u00eb realizohet n\u00eb dy faza, n\u00eb faz\u00ebn e para do t\u00eb b\u00ebhet g\u00ebrmimi i tok\u00ebs, shtruarja me tampon dhe instalimet e elektrikes, uj\u00ebsjell\u00ebsit, kanalizimit dhe do t\u00eb vendosen kapak\u00ebt e kanalizimit, kurse n\u00eb faz\u00ebn e dyt\u00eb q\u00eb do t\u00eb realizohet deri n\u00eb dit\u00ebn e komun\u00ebs s\u00eb Ulqinit,kurse faza tjet\u00ebr do t\u00eb vazhdohet gjat muajve apo vitit te ardhsh\u00ebm ku do t\u00eb vendosen skajoret dhe rrug\u00ebt do t\u00eb shtrohen me Kalldram.<\/p>\n<p>Qytetar\u00ebt t\u00eb cil\u00ebt jetojn\u00eb n\u00eb zon\u00ebn e \u00c7arshis\u00eb t\u00eb Ulqinit e kan\u00eb mir\u00ebpritur fillimin e pun\u00ebve p\u00ebr rregullimin e rrug\u00ebve dhe ajo q\u00eb \u00ebsht\u00eb m\u00eb r\u00ebnd\u00ebsi \u00ebsht\u00eb se n\u00eb k\u00ebt\u00eb pjes\u00eb nuk ka pasur probleme t\u00eb aspektit pron\u00ebsoro-juridik.<\/p>\n<p>Si\u00e7 shifet edhe m\u00eb posht\u00eb n\u00eb foto kalldramimi i rrug\u00ebs ec\u00ebn shum\u00eb mir\u00eb thot\u00eb kryetari i Komun\u00ebs G\u00ebzim Hajdinaga ku knaq\u00ebsija e tij pahet duke shikuar se si vijojn\u00eb pun\u00ebt n\u00eb k\u00ebt komun e lamun mas dore q\u00eb nga disa dekada.<\/p>\n<p><strong>Lajme nga Ulqini<\/strong><\/p>\n<p><strong>Kto Fotografi\u00a0 jan Eskluzivitet i Web Sajtit <a href=\"http:\/\/www.ulqini.de\/shqip.htm\">www.ulqini.de<\/a><\/strong><br \/>\n<strong><br \/>\n<\/strong><\/p>\n<p><strong>\n\t\t<style type=\"text\/css\">\n\t\t\t#gallery-1 {\n\t\t\t\tmargin: auto;\n\t\t\t}\n\t\t\t#gallery-1 .gallery-item {\n\t\t\t\tfloat: left;\n\t\t\t\tmargin-top: 10px;\n\t\t\t\ttext-align: center;\n\t\t\t\twidth: 33%;\n\t\t\t}\n\t\t\t#gallery-1 img {\n\t\t\t\tborder: 2px solid #cfcfcf;\n\t\t\t}\n\t\t\t#gallery-1 .gallery-caption {\n\t\t\t\tmargin-left: 0;\n\t\t\t}\n\t\t\t\/* see gallery_shortcode() in wp-includes\/media.php *\/\n\t\t<\/style>\n\t\t<div id='gallery-1' class='gallery galleryid-11741 gallery-columns-3 gallery-size-thumbnail'><dl class='gallery-item'>\n\t\t\t<dt class='gallery-icon landscape'>\n\t\t\t\t<a href='https:\/\/www.visit-ulcinj.com\/blog\/wp-content\/uploads\/2009\/02\/carshia-ulqinit_1.jpg'><img width=\"150\" height=\"150\" src=\"https:\/\/www.visit-ulcinj.com\/blog\/wp-content\/uploads\/2009\/02\/carshia-ulqinit_1-150x150.jpg\" class=\"attachment-thumbnail size-thumbnail\" alt=\"\" loading=\"lazy\" \/><\/a>\n\t\t\t<\/dt><\/dl><dl class='gallery-item'>\n\t\t\t<dt class='gallery-icon landscape'>\n\t\t\t\t<a href='https:\/\/www.visit-ulcinj.com\/blog\/wp-content\/uploads\/2009\/02\/carshia-ulqinit_2.jpg'><img width=\"150\" height=\"150\" src=\"https:\/\/www.visit-ulcinj.com\/blog\/wp-content\/uploads\/2009\/02\/carshia-ulqinit_2-150x150.jpg\" class=\"attachment-thumbnail size-thumbnail\" alt=\"\" loading=\"lazy\" \/><\/a>\n\t\t\t<\/dt><\/dl><dl class='gallery-item'>\n\t\t\t<dt class='gallery-icon landscape'>\n\t\t\t\t<a href='https:\/\/www.visit-ulcinj.com\/blog\/wp-content\/uploads\/2009\/02\/carshia-ulqinit_3.jpg'><img width=\"150\" height=\"150\" src=\"https:\/\/www.visit-ulcinj.com\/blog\/wp-content\/uploads\/2009\/02\/carshia-ulqinit_3-150x150.jpg\" class=\"attachment-thumbnail size-thumbnail\" alt=\"\" loading=\"lazy\" \/><\/a>\n\t\t\t<\/dt><\/dl><br style=\"clear: both\" \/><dl class='gallery-item'>\n\t\t\t<dt class='gallery-icon landscape'>\n\t\t\t\t<a href='https:\/\/www.visit-ulcinj.com\/blog\/wp-content\/uploads\/2009\/02\/carshia-ulqinit_4.jpg'><img width=\"150\" height=\"150\" src=\"https:\/\/www.visit-ulcinj.com\/blog\/wp-content\/uploads\/2009\/02\/carshia-ulqinit_4-150x150.jpg\" class=\"attachment-thumbnail size-thumbnail\" alt=\"\" loading=\"lazy\" \/><\/a>\n\t\t\t<\/dt><\/dl><dl class='gallery-item'>\n\t\t\t<dt class='gallery-icon landscape'>\n\t\t\t\t<a href='https:\/\/www.visit-ulcinj.com\/blog\/wp-content\/uploads\/2009\/02\/carshia-ulqinit_5.jpg'><img width=\"150\" height=\"150\" src=\"https:\/\/www.visit-ulcinj.com\/blog\/wp-content\/uploads\/2009\/02\/carshia-ulqinit_5-150x150.jpg\" class=\"attachment-thumbnail size-thumbnail\" alt=\"\" loading=\"lazy\" \/><\/a>\n\t\t\t<\/dt><\/dl><dl class='gallery-item'>\n\t\t\t<dt class='gallery-icon landscape'>\n\t\t\t\t<a href='https:\/\/www.visit-ulcinj.com\/blog\/wp-content\/uploads\/2009\/02\/carshia-ulqinit_6.jpg'><img width=\"150\" height=\"150\" src=\"https:\/\/www.visit-ulcinj.com\/blog\/wp-content\/uploads\/2009\/02\/carshia-ulqinit_6-150x150.jpg\" class=\"attachment-thumbnail size-thumbnail\" alt=\"\" loading=\"lazy\" \/><\/a>\n\t\t\t<\/dt><\/dl><br style=\"clear: both\" \/><dl class='gallery-item'>\n\t\t\t<dt class='gallery-icon landscape'>\n\t\t\t\t<a href='https:\/\/www.visit-ulcinj.com\/blog\/wp-content\/uploads\/2009\/02\/carshia-ulqinit_7.jpg'><img width=\"150\" height=\"150\" src=\"https:\/\/www.visit-ulcinj.com\/blog\/wp-content\/uploads\/2009\/02\/carshia-ulqinit_7-150x150.jpg\" class=\"attachment-thumbnail size-thumbnail\" alt=\"\" loading=\"lazy\" \/><\/a>\n\t\t\t<\/dt><\/dl><dl class='gallery-item'>\n\t\t\t<dt class='gallery-icon landscape'>\n\t\t\t\t<a href='https:\/\/www.visit-ulcinj.com\/blog\/wp-content\/uploads\/2009\/02\/carshia-ulqinit_8.jpg'><img width=\"150\" height=\"150\" src=\"https:\/\/www.visit-ulcinj.com\/blog\/wp-content\/uploads\/2009\/02\/carshia-ulqinit_8-150x150.jpg\" class=\"attachment-thumbnail size-thumbnail\" alt=\"\" loading=\"lazy\" \/><\/a>\n\t\t\t<\/dt><\/dl><dl class='gallery-item'>\n\t\t\t<dt class='gallery-icon landscape'>\n\t\t\t\t<a href='https:\/\/www.visit-ulcinj.com\/blog\/wp-content\/uploads\/2009\/02\/carshia-ulqinit_9.jpg'><img width=\"150\" height=\"150\" src=\"https:\/\/www.visit-ulcinj.com\/blog\/wp-content\/uploads\/2009\/02\/carshia-ulqinit_9-150x150.jpg\" class=\"attachment-thumbnail size-thumbnail\" alt=\"\" loading=\"lazy\" \/><\/a>\n\t\t\t<\/dt><\/dl><br style=\"clear: both\" \/><dl class='gallery-item'>\n\t\t\t<dt class='gallery-icon landscape'>\n\t\t\t\t<a href='https:\/\/www.visit-ulcinj.com\/blog\/wp-content\/uploads\/2009\/02\/carshia-ulqinit_10.jpg'><img width=\"150\" height=\"150\" src=\"https:\/\/www.visit-ulcinj.com\/blog\/wp-content\/uploads\/2009\/02\/carshia-ulqinit_10-150x150.jpg\" class=\"attachment-thumbnail size-thumbnail\" alt=\"\" loading=\"lazy\" \/><\/a>\n\t\t\t<\/dt><\/dl><dl class='gallery-item'>\n\t\t\t<dt class='gallery-icon landscape'>\n\t\t\t\t<a href='https:\/\/www.visit-ulcinj.com\/blog\/wp-content\/uploads\/2009\/02\/carshia-ulqinit_11.jpg'><img width=\"150\" height=\"150\" src=\"https:\/\/www.visit-ulcinj.com\/blog\/wp-content\/uploads\/2009\/02\/carshia-ulqinit_11-150x150.jpg\" class=\"attachment-thumbnail size-thumbnail\" alt=\"\" loading=\"lazy\" \/><\/a>\n\t\t\t<\/dt><\/dl><dl class='gallery-item'>\n\t\t\t<dt class='gallery-icon landscape'>\n\t\t\t\t<a href='https:\/\/www.visit-ulcinj.com\/blog\/wp-content\/uploads\/2009\/02\/carshia-ulqinit_.jpg'><img width=\"150\" height=\"150\" src=\"https:\/\/www.visit-ulcinj.com\/blog\/wp-content\/uploads\/2009\/02\/carshia-ulqinit_-150x150.jpg\" class=\"attachment-thumbnail size-thumbnail\" alt=\"\" loading=\"lazy\" \/><\/a>\n\t\t\t<\/dt><\/dl><br style=\"clear: both\" \/><dl class='gallery-item'>\n\t\t\t<dt class='gallery-icon landscape'>\n\t\t\t\t<a href='https:\/\/www.visit-ulcinj.com\/blog\/wp-content\/uploads\/2009\/02\/carshia-ulqinit_12.jpg'><img width=\"150\" height=\"150\" src=\"https:\/\/www.visit-ulcinj.com\/blog\/wp-content\/uploads\/2009\/02\/carshia-ulqinit_12-150x150.jpg\" class=\"attachment-thumbnail size-thumbnail\" alt=\"\" loading=\"lazy\" \/><\/a>\n\t\t\t<\/dt><\/dl><dl class='gallery-item'>\n\t\t\t<dt class='gallery-icon landscape'>\n\t\t\t\t<a href='https:\/\/www.visit-ulcinj.com\/blog\/wp-content\/uploads\/2009\/02\/gezim-hajdinaga_carshia-e-ulqinit1.jpg'><img width=\"150\" height=\"150\" src=\"https:\/\/www.visit-ulcinj.com\/blog\/wp-content\/uploads\/2009\/02\/gezim-hajdinaga_carshia-e-ulqinit1-150x150.jpg\" class=\"attachment-thumbnail size-thumbnail\" alt=\"\" loading=\"lazy\" \/><\/a>\n\t\t\t<\/dt><\/dl><dl class='gallery-item'>\n\t\t\t<dt class='gallery-icon landscape'>\n\t\t\t\t<a href='https:\/\/www.visit-ulcinj.com\/blog\/wp-content\/uploads\/2009\/02\/carshia-e-ulqinit8.jpg'><img width=\"150\" height=\"150\" src=\"https:\/\/www.visit-ulcinj.com\/blog\/wp-content\/uploads\/2009\/02\/carshia-e-ulqinit8-150x150.jpg\" class=\"attachment-thumbnail size-thumbnail\" alt=\"\" loading=\"lazy\" \/><\/a>\n\t\t\t<\/dt><\/dl><br style=\"clear: both\" \/>\n\t\t<\/div>\n<\/p>\n<p><\/strong><\/p>\n<p><strong><\/strong><\/p>\n<p><strong><\/strong><\/p>\n<p><strong><\/strong><\/p>\n<p><strong><!--YouTube Error: bad URL entered--><\/strong><\/p>\n<p><strong><\/strong><\/p>\n<p><strong><\/strong><\/p>\n<p><strong><\/strong><\/p>\n<p><strong><\/strong><\/p>\n<p><strong><\/strong><\/p>\n","protected":false},"excerpt":{"rendered":"<p>N\u00eb nj\u00eb nga lagjet m\u00eb t\u00eb mira t\u00eb Ulqinit, n\u00eb k\u00ebt zon\u00eb ka filluar rregullimi i fazes s\u00eb dyt\u00eb t\u00eb rrug\u00ebs q\u00eb \u00e7on prej Restorantit Bonita deri te ish SDK-ja\u00a0 me sip\u00ebrfaqe 500 metra katror. P\u00ebr realizimin e k\u00ebtij projekti nd\u00ebrmarrjes\u00a0 \u201cProminvest\u201d do ti ndahen\u00a0 afer 1 milion euro sa kushton krejt projekti i relizum [&hellip;]<\/p>\n","protected":false},"author":1,"featured_media":0,"comment_status":"open","ping_status":"closed","sticky":false,"template":"","format":"standard","meta":{"spay_email":"","jetpack_publicize_message":"","jetpack_is_tweetstorm":false,"jetpack_publicize_feature_enabled":true},"categories":[1],"tags":[6957,6958,6956,6959],"jetpack_publicize_connections":[],"yoast_head":"<!-- This site is optimized with the Yoast SEO plugin v19.1 - https:\/\/yoast.com\/wordpress\/plugins\/seo\/ -->\n<title>600 mij\u00eb Euro investim p\u00ebr rrug\u00ebn e \u00c7arshis\u00eb t\u00eb Ulqinit - Lajme nga Ulqini<\/title>\n<meta name=\"description\" content=\"N\u00eb nj\u00eb nga lagjet m\u00eb t\u00eb mira t\u00eb Ulqinit, n\u00eb k\u00ebt zon\u00eb ka filluar rregullimi i fazes s\u00eb dyt\u00eb t\u00eb rrug\u00ebs q\u00eb \u00e7on prej Restorantit Bonita deri te ish SDK-ja\u00a0 me\" \/>\n<meta name=\"robots\" content=\"index, follow, max-snippet:-1, max-image-preview:large, max-video-preview:-1\" \/>\n<link rel=\"canonical\" href=\"https:\/\/www.visit-ulcinj.com\/blog\/2009\/02\/21\/600-mije-euro-investim-per-rrugen-e-carshise-te-ulqinit\/\" \/>\n<meta property=\"og:locale\" content=\"en_US\" \/>\n<meta property=\"og:type\" content=\"article\" \/>\n<meta property=\"og:title\" content=\"600 mij\u00eb Euro investim p\u00ebr rrug\u00ebn e \u00c7arshis\u00eb t\u00eb Ulqinit - Lajme nga Ulqini\" \/>\n<meta property=\"og:description\" content=\"N\u00eb nj\u00eb nga lagjet m\u00eb t\u00eb mira t\u00eb Ulqinit, n\u00eb k\u00ebt zon\u00eb ka filluar rregullimi i fazes s\u00eb dyt\u00eb t\u00eb rrug\u00ebs q\u00eb \u00e7on prej Restorantit Bonita deri te ish SDK-ja\u00a0 me\" \/>\n<meta property=\"og:url\" content=\"https:\/\/www.visit-ulcinj.com\/blog\/2009\/02\/21\/600-mije-euro-investim-per-rrugen-e-carshise-te-ulqinit\/\" \/>\n<meta property=\"og:site_name\" content=\"Lajme nga Ulqini\" \/>\n<meta property=\"article:published_time\" content=\"2009-02-21T17:15:20+00:00\" \/>\n<meta property=\"article:modified_time\" content=\"2009-02-22T17:16:30+00:00\" \/>\n<meta property=\"og:image\" content=\"https:\/\/www.visit-ulcinj.com\/blog\/wp-content\/uploads\/2009\/02\/carshia-ulqinit_1-150x150.jpg\" \/>\n<meta name=\"twitter:label1\" content=\"Written by\" \/>\n\t<meta name=\"twitter:data1\" content=\"ulqini\" \/>\n\t<meta name=\"twitter:label2\" content=\"Est. reading time\" \/>\n\t<meta name=\"twitter:data2\" content=\"2 minutes\" \/>\n<script type=\"application\/ld+json\" class=\"yoast-schema-graph\">{\"@context\":\"https:\/\/schema.org\",\"@graph\":[{\"@type\":\"WebSite\",\"@id\":\"https:\/\/www.visit-ulcinj.com\/blog\/#website\",\"url\":\"https:\/\/www.visit-ulcinj.com\/blog\/\",\"name\":\"Lajme nga Ulqini\",\"description\":\"Lajme,Vijesti,Ulqini,Ulqin,Crna Gora,Mali i Zi\",\"potentialAction\":[{\"@type\":\"SearchAction\",\"target\":{\"@type\":\"EntryPoint\",\"urlTemplate\":\"https:\/\/www.visit-ulcinj.com\/blog\/?s={search_term_string}\"},\"query-input\":\"required name=search_term_string\"}],\"inLanguage\":\"en-US\"},{\"@type\":\"ImageObject\",\"inLanguage\":\"en-US\",\"@id\":\"https:\/\/www.visit-ulcinj.com\/blog\/2009\/02\/21\/600-mije-euro-investim-per-rrugen-e-carshise-te-ulqinit\/#primaryimage\",\"url\":\"https:\/\/www.visit-ulcinj.com\/blog\/wp-content\/uploads\/2009\/02\/carshia-e-ulqinit8.jpg\",\"contentUrl\":\"https:\/\/www.visit-ulcinj.com\/blog\/wp-content\/uploads\/2009\/02\/carshia-e-ulqinit8.jpg\",\"width\":\"1200\",\"height\":\"801\"},{\"@type\":\"WebPage\",\"@id\":\"https:\/\/www.visit-ulcinj.com\/blog\/2009\/02\/21\/600-mije-euro-investim-per-rrugen-e-carshise-te-ulqinit\/#webpage\",\"url\":\"https:\/\/www.visit-ulcinj.com\/blog\/2009\/02\/21\/600-mije-euro-investim-per-rrugen-e-carshise-te-ulqinit\/\",\"name\":\"600 mij\u00eb Euro investim p\u00ebr rrug\u00ebn e \u00c7arshis\u00eb t\u00eb Ulqinit - Lajme nga Ulqini\",\"isPartOf\":{\"@id\":\"https:\/\/www.visit-ulcinj.com\/blog\/#website\"},\"primaryImageOfPage\":{\"@id\":\"https:\/\/www.visit-ulcinj.com\/blog\/2009\/02\/21\/600-mije-euro-investim-per-rrugen-e-carshise-te-ulqinit\/#primaryimage\"},\"datePublished\":\"2009-02-21T17:15:20+00:00\",\"dateModified\":\"2009-02-22T17:16:30+00:00\",\"author\":{\"@id\":\"https:\/\/www.visit-ulcinj.com\/blog\/#\/schema\/person\/dcab619c614d3038751c63bc2aadc06d\"},\"description\":\"N\u00eb nj\u00eb nga lagjet m\u00eb t\u00eb mira t\u00eb Ulqinit, n\u00eb k\u00ebt zon\u00eb ka filluar rregullimi i fazes s\u00eb dyt\u00eb t\u00eb rrug\u00ebs q\u00eb \u00e7on prej Restorantit Bonita deri te ish SDK-ja\u00a0 me\",\"breadcrumb\":{\"@id\":\"https:\/\/www.visit-ulcinj.com\/blog\/2009\/02\/21\/600-mije-euro-investim-per-rrugen-e-carshise-te-ulqinit\/#breadcrumb\"},\"inLanguage\":\"en-US\",\"potentialAction\":[{\"@type\":\"ReadAction\",\"target\":[\"https:\/\/www.visit-ulcinj.com\/blog\/2009\/02\/21\/600-mije-euro-investim-per-rrugen-e-carshise-te-ulqinit\/\"]}]},{\"@type\":\"BreadcrumbList\",\"@id\":\"https:\/\/www.visit-ulcinj.com\/blog\/2009\/02\/21\/600-mije-euro-investim-per-rrugen-e-carshise-te-ulqinit\/#breadcrumb\",\"itemListElement\":[{\"@type\":\"ListItem\",\"position\":1,\"name\":\"600 mij\u00eb Euro investim p\u00ebr rrug\u00ebn e \u00c7arshis\u00eb t\u00eb Ulqinit\"}]},{\"@type\":\"Person\",\"@id\":\"https:\/\/www.visit-ulcinj.com\/blog\/#\/schema\/person\/dcab619c614d3038751c63bc2aadc06d\",\"name\":\"ulqini\",\"sameAs\":[\"http:\/\/www.visit-ulcinj.com\"],\"url\":\"https:\/\/www.visit-ulcinj.com\/blog\/author\/admin\/\"}]}<\/script>\n<!-- \/ Yoast SEO plugin. -->","yoast_head_json":{"title":"600 mij\u00eb Euro investim p\u00ebr rrug\u00ebn e \u00c7arshis\u00eb t\u00eb Ulqinit - Lajme nga Ulqini","description":"N\u00eb nj\u00eb nga lagjet m\u00eb t\u00eb mira t\u00eb Ulqinit, n\u00eb k\u00ebt zon\u00eb ka filluar rregullimi i fazes s\u00eb dyt\u00eb t\u00eb rrug\u00ebs q\u00eb \u00e7on prej Restorantit Bonita deri te ish SDK-ja\u00a0 me","robots":{"index":"index","follow":"follow","max-snippet":"max-snippet:-1","max-image-preview":"max-image-preview:large","max-video-preview":"max-video-preview:-1"},"canonical":"https:\/\/www.visit-ulcinj.com\/blog\/2009\/02\/21\/600-mije-euro-investim-per-rrugen-e-carshise-te-ulqinit\/","og_locale":"en_US","og_type":"article","og_title":"600 mij\u00eb Euro investim p\u00ebr rrug\u00ebn e \u00c7arshis\u00eb t\u00eb Ulqinit - Lajme nga Ulqini","og_description":"N\u00eb nj\u00eb nga lagjet m\u00eb t\u00eb mira t\u00eb Ulqinit, n\u00eb k\u00ebt zon\u00eb ka filluar rregullimi i fazes s\u00eb dyt\u00eb t\u00eb rrug\u00ebs q\u00eb \u00e7on prej Restorantit Bonita deri te ish SDK-ja\u00a0 me","og_url":"https:\/\/www.visit-ulcinj.com\/blog\/2009\/02\/21\/600-mije-euro-investim-per-rrugen-e-carshise-te-ulqinit\/","og_site_name":"Lajme nga Ulqini","article_published_time":"2009-02-21T17:15:20+00:00","article_modified_time":"2009-02-22T17:16:30+00:00","og_image":[{"url":"https:\/\/www.visit-ulcinj.com\/blog\/wp-content\/uploads\/2009\/02\/carshia-ulqinit_1-150x150.jpg"}],"twitter_misc":{"Written by":"ulqini","Est. reading time":"2 minutes"},"schema":{"@context":"https:\/\/schema.org","@graph":[{"@type":"WebSite","@id":"https:\/\/www.visit-ulcinj.com\/blog\/#website","url":"https:\/\/www.visit-ulcinj.com\/blog\/","name":"Lajme nga Ulqini","description":"Lajme,Vijesti,Ulqini,Ulqin,Crna Gora,Mali i Zi","potentialAction":[{"@type":"SearchAction","target":{"@type":"EntryPoint","urlTemplate":"https:\/\/www.visit-ulcinj.com\/blog\/?s={search_term_string}"},"query-input":"required name=search_term_string"}],"inLanguage":"en-US"},{"@type":"ImageObject","inLanguage":"en-US","@id":"https:\/\/www.visit-ulcinj.com\/blog\/2009\/02\/21\/600-mije-euro-investim-per-rrugen-e-carshise-te-ulqinit\/#primaryimage","url":"https:\/\/www.visit-ulcinj.com\/blog\/wp-content\/uploads\/2009\/02\/carshia-e-ulqinit8.jpg","contentUrl":"https:\/\/www.visit-ulcinj.com\/blog\/wp-content\/uploads\/2009\/02\/carshia-e-ulqinit8.jpg","width":"1200","height":"801"},{"@type":"WebPage","@id":"https:\/\/www.visit-ulcinj.com\/blog\/2009\/02\/21\/600-mije-euro-investim-per-rrugen-e-carshise-te-ulqinit\/#webpage","url":"https:\/\/www.visit-ulcinj.com\/blog\/2009\/02\/21\/600-mije-euro-investim-per-rrugen-e-carshise-te-ulqinit\/","name":"600 mij\u00eb Euro investim p\u00ebr rrug\u00ebn e \u00c7arshis\u00eb t\u00eb Ulqinit - Lajme nga Ulqini","isPartOf":{"@id":"https:\/\/www.visit-ulcinj.com\/blog\/#website"},"primaryImageOfPage":{"@id":"https:\/\/www.visit-ulcinj.com\/blog\/2009\/02\/21\/600-mije-euro-investim-per-rrugen-e-carshise-te-ulqinit\/#primaryimage"},"datePublished":"2009-02-21T17:15:20+00:00","dateModified":"2009-02-22T17:16:30+00:00","author":{"@id":"https:\/\/www.visit-ulcinj.com\/blog\/#\/schema\/person\/dcab619c614d3038751c63bc2aadc06d"},"description":"N\u00eb nj\u00eb nga lagjet m\u00eb t\u00eb mira t\u00eb Ulqinit, n\u00eb k\u00ebt zon\u00eb ka filluar rregullimi i fazes s\u00eb dyt\u00eb t\u00eb rrug\u00ebs q\u00eb \u00e7on prej Restorantit Bonita deri te ish SDK-ja\u00a0 me","breadcrumb":{"@id":"https:\/\/www.visit-ulcinj.com\/blog\/2009\/02\/21\/600-mije-euro-investim-per-rrugen-e-carshise-te-ulqinit\/#breadcrumb"},"inLanguage":"en-US","potentialAction":[{"@type":"ReadAction","target":["https:\/\/www.visit-ulcinj.com\/blog\/2009\/02\/21\/600-mije-euro-investim-per-rrugen-e-carshise-te-ulqinit\/"]}]},{"@type":"BreadcrumbList","@id":"https:\/\/www.visit-ulcinj.com\/blog\/2009\/02\/21\/600-mije-euro-investim-per-rrugen-e-carshise-te-ulqinit\/#breadcrumb","itemListElement":[{"@type":"ListItem","position":1,"name":"600 mij\u00eb Euro investim p\u00ebr rrug\u00ebn e \u00c7arshis\u00eb t\u00eb Ulqinit"}]},{"@type":"Person","@id":"https:\/\/www.visit-ulcinj.com\/blog\/#\/schema\/person\/dcab619c614d3038751c63bc2aadc06d","name":"ulqini","sameAs":["http:\/\/www.visit-ulcinj.com"],"url":"https:\/\/www.visit-ulcinj.com\/blog\/author\/admin\/"}]}},"jetpack_featured_media_url":"","jetpack_sharing_enabled":true,"jetpack_shortlink":"https:\/\/wp.me\/pe6lTn-33n","_links":{"self":[{"href":"https:\/\/www.visit-ulcinj.com\/blog\/wp-json\/wp\/v2\/posts\/11741"}],"collection":[{"href":"https:\/\/www.visit-ulcinj.com\/blog\/wp-json\/wp\/v2\/posts"}],"about":[{"href":"https:\/\/www.visit-ulcinj.com\/blog\/wp-json\/wp\/v2\/types\/post"}],"author":[{"embeddable":true,"href":"https:\/\/www.visit-ulcinj.com\/blog\/wp-json\/wp\/v2\/users\/1"}],"replies":[{"embeddable":true,"href":"https:\/\/www.visit-ulcinj.com\/blog\/wp-json\/wp\/v2\/comments?post=11741"}],"version-history":[{"count":0,"href":"https:\/\/www.visit-ulcinj.com\/blog\/wp-json\/wp\/v2\/posts\/11741\/revisions"}],"wp:attachment":[{"href":"https:\/\/www.visit-ulcinj.com\/blog\/wp-json\/wp\/v2\/media?parent=11741"}],"wp:term":[{"taxonomy":"category","embeddable":true,"href":"https:\/\/www.visit-ulcinj.com\/blog\/wp-json\/wp\/v2\/categories?post=11741"},{"taxonomy":"post_tag","embeddable":true,"href":"https:\/\/www.visit-ulcinj.com\/blog\/wp-json\/wp\/v2\/tags?post=11741"}],"curies":[{"name":"wp","href":"https:\/\/api.w.org\/{rel}","templated":true}]}}