{"id":11745,"date":"2009-02-21T17:41:20","date_gmt":"2009-02-21T16:41:20","guid":{"rendered":"http:\/\/www.visit-ulcinj.com\/blog\/?p=11745"},"modified":"2009-02-21T17:41:20","modified_gmt":"2009-02-21T16:41:20","slug":"aida-dhe-adelajda-perballen-serish","status":"publish","type":"post","link":"https:\/\/www.visit-ulcinj.com\/blog\/2009\/02\/21\/aida-dhe-adelajda-perballen-serish\/","title":{"rendered":"Aida dhe Adelajda p\u00ebrballen s\u00ebrish!"},"content":{"rendered":"<p><em><span class=\"newsdate\"><a href=\"http:\/\/www.visit-ulcinj.com\/blog\/wp-content\/uploads\/2009\/02\/adela-aida-copy.jpg\"><img loading=\"lazy\" class=\"alignleft size-full wp-image-11746\" title=\"adela-aida-big-brother-albania\" src=\"http:\/\/www.visit-ulcinj.com\/blog\/wp-content\/uploads\/2009\/02\/adela-aida-copy.jpg\" alt=\"adela-aida-big-brother-albania\" width=\"300\" height=\"205\" \/><\/a>18\/02\/09 04:10<\/span><\/em><\/p>\n<p>Nj\u00eb tjet\u00ebr \u201cz\u00ebnk\u00eb\u201d ka ndodhur mes Aid\u00ebs dhe Adelajdes, k\u00ebsaj here n\u00eb dhom\u00ebn e gjumit. Aida i ka kujtuar sjelljen e saj jo t\u00eb hijshme karshi Lirit\u00ebs, kur nuk i foli as n\u00eb em\u00ebr e nuk i tha as t\u00eb lutem. Adelajda iu p\u00ebrgjigj duke i th\u00ebn\u00eb se \u00e7fare ka mes asaj e Lirit\u00ebs nuk \u00ebsht\u00eb pun\u00eb e Aid\u00ebs dhe Lirita po t\u00eb donte fliste vet. \u201cFjala -t\u00eb lutem-, -i ka th\u00ebn\u00eb Aida Adelajdes, -\u00ebsht\u00eb kultura m\u00eb minimale, q\u00eb ti si zyshe q\u00eb je duhet ta dish.\u201d. M\u00eb pas ajo ka vazhduar duke th\u00ebn\u00eb se Adela nuk mund t\u00eb urdh\u00ebroj\u00eb t\u00eb tjer\u00ebt, gj\u00eb t\u00eb cil\u00ebs ajo \u00ebsht\u00eb p\u00ebrgjigjur s\u00ebrish se Aida nuk ka pse t\u00eb nd\u00ebrhyj\u00eb, kur nuk i ka th\u00ebn\u00eb gj\u00eb asaj. \u201cKur flas me Lirit\u00ebn, flas me Lirit\u00ebn. Kur t\u00eb flas me ty, flas me ty!-ka p\u00ebrfunduar ajo.<\/p>\n<p>Top Channel<\/p>\n","protected":false},"excerpt":{"rendered":"<p>18\/02\/09 04:10 Nj\u00eb tjet\u00ebr \u201cz\u00ebnk\u00eb\u201d ka ndodhur mes Aid\u00ebs dhe Adelajdes, k\u00ebsaj here n\u00eb dhom\u00ebn e gjumit. Aida i ka kujtuar sjelljen e saj jo t\u00eb hijshme karshi Lirit\u00ebs, kur nuk i foli as n\u00eb em\u00ebr e nuk i tha as t\u00eb lutem. Adelajda iu p\u00ebrgjigj duke i th\u00ebn\u00eb se \u00e7fare ka mes asaj e [&hellip;]<\/p>\n","protected":false},"author":1,"featured_media":0,"comment_status":"open","ping_status":"closed","sticky":false,"template":"","format":"standard","meta":{"spay_email":"","jetpack_publicize_message":"","jetpack_is_tweetstorm":false,"jetpack_publicize_feature_enabled":true},"categories":[6502],"tags":[6562,6529,6566,6537,5057,6506,6891,6693,6887],"jetpack_publicize_connections":[],"yoast_head":"<!-- This site is optimized with the Yoast SEO plugin v19.1 - https:\/\/yoast.com\/wordpress\/plugins\/seo\/ -->\n<title>Aida dhe Adelajda p\u00c3\u00abrballen s\u00c3\u00abrish! - Big Brother Albania<\/title>\n<meta name=\"description\" content=\"Big Brother Albania - Nj\u00c3\u00ab tjet\u00c3\u00abr \u00e2\u20ac\u0153z\u00c3\u00abnk\u00c3\u00ab\u00e2\u20ac\u009d ka ndodhur mes Aid\u00c3\u00abs dhe Adelajdes, k\u00c3\u00absaj here n\u00c3\u00ab dhom\u00c3\u00abn e gjumit. Aida i ka kujtuar sjelljen e saj jo t\u00c3\u00ab hijshme karshi Lirit\u00c3\u00abs, kur nuk i foli as n\u00c3\u00ab em\u00c3\u00abr e nuk i tha as t\u00c3\u00ab lutem.\" \/>\n<meta name=\"robots\" content=\"index, follow, max-snippet:-1, max-image-preview:large, max-video-preview:-1\" \/>\n<link rel=\"canonical\" href=\"https:\/\/www.visit-ulcinj.com\/blog\/2009\/02\/21\/aida-dhe-adelajda-perballen-serish\/\" \/>\n<meta property=\"og:locale\" content=\"en_US\" \/>\n<meta property=\"og:type\" content=\"article\" \/>\n<meta property=\"og:title\" content=\"Aida dhe Adelajda p\u00c3\u00abrballen s\u00c3\u00abrish! - Big Brother Albania\" \/>\n<meta property=\"og:description\" content=\"Big Brother Albania - Nj\u00c3\u00ab tjet\u00c3\u00abr \u00e2\u20ac\u0153z\u00c3\u00abnk\u00c3\u00ab\u00e2\u20ac\u009d ka ndodhur mes Aid\u00c3\u00abs dhe Adelajdes, k\u00c3\u00absaj here n\u00c3\u00ab dhom\u00c3\u00abn e gjumit. Aida i ka kujtuar sjelljen e saj jo t\u00c3\u00ab hijshme karshi Lirit\u00c3\u00abs, kur nuk i foli as n\u00c3\u00ab em\u00c3\u00abr e nuk i tha as t\u00c3\u00ab lutem.\" \/>\n<meta property=\"og:url\" content=\"https:\/\/www.visit-ulcinj.com\/blog\/2009\/02\/21\/aida-dhe-adelajda-perballen-serish\/\" \/>\n<meta property=\"og:site_name\" content=\"Lajme nga Ulqini\" \/>\n<meta property=\"article:published_time\" content=\"2009-02-21T16:41:20+00:00\" \/>\n<meta property=\"og:image\" content=\"http:\/\/www.visit-ulcinj.com\/blog\/wp-content\/uploads\/2009\/02\/adela-aida-copy.jpg\" \/>\n<meta name=\"twitter:label1\" content=\"Written by\" \/>\n\t<meta name=\"twitter:data1\" content=\"ulqini\" \/>\n\t<meta name=\"twitter:label2\" content=\"Est. reading time\" \/>\n\t<meta name=\"twitter:data2\" content=\"1 minute\" \/>\n<script type=\"application\/ld+json\" class=\"yoast-schema-graph\">{\"@context\":\"https:\/\/schema.org\",\"@graph\":[{\"@type\":\"WebSite\",\"@id\":\"https:\/\/www.visit-ulcinj.com\/blog\/#website\",\"url\":\"https:\/\/www.visit-ulcinj.com\/blog\/\",\"name\":\"Lajme nga Ulqini\",\"description\":\"Lajme,Vijesti,Ulqini,Ulqin,Crna Gora,Mali i Zi\",\"potentialAction\":[{\"@type\":\"SearchAction\",\"target\":{\"@type\":\"EntryPoint\",\"urlTemplate\":\"https:\/\/www.visit-ulcinj.com\/blog\/?s={search_term_string}\"},\"query-input\":\"required name=search_term_string\"}],\"inLanguage\":\"en-US\"},{\"@type\":\"ImageObject\",\"inLanguage\":\"en-US\",\"@id\":\"https:\/\/www.visit-ulcinj.com\/blog\/2009\/02\/21\/aida-dhe-adelajda-perballen-serish\/#primaryimage\",\"url\":\"http:\/\/www.visit-ulcinj.com\/blog\/wp-content\/uploads\/2009\/02\/adela-aida-copy.jpg\",\"contentUrl\":\"http:\/\/www.visit-ulcinj.com\/blog\/wp-content\/uploads\/2009\/02\/adela-aida-copy.jpg\"},{\"@type\":\"WebPage\",\"@id\":\"https:\/\/www.visit-ulcinj.com\/blog\/2009\/02\/21\/aida-dhe-adelajda-perballen-serish\/#webpage\",\"url\":\"https:\/\/www.visit-ulcinj.com\/blog\/2009\/02\/21\/aida-dhe-adelajda-perballen-serish\/\",\"name\":\"Aida dhe Adelajda p\u00c3\u00abrballen s\u00c3\u00abrish! - Big Brother Albania\",\"isPartOf\":{\"@id\":\"https:\/\/www.visit-ulcinj.com\/blog\/#website\"},\"primaryImageOfPage\":{\"@id\":\"https:\/\/www.visit-ulcinj.com\/blog\/2009\/02\/21\/aida-dhe-adelajda-perballen-serish\/#primaryimage\"},\"datePublished\":\"2009-02-21T16:41:20+00:00\",\"dateModified\":\"2009-02-21T16:41:20+00:00\",\"author\":{\"@id\":\"https:\/\/www.visit-ulcinj.com\/blog\/#\/schema\/person\/dcab619c614d3038751c63bc2aadc06d\"},\"description\":\"Big Brother Albania - Nj\u00c3\u00ab tjet\u00c3\u00abr \u00e2\u20ac\u0153z\u00c3\u00abnk\u00c3\u00ab\u00e2\u20ac\u009d ka ndodhur mes Aid\u00c3\u00abs dhe Adelajdes, k\u00c3\u00absaj here n\u00c3\u00ab dhom\u00c3\u00abn e gjumit. Aida i ka kujtuar sjelljen e saj jo t\u00c3\u00ab hijshme karshi Lirit\u00c3\u00abs, kur nuk i foli as n\u00c3\u00ab em\u00c3\u00abr e nuk i tha as t\u00c3\u00ab lutem.\",\"breadcrumb\":{\"@id\":\"https:\/\/www.visit-ulcinj.com\/blog\/2009\/02\/21\/aida-dhe-adelajda-perballen-serish\/#breadcrumb\"},\"inLanguage\":\"en-US\",\"potentialAction\":[{\"@type\":\"ReadAction\",\"target\":[\"https:\/\/www.visit-ulcinj.com\/blog\/2009\/02\/21\/aida-dhe-adelajda-perballen-serish\/\"]}]},{\"@type\":\"BreadcrumbList\",\"@id\":\"https:\/\/www.visit-ulcinj.com\/blog\/2009\/02\/21\/aida-dhe-adelajda-perballen-serish\/#breadcrumb\",\"itemListElement\":[{\"@type\":\"ListItem\",\"position\":1,\"name\":\"Aida dhe Adelajda p\u00ebrballen s\u00ebrish!\"}]},{\"@type\":\"Person\",\"@id\":\"https:\/\/www.visit-ulcinj.com\/blog\/#\/schema\/person\/dcab619c614d3038751c63bc2aadc06d\",\"name\":\"ulqini\",\"sameAs\":[\"http:\/\/www.visit-ulcinj.com\"],\"url\":\"https:\/\/www.visit-ulcinj.com\/blog\/author\/admin\/\"}]}<\/script>\n<!-- \/ Yoast SEO plugin. -->","yoast_head_json":{"title":"Aida dhe Adelajda p\u00c3\u00abrballen s\u00c3\u00abrish! - Big Brother Albania","description":"Big Brother Albania - Nj\u00c3\u00ab tjet\u00c3\u00abr \u00e2\u20ac\u0153z\u00c3\u00abnk\u00c3\u00ab\u00e2\u20ac\u009d ka ndodhur mes Aid\u00c3\u00abs dhe Adelajdes, k\u00c3\u00absaj here n\u00c3\u00ab dhom\u00c3\u00abn e gjumit. Aida i ka kujtuar sjelljen e saj jo t\u00c3\u00ab hijshme karshi Lirit\u00c3\u00abs, kur nuk i foli as n\u00c3\u00ab em\u00c3\u00abr e nuk i tha as t\u00c3\u00ab lutem.","robots":{"index":"index","follow":"follow","max-snippet":"max-snippet:-1","max-image-preview":"max-image-preview:large","max-video-preview":"max-video-preview:-1"},"canonical":"https:\/\/www.visit-ulcinj.com\/blog\/2009\/02\/21\/aida-dhe-adelajda-perballen-serish\/","og_locale":"en_US","og_type":"article","og_title":"Aida dhe Adelajda p\u00c3\u00abrballen s\u00c3\u00abrish! - Big Brother Albania","og_description":"Big Brother Albania - Nj\u00c3\u00ab tjet\u00c3\u00abr \u00e2\u20ac\u0153z\u00c3\u00abnk\u00c3\u00ab\u00e2\u20ac\u009d ka ndodhur mes Aid\u00c3\u00abs dhe Adelajdes, k\u00c3\u00absaj here n\u00c3\u00ab dhom\u00c3\u00abn e gjumit. Aida i ka kujtuar sjelljen e saj jo t\u00c3\u00ab hijshme karshi Lirit\u00c3\u00abs, kur nuk i foli as n\u00c3\u00ab em\u00c3\u00abr e nuk i tha as t\u00c3\u00ab lutem.","og_url":"https:\/\/www.visit-ulcinj.com\/blog\/2009\/02\/21\/aida-dhe-adelajda-perballen-serish\/","og_site_name":"Lajme nga Ulqini","article_published_time":"2009-02-21T16:41:20+00:00","og_image":[{"url":"http:\/\/www.visit-ulcinj.com\/blog\/wp-content\/uploads\/2009\/02\/adela-aida-copy.jpg"}],"twitter_misc":{"Written by":"ulqini","Est. reading time":"1 minute"},"schema":{"@context":"https:\/\/schema.org","@graph":[{"@type":"WebSite","@id":"https:\/\/www.visit-ulcinj.com\/blog\/#website","url":"https:\/\/www.visit-ulcinj.com\/blog\/","name":"Lajme nga Ulqini","description":"Lajme,Vijesti,Ulqini,Ulqin,Crna Gora,Mali i Zi","potentialAction":[{"@type":"SearchAction","target":{"@type":"EntryPoint","urlTemplate":"https:\/\/www.visit-ulcinj.com\/blog\/?s={search_term_string}"},"query-input":"required name=search_term_string"}],"inLanguage":"en-US"},{"@type":"ImageObject","inLanguage":"en-US","@id":"https:\/\/www.visit-ulcinj.com\/blog\/2009\/02\/21\/aida-dhe-adelajda-perballen-serish\/#primaryimage","url":"http:\/\/www.visit-ulcinj.com\/blog\/wp-content\/uploads\/2009\/02\/adela-aida-copy.jpg","contentUrl":"http:\/\/www.visit-ulcinj.com\/blog\/wp-content\/uploads\/2009\/02\/adela-aida-copy.jpg"},{"@type":"WebPage","@id":"https:\/\/www.visit-ulcinj.com\/blog\/2009\/02\/21\/aida-dhe-adelajda-perballen-serish\/#webpage","url":"https:\/\/www.visit-ulcinj.com\/blog\/2009\/02\/21\/aida-dhe-adelajda-perballen-serish\/","name":"Aida dhe Adelajda p\u00c3\u00abrballen s\u00c3\u00abrish! - Big Brother Albania","isPartOf":{"@id":"https:\/\/www.visit-ulcinj.com\/blog\/#website"},"primaryImageOfPage":{"@id":"https:\/\/www.visit-ulcinj.com\/blog\/2009\/02\/21\/aida-dhe-adelajda-perballen-serish\/#primaryimage"},"datePublished":"2009-02-21T16:41:20+00:00","dateModified":"2009-02-21T16:41:20+00:00","author":{"@id":"https:\/\/www.visit-ulcinj.com\/blog\/#\/schema\/person\/dcab619c614d3038751c63bc2aadc06d"},"description":"Big Brother Albania - Nj\u00c3\u00ab tjet\u00c3\u00abr \u00e2\u20ac\u0153z\u00c3\u00abnk\u00c3\u00ab\u00e2\u20ac\u009d ka ndodhur mes Aid\u00c3\u00abs dhe Adelajdes, k\u00c3\u00absaj here n\u00c3\u00ab dhom\u00c3\u00abn e gjumit. Aida i ka kujtuar sjelljen e saj jo t\u00c3\u00ab hijshme karshi Lirit\u00c3\u00abs, kur nuk i foli as n\u00c3\u00ab em\u00c3\u00abr e nuk i tha as t\u00c3\u00ab lutem.","breadcrumb":{"@id":"https:\/\/www.visit-ulcinj.com\/blog\/2009\/02\/21\/aida-dhe-adelajda-perballen-serish\/#breadcrumb"},"inLanguage":"en-US","potentialAction":[{"@type":"ReadAction","target":["https:\/\/www.visit-ulcinj.com\/blog\/2009\/02\/21\/aida-dhe-adelajda-perballen-serish\/"]}]},{"@type":"BreadcrumbList","@id":"https:\/\/www.visit-ulcinj.com\/blog\/2009\/02\/21\/aida-dhe-adelajda-perballen-serish\/#breadcrumb","itemListElement":[{"@type":"ListItem","position":1,"name":"Aida dhe Adelajda p\u00ebrballen s\u00ebrish!"}]},{"@type":"Person","@id":"https:\/\/www.visit-ulcinj.com\/blog\/#\/schema\/person\/dcab619c614d3038751c63bc2aadc06d","name":"ulqini","sameAs":["http:\/\/www.visit-ulcinj.com"],"url":"https:\/\/www.visit-ulcinj.com\/blog\/author\/admin\/"}]}},"jetpack_featured_media_url":"","jetpack_sharing_enabled":true,"jetpack_shortlink":"https:\/\/wp.me\/pe6lTn-33r","_links":{"self":[{"href":"https:\/\/www.visit-ulcinj.com\/blog\/wp-json\/wp\/v2\/posts\/11745"}],"collection":[{"href":"https:\/\/www.visit-ulcinj.com\/blog\/wp-json\/wp\/v2\/posts"}],"about":[{"href":"https:\/\/www.visit-ulcinj.com\/blog\/wp-json\/wp\/v2\/types\/post"}],"author":[{"embeddable":true,"href":"https:\/\/www.visit-ulcinj.com\/blog\/wp-json\/wp\/v2\/users\/1"}],"replies":[{"embeddable":true,"href":"https:\/\/www.visit-ulcinj.com\/blog\/wp-json\/wp\/v2\/comments?post=11745"}],"version-history":[{"count":0,"href":"https:\/\/www.visit-ulcinj.com\/blog\/wp-json\/wp\/v2\/posts\/11745\/revisions"}],"wp:attachment":[{"href":"https:\/\/www.visit-ulcinj.com\/blog\/wp-json\/wp\/v2\/media?parent=11745"}],"wp:term":[{"taxonomy":"category","embeddable":true,"href":"https:\/\/www.visit-ulcinj.com\/blog\/wp-json\/wp\/v2\/categories?post=11745"},{"taxonomy":"post_tag","embeddable":true,"href":"https:\/\/www.visit-ulcinj.com\/blog\/wp-json\/wp\/v2\/tags?post=11745"}],"curies":[{"name":"wp","href":"https:\/\/api.w.org\/{rel}","templated":true}]}}