{"id":11749,"date":"2009-02-21T17:48:46","date_gmt":"2009-02-21T16:48:46","guid":{"rendered":"http:\/\/www.visit-ulcinj.com\/blog\/?p=11749"},"modified":"2009-02-21T17:48:46","modified_gmt":"2009-02-21T16:48:46","slug":"me-pelqen-ketu-ne-big-brother","status":"publish","type":"post","link":"https:\/\/www.visit-ulcinj.com\/blog\/2009\/02\/21\/me-pelqen-ketu-ne-big-brother\/","title":{"rendered":"M\u00eb p\u00eblqen k\u00ebtu n\u00eb Big Brother!"},"content":{"rendered":"<p><em><span class=\"newsdate\"><a href=\"http:\/\/www.visit-ulcinj.com\/blog\/wp-content\/uploads\/2009\/02\/bjordi-dhe-moza.jpg\"><img loading=\"lazy\" class=\"alignleft size-full wp-image-11750\" title=\"bjordi-dhe-moza-big-brother-albania\" src=\"http:\/\/www.visit-ulcinj.com\/blog\/wp-content\/uploads\/2009\/02\/bjordi-dhe-moza.jpg\" alt=\"bjordi-dhe-moza-big-brother-albania\" width=\"300\" height=\"205\" \/><\/a>18\/02\/09 14:40<\/span><\/em><\/p>\n<p>Duke biseduar jasht\u00eb n\u00eb oborrin e sht\u00ebpis\u00eb Mimoza e ka pyetur Bjordit sesi e ndjen ai veten k\u00ebtu, n\u00eb sht\u00ebpin\u00eb e Big Brotherit dhe a ishte p\u00ebrshtatur apo jo. \u201cPo, &#8211; i ka th\u00ebn\u00eb Bjordi, m\u00eb p\u00eblqen, vet\u00ebm nganj\u00ebher\u00eb m\u00ebrzitem sepse nuk rri dot p\u00ebr shum\u00eb koh\u00eb ulur, pa b\u00ebr\u00eb asgj\u00eb!\u201d \u201cEdhe mua m\u00eb p\u00eblqen shum\u00eb!- i ka th\u00ebn\u00eb Mimoza. N\u00eb fakt, n\u00eb lidhje me Mimoz\u00ebn dhe sjelljen e saj, Dritani dhe Qetsori kan\u00eb komentuar n\u00eb m\u00ebngjes se ajo duket sikur ka ardhur me pushime. \u201cAs do t\u2019ia dij\u00eb fare!- ka th\u00ebn\u00eb Qetsori. \u2013\u201cPo, po, kutin\u00eb e tualetit me vete edhe&#8230;\u201d- ka plot\u00ebsuar Dritani.<\/p>\n<p>Top Channel<\/p>\n","protected":false},"excerpt":{"rendered":"<p>18\/02\/09 14:40 Duke biseduar jasht\u00eb n\u00eb oborrin e sht\u00ebpis\u00eb Mimoza e ka pyetur Bjordit sesi e ndjen ai veten k\u00ebtu, n\u00eb sht\u00ebpin\u00eb e Big Brotherit dhe a ishte p\u00ebrshtatur apo jo. \u201cPo, &#8211; i ka th\u00ebn\u00eb Bjordi, m\u00eb p\u00eblqen, vet\u00ebm nganj\u00ebher\u00eb m\u00ebrzitem sepse nuk rri dot p\u00ebr shum\u00eb koh\u00eb ulur, pa b\u00ebr\u00eb asgj\u00eb!\u201d \u201cEdhe mua [&hellip;]<\/p>\n","protected":false},"author":1,"featured_media":0,"comment_status":"open","ping_status":"closed","sticky":false,"template":"","format":"standard","meta":{"spay_email":"","jetpack_publicize_message":"","jetpack_is_tweetstorm":false,"jetpack_publicize_feature_enabled":true},"categories":[6502],"tags":[5057,6506,6665,6522,6568,6953,6544,6891,6693,6887],"jetpack_publicize_connections":[],"yoast_head":"<!-- This site is optimized with the Yoast SEO plugin v19.1 - https:\/\/yoast.com\/wordpress\/plugins\/seo\/ -->\n<title>Mimoza \u00c3\u00ab Bjordi - M\u00c3\u00ab p\u00c3\u00ablqen k\u00c3\u00abtu n\u00c3\u00ab Big Brother! - Big Brother Albania<\/title>\n<meta name=\"description\" content=\"Big Brother Albania - Duke biseduar jasht\u00c3\u00ab n\u00c3\u00ab oborrin e sht\u00c3\u00abpis\u00c3\u00ab Mimoza e ka pyetur Bjordit sesi e ndjen ai veten k\u00c3\u00abtu, n\u00c3\u00ab sht\u00c3\u00abpin\u00c3\u00ab e Big Brotherit dhe a ishte p\u00c3\u00abrshtatur apo jo\" \/>\n<meta name=\"robots\" content=\"index, follow, max-snippet:-1, max-image-preview:large, max-video-preview:-1\" \/>\n<link rel=\"canonical\" href=\"https:\/\/www.visit-ulcinj.com\/blog\/2009\/02\/21\/me-pelqen-ketu-ne-big-brother\/\" \/>\n<meta property=\"og:locale\" content=\"en_US\" \/>\n<meta property=\"og:type\" content=\"article\" \/>\n<meta property=\"og:title\" content=\"Mimoza \u00c3\u00ab Bjordi - M\u00c3\u00ab p\u00c3\u00ablqen k\u00c3\u00abtu n\u00c3\u00ab Big Brother! - Big Brother Albania\" \/>\n<meta property=\"og:description\" content=\"Big Brother Albania - Duke biseduar jasht\u00c3\u00ab n\u00c3\u00ab oborrin e sht\u00c3\u00abpis\u00c3\u00ab Mimoza e ka pyetur Bjordit sesi e ndjen ai veten k\u00c3\u00abtu, n\u00c3\u00ab sht\u00c3\u00abpin\u00c3\u00ab e Big Brotherit dhe a ishte p\u00c3\u00abrshtatur apo jo\" \/>\n<meta property=\"og:url\" content=\"https:\/\/www.visit-ulcinj.com\/blog\/2009\/02\/21\/me-pelqen-ketu-ne-big-brother\/\" \/>\n<meta property=\"og:site_name\" content=\"Lajme nga Ulqini\" \/>\n<meta property=\"article:published_time\" content=\"2009-02-21T16:48:46+00:00\" \/>\n<meta property=\"og:image\" content=\"http:\/\/www.visit-ulcinj.com\/blog\/wp-content\/uploads\/2009\/02\/bjordi-dhe-moza.jpg\" \/>\n<meta name=\"twitter:label1\" content=\"Written by\" \/>\n\t<meta name=\"twitter:data1\" content=\"ulqini\" \/>\n\t<meta name=\"twitter:label2\" content=\"Est. reading time\" \/>\n\t<meta name=\"twitter:data2\" content=\"1 minute\" \/>\n<script type=\"application\/ld+json\" class=\"yoast-schema-graph\">{\"@context\":\"https:\/\/schema.org\",\"@graph\":[{\"@type\":\"WebSite\",\"@id\":\"https:\/\/www.visit-ulcinj.com\/blog\/#website\",\"url\":\"https:\/\/www.visit-ulcinj.com\/blog\/\",\"name\":\"Lajme nga Ulqini\",\"description\":\"Lajme,Vijesti,Ulqini,Ulqin,Crna Gora,Mali i Zi\",\"potentialAction\":[{\"@type\":\"SearchAction\",\"target\":{\"@type\":\"EntryPoint\",\"urlTemplate\":\"https:\/\/www.visit-ulcinj.com\/blog\/?s={search_term_string}\"},\"query-input\":\"required name=search_term_string\"}],\"inLanguage\":\"en-US\"},{\"@type\":\"ImageObject\",\"inLanguage\":\"en-US\",\"@id\":\"https:\/\/www.visit-ulcinj.com\/blog\/2009\/02\/21\/me-pelqen-ketu-ne-big-brother\/#primaryimage\",\"url\":\"http:\/\/www.visit-ulcinj.com\/blog\/wp-content\/uploads\/2009\/02\/bjordi-dhe-moza.jpg\",\"contentUrl\":\"http:\/\/www.visit-ulcinj.com\/blog\/wp-content\/uploads\/2009\/02\/bjordi-dhe-moza.jpg\"},{\"@type\":\"WebPage\",\"@id\":\"https:\/\/www.visit-ulcinj.com\/blog\/2009\/02\/21\/me-pelqen-ketu-ne-big-brother\/#webpage\",\"url\":\"https:\/\/www.visit-ulcinj.com\/blog\/2009\/02\/21\/me-pelqen-ketu-ne-big-brother\/\",\"name\":\"Mimoza \u00c3\u00ab Bjordi - M\u00c3\u00ab p\u00c3\u00ablqen k\u00c3\u00abtu n\u00c3\u00ab Big Brother! - Big Brother Albania\",\"isPartOf\":{\"@id\":\"https:\/\/www.visit-ulcinj.com\/blog\/#website\"},\"primaryImageOfPage\":{\"@id\":\"https:\/\/www.visit-ulcinj.com\/blog\/2009\/02\/21\/me-pelqen-ketu-ne-big-brother\/#primaryimage\"},\"datePublished\":\"2009-02-21T16:48:46+00:00\",\"dateModified\":\"2009-02-21T16:48:46+00:00\",\"author\":{\"@id\":\"https:\/\/www.visit-ulcinj.com\/blog\/#\/schema\/person\/dcab619c614d3038751c63bc2aadc06d\"},\"description\":\"Big Brother Albania - Duke biseduar jasht\u00c3\u00ab n\u00c3\u00ab oborrin e sht\u00c3\u00abpis\u00c3\u00ab Mimoza e ka pyetur Bjordit sesi e ndjen ai veten k\u00c3\u00abtu, n\u00c3\u00ab sht\u00c3\u00abpin\u00c3\u00ab e Big Brotherit dhe a ishte p\u00c3\u00abrshtatur apo jo\",\"breadcrumb\":{\"@id\":\"https:\/\/www.visit-ulcinj.com\/blog\/2009\/02\/21\/me-pelqen-ketu-ne-big-brother\/#breadcrumb\"},\"inLanguage\":\"en-US\",\"potentialAction\":[{\"@type\":\"ReadAction\",\"target\":[\"https:\/\/www.visit-ulcinj.com\/blog\/2009\/02\/21\/me-pelqen-ketu-ne-big-brother\/\"]}]},{\"@type\":\"BreadcrumbList\",\"@id\":\"https:\/\/www.visit-ulcinj.com\/blog\/2009\/02\/21\/me-pelqen-ketu-ne-big-brother\/#breadcrumb\",\"itemListElement\":[{\"@type\":\"ListItem\",\"position\":1,\"name\":\"M\u00eb p\u00eblqen k\u00ebtu n\u00eb Big Brother!\"}]},{\"@type\":\"Person\",\"@id\":\"https:\/\/www.visit-ulcinj.com\/blog\/#\/schema\/person\/dcab619c614d3038751c63bc2aadc06d\",\"name\":\"ulqini\",\"sameAs\":[\"http:\/\/www.visit-ulcinj.com\"],\"url\":\"https:\/\/www.visit-ulcinj.com\/blog\/author\/admin\/\"}]}<\/script>\n<!-- \/ Yoast SEO plugin. -->","yoast_head_json":{"title":"Mimoza \u00c3\u00ab Bjordi - M\u00c3\u00ab p\u00c3\u00ablqen k\u00c3\u00abtu n\u00c3\u00ab Big Brother! - Big Brother Albania","description":"Big Brother Albania - Duke biseduar jasht\u00c3\u00ab n\u00c3\u00ab oborrin e sht\u00c3\u00abpis\u00c3\u00ab Mimoza e ka pyetur Bjordit sesi e ndjen ai veten k\u00c3\u00abtu, n\u00c3\u00ab sht\u00c3\u00abpin\u00c3\u00ab e Big Brotherit dhe a ishte p\u00c3\u00abrshtatur apo jo","robots":{"index":"index","follow":"follow","max-snippet":"max-snippet:-1","max-image-preview":"max-image-preview:large","max-video-preview":"max-video-preview:-1"},"canonical":"https:\/\/www.visit-ulcinj.com\/blog\/2009\/02\/21\/me-pelqen-ketu-ne-big-brother\/","og_locale":"en_US","og_type":"article","og_title":"Mimoza \u00c3\u00ab Bjordi - M\u00c3\u00ab p\u00c3\u00ablqen k\u00c3\u00abtu n\u00c3\u00ab Big Brother! - Big Brother Albania","og_description":"Big Brother Albania - Duke biseduar jasht\u00c3\u00ab n\u00c3\u00ab oborrin e sht\u00c3\u00abpis\u00c3\u00ab Mimoza e ka pyetur Bjordit sesi e ndjen ai veten k\u00c3\u00abtu, n\u00c3\u00ab sht\u00c3\u00abpin\u00c3\u00ab e Big Brotherit dhe a ishte p\u00c3\u00abrshtatur apo jo","og_url":"https:\/\/www.visit-ulcinj.com\/blog\/2009\/02\/21\/me-pelqen-ketu-ne-big-brother\/","og_site_name":"Lajme nga Ulqini","article_published_time":"2009-02-21T16:48:46+00:00","og_image":[{"url":"http:\/\/www.visit-ulcinj.com\/blog\/wp-content\/uploads\/2009\/02\/bjordi-dhe-moza.jpg"}],"twitter_misc":{"Written by":"ulqini","Est. reading time":"1 minute"},"schema":{"@context":"https:\/\/schema.org","@graph":[{"@type":"WebSite","@id":"https:\/\/www.visit-ulcinj.com\/blog\/#website","url":"https:\/\/www.visit-ulcinj.com\/blog\/","name":"Lajme nga Ulqini","description":"Lajme,Vijesti,Ulqini,Ulqin,Crna Gora,Mali i Zi","potentialAction":[{"@type":"SearchAction","target":{"@type":"EntryPoint","urlTemplate":"https:\/\/www.visit-ulcinj.com\/blog\/?s={search_term_string}"},"query-input":"required name=search_term_string"}],"inLanguage":"en-US"},{"@type":"ImageObject","inLanguage":"en-US","@id":"https:\/\/www.visit-ulcinj.com\/blog\/2009\/02\/21\/me-pelqen-ketu-ne-big-brother\/#primaryimage","url":"http:\/\/www.visit-ulcinj.com\/blog\/wp-content\/uploads\/2009\/02\/bjordi-dhe-moza.jpg","contentUrl":"http:\/\/www.visit-ulcinj.com\/blog\/wp-content\/uploads\/2009\/02\/bjordi-dhe-moza.jpg"},{"@type":"WebPage","@id":"https:\/\/www.visit-ulcinj.com\/blog\/2009\/02\/21\/me-pelqen-ketu-ne-big-brother\/#webpage","url":"https:\/\/www.visit-ulcinj.com\/blog\/2009\/02\/21\/me-pelqen-ketu-ne-big-brother\/","name":"Mimoza \u00c3\u00ab Bjordi - M\u00c3\u00ab p\u00c3\u00ablqen k\u00c3\u00abtu n\u00c3\u00ab Big Brother! - Big Brother Albania","isPartOf":{"@id":"https:\/\/www.visit-ulcinj.com\/blog\/#website"},"primaryImageOfPage":{"@id":"https:\/\/www.visit-ulcinj.com\/blog\/2009\/02\/21\/me-pelqen-ketu-ne-big-brother\/#primaryimage"},"datePublished":"2009-02-21T16:48:46+00:00","dateModified":"2009-02-21T16:48:46+00:00","author":{"@id":"https:\/\/www.visit-ulcinj.com\/blog\/#\/schema\/person\/dcab619c614d3038751c63bc2aadc06d"},"description":"Big Brother Albania - Duke biseduar jasht\u00c3\u00ab n\u00c3\u00ab oborrin e sht\u00c3\u00abpis\u00c3\u00ab Mimoza e ka pyetur Bjordit sesi e ndjen ai veten k\u00c3\u00abtu, n\u00c3\u00ab sht\u00c3\u00abpin\u00c3\u00ab e Big Brotherit dhe a ishte p\u00c3\u00abrshtatur apo jo","breadcrumb":{"@id":"https:\/\/www.visit-ulcinj.com\/blog\/2009\/02\/21\/me-pelqen-ketu-ne-big-brother\/#breadcrumb"},"inLanguage":"en-US","potentialAction":[{"@type":"ReadAction","target":["https:\/\/www.visit-ulcinj.com\/blog\/2009\/02\/21\/me-pelqen-ketu-ne-big-brother\/"]}]},{"@type":"BreadcrumbList","@id":"https:\/\/www.visit-ulcinj.com\/blog\/2009\/02\/21\/me-pelqen-ketu-ne-big-brother\/#breadcrumb","itemListElement":[{"@type":"ListItem","position":1,"name":"M\u00eb p\u00eblqen k\u00ebtu n\u00eb Big Brother!"}]},{"@type":"Person","@id":"https:\/\/www.visit-ulcinj.com\/blog\/#\/schema\/person\/dcab619c614d3038751c63bc2aadc06d","name":"ulqini","sameAs":["http:\/\/www.visit-ulcinj.com"],"url":"https:\/\/www.visit-ulcinj.com\/blog\/author\/admin\/"}]}},"jetpack_featured_media_url":"","jetpack_sharing_enabled":true,"jetpack_shortlink":"https:\/\/wp.me\/pe6lTn-33v","_links":{"self":[{"href":"https:\/\/www.visit-ulcinj.com\/blog\/wp-json\/wp\/v2\/posts\/11749"}],"collection":[{"href":"https:\/\/www.visit-ulcinj.com\/blog\/wp-json\/wp\/v2\/posts"}],"about":[{"href":"https:\/\/www.visit-ulcinj.com\/blog\/wp-json\/wp\/v2\/types\/post"}],"author":[{"embeddable":true,"href":"https:\/\/www.visit-ulcinj.com\/blog\/wp-json\/wp\/v2\/users\/1"}],"replies":[{"embeddable":true,"href":"https:\/\/www.visit-ulcinj.com\/blog\/wp-json\/wp\/v2\/comments?post=11749"}],"version-history":[{"count":0,"href":"https:\/\/www.visit-ulcinj.com\/blog\/wp-json\/wp\/v2\/posts\/11749\/revisions"}],"wp:attachment":[{"href":"https:\/\/www.visit-ulcinj.com\/blog\/wp-json\/wp\/v2\/media?parent=11749"}],"wp:term":[{"taxonomy":"category","embeddable":true,"href":"https:\/\/www.visit-ulcinj.com\/blog\/wp-json\/wp\/v2\/categories?post=11749"},{"taxonomy":"post_tag","embeddable":true,"href":"https:\/\/www.visit-ulcinj.com\/blog\/wp-json\/wp\/v2\/tags?post=11749"}],"curies":[{"name":"wp","href":"https:\/\/api.w.org\/{rel}","templated":true}]}}