{"id":1175,"date":"2008-04-09T13:01:14","date_gmt":"2008-04-09T18:01:14","guid":{"rendered":"http:\/\/www.visit-ulcinj.com\/blog\/?p=1175"},"modified":"2008-04-09T13:01:14","modified_gmt":"2008-04-09T18:01:14","slug":"vetem-20-e-tokes-punohet-ne-komun-te-ulqinit","status":"publish","type":"post","link":"https:\/\/www.visit-ulcinj.com\/blog\/2008\/04\/09\/vetem-20-e-tokes-punohet-ne-komun-te-ulqinit\/","title":{"rendered":"Vet\u00ebm 20 % e tok\u00ebs punohet n\u00eb komun t\u00eb Ulqinit"},"content":{"rendered":"<p><a href=\"http:\/\/www.visit-ulcinj.com\/blog\/wp-content\/uploads\/2008\/04\/polje_s-2.jpg\"><img loading=\"lazy\" class=\"alignleft size-thumbnail wp-image-1176\" style=\"float: left;\" title=\"polje_s-2\" src=\"http:\/\/www.visit-ulcinj.com\/blog\/wp-content\/uploads\/2008\/04\/polje_s-2-150x150.jpg\" alt=\"fusha\" width=\"150\" height=\"150\" \/><\/a>Toka bujq\u00ebsore n\u00eb komun\u00ebn e Ulqinit nuk punohet nga fermer\u00ebt dhe m\u00eb s\u00eb shumti ajo \u00ebsht\u00eb nj tok\u00eb e l\u00ebn\u00eb djerr. Kjo shihet n\u00eb t\u00eb gjith\u00eb fshatrat e t\u00eb k\u00ebsaj komune kryesisht fushore , nd\u00ebrsa jan\u00eb shum\u00eb t\u00eb pakta dhe mjetet  motorike q\u00eb p\u00ebrdoren p\u00ebr punimin e tok\u00ebs.<br \/>\nEdhe ata banor\u00eb t\u00eb komun\u00ebs s\u00eb Ulqinit q\u00eb kan\u00eb mund\u00ebsi, nuk i punojn\u00eb tokat e tyre sepse kan\u00eb nj\u00eb fuqi motorike t\u00eb vog\u00ebl dhe kostoja e sh\u00ebrbimeve q\u00eb i duhen b\u00ebr\u00eb tok\u00ebs dhe bim\u00ebs q\u00eb mbillet n\u00eb t\u00eb nuk justifikohet me vler\u00ebn e produktit t\u00eb marr\u00eb.<br \/>\nSipas disa, punonj\u00ebsve t\u00eb komun\u00ebns s\u00eb Ulqinit  jan\u00eb rreth 500 ha toke e punueshme por q\u00eb aktualisht punohet vet\u00ebm 20 % e saj. Kjo p\u00ebrqindje mbillet me grur\u00eb apo mis\u00ebr, si dhe nj\u00eb pjes\u00eb e vog\u00ebl e saj me perime dhe bostan.<br \/>\nNd\u00ebrkoh\u00eb q\u00eb jan\u00eb nj\u00eb num\u00ebr i vog\u00ebl fermer\u00ebsh  q\u00eb kan\u00eb interes p\u00ebr  pem\u00ebtari , duke mbjell\u00eb pem\u00eb si  mandarinat apo vreshta t\u00eb mbjellura me rrush. Sipas fermer\u00ebve ato nuk kan\u00eb p\u00ebrfitim nga mbjellja e tok\u00ebs pasi \u00e7mimi i naft\u00ebs \u00ebsht\u00eb i lart\u00eb nd\u00ebrsa p\u00ebr naft\u00eb pa akciz\u00eb p\u00ebr banor\u00ebt e k\u00ebsaj komune t\u00eb Ulqinit nuk flitet pasi asnj\u00ebher\u00eb ato nuk e kan\u00eb patur mund\u00ebsin\u00eb t\u00eb ken\u00eb nj\u00eb leht\u00ebsi t\u00eb till\u00eb.<br \/>\nSi pasoj\u00eb e k\u00ebtyre faktor\u00ebve fermer\u00ebt shprehen se \u00ebsht\u00eb e kot\u00eb t\u00eb investosh n\u00eb nj\u00eb vend ku nuk ke asnj\u00eb lloj fitimi. E vetmja mund\u00ebsi q\u00eb shfryt\u00ebzohet n\u00eb maksimum dhe q\u00eb ka t\u00eb ardhura \u00ebsht\u00eb tregtimi i perimeve n\u00eb plazhin e Ulqinit gjat\u00eb sezonit turistik, por kjo sipas tyre nuk  \u00ebsht\u00eb e mjaftueshme dhe nuk shihet si mund\u00ebsi jetike.<\/p>\n","protected":false},"excerpt":{"rendered":"<p><img loading=\"lazy\" class=\"alignleft size-thumbnail wp-image-1176\" style=\"float: left;\" title=\"polje_s-2\" src=\"http:\/\/www.visit-ulcinj.com\/blog\/wp-content\/uploads\/2008\/04\/polje_s-2-150x150.jpg\" alt=\"fusha\" width=\"150\" height=\"140\" \/><\/p>\n","protected":false},"author":1,"featured_media":0,"comment_status":"open","ping_status":"closed","sticky":false,"template":"","format":"standard","meta":{"spay_email":"","jetpack_publicize_message":"","jetpack_is_tweetstorm":false,"jetpack_publicize_feature_enabled":true},"categories":[13],"tags":[],"jetpack_publicize_connections":[],"yoast_head":"<!-- This site is optimized with the Yoast SEO plugin v19.1 - https:\/\/yoast.com\/wordpress\/plugins\/seo\/ -->\n<title>Vet\u00ebm 20 % e tok\u00ebs punohet n\u00eb komun t\u00eb Ulqinit - Lajme nga Ulqini<\/title>\n<meta name=\"robots\" content=\"index, follow, max-snippet:-1, max-image-preview:large, max-video-preview:-1\" \/>\n<link rel=\"canonical\" href=\"https:\/\/www.visit-ulcinj.com\/blog\/2008\/04\/09\/vetem-20-e-tokes-punohet-ne-komun-te-ulqinit\/\" \/>\n<meta property=\"og:locale\" content=\"en_US\" \/>\n<meta property=\"og:type\" content=\"article\" \/>\n<meta property=\"og:title\" content=\"Vet\u00ebm 20 % e tok\u00ebs punohet n\u00eb komun t\u00eb Ulqinit - Lajme nga Ulqini\" \/>\n<meta property=\"og:url\" content=\"https:\/\/www.visit-ulcinj.com\/blog\/2008\/04\/09\/vetem-20-e-tokes-punohet-ne-komun-te-ulqinit\/\" \/>\n<meta property=\"og:site_name\" content=\"Lajme nga Ulqini\" \/>\n<meta property=\"article:published_time\" content=\"2008-04-09T18:01:14+00:00\" \/>\n<meta property=\"og:image\" content=\"http:\/\/www.visit-ulcinj.com\/blog\/wp-content\/uploads\/2008\/04\/polje_s-2-150x150.jpg\" \/>\n<meta name=\"twitter:label1\" content=\"Written by\" \/>\n\t<meta name=\"twitter:data1\" content=\"ulqini\" \/>\n\t<meta name=\"twitter:label2\" content=\"Est. reading time\" \/>\n\t<meta name=\"twitter:data2\" content=\"2 minutes\" \/>\n<script type=\"application\/ld+json\" class=\"yoast-schema-graph\">{\"@context\":\"https:\/\/schema.org\",\"@graph\":[{\"@type\":\"WebSite\",\"@id\":\"https:\/\/www.visit-ulcinj.com\/blog\/#website\",\"url\":\"https:\/\/www.visit-ulcinj.com\/blog\/\",\"name\":\"Lajme nga Ulqini\",\"description\":\"Lajme,Vijesti,Ulqini,Ulqin,Crna Gora,Mali i Zi\",\"potentialAction\":[{\"@type\":\"SearchAction\",\"target\":{\"@type\":\"EntryPoint\",\"urlTemplate\":\"https:\/\/www.visit-ulcinj.com\/blog\/?s={search_term_string}\"},\"query-input\":\"required name=search_term_string\"}],\"inLanguage\":\"en-US\"},{\"@type\":\"ImageObject\",\"inLanguage\":\"en-US\",\"@id\":\"https:\/\/www.visit-ulcinj.com\/blog\/2008\/04\/09\/vetem-20-e-tokes-punohet-ne-komun-te-ulqinit\/#primaryimage\",\"url\":\"http:\/\/www.visit-ulcinj.com\/blog\/wp-content\/uploads\/2008\/04\/polje_s-2-150x150.jpg\",\"contentUrl\":\"http:\/\/www.visit-ulcinj.com\/blog\/wp-content\/uploads\/2008\/04\/polje_s-2-150x150.jpg\"},{\"@type\":\"WebPage\",\"@id\":\"https:\/\/www.visit-ulcinj.com\/blog\/2008\/04\/09\/vetem-20-e-tokes-punohet-ne-komun-te-ulqinit\/#webpage\",\"url\":\"https:\/\/www.visit-ulcinj.com\/blog\/2008\/04\/09\/vetem-20-e-tokes-punohet-ne-komun-te-ulqinit\/\",\"name\":\"Vet\u00ebm 20 % e tok\u00ebs punohet n\u00eb komun t\u00eb Ulqinit - Lajme nga Ulqini\",\"isPartOf\":{\"@id\":\"https:\/\/www.visit-ulcinj.com\/blog\/#website\"},\"primaryImageOfPage\":{\"@id\":\"https:\/\/www.visit-ulcinj.com\/blog\/2008\/04\/09\/vetem-20-e-tokes-punohet-ne-komun-te-ulqinit\/#primaryimage\"},\"datePublished\":\"2008-04-09T18:01:14+00:00\",\"dateModified\":\"2008-04-09T18:01:14+00:00\",\"author\":{\"@id\":\"https:\/\/www.visit-ulcinj.com\/blog\/#\/schema\/person\/dcab619c614d3038751c63bc2aadc06d\"},\"breadcrumb\":{\"@id\":\"https:\/\/www.visit-ulcinj.com\/blog\/2008\/04\/09\/vetem-20-e-tokes-punohet-ne-komun-te-ulqinit\/#breadcrumb\"},\"inLanguage\":\"en-US\",\"potentialAction\":[{\"@type\":\"ReadAction\",\"target\":[\"https:\/\/www.visit-ulcinj.com\/blog\/2008\/04\/09\/vetem-20-e-tokes-punohet-ne-komun-te-ulqinit\/\"]}]},{\"@type\":\"BreadcrumbList\",\"@id\":\"https:\/\/www.visit-ulcinj.com\/blog\/2008\/04\/09\/vetem-20-e-tokes-punohet-ne-komun-te-ulqinit\/#breadcrumb\",\"itemListElement\":[{\"@type\":\"ListItem\",\"position\":1,\"name\":\"Vet\u00ebm 20 % e tok\u00ebs punohet n\u00eb komun t\u00eb Ulqinit\"}]},{\"@type\":\"Person\",\"@id\":\"https:\/\/www.visit-ulcinj.com\/blog\/#\/schema\/person\/dcab619c614d3038751c63bc2aadc06d\",\"name\":\"ulqini\",\"sameAs\":[\"http:\/\/www.visit-ulcinj.com\"],\"url\":\"https:\/\/www.visit-ulcinj.com\/blog\/author\/admin\/\"}]}<\/script>\n<!-- \/ Yoast SEO plugin. -->","yoast_head_json":{"title":"Vet\u00ebm 20 % e tok\u00ebs punohet n\u00eb komun t\u00eb Ulqinit - Lajme nga Ulqini","robots":{"index":"index","follow":"follow","max-snippet":"max-snippet:-1","max-image-preview":"max-image-preview:large","max-video-preview":"max-video-preview:-1"},"canonical":"https:\/\/www.visit-ulcinj.com\/blog\/2008\/04\/09\/vetem-20-e-tokes-punohet-ne-komun-te-ulqinit\/","og_locale":"en_US","og_type":"article","og_title":"Vet\u00ebm 20 % e tok\u00ebs punohet n\u00eb komun t\u00eb Ulqinit - Lajme nga Ulqini","og_url":"https:\/\/www.visit-ulcinj.com\/blog\/2008\/04\/09\/vetem-20-e-tokes-punohet-ne-komun-te-ulqinit\/","og_site_name":"Lajme nga Ulqini","article_published_time":"2008-04-09T18:01:14+00:00","og_image":[{"url":"http:\/\/www.visit-ulcinj.com\/blog\/wp-content\/uploads\/2008\/04\/polje_s-2-150x150.jpg"}],"twitter_misc":{"Written by":"ulqini","Est. reading time":"2 minutes"},"schema":{"@context":"https:\/\/schema.org","@graph":[{"@type":"WebSite","@id":"https:\/\/www.visit-ulcinj.com\/blog\/#website","url":"https:\/\/www.visit-ulcinj.com\/blog\/","name":"Lajme nga Ulqini","description":"Lajme,Vijesti,Ulqini,Ulqin,Crna Gora,Mali i Zi","potentialAction":[{"@type":"SearchAction","target":{"@type":"EntryPoint","urlTemplate":"https:\/\/www.visit-ulcinj.com\/blog\/?s={search_term_string}"},"query-input":"required name=search_term_string"}],"inLanguage":"en-US"},{"@type":"ImageObject","inLanguage":"en-US","@id":"https:\/\/www.visit-ulcinj.com\/blog\/2008\/04\/09\/vetem-20-e-tokes-punohet-ne-komun-te-ulqinit\/#primaryimage","url":"http:\/\/www.visit-ulcinj.com\/blog\/wp-content\/uploads\/2008\/04\/polje_s-2-150x150.jpg","contentUrl":"http:\/\/www.visit-ulcinj.com\/blog\/wp-content\/uploads\/2008\/04\/polje_s-2-150x150.jpg"},{"@type":"WebPage","@id":"https:\/\/www.visit-ulcinj.com\/blog\/2008\/04\/09\/vetem-20-e-tokes-punohet-ne-komun-te-ulqinit\/#webpage","url":"https:\/\/www.visit-ulcinj.com\/blog\/2008\/04\/09\/vetem-20-e-tokes-punohet-ne-komun-te-ulqinit\/","name":"Vet\u00ebm 20 % e tok\u00ebs punohet n\u00eb komun t\u00eb Ulqinit - Lajme nga Ulqini","isPartOf":{"@id":"https:\/\/www.visit-ulcinj.com\/blog\/#website"},"primaryImageOfPage":{"@id":"https:\/\/www.visit-ulcinj.com\/blog\/2008\/04\/09\/vetem-20-e-tokes-punohet-ne-komun-te-ulqinit\/#primaryimage"},"datePublished":"2008-04-09T18:01:14+00:00","dateModified":"2008-04-09T18:01:14+00:00","author":{"@id":"https:\/\/www.visit-ulcinj.com\/blog\/#\/schema\/person\/dcab619c614d3038751c63bc2aadc06d"},"breadcrumb":{"@id":"https:\/\/www.visit-ulcinj.com\/blog\/2008\/04\/09\/vetem-20-e-tokes-punohet-ne-komun-te-ulqinit\/#breadcrumb"},"inLanguage":"en-US","potentialAction":[{"@type":"ReadAction","target":["https:\/\/www.visit-ulcinj.com\/blog\/2008\/04\/09\/vetem-20-e-tokes-punohet-ne-komun-te-ulqinit\/"]}]},{"@type":"BreadcrumbList","@id":"https:\/\/www.visit-ulcinj.com\/blog\/2008\/04\/09\/vetem-20-e-tokes-punohet-ne-komun-te-ulqinit\/#breadcrumb","itemListElement":[{"@type":"ListItem","position":1,"name":"Vet\u00ebm 20 % e tok\u00ebs punohet n\u00eb komun t\u00eb Ulqinit"}]},{"@type":"Person","@id":"https:\/\/www.visit-ulcinj.com\/blog\/#\/schema\/person\/dcab619c614d3038751c63bc2aadc06d","name":"ulqini","sameAs":["http:\/\/www.visit-ulcinj.com"],"url":"https:\/\/www.visit-ulcinj.com\/blog\/author\/admin\/"}]}},"jetpack_featured_media_url":"","jetpack_sharing_enabled":true,"jetpack_shortlink":"https:\/\/wp.me\/pe6lTn-iX","_links":{"self":[{"href":"https:\/\/www.visit-ulcinj.com\/blog\/wp-json\/wp\/v2\/posts\/1175"}],"collection":[{"href":"https:\/\/www.visit-ulcinj.com\/blog\/wp-json\/wp\/v2\/posts"}],"about":[{"href":"https:\/\/www.visit-ulcinj.com\/blog\/wp-json\/wp\/v2\/types\/post"}],"author":[{"embeddable":true,"href":"https:\/\/www.visit-ulcinj.com\/blog\/wp-json\/wp\/v2\/users\/1"}],"replies":[{"embeddable":true,"href":"https:\/\/www.visit-ulcinj.com\/blog\/wp-json\/wp\/v2\/comments?post=1175"}],"version-history":[{"count":0,"href":"https:\/\/www.visit-ulcinj.com\/blog\/wp-json\/wp\/v2\/posts\/1175\/revisions"}],"wp:attachment":[{"href":"https:\/\/www.visit-ulcinj.com\/blog\/wp-json\/wp\/v2\/media?parent=1175"}],"wp:term":[{"taxonomy":"category","embeddable":true,"href":"https:\/\/www.visit-ulcinj.com\/blog\/wp-json\/wp\/v2\/categories?post=1175"},{"taxonomy":"post_tag","embeddable":true,"href":"https:\/\/www.visit-ulcinj.com\/blog\/wp-json\/wp\/v2\/tags?post=1175"}],"curies":[{"name":"wp","href":"https:\/\/api.w.org\/{rel}","templated":true}]}}