{"id":11753,"date":"2009-02-21T17:58:35","date_gmt":"2009-02-21T16:58:35","guid":{"rendered":"http:\/\/www.visit-ulcinj.com\/blog\/?p=11753"},"modified":"2009-02-21T17:58:35","modified_gmt":"2009-02-21T16:58:35","slug":"pavlini-historia-e-marteses-sime","status":"publish","type":"post","link":"https:\/\/www.visit-ulcinj.com\/blog\/2009\/02\/21\/pavlini-historia-e-marteses-sime\/","title":{"rendered":"Pavlini: Historia e martes\u00ebs sime"},"content":{"rendered":"<p><em><span class=\"newsdate\"><a href=\"http:\/\/www.visit-ulcinj.com\/blog\/wp-content\/uploads\/2009\/02\/pavlini.jpg\"><img loading=\"lazy\" class=\"alignleft size-full wp-image-11754\" title=\"pavlini-big-brother-albania\" src=\"http:\/\/www.visit-ulcinj.com\/blog\/wp-content\/uploads\/2009\/02\/pavlini.jpg\" alt=\"pavlini-big-brother-albania\" width=\"300\" height=\"225\" \/><\/a>19\/02\/09 02:00<\/span><\/em><\/p>\n<p>Pavlini ka treguar dje historine e martes\u00ebs s\u00eb tij. Ai ishte martuar n\u00eb vitin 2006 dhe ishte ndar\u00eb n\u00eb gusht. \u201cFillimisht kishim vet\u00ebm vajz\u00ebn, -tregon ai. Pastaj gruaja ngeli shtatzan\u00eb me djalin dhe kur u ndam\u00eb ajo ishte shtatzan\u00eb.\u201d Ai thot\u00eb se nuk kishte shkuar ta takonte gjat\u00eb asaj kohe, sepse kishte frik\u00eb se mos i krijonte shqet\u00ebsime, por pasaj, kur djali kishte lindur, nuk kishte duruar dot dhe kishte shkuar. \u201cUn\u00eb jam tip i hapur, i shoq\u00ebruesh\u00ebm dhe k\u00ebt\u00eb mund\u00ebsi ia dhash\u00eb edhe asaj, q\u00eb ajo t\u00eb ishte e lir\u00eb, t\u00eb kishte shoq\u00ebrin\u00eb e saj. Un\u00eb nuk i isha ai tip i burrit shqiptar, i prer\u00eb p\u00ebr cdo gj\u00eb, jo, un\u00eb mendoja, ngadal\u00eb-ngadal\u00eb do t\u2019i nd\u00ebrtojm\u00eb gj\u00ebrat!\u201d Pavlini vazhdon duke e p\u00ebrshkuar ish-bashk\u00ebshorten e vet 23 vje\u00e7are si njeri t\u00eb mir\u00eb, por t\u00eb llastuar e duke theksuar faktin se te ajo influencuan shum\u00eb t\u00eb tjer\u00ebt e sidomos familja e saj dhe ajo i lejonte ata q\u00eb ta b\u00ebnin k\u00ebt\u00eb. Madje, sipas tij, ata filluan duke i th\u00ebn\u00eb se ai nuk b\u00ebnte p\u00ebr t\u00eb, nuk ishte aq i bukur sa ajo, etj. \u201cDhe erdhi nj\u00eb moment q\u00eb thash\u00eb stop, nuk funksionon m\u00eb!\u201d \u2013tthot\u00eb Pavlini. Por familja dhe rrethi shoq\u00ebror ishin p\u00ebrpjekur ta b\u00ebnin t\u00eb ndryshonte mendje, qoft\u00eb p\u00ebr hat\u00ebr t\u00eb vajz\u00ebs, qoft\u00eb sepse, n\u00eb fund t\u00eb fundit, nuk ka familje pa probleme. Dhe k\u00ebshtu ai kishte vendosur t\u00eb bashkoheshin s\u00ebrish, ta provonin edhe nj\u00ebher\u00eb, k\u00ebsaj rradhe duke jetuar vet\u00ebm. Si\u00e7 rr\u00ebfen Pavlini, deri n\u00eb at\u00eb koh\u00eb ata jetonin me prind\u00ebrit e tij sepse ai nuk e ndjente t\u00eb largohej prej tyre dhe e \u00ebma e tij i ndihmonte shum\u00eb p\u00ebr vajz\u00ebn e vog\u00ebl. Megjithat\u00eb p\u00ebr t\u2019i dh\u00ebn\u00eb lidhjes s\u00eb tij nj\u00eb shans tjet\u00ebr ata u shk\u00ebput\u00ebn prej familjes s\u00eb tij e shkuan t\u00eb jetonin m\u00eb vete. N\u00eb at\u00eb koh\u00eb e shoqja i kishte k\u00ebrkuar t\u00eb b\u00ebnin edhe nj\u00eb f\u00ebmij\u00eb tjet\u00ebr dhe ai kishte pranuar. Por shtatzanin\u00eb, sipas Pavlinit ajo nisi ta p\u00ebrdorte p\u00ebr t\u00eb fituar terren. Ajo dhe po ashtu edhe familja e saj, filluan t\u00eb ushtronin presion, sepse, gjithmon\u00eb sipas Pavlinit, k\u00ebt\u00eb shtat\u00ebzani t\u00eb saj ata e kishin marr\u00eb por dob\u00ebsi nga ana e tij. Mosmarr\u00ebveshjet filluan t\u00eb p\u00ebrs\u00ebriteshin dhe ai i kishte th\u00ebn\u00eb t\u00eb shoqes q\u00eb ishte m\u00eb mir\u00eb q\u00eb ajo t\u00eb kthehej tek njer\u00ebzit e saj. Ai gjithsesi do t\u00eb ishte i gatsh\u00ebm t\u2019i p\u00ebrgjigjej p\u00ebr gjithcka. Megjithat\u00eb kur kishte lindur djali ai kishte shkuar q\u00eb t\u2019i takonte dhe madje i kishte treguar edhe se kishte aplikuar p\u00ebr t\u00eb hyr\u00eb n\u00eb Big Brother. \u201cDo t\u00eb b\u00ebhesh i famsh\u00ebm!\u201d \u2013 i kishte th\u00ebn\u00eb ajo<\/p>\n","protected":false},"excerpt":{"rendered":"<p>19\/02\/09 02:00 Pavlini ka treguar dje historine e martes\u00ebs s\u00eb tij. Ai ishte martuar n\u00eb vitin 2006 dhe ishte ndar\u00eb n\u00eb gusht. \u201cFillimisht kishim vet\u00ebm vajz\u00ebn, -tregon ai. Pastaj gruaja ngeli shtatzan\u00eb me djalin dhe kur u ndam\u00eb ajo ishte shtatzan\u00eb.\u201d Ai thot\u00eb se nuk kishte shkuar ta takonte gjat\u00eb asaj kohe, sepse kishte frik\u00eb [&hellip;]<\/p>\n","protected":false},"author":1,"featured_media":0,"comment_status":"open","ping_status":"closed","sticky":false,"template":"","format":"standard","meta":{"spay_email":"","jetpack_publicize_message":"","jetpack_is_tweetstorm":false,"jetpack_publicize_feature_enabled":true},"categories":[6502],"tags":[5057,6506,6540,6518,6954,6891,6693,6887],"jetpack_publicize_connections":[],"yoast_head":"<!-- This site is optimized with the Yoast SEO plugin v19.1 - https:\/\/yoast.com\/wordpress\/plugins\/seo\/ -->\n<title>Pavlini: Historia e martes\u00c3\u00abs sime - Big Brother Albania<\/title>\n<meta name=\"description\" content=\"Big Brother Albania - Pavlini ka treguar dje historine e martes\u00c3\u00abs s\u00c3\u00ab tij. Ai ishte martuar n\u00c3\u00ab vitin 2006 dhe ishte ndar\u00c3\u00ab n\u00c3\u00ab gusht.\" \/>\n<meta name=\"robots\" content=\"index, follow, max-snippet:-1, max-image-preview:large, max-video-preview:-1\" \/>\n<link rel=\"canonical\" href=\"https:\/\/www.visit-ulcinj.com\/blog\/2009\/02\/21\/pavlini-historia-e-marteses-sime\/\" \/>\n<meta property=\"og:locale\" content=\"en_US\" \/>\n<meta property=\"og:type\" content=\"article\" \/>\n<meta property=\"og:title\" content=\"Pavlini: Historia e martes\u00c3\u00abs sime - Big Brother Albania\" \/>\n<meta property=\"og:description\" content=\"Big Brother Albania - Pavlini ka treguar dje historine e martes\u00c3\u00abs s\u00c3\u00ab tij. Ai ishte martuar n\u00c3\u00ab vitin 2006 dhe ishte ndar\u00c3\u00ab n\u00c3\u00ab gusht.\" \/>\n<meta property=\"og:url\" content=\"https:\/\/www.visit-ulcinj.com\/blog\/2009\/02\/21\/pavlini-historia-e-marteses-sime\/\" \/>\n<meta property=\"og:site_name\" content=\"Lajme nga Ulqini\" \/>\n<meta property=\"article:published_time\" content=\"2009-02-21T16:58:35+00:00\" \/>\n<meta property=\"og:image\" content=\"http:\/\/www.visit-ulcinj.com\/blog\/wp-content\/uploads\/2009\/02\/pavlini.jpg\" \/>\n<meta name=\"twitter:label1\" content=\"Written by\" \/>\n\t<meta name=\"twitter:data1\" content=\"ulqini\" \/>\n\t<meta name=\"twitter:label2\" content=\"Est. reading time\" \/>\n\t<meta name=\"twitter:data2\" content=\"2 minutes\" \/>\n<script type=\"application\/ld+json\" class=\"yoast-schema-graph\">{\"@context\":\"https:\/\/schema.org\",\"@graph\":[{\"@type\":\"WebSite\",\"@id\":\"https:\/\/www.visit-ulcinj.com\/blog\/#website\",\"url\":\"https:\/\/www.visit-ulcinj.com\/blog\/\",\"name\":\"Lajme nga Ulqini\",\"description\":\"Lajme,Vijesti,Ulqini,Ulqin,Crna Gora,Mali i Zi\",\"potentialAction\":[{\"@type\":\"SearchAction\",\"target\":{\"@type\":\"EntryPoint\",\"urlTemplate\":\"https:\/\/www.visit-ulcinj.com\/blog\/?s={search_term_string}\"},\"query-input\":\"required name=search_term_string\"}],\"inLanguage\":\"en-US\"},{\"@type\":\"ImageObject\",\"inLanguage\":\"en-US\",\"@id\":\"https:\/\/www.visit-ulcinj.com\/blog\/2009\/02\/21\/pavlini-historia-e-marteses-sime\/#primaryimage\",\"url\":\"http:\/\/www.visit-ulcinj.com\/blog\/wp-content\/uploads\/2009\/02\/pavlini.jpg\",\"contentUrl\":\"http:\/\/www.visit-ulcinj.com\/blog\/wp-content\/uploads\/2009\/02\/pavlini.jpg\"},{\"@type\":\"WebPage\",\"@id\":\"https:\/\/www.visit-ulcinj.com\/blog\/2009\/02\/21\/pavlini-historia-e-marteses-sime\/#webpage\",\"url\":\"https:\/\/www.visit-ulcinj.com\/blog\/2009\/02\/21\/pavlini-historia-e-marteses-sime\/\",\"name\":\"Pavlini: Historia e martes\u00c3\u00abs sime - Big Brother Albania\",\"isPartOf\":{\"@id\":\"https:\/\/www.visit-ulcinj.com\/blog\/#website\"},\"primaryImageOfPage\":{\"@id\":\"https:\/\/www.visit-ulcinj.com\/blog\/2009\/02\/21\/pavlini-historia-e-marteses-sime\/#primaryimage\"},\"datePublished\":\"2009-02-21T16:58:35+00:00\",\"dateModified\":\"2009-02-21T16:58:35+00:00\",\"author\":{\"@id\":\"https:\/\/www.visit-ulcinj.com\/blog\/#\/schema\/person\/dcab619c614d3038751c63bc2aadc06d\"},\"description\":\"Big Brother Albania - Pavlini ka treguar dje historine e martes\u00c3\u00abs s\u00c3\u00ab tij. Ai ishte martuar n\u00c3\u00ab vitin 2006 dhe ishte ndar\u00c3\u00ab n\u00c3\u00ab gusht.\",\"breadcrumb\":{\"@id\":\"https:\/\/www.visit-ulcinj.com\/blog\/2009\/02\/21\/pavlini-historia-e-marteses-sime\/#breadcrumb\"},\"inLanguage\":\"en-US\",\"potentialAction\":[{\"@type\":\"ReadAction\",\"target\":[\"https:\/\/www.visit-ulcinj.com\/blog\/2009\/02\/21\/pavlini-historia-e-marteses-sime\/\"]}]},{\"@type\":\"BreadcrumbList\",\"@id\":\"https:\/\/www.visit-ulcinj.com\/blog\/2009\/02\/21\/pavlini-historia-e-marteses-sime\/#breadcrumb\",\"itemListElement\":[{\"@type\":\"ListItem\",\"position\":1,\"name\":\"Pavlini: Historia e martes\u00ebs sime\"}]},{\"@type\":\"Person\",\"@id\":\"https:\/\/www.visit-ulcinj.com\/blog\/#\/schema\/person\/dcab619c614d3038751c63bc2aadc06d\",\"name\":\"ulqini\",\"sameAs\":[\"http:\/\/www.visit-ulcinj.com\"],\"url\":\"https:\/\/www.visit-ulcinj.com\/blog\/author\/admin\/\"}]}<\/script>\n<!-- \/ Yoast SEO plugin. -->","yoast_head_json":{"title":"Pavlini: Historia e martes\u00c3\u00abs sime - Big Brother Albania","description":"Big Brother Albania - Pavlini ka treguar dje historine e martes\u00c3\u00abs s\u00c3\u00ab tij. Ai ishte martuar n\u00c3\u00ab vitin 2006 dhe ishte ndar\u00c3\u00ab n\u00c3\u00ab gusht.","robots":{"index":"index","follow":"follow","max-snippet":"max-snippet:-1","max-image-preview":"max-image-preview:large","max-video-preview":"max-video-preview:-1"},"canonical":"https:\/\/www.visit-ulcinj.com\/blog\/2009\/02\/21\/pavlini-historia-e-marteses-sime\/","og_locale":"en_US","og_type":"article","og_title":"Pavlini: Historia e martes\u00c3\u00abs sime - Big Brother Albania","og_description":"Big Brother Albania - Pavlini ka treguar dje historine e martes\u00c3\u00abs s\u00c3\u00ab tij. Ai ishte martuar n\u00c3\u00ab vitin 2006 dhe ishte ndar\u00c3\u00ab n\u00c3\u00ab gusht.","og_url":"https:\/\/www.visit-ulcinj.com\/blog\/2009\/02\/21\/pavlini-historia-e-marteses-sime\/","og_site_name":"Lajme nga Ulqini","article_published_time":"2009-02-21T16:58:35+00:00","og_image":[{"url":"http:\/\/www.visit-ulcinj.com\/blog\/wp-content\/uploads\/2009\/02\/pavlini.jpg"}],"twitter_misc":{"Written by":"ulqini","Est. reading time":"2 minutes"},"schema":{"@context":"https:\/\/schema.org","@graph":[{"@type":"WebSite","@id":"https:\/\/www.visit-ulcinj.com\/blog\/#website","url":"https:\/\/www.visit-ulcinj.com\/blog\/","name":"Lajme nga Ulqini","description":"Lajme,Vijesti,Ulqini,Ulqin,Crna Gora,Mali i Zi","potentialAction":[{"@type":"SearchAction","target":{"@type":"EntryPoint","urlTemplate":"https:\/\/www.visit-ulcinj.com\/blog\/?s={search_term_string}"},"query-input":"required name=search_term_string"}],"inLanguage":"en-US"},{"@type":"ImageObject","inLanguage":"en-US","@id":"https:\/\/www.visit-ulcinj.com\/blog\/2009\/02\/21\/pavlini-historia-e-marteses-sime\/#primaryimage","url":"http:\/\/www.visit-ulcinj.com\/blog\/wp-content\/uploads\/2009\/02\/pavlini.jpg","contentUrl":"http:\/\/www.visit-ulcinj.com\/blog\/wp-content\/uploads\/2009\/02\/pavlini.jpg"},{"@type":"WebPage","@id":"https:\/\/www.visit-ulcinj.com\/blog\/2009\/02\/21\/pavlini-historia-e-marteses-sime\/#webpage","url":"https:\/\/www.visit-ulcinj.com\/blog\/2009\/02\/21\/pavlini-historia-e-marteses-sime\/","name":"Pavlini: Historia e martes\u00c3\u00abs sime - Big Brother Albania","isPartOf":{"@id":"https:\/\/www.visit-ulcinj.com\/blog\/#website"},"primaryImageOfPage":{"@id":"https:\/\/www.visit-ulcinj.com\/blog\/2009\/02\/21\/pavlini-historia-e-marteses-sime\/#primaryimage"},"datePublished":"2009-02-21T16:58:35+00:00","dateModified":"2009-02-21T16:58:35+00:00","author":{"@id":"https:\/\/www.visit-ulcinj.com\/blog\/#\/schema\/person\/dcab619c614d3038751c63bc2aadc06d"},"description":"Big Brother Albania - Pavlini ka treguar dje historine e martes\u00c3\u00abs s\u00c3\u00ab tij. Ai ishte martuar n\u00c3\u00ab vitin 2006 dhe ishte ndar\u00c3\u00ab n\u00c3\u00ab gusht.","breadcrumb":{"@id":"https:\/\/www.visit-ulcinj.com\/blog\/2009\/02\/21\/pavlini-historia-e-marteses-sime\/#breadcrumb"},"inLanguage":"en-US","potentialAction":[{"@type":"ReadAction","target":["https:\/\/www.visit-ulcinj.com\/blog\/2009\/02\/21\/pavlini-historia-e-marteses-sime\/"]}]},{"@type":"BreadcrumbList","@id":"https:\/\/www.visit-ulcinj.com\/blog\/2009\/02\/21\/pavlini-historia-e-marteses-sime\/#breadcrumb","itemListElement":[{"@type":"ListItem","position":1,"name":"Pavlini: Historia e martes\u00ebs sime"}]},{"@type":"Person","@id":"https:\/\/www.visit-ulcinj.com\/blog\/#\/schema\/person\/dcab619c614d3038751c63bc2aadc06d","name":"ulqini","sameAs":["http:\/\/www.visit-ulcinj.com"],"url":"https:\/\/www.visit-ulcinj.com\/blog\/author\/admin\/"}]}},"jetpack_featured_media_url":"","jetpack_sharing_enabled":true,"jetpack_shortlink":"https:\/\/wp.me\/pe6lTn-33z","_links":{"self":[{"href":"https:\/\/www.visit-ulcinj.com\/blog\/wp-json\/wp\/v2\/posts\/11753"}],"collection":[{"href":"https:\/\/www.visit-ulcinj.com\/blog\/wp-json\/wp\/v2\/posts"}],"about":[{"href":"https:\/\/www.visit-ulcinj.com\/blog\/wp-json\/wp\/v2\/types\/post"}],"author":[{"embeddable":true,"href":"https:\/\/www.visit-ulcinj.com\/blog\/wp-json\/wp\/v2\/users\/1"}],"replies":[{"embeddable":true,"href":"https:\/\/www.visit-ulcinj.com\/blog\/wp-json\/wp\/v2\/comments?post=11753"}],"version-history":[{"count":0,"href":"https:\/\/www.visit-ulcinj.com\/blog\/wp-json\/wp\/v2\/posts\/11753\/revisions"}],"wp:attachment":[{"href":"https:\/\/www.visit-ulcinj.com\/blog\/wp-json\/wp\/v2\/media?parent=11753"}],"wp:term":[{"taxonomy":"category","embeddable":true,"href":"https:\/\/www.visit-ulcinj.com\/blog\/wp-json\/wp\/v2\/categories?post=11753"},{"taxonomy":"post_tag","embeddable":true,"href":"https:\/\/www.visit-ulcinj.com\/blog\/wp-json\/wp\/v2\/tags?post=11753"}],"curies":[{"name":"wp","href":"https:\/\/api.w.org\/{rel}","templated":true}]}}