{"id":11759,"date":"2009-02-21T18:01:18","date_gmt":"2009-02-21T17:01:18","guid":{"rendered":"http:\/\/www.visit-ulcinj.com\/blog\/?p=11759"},"modified":"2009-02-21T18:02:19","modified_gmt":"2009-02-21T17:02:19","slug":"arjoni-nuk-me-vjen-inat","status":"publish","type":"post","link":"https:\/\/www.visit-ulcinj.com\/blog\/2009\/02\/21\/arjoni-nuk-me-vjen-inat\/","title":{"rendered":"Arjoni: Nuk m\u00eb vjen inat!"},"content":{"rendered":"<p><strong><span class=\"newstitlec\"><a href=\"http:\/\/www.visit-ulcinj.com\/blog\/wp-content\/uploads\/2009\/02\/arjoni1.jpg\"><img loading=\"lazy\" class=\"alignleft size-full wp-image-11766\" title=\"arjoni-big-brother-albania\" src=\"http:\/\/www.visit-ulcinj.com\/blog\/wp-content\/uploads\/2009\/02\/arjoni1.jpg\" alt=\"arjoni-big-brother-albania\" width=\"300\" height=\"225\" \/><\/a><\/span><\/strong> <em><span class=\"newsdate\">19\/02\/09 03:00<\/span><\/em><\/p>\n<p>Arjoni ka komentuar me Aid\u00ebn, Zhuljet\u00ebn dhe Agonin insistimin e Adel\u00ebs q\u00eb ai t\u00eb pranonte se i vinte inat q\u00eb Bjordi e p\u00eblqente Moz\u00ebn. \u201cPranoje, pranoje!\u201d- imitonte ai Adel\u00ebn. Ai vazhdoi duke th\u00ebn\u00eb se \u00ebsht\u00eb normale q\u00eb ai t\u00eb ket\u00eb egon mashkullore, por jo se i vjen inat. N\u00eb fakt, gjat\u00eb bised\u00ebs mes t\u00eb dyve, nj\u00eb nat\u00eb m\u00eb par\u00eb Adelajda ka insistuar q\u00eb ai t\u00eb pranonte konkurrenc\u00ebn mes tij dhe Bjordit n\u00eb lidhje me Mimoz\u00ebn, fakt t\u00eb cilin ai nuk e ka mohuar, por gjithsesi ai nuk mund t\u00eb pranonte se i vinte inat p\u00ebr k\u00ebt\u00eb afrim t\u00eb Bjordit me Mimoz\u00ebn.<\/p>\n<p>Top channel<\/p>\n","protected":false},"excerpt":{"rendered":"<p>19\/02\/09 03:00 Arjoni ka komentuar me Aid\u00ebn, Zhuljet\u00ebn dhe Agonin insistimin e Adel\u00ebs q\u00eb ai t\u00eb pranonte se i vinte inat q\u00eb Bjordi e p\u00eblqente Moz\u00ebn. \u201cPranoje, pranoje!\u201d- imitonte ai Adel\u00ebn. Ai vazhdoi duke th\u00ebn\u00eb se \u00ebsht\u00eb normale q\u00eb ai t\u00eb ket\u00eb egon mashkullore, por jo se i vjen inat. N\u00eb fakt, gjat\u00eb bised\u00ebs mes [&hellip;]<\/p>\n","protected":false},"author":1,"featured_media":0,"comment_status":"open","ping_status":"closed","sticky":false,"template":"","format":"standard","meta":{"spay_email":"","jetpack_publicize_message":"","jetpack_is_tweetstorm":false,"jetpack_publicize_feature_enabled":true},"categories":[6502],"tags":[6738,6955,5057,6506,6665,6568,6544,6891,6693,6887],"jetpack_publicize_connections":[],"yoast_head":"<!-- This site is optimized with the Yoast SEO plugin v19.1 - https:\/\/yoast.com\/wordpress\/plugins\/seo\/ -->\n<title>Arjoni: Nuk m\u00c3\u00ab vjen inat! - Big Brother Albania<\/title>\n<meta name=\"description\" content=\"Big Brother Albania - Arjoni ka komentuar me Aid\u00c3\u00abn, Zhuljet\u00c3\u00abn dhe Agonin insistimin e Adel\u00c3\u00abs q\u00c3\u00ab ai t\u00c3\u00ab pranonte se i vinte inat q\u00c3\u00ab Bjordi e p\u00c3\u00ablqente Moz\u00c3\u00abn.\" \/>\n<meta name=\"robots\" content=\"index, follow, max-snippet:-1, max-image-preview:large, max-video-preview:-1\" \/>\n<link rel=\"canonical\" href=\"https:\/\/www.visit-ulcinj.com\/blog\/2009\/02\/21\/arjoni-nuk-me-vjen-inat\/\" \/>\n<meta property=\"og:locale\" content=\"en_US\" \/>\n<meta property=\"og:type\" content=\"article\" \/>\n<meta property=\"og:title\" content=\"Arjoni: Nuk m\u00c3\u00ab vjen inat! - Big Brother Albania\" \/>\n<meta property=\"og:description\" content=\"Big Brother Albania - Arjoni ka komentuar me Aid\u00c3\u00abn, Zhuljet\u00c3\u00abn dhe Agonin insistimin e Adel\u00c3\u00abs q\u00c3\u00ab ai t\u00c3\u00ab pranonte se i vinte inat q\u00c3\u00ab Bjordi e p\u00c3\u00ablqente Moz\u00c3\u00abn.\" \/>\n<meta property=\"og:url\" content=\"https:\/\/www.visit-ulcinj.com\/blog\/2009\/02\/21\/arjoni-nuk-me-vjen-inat\/\" \/>\n<meta property=\"og:site_name\" content=\"Lajme nga Ulqini\" \/>\n<meta property=\"article:published_time\" content=\"2009-02-21T17:01:18+00:00\" \/>\n<meta property=\"article:modified_time\" content=\"2009-02-21T17:02:19+00:00\" \/>\n<meta property=\"og:image\" content=\"http:\/\/www.visit-ulcinj.com\/blog\/wp-content\/uploads\/2009\/02\/arjoni1.jpg\" \/>\n<meta name=\"twitter:label1\" content=\"Written by\" \/>\n\t<meta name=\"twitter:data1\" content=\"ulqini\" \/>\n\t<meta name=\"twitter:label2\" content=\"Est. reading time\" \/>\n\t<meta name=\"twitter:data2\" content=\"1 minute\" \/>\n<script type=\"application\/ld+json\" class=\"yoast-schema-graph\">{\"@context\":\"https:\/\/schema.org\",\"@graph\":[{\"@type\":\"WebSite\",\"@id\":\"https:\/\/www.visit-ulcinj.com\/blog\/#website\",\"url\":\"https:\/\/www.visit-ulcinj.com\/blog\/\",\"name\":\"Lajme nga Ulqini\",\"description\":\"Lajme,Vijesti,Ulqini,Ulqin,Crna Gora,Mali i Zi\",\"potentialAction\":[{\"@type\":\"SearchAction\",\"target\":{\"@type\":\"EntryPoint\",\"urlTemplate\":\"https:\/\/www.visit-ulcinj.com\/blog\/?s={search_term_string}\"},\"query-input\":\"required name=search_term_string\"}],\"inLanguage\":\"en-US\"},{\"@type\":\"ImageObject\",\"inLanguage\":\"en-US\",\"@id\":\"https:\/\/www.visit-ulcinj.com\/blog\/2009\/02\/21\/arjoni-nuk-me-vjen-inat\/#primaryimage\",\"url\":\"https:\/\/www.visit-ulcinj.com\/blog\/wp-content\/uploads\/2009\/02\/arjoni1.jpg\",\"contentUrl\":\"https:\/\/www.visit-ulcinj.com\/blog\/wp-content\/uploads\/2009\/02\/arjoni1.jpg\",\"width\":\"300\",\"height\":\"225\"},{\"@type\":\"WebPage\",\"@id\":\"https:\/\/www.visit-ulcinj.com\/blog\/2009\/02\/21\/arjoni-nuk-me-vjen-inat\/#webpage\",\"url\":\"https:\/\/www.visit-ulcinj.com\/blog\/2009\/02\/21\/arjoni-nuk-me-vjen-inat\/\",\"name\":\"Arjoni: Nuk m\u00c3\u00ab vjen inat! - Big Brother Albania\",\"isPartOf\":{\"@id\":\"https:\/\/www.visit-ulcinj.com\/blog\/#website\"},\"primaryImageOfPage\":{\"@id\":\"https:\/\/www.visit-ulcinj.com\/blog\/2009\/02\/21\/arjoni-nuk-me-vjen-inat\/#primaryimage\"},\"datePublished\":\"2009-02-21T17:01:18+00:00\",\"dateModified\":\"2009-02-21T17:02:19+00:00\",\"author\":{\"@id\":\"https:\/\/www.visit-ulcinj.com\/blog\/#\/schema\/person\/dcab619c614d3038751c63bc2aadc06d\"},\"description\":\"Big Brother Albania - Arjoni ka komentuar me Aid\u00c3\u00abn, Zhuljet\u00c3\u00abn dhe Agonin insistimin e Adel\u00c3\u00abs q\u00c3\u00ab ai t\u00c3\u00ab pranonte se i vinte inat q\u00c3\u00ab Bjordi e p\u00c3\u00ablqente Moz\u00c3\u00abn.\",\"breadcrumb\":{\"@id\":\"https:\/\/www.visit-ulcinj.com\/blog\/2009\/02\/21\/arjoni-nuk-me-vjen-inat\/#breadcrumb\"},\"inLanguage\":\"en-US\",\"potentialAction\":[{\"@type\":\"ReadAction\",\"target\":[\"https:\/\/www.visit-ulcinj.com\/blog\/2009\/02\/21\/arjoni-nuk-me-vjen-inat\/\"]}]},{\"@type\":\"BreadcrumbList\",\"@id\":\"https:\/\/www.visit-ulcinj.com\/blog\/2009\/02\/21\/arjoni-nuk-me-vjen-inat\/#breadcrumb\",\"itemListElement\":[{\"@type\":\"ListItem\",\"position\":1,\"name\":\"Arjoni: Nuk m\u00eb vjen inat!\"}]},{\"@type\":\"Person\",\"@id\":\"https:\/\/www.visit-ulcinj.com\/blog\/#\/schema\/person\/dcab619c614d3038751c63bc2aadc06d\",\"name\":\"ulqini\",\"sameAs\":[\"http:\/\/www.visit-ulcinj.com\"],\"url\":\"https:\/\/www.visit-ulcinj.com\/blog\/author\/admin\/\"}]}<\/script>\n<!-- \/ Yoast SEO plugin. -->","yoast_head_json":{"title":"Arjoni: Nuk m\u00c3\u00ab vjen inat! - Big Brother Albania","description":"Big Brother Albania - Arjoni ka komentuar me Aid\u00c3\u00abn, Zhuljet\u00c3\u00abn dhe Agonin insistimin e Adel\u00c3\u00abs q\u00c3\u00ab ai t\u00c3\u00ab pranonte se i vinte inat q\u00c3\u00ab Bjordi e p\u00c3\u00ablqente Moz\u00c3\u00abn.","robots":{"index":"index","follow":"follow","max-snippet":"max-snippet:-1","max-image-preview":"max-image-preview:large","max-video-preview":"max-video-preview:-1"},"canonical":"https:\/\/www.visit-ulcinj.com\/blog\/2009\/02\/21\/arjoni-nuk-me-vjen-inat\/","og_locale":"en_US","og_type":"article","og_title":"Arjoni: Nuk m\u00c3\u00ab vjen inat! - Big Brother Albania","og_description":"Big Brother Albania - Arjoni ka komentuar me Aid\u00c3\u00abn, Zhuljet\u00c3\u00abn dhe Agonin insistimin e Adel\u00c3\u00abs q\u00c3\u00ab ai t\u00c3\u00ab pranonte se i vinte inat q\u00c3\u00ab Bjordi e p\u00c3\u00ablqente Moz\u00c3\u00abn.","og_url":"https:\/\/www.visit-ulcinj.com\/blog\/2009\/02\/21\/arjoni-nuk-me-vjen-inat\/","og_site_name":"Lajme nga Ulqini","article_published_time":"2009-02-21T17:01:18+00:00","article_modified_time":"2009-02-21T17:02:19+00:00","og_image":[{"url":"http:\/\/www.visit-ulcinj.com\/blog\/wp-content\/uploads\/2009\/02\/arjoni1.jpg"}],"twitter_misc":{"Written by":"ulqini","Est. reading time":"1 minute"},"schema":{"@context":"https:\/\/schema.org","@graph":[{"@type":"WebSite","@id":"https:\/\/www.visit-ulcinj.com\/blog\/#website","url":"https:\/\/www.visit-ulcinj.com\/blog\/","name":"Lajme nga Ulqini","description":"Lajme,Vijesti,Ulqini,Ulqin,Crna Gora,Mali i Zi","potentialAction":[{"@type":"SearchAction","target":{"@type":"EntryPoint","urlTemplate":"https:\/\/www.visit-ulcinj.com\/blog\/?s={search_term_string}"},"query-input":"required name=search_term_string"}],"inLanguage":"en-US"},{"@type":"ImageObject","inLanguage":"en-US","@id":"https:\/\/www.visit-ulcinj.com\/blog\/2009\/02\/21\/arjoni-nuk-me-vjen-inat\/#primaryimage","url":"https:\/\/www.visit-ulcinj.com\/blog\/wp-content\/uploads\/2009\/02\/arjoni1.jpg","contentUrl":"https:\/\/www.visit-ulcinj.com\/blog\/wp-content\/uploads\/2009\/02\/arjoni1.jpg","width":"300","height":"225"},{"@type":"WebPage","@id":"https:\/\/www.visit-ulcinj.com\/blog\/2009\/02\/21\/arjoni-nuk-me-vjen-inat\/#webpage","url":"https:\/\/www.visit-ulcinj.com\/blog\/2009\/02\/21\/arjoni-nuk-me-vjen-inat\/","name":"Arjoni: Nuk m\u00c3\u00ab vjen inat! - Big Brother Albania","isPartOf":{"@id":"https:\/\/www.visit-ulcinj.com\/blog\/#website"},"primaryImageOfPage":{"@id":"https:\/\/www.visit-ulcinj.com\/blog\/2009\/02\/21\/arjoni-nuk-me-vjen-inat\/#primaryimage"},"datePublished":"2009-02-21T17:01:18+00:00","dateModified":"2009-02-21T17:02:19+00:00","author":{"@id":"https:\/\/www.visit-ulcinj.com\/blog\/#\/schema\/person\/dcab619c614d3038751c63bc2aadc06d"},"description":"Big Brother Albania - Arjoni ka komentuar me Aid\u00c3\u00abn, Zhuljet\u00c3\u00abn dhe Agonin insistimin e Adel\u00c3\u00abs q\u00c3\u00ab ai t\u00c3\u00ab pranonte se i vinte inat q\u00c3\u00ab Bjordi e p\u00c3\u00ablqente Moz\u00c3\u00abn.","breadcrumb":{"@id":"https:\/\/www.visit-ulcinj.com\/blog\/2009\/02\/21\/arjoni-nuk-me-vjen-inat\/#breadcrumb"},"inLanguage":"en-US","potentialAction":[{"@type":"ReadAction","target":["https:\/\/www.visit-ulcinj.com\/blog\/2009\/02\/21\/arjoni-nuk-me-vjen-inat\/"]}]},{"@type":"BreadcrumbList","@id":"https:\/\/www.visit-ulcinj.com\/blog\/2009\/02\/21\/arjoni-nuk-me-vjen-inat\/#breadcrumb","itemListElement":[{"@type":"ListItem","position":1,"name":"Arjoni: Nuk m\u00eb vjen inat!"}]},{"@type":"Person","@id":"https:\/\/www.visit-ulcinj.com\/blog\/#\/schema\/person\/dcab619c614d3038751c63bc2aadc06d","name":"ulqini","sameAs":["http:\/\/www.visit-ulcinj.com"],"url":"https:\/\/www.visit-ulcinj.com\/blog\/author\/admin\/"}]}},"jetpack_featured_media_url":"","jetpack_sharing_enabled":true,"jetpack_shortlink":"https:\/\/wp.me\/pe6lTn-33F","_links":{"self":[{"href":"https:\/\/www.visit-ulcinj.com\/blog\/wp-json\/wp\/v2\/posts\/11759"}],"collection":[{"href":"https:\/\/www.visit-ulcinj.com\/blog\/wp-json\/wp\/v2\/posts"}],"about":[{"href":"https:\/\/www.visit-ulcinj.com\/blog\/wp-json\/wp\/v2\/types\/post"}],"author":[{"embeddable":true,"href":"https:\/\/www.visit-ulcinj.com\/blog\/wp-json\/wp\/v2\/users\/1"}],"replies":[{"embeddable":true,"href":"https:\/\/www.visit-ulcinj.com\/blog\/wp-json\/wp\/v2\/comments?post=11759"}],"version-history":[{"count":0,"href":"https:\/\/www.visit-ulcinj.com\/blog\/wp-json\/wp\/v2\/posts\/11759\/revisions"}],"wp:attachment":[{"href":"https:\/\/www.visit-ulcinj.com\/blog\/wp-json\/wp\/v2\/media?parent=11759"}],"wp:term":[{"taxonomy":"category","embeddable":true,"href":"https:\/\/www.visit-ulcinj.com\/blog\/wp-json\/wp\/v2\/categories?post=11759"},{"taxonomy":"post_tag","embeddable":true,"href":"https:\/\/www.visit-ulcinj.com\/blog\/wp-json\/wp\/v2\/tags?post=11759"}],"curies":[{"name":"wp","href":"https:\/\/api.w.org\/{rel}","templated":true}]}}