{"id":11775,"date":"2009-02-21T19:39:24","date_gmt":"2009-02-21T18:39:24","guid":{"rendered":"http:\/\/www.visit-ulcinj.com\/blog\/?p=11775"},"modified":"2009-02-21T19:39:24","modified_gmt":"2009-02-21T18:39:24","slug":"nuk-jam-tip-per-te-qene-vip","status":"publish","type":"post","link":"https:\/\/www.visit-ulcinj.com\/blog\/2009\/02\/21\/nuk-jam-tip-per-te-qene-vip\/","title":{"rendered":"Nuk jam tip p\u00ebr t\u00eb qen\u00eb VIP!"},"content":{"rendered":"<p><em><span class=\"newsdate\"><strong><a href=\"http:\/\/www.visit-ulcinj.com\/blog\/wp-content\/uploads\/2009\/02\/diskutimi-per-famen.jpg\"><img loading=\"lazy\" class=\"alignleft size-full wp-image-11776\" title=\"diskutimi-per-famen-big-brother-albania\" src=\"http:\/\/www.visit-ulcinj.com\/blog\/wp-content\/uploads\/2009\/02\/diskutimi-per-famen.jpg\" alt=\"diskutimi-per-famen-big-brother-albania\" width=\"300\" height=\"205\" \/><\/a><\/strong>19\/02\/09 03:00<\/span><\/em><\/p>\n<p>Bjordi, Pavlini, Adelajda dhe Mimoza duke diskutuar rreth hyrjes n\u00eb Big Brother dhe fam\u00ebs q\u00eb t\u00eb sjell\u00eb kjo, kan\u00eb kujtuar banor\u00ebt e vjetsh\u00ebm t\u00eb sht\u00ebpis\u00eb. Mimoza ka th\u00ebn\u00eb se ata jan\u00eb b\u00ebr\u00eb shum\u00eb t\u00eb famsh\u00ebm, sidomos n\u00eb Kosov\u00eb. \u201cM\u00eb lini rehat me k\u00ebto biseda, &#8211; ka th\u00ebn\u00eb Adelajda, &#8211; un\u00eb nuk jam tip p\u00ebr t\u00eb qen\u00eb VIP, p\u00ebr t\u2019u b\u00ebr\u00eb e famshme, vihem shum\u00eb n\u00eb siklet. -\u201cPo si do t\u2019ja b\u00ebsh kur njer\u00ebzit t\u00eb t\u00eb k\u00ebrkojn\u00eb t\u00eb b\u00ebjn\u00eb fotografi me ty?!\u201d- e ka ngacmar Pavlini. \u201cUn\u00eb kam frik\u00eb mos m\u00eb presin me qese me domate\u201d- ka th\u00ebn\u00eb ajo<\/p>\n","protected":false},"excerpt":{"rendered":"<p>19\/02\/09 03:00 Bjordi, Pavlini, Adelajda dhe Mimoza duke diskutuar rreth hyrjes n\u00eb Big Brother dhe fam\u00ebs q\u00eb t\u00eb sjell\u00eb kjo, kan\u00eb kujtuar banor\u00ebt e vjetsh\u00ebm t\u00eb sht\u00ebpis\u00eb. Mimoza ka th\u00ebn\u00eb se ata jan\u00eb b\u00ebr\u00eb shum\u00eb t\u00eb famsh\u00ebm, sidomos n\u00eb Kosov\u00eb. \u201cM\u00eb lini rehat me k\u00ebto biseda, &#8211; ka th\u00ebn\u00eb Adelajda, &#8211; un\u00eb nuk jam tip [&hellip;]<\/p>\n","protected":false},"author":1,"featured_media":0,"comment_status":"open","ping_status":"closed","sticky":false,"template":"","format":"standard","meta":{"spay_email":"","jetpack_publicize_message":"","jetpack_is_tweetstorm":false,"jetpack_publicize_feature_enabled":true},"categories":[6502],"tags":[6562,6665,6568,6751,4896,6961,6960],"jetpack_publicize_connections":[],"yoast_head":"<!-- This site is optimized with the Yoast SEO plugin v19.1 - https:\/\/yoast.com\/wordpress\/plugins\/seo\/ -->\n<title>Nuk jam tip p\u00c3\u00abr t\u00c3\u00ab qen\u00c3\u00ab VIP! - Big Brother Albania<\/title>\n<meta name=\"description\" content=\"Big Brother Albania - Bjordi, Pavlini, Adelajda dhe Mimoza duke diskutuar rreth hyrjes n\u00c3\u00ab Big Brother dhe fam\u00c3\u00abs q\u00c3\u00ab t\u00c3\u00ab sjell\u00c3\u00ab kjo, kan\u00c3\u00ab kujtuar banor\u00c3\u00abt e vjetsh\u00c3\u00abm t\u00c3\u00ab sht\u00c3\u00abpis\u00c3\u00ab.\" \/>\n<meta name=\"robots\" content=\"index, follow, max-snippet:-1, max-image-preview:large, max-video-preview:-1\" \/>\n<link rel=\"canonical\" href=\"https:\/\/www.visit-ulcinj.com\/blog\/2009\/02\/21\/nuk-jam-tip-per-te-qene-vip\/\" \/>\n<meta property=\"og:locale\" content=\"en_US\" \/>\n<meta property=\"og:type\" content=\"article\" \/>\n<meta property=\"og:title\" content=\"Nuk jam tip p\u00c3\u00abr t\u00c3\u00ab qen\u00c3\u00ab VIP! - Big Brother Albania\" \/>\n<meta property=\"og:description\" content=\"Big Brother Albania - Bjordi, Pavlini, Adelajda dhe Mimoza duke diskutuar rreth hyrjes n\u00c3\u00ab Big Brother dhe fam\u00c3\u00abs q\u00c3\u00ab t\u00c3\u00ab sjell\u00c3\u00ab kjo, kan\u00c3\u00ab kujtuar banor\u00c3\u00abt e vjetsh\u00c3\u00abm t\u00c3\u00ab sht\u00c3\u00abpis\u00c3\u00ab.\" \/>\n<meta property=\"og:url\" content=\"https:\/\/www.visit-ulcinj.com\/blog\/2009\/02\/21\/nuk-jam-tip-per-te-qene-vip\/\" \/>\n<meta property=\"og:site_name\" content=\"Lajme nga Ulqini\" \/>\n<meta property=\"article:published_time\" content=\"2009-02-21T18:39:24+00:00\" \/>\n<meta property=\"og:image\" content=\"http:\/\/www.visit-ulcinj.com\/blog\/wp-content\/uploads\/2009\/02\/diskutimi-per-famen.jpg\" \/>\n<meta name=\"twitter:label1\" content=\"Written by\" \/>\n\t<meta name=\"twitter:data1\" content=\"ulqini\" \/>\n\t<meta name=\"twitter:label2\" content=\"Est. reading time\" \/>\n\t<meta name=\"twitter:data2\" content=\"1 minute\" \/>\n<script type=\"application\/ld+json\" class=\"yoast-schema-graph\">{\"@context\":\"https:\/\/schema.org\",\"@graph\":[{\"@type\":\"WebSite\",\"@id\":\"https:\/\/www.visit-ulcinj.com\/blog\/#website\",\"url\":\"https:\/\/www.visit-ulcinj.com\/blog\/\",\"name\":\"Lajme nga Ulqini\",\"description\":\"Lajme,Vijesti,Ulqini,Ulqin,Crna Gora,Mali i Zi\",\"potentialAction\":[{\"@type\":\"SearchAction\",\"target\":{\"@type\":\"EntryPoint\",\"urlTemplate\":\"https:\/\/www.visit-ulcinj.com\/blog\/?s={search_term_string}\"},\"query-input\":\"required name=search_term_string\"}],\"inLanguage\":\"en-US\"},{\"@type\":\"ImageObject\",\"inLanguage\":\"en-US\",\"@id\":\"https:\/\/www.visit-ulcinj.com\/blog\/2009\/02\/21\/nuk-jam-tip-per-te-qene-vip\/#primaryimage\",\"url\":\"http:\/\/www.visit-ulcinj.com\/blog\/wp-content\/uploads\/2009\/02\/diskutimi-per-famen.jpg\",\"contentUrl\":\"http:\/\/www.visit-ulcinj.com\/blog\/wp-content\/uploads\/2009\/02\/diskutimi-per-famen.jpg\"},{\"@type\":\"WebPage\",\"@id\":\"https:\/\/www.visit-ulcinj.com\/blog\/2009\/02\/21\/nuk-jam-tip-per-te-qene-vip\/#webpage\",\"url\":\"https:\/\/www.visit-ulcinj.com\/blog\/2009\/02\/21\/nuk-jam-tip-per-te-qene-vip\/\",\"name\":\"Nuk jam tip p\u00c3\u00abr t\u00c3\u00ab qen\u00c3\u00ab VIP! - Big Brother Albania\",\"isPartOf\":{\"@id\":\"https:\/\/www.visit-ulcinj.com\/blog\/#website\"},\"primaryImageOfPage\":{\"@id\":\"https:\/\/www.visit-ulcinj.com\/blog\/2009\/02\/21\/nuk-jam-tip-per-te-qene-vip\/#primaryimage\"},\"datePublished\":\"2009-02-21T18:39:24+00:00\",\"dateModified\":\"2009-02-21T18:39:24+00:00\",\"author\":{\"@id\":\"https:\/\/www.visit-ulcinj.com\/blog\/#\/schema\/person\/dcab619c614d3038751c63bc2aadc06d\"},\"description\":\"Big Brother Albania - Bjordi, Pavlini, Adelajda dhe Mimoza duke diskutuar rreth hyrjes n\u00c3\u00ab Big Brother dhe fam\u00c3\u00abs q\u00c3\u00ab t\u00c3\u00ab sjell\u00c3\u00ab kjo, kan\u00c3\u00ab kujtuar banor\u00c3\u00abt e vjetsh\u00c3\u00abm t\u00c3\u00ab sht\u00c3\u00abpis\u00c3\u00ab.\",\"breadcrumb\":{\"@id\":\"https:\/\/www.visit-ulcinj.com\/blog\/2009\/02\/21\/nuk-jam-tip-per-te-qene-vip\/#breadcrumb\"},\"inLanguage\":\"en-US\",\"potentialAction\":[{\"@type\":\"ReadAction\",\"target\":[\"https:\/\/www.visit-ulcinj.com\/blog\/2009\/02\/21\/nuk-jam-tip-per-te-qene-vip\/\"]}]},{\"@type\":\"BreadcrumbList\",\"@id\":\"https:\/\/www.visit-ulcinj.com\/blog\/2009\/02\/21\/nuk-jam-tip-per-te-qene-vip\/#breadcrumb\",\"itemListElement\":[{\"@type\":\"ListItem\",\"position\":1,\"name\":\"Nuk jam tip p\u00ebr t\u00eb qen\u00eb VIP!\"}]},{\"@type\":\"Person\",\"@id\":\"https:\/\/www.visit-ulcinj.com\/blog\/#\/schema\/person\/dcab619c614d3038751c63bc2aadc06d\",\"name\":\"ulqini\",\"sameAs\":[\"http:\/\/www.visit-ulcinj.com\"],\"url\":\"https:\/\/www.visit-ulcinj.com\/blog\/author\/admin\/\"}]}<\/script>\n<!-- \/ Yoast SEO plugin. -->","yoast_head_json":{"title":"Nuk jam tip p\u00c3\u00abr t\u00c3\u00ab qen\u00c3\u00ab VIP! - Big Brother Albania","description":"Big Brother Albania - Bjordi, Pavlini, Adelajda dhe Mimoza duke diskutuar rreth hyrjes n\u00c3\u00ab Big Brother dhe fam\u00c3\u00abs q\u00c3\u00ab t\u00c3\u00ab sjell\u00c3\u00ab kjo, kan\u00c3\u00ab kujtuar banor\u00c3\u00abt e vjetsh\u00c3\u00abm t\u00c3\u00ab sht\u00c3\u00abpis\u00c3\u00ab.","robots":{"index":"index","follow":"follow","max-snippet":"max-snippet:-1","max-image-preview":"max-image-preview:large","max-video-preview":"max-video-preview:-1"},"canonical":"https:\/\/www.visit-ulcinj.com\/blog\/2009\/02\/21\/nuk-jam-tip-per-te-qene-vip\/","og_locale":"en_US","og_type":"article","og_title":"Nuk jam tip p\u00c3\u00abr t\u00c3\u00ab qen\u00c3\u00ab VIP! - Big Brother Albania","og_description":"Big Brother Albania - Bjordi, Pavlini, Adelajda dhe Mimoza duke diskutuar rreth hyrjes n\u00c3\u00ab Big Brother dhe fam\u00c3\u00abs q\u00c3\u00ab t\u00c3\u00ab sjell\u00c3\u00ab kjo, kan\u00c3\u00ab kujtuar banor\u00c3\u00abt e vjetsh\u00c3\u00abm t\u00c3\u00ab sht\u00c3\u00abpis\u00c3\u00ab.","og_url":"https:\/\/www.visit-ulcinj.com\/blog\/2009\/02\/21\/nuk-jam-tip-per-te-qene-vip\/","og_site_name":"Lajme nga Ulqini","article_published_time":"2009-02-21T18:39:24+00:00","og_image":[{"url":"http:\/\/www.visit-ulcinj.com\/blog\/wp-content\/uploads\/2009\/02\/diskutimi-per-famen.jpg"}],"twitter_misc":{"Written by":"ulqini","Est. reading time":"1 minute"},"schema":{"@context":"https:\/\/schema.org","@graph":[{"@type":"WebSite","@id":"https:\/\/www.visit-ulcinj.com\/blog\/#website","url":"https:\/\/www.visit-ulcinj.com\/blog\/","name":"Lajme nga Ulqini","description":"Lajme,Vijesti,Ulqini,Ulqin,Crna Gora,Mali i Zi","potentialAction":[{"@type":"SearchAction","target":{"@type":"EntryPoint","urlTemplate":"https:\/\/www.visit-ulcinj.com\/blog\/?s={search_term_string}"},"query-input":"required name=search_term_string"}],"inLanguage":"en-US"},{"@type":"ImageObject","inLanguage":"en-US","@id":"https:\/\/www.visit-ulcinj.com\/blog\/2009\/02\/21\/nuk-jam-tip-per-te-qene-vip\/#primaryimage","url":"http:\/\/www.visit-ulcinj.com\/blog\/wp-content\/uploads\/2009\/02\/diskutimi-per-famen.jpg","contentUrl":"http:\/\/www.visit-ulcinj.com\/blog\/wp-content\/uploads\/2009\/02\/diskutimi-per-famen.jpg"},{"@type":"WebPage","@id":"https:\/\/www.visit-ulcinj.com\/blog\/2009\/02\/21\/nuk-jam-tip-per-te-qene-vip\/#webpage","url":"https:\/\/www.visit-ulcinj.com\/blog\/2009\/02\/21\/nuk-jam-tip-per-te-qene-vip\/","name":"Nuk jam tip p\u00c3\u00abr t\u00c3\u00ab qen\u00c3\u00ab VIP! - Big Brother Albania","isPartOf":{"@id":"https:\/\/www.visit-ulcinj.com\/blog\/#website"},"primaryImageOfPage":{"@id":"https:\/\/www.visit-ulcinj.com\/blog\/2009\/02\/21\/nuk-jam-tip-per-te-qene-vip\/#primaryimage"},"datePublished":"2009-02-21T18:39:24+00:00","dateModified":"2009-02-21T18:39:24+00:00","author":{"@id":"https:\/\/www.visit-ulcinj.com\/blog\/#\/schema\/person\/dcab619c614d3038751c63bc2aadc06d"},"description":"Big Brother Albania - Bjordi, Pavlini, Adelajda dhe Mimoza duke diskutuar rreth hyrjes n\u00c3\u00ab Big Brother dhe fam\u00c3\u00abs q\u00c3\u00ab t\u00c3\u00ab sjell\u00c3\u00ab kjo, kan\u00c3\u00ab kujtuar banor\u00c3\u00abt e vjetsh\u00c3\u00abm t\u00c3\u00ab sht\u00c3\u00abpis\u00c3\u00ab.","breadcrumb":{"@id":"https:\/\/www.visit-ulcinj.com\/blog\/2009\/02\/21\/nuk-jam-tip-per-te-qene-vip\/#breadcrumb"},"inLanguage":"en-US","potentialAction":[{"@type":"ReadAction","target":["https:\/\/www.visit-ulcinj.com\/blog\/2009\/02\/21\/nuk-jam-tip-per-te-qene-vip\/"]}]},{"@type":"BreadcrumbList","@id":"https:\/\/www.visit-ulcinj.com\/blog\/2009\/02\/21\/nuk-jam-tip-per-te-qene-vip\/#breadcrumb","itemListElement":[{"@type":"ListItem","position":1,"name":"Nuk jam tip p\u00ebr t\u00eb qen\u00eb VIP!"}]},{"@type":"Person","@id":"https:\/\/www.visit-ulcinj.com\/blog\/#\/schema\/person\/dcab619c614d3038751c63bc2aadc06d","name":"ulqini","sameAs":["http:\/\/www.visit-ulcinj.com"],"url":"https:\/\/www.visit-ulcinj.com\/blog\/author\/admin\/"}]}},"jetpack_featured_media_url":"","jetpack_sharing_enabled":true,"jetpack_shortlink":"https:\/\/wp.me\/pe6lTn-33V","_links":{"self":[{"href":"https:\/\/www.visit-ulcinj.com\/blog\/wp-json\/wp\/v2\/posts\/11775"}],"collection":[{"href":"https:\/\/www.visit-ulcinj.com\/blog\/wp-json\/wp\/v2\/posts"}],"about":[{"href":"https:\/\/www.visit-ulcinj.com\/blog\/wp-json\/wp\/v2\/types\/post"}],"author":[{"embeddable":true,"href":"https:\/\/www.visit-ulcinj.com\/blog\/wp-json\/wp\/v2\/users\/1"}],"replies":[{"embeddable":true,"href":"https:\/\/www.visit-ulcinj.com\/blog\/wp-json\/wp\/v2\/comments?post=11775"}],"version-history":[{"count":0,"href":"https:\/\/www.visit-ulcinj.com\/blog\/wp-json\/wp\/v2\/posts\/11775\/revisions"}],"wp:attachment":[{"href":"https:\/\/www.visit-ulcinj.com\/blog\/wp-json\/wp\/v2\/media?parent=11775"}],"wp:term":[{"taxonomy":"category","embeddable":true,"href":"https:\/\/www.visit-ulcinj.com\/blog\/wp-json\/wp\/v2\/categories?post=11775"},{"taxonomy":"post_tag","embeddable":true,"href":"https:\/\/www.visit-ulcinj.com\/blog\/wp-json\/wp\/v2\/tags?post=11775"}],"curies":[{"name":"wp","href":"https:\/\/api.w.org\/{rel}","templated":true}]}}