{"id":1178,"date":"2008-04-10T12:48:00","date_gmt":"2008-04-10T17:48:00","guid":{"rendered":"http:\/\/www.visit-ulcinj.com\/blog\/?p=1178"},"modified":"2008-04-10T12:48:00","modified_gmt":"2008-04-10T17:48:00","slug":"konference-me-rastin-e-votimeve-presidenciale-nga-nazif-cungu","status":"publish","type":"post","link":"https:\/\/www.visit-ulcinj.com\/blog\/2008\/04\/10\/konference-me-rastin-e-votimeve-presidenciale-nga-nazif-cungu\/","title":{"rendered":"Konferenc\u00eb me rastin e votimeve presidenciale nga Nazif Cungu"},"content":{"rendered":"<p><a href=\"http:\/\/www.visit-ulcinj.com\/blog\/wp-content\/uploads\/2008\/04\/nazifcungu_konferenc.jpg\"><img loading=\"lazy\" class=\"alignleft size-thumbnail wp-image-1179\" style=\"float: left;\" title=\"nazif cungu_konferenc\" src=\"http:\/\/www.visit-ulcinj.com\/blog\/wp-content\/uploads\/2008\/04\/nazifcungu_konferenc-150x150.jpg\" alt=\"Nazif Cungu ulqin\" width=\"150\" height=\"150\" \/><\/a><strong>K\u00ebt\u00eb konferenc\u00eb e kemi organizuar me rastin e votimeve presidenciale dhe zgjedhjes s\u00eb z. Filip Vujanoviq p\u00ebr President t\u00eb Malit t\u00eb Zi<br \/>\nUlqin:T\u00eb nderuar qytetar,<\/strong><br \/>\nVotuesit tan\u00eb qart\u00eb kan\u00eb dh\u00ebn\u00eb vot\u00ebn p\u00ebr ndryshime p\u00ebr postin e kryetarit t\u00eb Shtetit dhe m\u00eb k\u00ebt\u00eb rast, n\u00eb em\u00ebr t\u00eb k\u00ebshillit Qendror dhe n\u00eb emrin tim personal i fal\u00ebnderoj.<br \/>\nMir\u00ebpo, shumica kan\u00eb dh\u00ebn\u00eb besimin e tyre z. Vujanoviq, ne e pranojm\u00eb edhe k\u00ebt\u00eb fakt si vendim demokratik.<br \/>\nMe k\u00ebt\u00eb rast ne ia urojm\u00eb rizgjedhjen p\u00ebr Kryetar te shtetit z. Vujanoviq dhe i urojm\u00eb sukses n\u00eb pun\u00eb.<br \/>\nMegjith\u00ebse mbetemi tek q\u00ebndrimi se n\u00eb Mal t\u00eb Zi ende nuk jan\u00eb dominante forcat politike p\u00ebr zhvillim dhe demokratizim t\u00eb gjithansh\u00ebm.<br \/>\nCilat jan\u00eb arsyet kryesore q\u00eb u arrit ky rezultat \u00ebsht\u00eb tem\u00eb me t\u00eb cil\u00ebn duhet t\u00eb merren analistet, historian\u00ebt, studiuesit e psikologjis\u00eb s\u00eb votuesve.<br \/>\nQ\u00ebndrimet e FORCES se re demokratike p\u00ebr gjendjen aktuale te Shqiptar\u00ebve ne Mal te Zi do ti shprehim vazhdimisht ne m\u00ebnyr\u00eb direkte dhe haptas, ashtu si i perceptojm\u00eb dhe pas analizave t\u00eb holl\u00ebsishme, duke i shoq\u00ebruar me kritika konstruktive t\u00eb cilat do t\u00eb ken\u00eb p\u00ebr qellim p\u00ebrmir\u00ebsimin e gjendjes.<br \/>\nDhe k\u00ebt\u00eb do ta b\u00ebjm\u00eb m\u00eb haptas dhe me z\u00eb m\u00eb te larte, sepse asnj\u00eb problem i joni me r\u00ebnd\u00ebsi lidhur me gjendjen e t\u00eb drejtave t\u00eb njeriut, e t\u00eb drejtave t\u00eb pakicave, t\u00eb r\u00ebnd\u00ebsis\u00eb ekonomike, sociale, arsimore, kulturore &#8230; p\u00ebr popullin shqiptar n\u00eb k\u00ebt\u00eb periudh\u00eb nuk \u00ebsht\u00eb zgjidhur, por p\u00ebrkundrazi problemet jan\u00eb shtuar dhe pasojat b\u00ebhen \u00e7do dit\u00eb e m\u00eb t\u00eb r\u00ebnda.<br \/>\n<strong>Kryetari<br \/>\nNazif Cungu<\/strong><\/p>\n","protected":false},"excerpt":{"rendered":"<p><img loading=\"lazy\" class=\"alignleft size-thumbnail wp-image-1179\" style=\"float: left;\" title=\"nazif cungu_konferenc\" src=\"http:\/\/www.visit-ulcinj.com\/blog\/wp-content\/uploads\/2008\/04\/nazifcungu_konferenc-150x150.jpg\" alt=\"Nazif Cungu ulqin\" width=\"140\" height=\"140\" \/><\/p>\n","protected":false},"author":1,"featured_media":0,"comment_status":"open","ping_status":"closed","sticky":false,"template":"","format":"standard","meta":{"spay_email":"","jetpack_publicize_message":"","jetpack_is_tweetstorm":false,"jetpack_publicize_feature_enabled":true},"categories":[6],"tags":[1768,117,118],"jetpack_publicize_connections":[],"yoast_head":"<!-- This site is optimized with the Yoast SEO plugin v19.1 - https:\/\/yoast.com\/wordpress\/plugins\/seo\/ -->\n<title>Konferenc\u00eb me rastin e votimeve presidenciale nga Nazif Cungu - Lajme nga Ulqini<\/title>\n<meta name=\"robots\" content=\"index, follow, max-snippet:-1, max-image-preview:large, max-video-preview:-1\" \/>\n<link rel=\"canonical\" href=\"https:\/\/www.visit-ulcinj.com\/blog\/2008\/04\/10\/konference-me-rastin-e-votimeve-presidenciale-nga-nazif-cungu\/\" \/>\n<meta property=\"og:locale\" content=\"en_US\" \/>\n<meta property=\"og:type\" content=\"article\" \/>\n<meta property=\"og:title\" content=\"Konferenc\u00eb me rastin e votimeve presidenciale nga Nazif Cungu - Lajme nga Ulqini\" \/>\n<meta property=\"og:url\" content=\"https:\/\/www.visit-ulcinj.com\/blog\/2008\/04\/10\/konference-me-rastin-e-votimeve-presidenciale-nga-nazif-cungu\/\" \/>\n<meta property=\"og:site_name\" content=\"Lajme nga Ulqini\" \/>\n<meta property=\"article:published_time\" content=\"2008-04-10T17:48:00+00:00\" \/>\n<meta property=\"og:image\" content=\"http:\/\/www.visit-ulcinj.com\/blog\/wp-content\/uploads\/2008\/04\/nazifcungu_konferenc-150x150.jpg\" \/>\n<meta name=\"twitter:label1\" content=\"Written by\" \/>\n\t<meta name=\"twitter:data1\" content=\"ulqini\" \/>\n\t<meta name=\"twitter:label2\" content=\"Est. reading time\" \/>\n\t<meta name=\"twitter:data2\" content=\"1 minute\" \/>\n<script type=\"application\/ld+json\" class=\"yoast-schema-graph\">{\"@context\":\"https:\/\/schema.org\",\"@graph\":[{\"@type\":\"WebSite\",\"@id\":\"https:\/\/www.visit-ulcinj.com\/blog\/#website\",\"url\":\"https:\/\/www.visit-ulcinj.com\/blog\/\",\"name\":\"Lajme nga Ulqini\",\"description\":\"Lajme,Vijesti,Ulqini,Ulqin,Crna Gora,Mali i Zi\",\"potentialAction\":[{\"@type\":\"SearchAction\",\"target\":{\"@type\":\"EntryPoint\",\"urlTemplate\":\"https:\/\/www.visit-ulcinj.com\/blog\/?s={search_term_string}\"},\"query-input\":\"required name=search_term_string\"}],\"inLanguage\":\"en-US\"},{\"@type\":\"ImageObject\",\"inLanguage\":\"en-US\",\"@id\":\"https:\/\/www.visit-ulcinj.com\/blog\/2008\/04\/10\/konference-me-rastin-e-votimeve-presidenciale-nga-nazif-cungu\/#primaryimage\",\"url\":\"http:\/\/www.visit-ulcinj.com\/blog\/wp-content\/uploads\/2008\/04\/nazifcungu_konferenc-150x150.jpg\",\"contentUrl\":\"http:\/\/www.visit-ulcinj.com\/blog\/wp-content\/uploads\/2008\/04\/nazifcungu_konferenc-150x150.jpg\"},{\"@type\":\"WebPage\",\"@id\":\"https:\/\/www.visit-ulcinj.com\/blog\/2008\/04\/10\/konference-me-rastin-e-votimeve-presidenciale-nga-nazif-cungu\/#webpage\",\"url\":\"https:\/\/www.visit-ulcinj.com\/blog\/2008\/04\/10\/konference-me-rastin-e-votimeve-presidenciale-nga-nazif-cungu\/\",\"name\":\"Konferenc\u00eb me rastin e votimeve presidenciale nga Nazif Cungu - Lajme nga Ulqini\",\"isPartOf\":{\"@id\":\"https:\/\/www.visit-ulcinj.com\/blog\/#website\"},\"primaryImageOfPage\":{\"@id\":\"https:\/\/www.visit-ulcinj.com\/blog\/2008\/04\/10\/konference-me-rastin-e-votimeve-presidenciale-nga-nazif-cungu\/#primaryimage\"},\"datePublished\":\"2008-04-10T17:48:00+00:00\",\"dateModified\":\"2008-04-10T17:48:00+00:00\",\"author\":{\"@id\":\"https:\/\/www.visit-ulcinj.com\/blog\/#\/schema\/person\/dcab619c614d3038751c63bc2aadc06d\"},\"breadcrumb\":{\"@id\":\"https:\/\/www.visit-ulcinj.com\/blog\/2008\/04\/10\/konference-me-rastin-e-votimeve-presidenciale-nga-nazif-cungu\/#breadcrumb\"},\"inLanguage\":\"en-US\",\"potentialAction\":[{\"@type\":\"ReadAction\",\"target\":[\"https:\/\/www.visit-ulcinj.com\/blog\/2008\/04\/10\/konference-me-rastin-e-votimeve-presidenciale-nga-nazif-cungu\/\"]}]},{\"@type\":\"BreadcrumbList\",\"@id\":\"https:\/\/www.visit-ulcinj.com\/blog\/2008\/04\/10\/konference-me-rastin-e-votimeve-presidenciale-nga-nazif-cungu\/#breadcrumb\",\"itemListElement\":[{\"@type\":\"ListItem\",\"position\":1,\"name\":\"Konferenc\u00eb me rastin e votimeve presidenciale nga Nazif Cungu\"}]},{\"@type\":\"Person\",\"@id\":\"https:\/\/www.visit-ulcinj.com\/blog\/#\/schema\/person\/dcab619c614d3038751c63bc2aadc06d\",\"name\":\"ulqini\",\"sameAs\":[\"http:\/\/www.visit-ulcinj.com\"],\"url\":\"https:\/\/www.visit-ulcinj.com\/blog\/author\/admin\/\"}]}<\/script>\n<!-- \/ Yoast SEO plugin. -->","yoast_head_json":{"title":"Konferenc\u00eb me rastin e votimeve presidenciale nga Nazif Cungu - Lajme nga Ulqini","robots":{"index":"index","follow":"follow","max-snippet":"max-snippet:-1","max-image-preview":"max-image-preview:large","max-video-preview":"max-video-preview:-1"},"canonical":"https:\/\/www.visit-ulcinj.com\/blog\/2008\/04\/10\/konference-me-rastin-e-votimeve-presidenciale-nga-nazif-cungu\/","og_locale":"en_US","og_type":"article","og_title":"Konferenc\u00eb me rastin e votimeve presidenciale nga Nazif Cungu - Lajme nga Ulqini","og_url":"https:\/\/www.visit-ulcinj.com\/blog\/2008\/04\/10\/konference-me-rastin-e-votimeve-presidenciale-nga-nazif-cungu\/","og_site_name":"Lajme nga Ulqini","article_published_time":"2008-04-10T17:48:00+00:00","og_image":[{"url":"http:\/\/www.visit-ulcinj.com\/blog\/wp-content\/uploads\/2008\/04\/nazifcungu_konferenc-150x150.jpg"}],"twitter_misc":{"Written by":"ulqini","Est. reading time":"1 minute"},"schema":{"@context":"https:\/\/schema.org","@graph":[{"@type":"WebSite","@id":"https:\/\/www.visit-ulcinj.com\/blog\/#website","url":"https:\/\/www.visit-ulcinj.com\/blog\/","name":"Lajme nga Ulqini","description":"Lajme,Vijesti,Ulqini,Ulqin,Crna Gora,Mali i Zi","potentialAction":[{"@type":"SearchAction","target":{"@type":"EntryPoint","urlTemplate":"https:\/\/www.visit-ulcinj.com\/blog\/?s={search_term_string}"},"query-input":"required name=search_term_string"}],"inLanguage":"en-US"},{"@type":"ImageObject","inLanguage":"en-US","@id":"https:\/\/www.visit-ulcinj.com\/blog\/2008\/04\/10\/konference-me-rastin-e-votimeve-presidenciale-nga-nazif-cungu\/#primaryimage","url":"http:\/\/www.visit-ulcinj.com\/blog\/wp-content\/uploads\/2008\/04\/nazifcungu_konferenc-150x150.jpg","contentUrl":"http:\/\/www.visit-ulcinj.com\/blog\/wp-content\/uploads\/2008\/04\/nazifcungu_konferenc-150x150.jpg"},{"@type":"WebPage","@id":"https:\/\/www.visit-ulcinj.com\/blog\/2008\/04\/10\/konference-me-rastin-e-votimeve-presidenciale-nga-nazif-cungu\/#webpage","url":"https:\/\/www.visit-ulcinj.com\/blog\/2008\/04\/10\/konference-me-rastin-e-votimeve-presidenciale-nga-nazif-cungu\/","name":"Konferenc\u00eb me rastin e votimeve presidenciale nga Nazif Cungu - Lajme nga Ulqini","isPartOf":{"@id":"https:\/\/www.visit-ulcinj.com\/blog\/#website"},"primaryImageOfPage":{"@id":"https:\/\/www.visit-ulcinj.com\/blog\/2008\/04\/10\/konference-me-rastin-e-votimeve-presidenciale-nga-nazif-cungu\/#primaryimage"},"datePublished":"2008-04-10T17:48:00+00:00","dateModified":"2008-04-10T17:48:00+00:00","author":{"@id":"https:\/\/www.visit-ulcinj.com\/blog\/#\/schema\/person\/dcab619c614d3038751c63bc2aadc06d"},"breadcrumb":{"@id":"https:\/\/www.visit-ulcinj.com\/blog\/2008\/04\/10\/konference-me-rastin-e-votimeve-presidenciale-nga-nazif-cungu\/#breadcrumb"},"inLanguage":"en-US","potentialAction":[{"@type":"ReadAction","target":["https:\/\/www.visit-ulcinj.com\/blog\/2008\/04\/10\/konference-me-rastin-e-votimeve-presidenciale-nga-nazif-cungu\/"]}]},{"@type":"BreadcrumbList","@id":"https:\/\/www.visit-ulcinj.com\/blog\/2008\/04\/10\/konference-me-rastin-e-votimeve-presidenciale-nga-nazif-cungu\/#breadcrumb","itemListElement":[{"@type":"ListItem","position":1,"name":"Konferenc\u00eb me rastin e votimeve presidenciale nga Nazif Cungu"}]},{"@type":"Person","@id":"https:\/\/www.visit-ulcinj.com\/blog\/#\/schema\/person\/dcab619c614d3038751c63bc2aadc06d","name":"ulqini","sameAs":["http:\/\/www.visit-ulcinj.com"],"url":"https:\/\/www.visit-ulcinj.com\/blog\/author\/admin\/"}]}},"jetpack_featured_media_url":"","jetpack_sharing_enabled":true,"jetpack_shortlink":"https:\/\/wp.me\/pe6lTn-j0","_links":{"self":[{"href":"https:\/\/www.visit-ulcinj.com\/blog\/wp-json\/wp\/v2\/posts\/1178"}],"collection":[{"href":"https:\/\/www.visit-ulcinj.com\/blog\/wp-json\/wp\/v2\/posts"}],"about":[{"href":"https:\/\/www.visit-ulcinj.com\/blog\/wp-json\/wp\/v2\/types\/post"}],"author":[{"embeddable":true,"href":"https:\/\/www.visit-ulcinj.com\/blog\/wp-json\/wp\/v2\/users\/1"}],"replies":[{"embeddable":true,"href":"https:\/\/www.visit-ulcinj.com\/blog\/wp-json\/wp\/v2\/comments?post=1178"}],"version-history":[{"count":0,"href":"https:\/\/www.visit-ulcinj.com\/blog\/wp-json\/wp\/v2\/posts\/1178\/revisions"}],"wp:attachment":[{"href":"https:\/\/www.visit-ulcinj.com\/blog\/wp-json\/wp\/v2\/media?parent=1178"}],"wp:term":[{"taxonomy":"category","embeddable":true,"href":"https:\/\/www.visit-ulcinj.com\/blog\/wp-json\/wp\/v2\/categories?post=1178"},{"taxonomy":"post_tag","embeddable":true,"href":"https:\/\/www.visit-ulcinj.com\/blog\/wp-json\/wp\/v2\/tags?post=1178"}],"curies":[{"name":"wp","href":"https:\/\/api.w.org\/{rel}","templated":true}]}}