{"id":11781,"date":"2009-02-21T19:42:26","date_gmt":"2009-02-21T18:42:26","guid":{"rendered":"http:\/\/www.visit-ulcinj.com\/blog\/?p=11781"},"modified":"2009-02-21T19:42:26","modified_gmt":"2009-02-21T18:42:26","slug":"arjoni-tallet-me-bjordin","status":"publish","type":"post","link":"https:\/\/www.visit-ulcinj.com\/blog\/2009\/02\/21\/arjoni-tallet-me-bjordin\/","title":{"rendered":"Arjoni tallet me Bjordin"},"content":{"rendered":"<p><em><span class=\"newsdate\"><span style=\"font-style: normal;\"><a href=\"http:\/\/www.visit-ulcinj.com\/blog\/wp-content\/uploads\/2009\/02\/arjoni-tallet.jpg\"><img loading=\"lazy\" class=\"alignleft size-full wp-image-11782\" title=\"arjoni-tallet-bjordi-big-brother-albania\" src=\"http:\/\/www.visit-ulcinj.com\/blog\/wp-content\/uploads\/2009\/02\/arjoni-tallet.jpg\" alt=\"arjoni-tallet-bjordi-big-brother-albania\" width=\"300\" height=\"205\" \/><\/a><\/span>19\/02\/09 17:44<\/span><\/em><\/p>\n<p>Banor\u00ebt jan\u00eb duke drekuar dhe Bjordi \u00ebsht\u00eb pran\u00eb Adelajdes. Arjoni nuk rresht s\u00eb ngacmuari me batuta ironike 20 vje\u00e7arin. \u201cPozicionohu \u2013 i thote ai \u2013 se nuk mund te luash me dy porta, nuk t\u00eb lejon Adelajda\u201d \u2013 duke iu referuar afrimitetit t\u00eb tij si me Mimoz\u00ebn ashtu dhe me Adelajd\u00ebn. M\u00eb pas, kur vajza nga Kosova ngrihet nga tavolina i drejtohet s\u00ebrish Bjordit me nj\u00eb batut\u00eb nga filmi \u201c14 vjec dh\u00ebnd\u00ebr\u201d. \u201cRritu Gjino, se do t\u00eb t\u00eb marrin fiqt\u00eb\u201d.<\/p>\n<p>Top Channel<\/p>\n","protected":false},"excerpt":{"rendered":"<p>19\/02\/09 17:44 Banor\u00ebt jan\u00eb duke drekuar dhe Bjordi \u00ebsht\u00eb pran\u00eb Adelajdes. Arjoni nuk rresht s\u00eb ngacmuari me batuta ironike 20 vje\u00e7arin. \u201cPozicionohu \u2013 i thote ai \u2013 se nuk mund te luash me dy porta, nuk t\u00eb lejon Adelajda\u201d \u2013 duke iu referuar afrimitetit t\u00eb tij si me Mimoz\u00ebn ashtu dhe me Adelajd\u00ebn. M\u00eb pas, [&hellip;]<\/p>\n","protected":false},"author":1,"featured_media":0,"comment_status":"open","ping_status":"closed","sticky":false,"template":"","format":"standard","meta":{"spay_email":"","jetpack_publicize_message":"","jetpack_is_tweetstorm":false,"jetpack_publicize_feature_enabled":true},"categories":[6502],"tags":[6738,6962,5057,6506,6665,6568,6891,6693,6887],"jetpack_publicize_connections":[],"yoast_head":"<!-- This site is optimized with the Yoast SEO plugin v19.1 - https:\/\/yoast.com\/wordpress\/plugins\/seo\/ -->\n<title>Arjoni tallet me Bjordin - Big Brother Albania<\/title>\n<meta name=\"description\" content=\"Big Brother Albania - Banor\u00c3\u00abt jan\u00c3\u00ab duke drekuar dhe Bjordi \u00c3\u00absht\u00c3\u00ab pran\u00c3\u00ab Adelajdes. Arjoni nuk rresht s\u00c3\u00ab ngacmuari me batuta ironike 20 vje\u00c3\u00a7arin.\" \/>\n<meta name=\"robots\" content=\"index, follow, max-snippet:-1, max-image-preview:large, max-video-preview:-1\" \/>\n<link rel=\"canonical\" href=\"https:\/\/www.visit-ulcinj.com\/blog\/2009\/02\/21\/arjoni-tallet-me-bjordin\/\" \/>\n<meta property=\"og:locale\" content=\"en_US\" \/>\n<meta property=\"og:type\" content=\"article\" \/>\n<meta property=\"og:title\" content=\"Arjoni tallet me Bjordin - Big Brother Albania\" \/>\n<meta property=\"og:description\" content=\"Big Brother Albania - Banor\u00c3\u00abt jan\u00c3\u00ab duke drekuar dhe Bjordi \u00c3\u00absht\u00c3\u00ab pran\u00c3\u00ab Adelajdes. Arjoni nuk rresht s\u00c3\u00ab ngacmuari me batuta ironike 20 vje\u00c3\u00a7arin.\" \/>\n<meta property=\"og:url\" content=\"https:\/\/www.visit-ulcinj.com\/blog\/2009\/02\/21\/arjoni-tallet-me-bjordin\/\" \/>\n<meta property=\"og:site_name\" content=\"Lajme nga Ulqini\" \/>\n<meta property=\"article:published_time\" content=\"2009-02-21T18:42:26+00:00\" \/>\n<meta property=\"og:image\" content=\"http:\/\/www.visit-ulcinj.com\/blog\/wp-content\/uploads\/2009\/02\/arjoni-tallet.jpg\" \/>\n<meta name=\"twitter:label1\" content=\"Written by\" \/>\n\t<meta name=\"twitter:data1\" content=\"ulqini\" \/>\n<script type=\"application\/ld+json\" class=\"yoast-schema-graph\">{\"@context\":\"https:\/\/schema.org\",\"@graph\":[{\"@type\":\"WebSite\",\"@id\":\"https:\/\/www.visit-ulcinj.com\/blog\/#website\",\"url\":\"https:\/\/www.visit-ulcinj.com\/blog\/\",\"name\":\"Lajme nga Ulqini\",\"description\":\"Lajme,Vijesti,Ulqini,Ulqin,Crna Gora,Mali i Zi\",\"potentialAction\":[{\"@type\":\"SearchAction\",\"target\":{\"@type\":\"EntryPoint\",\"urlTemplate\":\"https:\/\/www.visit-ulcinj.com\/blog\/?s={search_term_string}\"},\"query-input\":\"required name=search_term_string\"}],\"inLanguage\":\"en-US\"},{\"@type\":\"ImageObject\",\"inLanguage\":\"en-US\",\"@id\":\"https:\/\/www.visit-ulcinj.com\/blog\/2009\/02\/21\/arjoni-tallet-me-bjordin\/#primaryimage\",\"url\":\"http:\/\/www.visit-ulcinj.com\/blog\/wp-content\/uploads\/2009\/02\/arjoni-tallet.jpg\",\"contentUrl\":\"http:\/\/www.visit-ulcinj.com\/blog\/wp-content\/uploads\/2009\/02\/arjoni-tallet.jpg\"},{\"@type\":\"WebPage\",\"@id\":\"https:\/\/www.visit-ulcinj.com\/blog\/2009\/02\/21\/arjoni-tallet-me-bjordin\/#webpage\",\"url\":\"https:\/\/www.visit-ulcinj.com\/blog\/2009\/02\/21\/arjoni-tallet-me-bjordin\/\",\"name\":\"Arjoni tallet me Bjordin - Big Brother Albania\",\"isPartOf\":{\"@id\":\"https:\/\/www.visit-ulcinj.com\/blog\/#website\"},\"primaryImageOfPage\":{\"@id\":\"https:\/\/www.visit-ulcinj.com\/blog\/2009\/02\/21\/arjoni-tallet-me-bjordin\/#primaryimage\"},\"datePublished\":\"2009-02-21T18:42:26+00:00\",\"dateModified\":\"2009-02-21T18:42:26+00:00\",\"author\":{\"@id\":\"https:\/\/www.visit-ulcinj.com\/blog\/#\/schema\/person\/dcab619c614d3038751c63bc2aadc06d\"},\"description\":\"Big Brother Albania - Banor\u00c3\u00abt jan\u00c3\u00ab duke drekuar dhe Bjordi \u00c3\u00absht\u00c3\u00ab pran\u00c3\u00ab Adelajdes. Arjoni nuk rresht s\u00c3\u00ab ngacmuari me batuta ironike 20 vje\u00c3\u00a7arin.\",\"breadcrumb\":{\"@id\":\"https:\/\/www.visit-ulcinj.com\/blog\/2009\/02\/21\/arjoni-tallet-me-bjordin\/#breadcrumb\"},\"inLanguage\":\"en-US\",\"potentialAction\":[{\"@type\":\"ReadAction\",\"target\":[\"https:\/\/www.visit-ulcinj.com\/blog\/2009\/02\/21\/arjoni-tallet-me-bjordin\/\"]}]},{\"@type\":\"BreadcrumbList\",\"@id\":\"https:\/\/www.visit-ulcinj.com\/blog\/2009\/02\/21\/arjoni-tallet-me-bjordin\/#breadcrumb\",\"itemListElement\":[{\"@type\":\"ListItem\",\"position\":1,\"name\":\"Arjoni tallet me Bjordin\"}]},{\"@type\":\"Person\",\"@id\":\"https:\/\/www.visit-ulcinj.com\/blog\/#\/schema\/person\/dcab619c614d3038751c63bc2aadc06d\",\"name\":\"ulqini\",\"sameAs\":[\"http:\/\/www.visit-ulcinj.com\"],\"url\":\"https:\/\/www.visit-ulcinj.com\/blog\/author\/admin\/\"}]}<\/script>\n<!-- \/ Yoast SEO plugin. -->","yoast_head_json":{"title":"Arjoni tallet me Bjordin - Big Brother Albania","description":"Big Brother Albania - Banor\u00c3\u00abt jan\u00c3\u00ab duke drekuar dhe Bjordi \u00c3\u00absht\u00c3\u00ab pran\u00c3\u00ab Adelajdes. Arjoni nuk rresht s\u00c3\u00ab ngacmuari me batuta ironike 20 vje\u00c3\u00a7arin.","robots":{"index":"index","follow":"follow","max-snippet":"max-snippet:-1","max-image-preview":"max-image-preview:large","max-video-preview":"max-video-preview:-1"},"canonical":"https:\/\/www.visit-ulcinj.com\/blog\/2009\/02\/21\/arjoni-tallet-me-bjordin\/","og_locale":"en_US","og_type":"article","og_title":"Arjoni tallet me Bjordin - Big Brother Albania","og_description":"Big Brother Albania - Banor\u00c3\u00abt jan\u00c3\u00ab duke drekuar dhe Bjordi \u00c3\u00absht\u00c3\u00ab pran\u00c3\u00ab Adelajdes. Arjoni nuk rresht s\u00c3\u00ab ngacmuari me batuta ironike 20 vje\u00c3\u00a7arin.","og_url":"https:\/\/www.visit-ulcinj.com\/blog\/2009\/02\/21\/arjoni-tallet-me-bjordin\/","og_site_name":"Lajme nga Ulqini","article_published_time":"2009-02-21T18:42:26+00:00","og_image":[{"url":"http:\/\/www.visit-ulcinj.com\/blog\/wp-content\/uploads\/2009\/02\/arjoni-tallet.jpg"}],"twitter_misc":{"Written by":"ulqini"},"schema":{"@context":"https:\/\/schema.org","@graph":[{"@type":"WebSite","@id":"https:\/\/www.visit-ulcinj.com\/blog\/#website","url":"https:\/\/www.visit-ulcinj.com\/blog\/","name":"Lajme nga Ulqini","description":"Lajme,Vijesti,Ulqini,Ulqin,Crna Gora,Mali i Zi","potentialAction":[{"@type":"SearchAction","target":{"@type":"EntryPoint","urlTemplate":"https:\/\/www.visit-ulcinj.com\/blog\/?s={search_term_string}"},"query-input":"required name=search_term_string"}],"inLanguage":"en-US"},{"@type":"ImageObject","inLanguage":"en-US","@id":"https:\/\/www.visit-ulcinj.com\/blog\/2009\/02\/21\/arjoni-tallet-me-bjordin\/#primaryimage","url":"http:\/\/www.visit-ulcinj.com\/blog\/wp-content\/uploads\/2009\/02\/arjoni-tallet.jpg","contentUrl":"http:\/\/www.visit-ulcinj.com\/blog\/wp-content\/uploads\/2009\/02\/arjoni-tallet.jpg"},{"@type":"WebPage","@id":"https:\/\/www.visit-ulcinj.com\/blog\/2009\/02\/21\/arjoni-tallet-me-bjordin\/#webpage","url":"https:\/\/www.visit-ulcinj.com\/blog\/2009\/02\/21\/arjoni-tallet-me-bjordin\/","name":"Arjoni tallet me Bjordin - Big Brother Albania","isPartOf":{"@id":"https:\/\/www.visit-ulcinj.com\/blog\/#website"},"primaryImageOfPage":{"@id":"https:\/\/www.visit-ulcinj.com\/blog\/2009\/02\/21\/arjoni-tallet-me-bjordin\/#primaryimage"},"datePublished":"2009-02-21T18:42:26+00:00","dateModified":"2009-02-21T18:42:26+00:00","author":{"@id":"https:\/\/www.visit-ulcinj.com\/blog\/#\/schema\/person\/dcab619c614d3038751c63bc2aadc06d"},"description":"Big Brother Albania - Banor\u00c3\u00abt jan\u00c3\u00ab duke drekuar dhe Bjordi \u00c3\u00absht\u00c3\u00ab pran\u00c3\u00ab Adelajdes. Arjoni nuk rresht s\u00c3\u00ab ngacmuari me batuta ironike 20 vje\u00c3\u00a7arin.","breadcrumb":{"@id":"https:\/\/www.visit-ulcinj.com\/blog\/2009\/02\/21\/arjoni-tallet-me-bjordin\/#breadcrumb"},"inLanguage":"en-US","potentialAction":[{"@type":"ReadAction","target":["https:\/\/www.visit-ulcinj.com\/blog\/2009\/02\/21\/arjoni-tallet-me-bjordin\/"]}]},{"@type":"BreadcrumbList","@id":"https:\/\/www.visit-ulcinj.com\/blog\/2009\/02\/21\/arjoni-tallet-me-bjordin\/#breadcrumb","itemListElement":[{"@type":"ListItem","position":1,"name":"Arjoni tallet me Bjordin"}]},{"@type":"Person","@id":"https:\/\/www.visit-ulcinj.com\/blog\/#\/schema\/person\/dcab619c614d3038751c63bc2aadc06d","name":"ulqini","sameAs":["http:\/\/www.visit-ulcinj.com"],"url":"https:\/\/www.visit-ulcinj.com\/blog\/author\/admin\/"}]}},"jetpack_featured_media_url":"","jetpack_sharing_enabled":true,"jetpack_shortlink":"https:\/\/wp.me\/pe6lTn-341","_links":{"self":[{"href":"https:\/\/www.visit-ulcinj.com\/blog\/wp-json\/wp\/v2\/posts\/11781"}],"collection":[{"href":"https:\/\/www.visit-ulcinj.com\/blog\/wp-json\/wp\/v2\/posts"}],"about":[{"href":"https:\/\/www.visit-ulcinj.com\/blog\/wp-json\/wp\/v2\/types\/post"}],"author":[{"embeddable":true,"href":"https:\/\/www.visit-ulcinj.com\/blog\/wp-json\/wp\/v2\/users\/1"}],"replies":[{"embeddable":true,"href":"https:\/\/www.visit-ulcinj.com\/blog\/wp-json\/wp\/v2\/comments?post=11781"}],"version-history":[{"count":0,"href":"https:\/\/www.visit-ulcinj.com\/blog\/wp-json\/wp\/v2\/posts\/11781\/revisions"}],"wp:attachment":[{"href":"https:\/\/www.visit-ulcinj.com\/blog\/wp-json\/wp\/v2\/media?parent=11781"}],"wp:term":[{"taxonomy":"category","embeddable":true,"href":"https:\/\/www.visit-ulcinj.com\/blog\/wp-json\/wp\/v2\/categories?post=11781"},{"taxonomy":"post_tag","embeddable":true,"href":"https:\/\/www.visit-ulcinj.com\/blog\/wp-json\/wp\/v2\/tags?post=11781"}],"curies":[{"name":"wp","href":"https:\/\/api.w.org\/{rel}","templated":true}]}}