{"id":11796,"date":"2009-02-21T19:57:45","date_gmt":"2009-02-21T18:57:45","guid":{"rendered":"http:\/\/www.visit-ulcinj.com\/blog\/?p=11796"},"modified":"2009-02-21T19:57:45","modified_gmt":"2009-02-21T18:57:45","slug":"te-jesh-19-vjec-ne-bb-eshte-fat","status":"publish","type":"post","link":"https:\/\/www.visit-ulcinj.com\/blog\/2009\/02\/21\/te-jesh-19-vjec-ne-bb-eshte-fat\/","title":{"rendered":"T\u00eb jesh 19 vje\u00e7 n\u00eb BB, \u00ebsht\u00eb fat!"},"content":{"rendered":"<p><em><span class=\"newsdate\"><a href=\"http:\/\/www.visit-ulcinj.com\/blog\/wp-content\/uploads\/2009\/02\/diskutimi-per-moshen.jpg\"><img loading=\"lazy\" class=\"alignleft size-full wp-image-11797\" title=\"diskutimi-per-moshen-big-brother-albania\" src=\"http:\/\/www.visit-ulcinj.com\/blog\/wp-content\/uploads\/2009\/02\/diskutimi-per-moshen.jpg\" alt=\"diskutimi-per-moshen-big-brother-albania\" width=\"300\" height=\"205\" \/><\/a>20\/02\/09 00:15<\/span><\/em><\/p>\n<p>Qetsori, duke diskutuar me Dritanin, Aid\u00ebn, Lirit\u00ebn dhe Pavlinin p\u00ebr Mimoz\u00ebn, ka th\u00ebn\u00eb se t\u00eb jesh 19 vje\u00e7 n\u00eb Big Brother, \u00ebsht\u00eb nj\u00eb fat i st\u00ebrmadh. Ai e ka argumentuar k\u00ebt\u00eb me gjith\u00eb vitet, q\u00eb ka p\u00ebrpara Moza dhe ka theksuar se me siguri, dikush do t\u00eb v\u00ebr\u00eb re e do t\u2019i ofroj\u00eb di\u00e7ka t\u00eb mir\u00eb jasht\u00eb. Ai ka treguar edhe se mosh\u00ebn e tij dhe at\u00eb t\u00eb Moz\u00ebs i ndajn\u00eb 14 vjet. \u201cShum\u00eb!\u201d \u2013 ka reaguar dhe ai vet nga diferenca e madhe q\u00eb i ndante t\u00eb dy.<\/p>\n","protected":false},"excerpt":{"rendered":"<p>20\/02\/09 00:15 Qetsori, duke diskutuar me Dritanin, Aid\u00ebn, Lirit\u00ebn dhe Pavlinin p\u00ebr Mimoz\u00ebn, ka th\u00ebn\u00eb se t\u00eb jesh 19 vje\u00e7 n\u00eb Big Brother, \u00ebsht\u00eb nj\u00eb fat i st\u00ebrmadh. Ai e ka argumentuar k\u00ebt\u00eb me gjith\u00eb vitet, q\u00eb ka p\u00ebrpara Moza dhe ka theksuar se me siguri, dikush do t\u00eb v\u00ebr\u00eb re e do t\u2019i ofroj\u00eb [&hellip;]<\/p>\n","protected":false},"author":1,"featured_media":0,"comment_status":"open","ping_status":"closed","sticky":false,"template":"","format":"standard","meta":{"spay_email":"","jetpack_publicize_message":"","jetpack_is_tweetstorm":false,"jetpack_publicize_feature_enabled":true},"categories":[6502],"tags":[6566,5057,6506,6538,6567,6963,6568,6540,6891,6693,6887],"jetpack_publicize_connections":[],"yoast_head":"<!-- This site is optimized with the Yoast SEO plugin v19.1 - https:\/\/yoast.com\/wordpress\/plugins\/seo\/ -->\n<title>T\u00c3\u00ab jesh 19 vje\u00c3\u00a7 n\u00c3\u00ab BB, \u00c3\u00absht\u00c3\u00ab fat! - Big Brother Albania<\/title>\n<meta name=\"description\" content=\"Big Brother Albania - Qetsori, duke diskutuar me Dritanin, Aid\u00c3\u00abn, Lirit\u00c3\u00abn dhe Pavlinin p\u00c3\u00abr Mimoz\u00c3\u00abn, ka th\u00c3\u00abn\u00c3\u00ab se t\u00c3\u00ab jesh 19 vje\u00c3\u00a7 n\u00c3\u00ab Big Brother, \u00c3\u00absht\u00c3\u00ab nj\u00c3\u00ab fat i st\u00c3\u00abrmadh\" \/>\n<meta name=\"robots\" content=\"index, follow, max-snippet:-1, max-image-preview:large, max-video-preview:-1\" \/>\n<link rel=\"canonical\" href=\"https:\/\/www.visit-ulcinj.com\/blog\/2009\/02\/21\/te-jesh-19-vjec-ne-bb-eshte-fat\/\" \/>\n<meta property=\"og:locale\" content=\"en_US\" \/>\n<meta property=\"og:type\" content=\"article\" \/>\n<meta property=\"og:title\" content=\"T\u00c3\u00ab jesh 19 vje\u00c3\u00a7 n\u00c3\u00ab BB, \u00c3\u00absht\u00c3\u00ab fat! - Big Brother Albania\" \/>\n<meta property=\"og:description\" content=\"Big Brother Albania - Qetsori, duke diskutuar me Dritanin, Aid\u00c3\u00abn, Lirit\u00c3\u00abn dhe Pavlinin p\u00c3\u00abr Mimoz\u00c3\u00abn, ka th\u00c3\u00abn\u00c3\u00ab se t\u00c3\u00ab jesh 19 vje\u00c3\u00a7 n\u00c3\u00ab Big Brother, \u00c3\u00absht\u00c3\u00ab nj\u00c3\u00ab fat i st\u00c3\u00abrmadh\" \/>\n<meta property=\"og:url\" content=\"https:\/\/www.visit-ulcinj.com\/blog\/2009\/02\/21\/te-jesh-19-vjec-ne-bb-eshte-fat\/\" \/>\n<meta property=\"og:site_name\" content=\"Lajme nga Ulqini\" \/>\n<meta property=\"article:published_time\" content=\"2009-02-21T18:57:45+00:00\" \/>\n<meta property=\"og:image\" content=\"http:\/\/www.visit-ulcinj.com\/blog\/wp-content\/uploads\/2009\/02\/diskutimi-per-moshen.jpg\" \/>\n<meta name=\"twitter:label1\" content=\"Written by\" \/>\n\t<meta name=\"twitter:data1\" content=\"ulqini\" \/>\n<script type=\"application\/ld+json\" class=\"yoast-schema-graph\">{\"@context\":\"https:\/\/schema.org\",\"@graph\":[{\"@type\":\"WebSite\",\"@id\":\"https:\/\/www.visit-ulcinj.com\/blog\/#website\",\"url\":\"https:\/\/www.visit-ulcinj.com\/blog\/\",\"name\":\"Lajme nga Ulqini\",\"description\":\"Lajme,Vijesti,Ulqini,Ulqin,Crna Gora,Mali i Zi\",\"potentialAction\":[{\"@type\":\"SearchAction\",\"target\":{\"@type\":\"EntryPoint\",\"urlTemplate\":\"https:\/\/www.visit-ulcinj.com\/blog\/?s={search_term_string}\"},\"query-input\":\"required name=search_term_string\"}],\"inLanguage\":\"en-US\"},{\"@type\":\"ImageObject\",\"inLanguage\":\"en-US\",\"@id\":\"https:\/\/www.visit-ulcinj.com\/blog\/2009\/02\/21\/te-jesh-19-vjec-ne-bb-eshte-fat\/#primaryimage\",\"url\":\"http:\/\/www.visit-ulcinj.com\/blog\/wp-content\/uploads\/2009\/02\/diskutimi-per-moshen.jpg\",\"contentUrl\":\"http:\/\/www.visit-ulcinj.com\/blog\/wp-content\/uploads\/2009\/02\/diskutimi-per-moshen.jpg\"},{\"@type\":\"WebPage\",\"@id\":\"https:\/\/www.visit-ulcinj.com\/blog\/2009\/02\/21\/te-jesh-19-vjec-ne-bb-eshte-fat\/#webpage\",\"url\":\"https:\/\/www.visit-ulcinj.com\/blog\/2009\/02\/21\/te-jesh-19-vjec-ne-bb-eshte-fat\/\",\"name\":\"T\u00c3\u00ab jesh 19 vje\u00c3\u00a7 n\u00c3\u00ab BB, \u00c3\u00absht\u00c3\u00ab fat! - Big Brother Albania\",\"isPartOf\":{\"@id\":\"https:\/\/www.visit-ulcinj.com\/blog\/#website\"},\"primaryImageOfPage\":{\"@id\":\"https:\/\/www.visit-ulcinj.com\/blog\/2009\/02\/21\/te-jesh-19-vjec-ne-bb-eshte-fat\/#primaryimage\"},\"datePublished\":\"2009-02-21T18:57:45+00:00\",\"dateModified\":\"2009-02-21T18:57:45+00:00\",\"author\":{\"@id\":\"https:\/\/www.visit-ulcinj.com\/blog\/#\/schema\/person\/dcab619c614d3038751c63bc2aadc06d\"},\"description\":\"Big Brother Albania - Qetsori, duke diskutuar me Dritanin, Aid\u00c3\u00abn, Lirit\u00c3\u00abn dhe Pavlinin p\u00c3\u00abr Mimoz\u00c3\u00abn, ka th\u00c3\u00abn\u00c3\u00ab se t\u00c3\u00ab jesh 19 vje\u00c3\u00a7 n\u00c3\u00ab Big Brother, \u00c3\u00absht\u00c3\u00ab nj\u00c3\u00ab fat i st\u00c3\u00abrmadh\",\"breadcrumb\":{\"@id\":\"https:\/\/www.visit-ulcinj.com\/blog\/2009\/02\/21\/te-jesh-19-vjec-ne-bb-eshte-fat\/#breadcrumb\"},\"inLanguage\":\"en-US\",\"potentialAction\":[{\"@type\":\"ReadAction\",\"target\":[\"https:\/\/www.visit-ulcinj.com\/blog\/2009\/02\/21\/te-jesh-19-vjec-ne-bb-eshte-fat\/\"]}]},{\"@type\":\"BreadcrumbList\",\"@id\":\"https:\/\/www.visit-ulcinj.com\/blog\/2009\/02\/21\/te-jesh-19-vjec-ne-bb-eshte-fat\/#breadcrumb\",\"itemListElement\":[{\"@type\":\"ListItem\",\"position\":1,\"name\":\"T\u00eb jesh 19 vje\u00e7 n\u00eb BB, \u00ebsht\u00eb fat!\"}]},{\"@type\":\"Person\",\"@id\":\"https:\/\/www.visit-ulcinj.com\/blog\/#\/schema\/person\/dcab619c614d3038751c63bc2aadc06d\",\"name\":\"ulqini\",\"sameAs\":[\"http:\/\/www.visit-ulcinj.com\"],\"url\":\"https:\/\/www.visit-ulcinj.com\/blog\/author\/admin\/\"}]}<\/script>\n<!-- \/ Yoast SEO plugin. -->","yoast_head_json":{"title":"T\u00c3\u00ab jesh 19 vje\u00c3\u00a7 n\u00c3\u00ab BB, \u00c3\u00absht\u00c3\u00ab fat! - Big Brother Albania","description":"Big Brother Albania - Qetsori, duke diskutuar me Dritanin, Aid\u00c3\u00abn, Lirit\u00c3\u00abn dhe Pavlinin p\u00c3\u00abr Mimoz\u00c3\u00abn, ka th\u00c3\u00abn\u00c3\u00ab se t\u00c3\u00ab jesh 19 vje\u00c3\u00a7 n\u00c3\u00ab Big Brother, \u00c3\u00absht\u00c3\u00ab nj\u00c3\u00ab fat i st\u00c3\u00abrmadh","robots":{"index":"index","follow":"follow","max-snippet":"max-snippet:-1","max-image-preview":"max-image-preview:large","max-video-preview":"max-video-preview:-1"},"canonical":"https:\/\/www.visit-ulcinj.com\/blog\/2009\/02\/21\/te-jesh-19-vjec-ne-bb-eshte-fat\/","og_locale":"en_US","og_type":"article","og_title":"T\u00c3\u00ab jesh 19 vje\u00c3\u00a7 n\u00c3\u00ab BB, \u00c3\u00absht\u00c3\u00ab fat! - Big Brother Albania","og_description":"Big Brother Albania - Qetsori, duke diskutuar me Dritanin, Aid\u00c3\u00abn, Lirit\u00c3\u00abn dhe Pavlinin p\u00c3\u00abr Mimoz\u00c3\u00abn, ka th\u00c3\u00abn\u00c3\u00ab se t\u00c3\u00ab jesh 19 vje\u00c3\u00a7 n\u00c3\u00ab Big Brother, \u00c3\u00absht\u00c3\u00ab nj\u00c3\u00ab fat i st\u00c3\u00abrmadh","og_url":"https:\/\/www.visit-ulcinj.com\/blog\/2009\/02\/21\/te-jesh-19-vjec-ne-bb-eshte-fat\/","og_site_name":"Lajme nga Ulqini","article_published_time":"2009-02-21T18:57:45+00:00","og_image":[{"url":"http:\/\/www.visit-ulcinj.com\/blog\/wp-content\/uploads\/2009\/02\/diskutimi-per-moshen.jpg"}],"twitter_misc":{"Written by":"ulqini"},"schema":{"@context":"https:\/\/schema.org","@graph":[{"@type":"WebSite","@id":"https:\/\/www.visit-ulcinj.com\/blog\/#website","url":"https:\/\/www.visit-ulcinj.com\/blog\/","name":"Lajme nga Ulqini","description":"Lajme,Vijesti,Ulqini,Ulqin,Crna Gora,Mali i Zi","potentialAction":[{"@type":"SearchAction","target":{"@type":"EntryPoint","urlTemplate":"https:\/\/www.visit-ulcinj.com\/blog\/?s={search_term_string}"},"query-input":"required name=search_term_string"}],"inLanguage":"en-US"},{"@type":"ImageObject","inLanguage":"en-US","@id":"https:\/\/www.visit-ulcinj.com\/blog\/2009\/02\/21\/te-jesh-19-vjec-ne-bb-eshte-fat\/#primaryimage","url":"http:\/\/www.visit-ulcinj.com\/blog\/wp-content\/uploads\/2009\/02\/diskutimi-per-moshen.jpg","contentUrl":"http:\/\/www.visit-ulcinj.com\/blog\/wp-content\/uploads\/2009\/02\/diskutimi-per-moshen.jpg"},{"@type":"WebPage","@id":"https:\/\/www.visit-ulcinj.com\/blog\/2009\/02\/21\/te-jesh-19-vjec-ne-bb-eshte-fat\/#webpage","url":"https:\/\/www.visit-ulcinj.com\/blog\/2009\/02\/21\/te-jesh-19-vjec-ne-bb-eshte-fat\/","name":"T\u00c3\u00ab jesh 19 vje\u00c3\u00a7 n\u00c3\u00ab BB, \u00c3\u00absht\u00c3\u00ab fat! - Big Brother Albania","isPartOf":{"@id":"https:\/\/www.visit-ulcinj.com\/blog\/#website"},"primaryImageOfPage":{"@id":"https:\/\/www.visit-ulcinj.com\/blog\/2009\/02\/21\/te-jesh-19-vjec-ne-bb-eshte-fat\/#primaryimage"},"datePublished":"2009-02-21T18:57:45+00:00","dateModified":"2009-02-21T18:57:45+00:00","author":{"@id":"https:\/\/www.visit-ulcinj.com\/blog\/#\/schema\/person\/dcab619c614d3038751c63bc2aadc06d"},"description":"Big Brother Albania - Qetsori, duke diskutuar me Dritanin, Aid\u00c3\u00abn, Lirit\u00c3\u00abn dhe Pavlinin p\u00c3\u00abr Mimoz\u00c3\u00abn, ka th\u00c3\u00abn\u00c3\u00ab se t\u00c3\u00ab jesh 19 vje\u00c3\u00a7 n\u00c3\u00ab Big Brother, \u00c3\u00absht\u00c3\u00ab nj\u00c3\u00ab fat i st\u00c3\u00abrmadh","breadcrumb":{"@id":"https:\/\/www.visit-ulcinj.com\/blog\/2009\/02\/21\/te-jesh-19-vjec-ne-bb-eshte-fat\/#breadcrumb"},"inLanguage":"en-US","potentialAction":[{"@type":"ReadAction","target":["https:\/\/www.visit-ulcinj.com\/blog\/2009\/02\/21\/te-jesh-19-vjec-ne-bb-eshte-fat\/"]}]},{"@type":"BreadcrumbList","@id":"https:\/\/www.visit-ulcinj.com\/blog\/2009\/02\/21\/te-jesh-19-vjec-ne-bb-eshte-fat\/#breadcrumb","itemListElement":[{"@type":"ListItem","position":1,"name":"T\u00eb jesh 19 vje\u00e7 n\u00eb BB, \u00ebsht\u00eb fat!"}]},{"@type":"Person","@id":"https:\/\/www.visit-ulcinj.com\/blog\/#\/schema\/person\/dcab619c614d3038751c63bc2aadc06d","name":"ulqini","sameAs":["http:\/\/www.visit-ulcinj.com"],"url":"https:\/\/www.visit-ulcinj.com\/blog\/author\/admin\/"}]}},"jetpack_featured_media_url":"","jetpack_sharing_enabled":true,"jetpack_shortlink":"https:\/\/wp.me\/pe6lTn-34g","_links":{"self":[{"href":"https:\/\/www.visit-ulcinj.com\/blog\/wp-json\/wp\/v2\/posts\/11796"}],"collection":[{"href":"https:\/\/www.visit-ulcinj.com\/blog\/wp-json\/wp\/v2\/posts"}],"about":[{"href":"https:\/\/www.visit-ulcinj.com\/blog\/wp-json\/wp\/v2\/types\/post"}],"author":[{"embeddable":true,"href":"https:\/\/www.visit-ulcinj.com\/blog\/wp-json\/wp\/v2\/users\/1"}],"replies":[{"embeddable":true,"href":"https:\/\/www.visit-ulcinj.com\/blog\/wp-json\/wp\/v2\/comments?post=11796"}],"version-history":[{"count":0,"href":"https:\/\/www.visit-ulcinj.com\/blog\/wp-json\/wp\/v2\/posts\/11796\/revisions"}],"wp:attachment":[{"href":"https:\/\/www.visit-ulcinj.com\/blog\/wp-json\/wp\/v2\/media?parent=11796"}],"wp:term":[{"taxonomy":"category","embeddable":true,"href":"https:\/\/www.visit-ulcinj.com\/blog\/wp-json\/wp\/v2\/categories?post=11796"},{"taxonomy":"post_tag","embeddable":true,"href":"https:\/\/www.visit-ulcinj.com\/blog\/wp-json\/wp\/v2\/tags?post=11796"}],"curies":[{"name":"wp","href":"https:\/\/api.w.org\/{rel}","templated":true}]}}