{"id":11799,"date":"2009-02-21T20:04:08","date_gmt":"2009-02-21T19:04:08","guid":{"rendered":"http:\/\/www.visit-ulcinj.com\/blog\/?p=11799"},"modified":"2009-02-21T20:04:08","modified_gmt":"2009-02-21T19:04:08","slug":"zhuljeta-i-ngjaj-blerta-syles","status":"publish","type":"post","link":"https:\/\/www.visit-ulcinj.com\/blog\/2009\/02\/21\/zhuljeta-i-ngjaj-blerta-syles\/","title":{"rendered":"Zhuljeta &#8211; I ngjaj Blerta Syl\u00ebs!"},"content":{"rendered":"<p><em><span class=\"newsdate\"><a href=\"http:\/\/www.visit-ulcinj.com\/blog\/wp-content\/uploads\/2009\/02\/zhuljeta3.jpg\"><img loading=\"lazy\" class=\"alignleft size-full wp-image-11800\" title=\"zhuljeta-big-brother-albania\" src=\"http:\/\/www.visit-ulcinj.com\/blog\/wp-content\/uploads\/2009\/02\/zhuljeta3.jpg\" alt=\"zhuljeta-big-brother-albania\" width=\"300\" height=\"205\" \/><\/a>20\/02\/09 02:30<\/span><\/em><\/p>\n<p>N\u00eb bised\u00ebn me Lirit\u00ebn, Agonin, Erjolin e Qetsorin, duke diskutuar mbi filmat e aktor\u00ebt, Zhuljeta thot\u00eb se i ngjan shum\u00eb Blerta Syl\u00ebs, nj\u00eb fotomodeleje dhe aktoreje kosovare. \u201cMadje, ka th\u00ebn\u00eb ajo, -n\u00eb mosh\u00ebn 17-18 vje\u00e7are, \u00e7do gj\u00eb, syt\u00eb, ngjyra e flok\u00ebve, modeli, buz\u00ebt, i kishim nj\u00ebsoj.\u201d<\/p>\n<p><strong><em>Top Channel<\/em><\/strong><\/p>\n","protected":false},"excerpt":{"rendered":"<p>20\/02\/09 02:30 N\u00eb bised\u00ebn me Lirit\u00ebn, Agonin, Erjolin e Qetsorin, duke diskutuar mbi filmat e aktor\u00ebt, Zhuljeta thot\u00eb se i ngjan shum\u00eb Blerta Syl\u00ebs, nj\u00eb fotomodeleje dhe aktoreje kosovare. \u201cMadje, ka th\u00ebn\u00eb ajo, -n\u00eb mosh\u00ebn 17-18 vje\u00e7are, \u00e7do gj\u00eb, syt\u00eb, ngjyra e flok\u00ebve, modeli, buz\u00ebt, i kishim nj\u00ebsoj.\u201d Top Channel<\/p>\n","protected":false},"author":1,"featured_media":0,"comment_status":"open","ping_status":"closed","sticky":false,"template":"","format":"standard","meta":{"spay_email":"","jetpack_publicize_message":"","jetpack_is_tweetstorm":false,"jetpack_publicize_feature_enabled":true},"categories":[6502],"tags":[5057,6506,6964,6891,6693,6887,6564,6536],"jetpack_publicize_connections":[],"yoast_head":"<!-- This site is optimized with the Yoast SEO plugin v19.1 - https:\/\/yoast.com\/wordpress\/plugins\/seo\/ -->\n<title>Zhuljeta - I ngjaj Blerta Syl\u00c3\u00abs! - Big Brother Albania<\/title>\n<meta name=\"description\" content=\"Big Brother Albania - N\u00c3\u00ab bised\u00c3\u00abn me Lirit\u00c3\u00abn, Agonin, Erjolin e Qetsorin, duke diskutuar mbi filmat e aktor\u00c3\u00abt, Zhuljeta thot\u00c3\u00ab se i ngjan shum\u00c3\u00ab Blerta Syl\u00c3\u00abs, nj\u00c3\u00ab fotomodeleje dhe aktoreje kosovare.\" \/>\n<meta name=\"robots\" content=\"index, follow, max-snippet:-1, max-image-preview:large, max-video-preview:-1\" \/>\n<link rel=\"canonical\" href=\"https:\/\/www.visit-ulcinj.com\/blog\/2009\/02\/21\/zhuljeta-i-ngjaj-blerta-syles\/\" \/>\n<meta property=\"og:locale\" content=\"en_US\" \/>\n<meta property=\"og:type\" content=\"article\" \/>\n<meta property=\"og:title\" content=\"Zhuljeta - I ngjaj Blerta Syl\u00c3\u00abs! - Big Brother Albania\" \/>\n<meta property=\"og:description\" content=\"Big Brother Albania - N\u00c3\u00ab bised\u00c3\u00abn me Lirit\u00c3\u00abn, Agonin, Erjolin e Qetsorin, duke diskutuar mbi filmat e aktor\u00c3\u00abt, Zhuljeta thot\u00c3\u00ab se i ngjan shum\u00c3\u00ab Blerta Syl\u00c3\u00abs, nj\u00c3\u00ab fotomodeleje dhe aktoreje kosovare.\" \/>\n<meta property=\"og:url\" content=\"https:\/\/www.visit-ulcinj.com\/blog\/2009\/02\/21\/zhuljeta-i-ngjaj-blerta-syles\/\" \/>\n<meta property=\"og:site_name\" content=\"Lajme nga Ulqini\" \/>\n<meta property=\"article:published_time\" content=\"2009-02-21T19:04:08+00:00\" \/>\n<meta property=\"og:image\" content=\"http:\/\/www.visit-ulcinj.com\/blog\/wp-content\/uploads\/2009\/02\/zhuljeta3.jpg\" \/>\n<meta name=\"twitter:label1\" content=\"Written by\" \/>\n\t<meta name=\"twitter:data1\" content=\"ulqini\" \/>\n<script type=\"application\/ld+json\" class=\"yoast-schema-graph\">{\"@context\":\"https:\/\/schema.org\",\"@graph\":[{\"@type\":\"WebSite\",\"@id\":\"https:\/\/www.visit-ulcinj.com\/blog\/#website\",\"url\":\"https:\/\/www.visit-ulcinj.com\/blog\/\",\"name\":\"Lajme nga Ulqini\",\"description\":\"Lajme,Vijesti,Ulqini,Ulqin,Crna Gora,Mali i Zi\",\"potentialAction\":[{\"@type\":\"SearchAction\",\"target\":{\"@type\":\"EntryPoint\",\"urlTemplate\":\"https:\/\/www.visit-ulcinj.com\/blog\/?s={search_term_string}\"},\"query-input\":\"required name=search_term_string\"}],\"inLanguage\":\"en-US\"},{\"@type\":\"ImageObject\",\"inLanguage\":\"en-US\",\"@id\":\"https:\/\/www.visit-ulcinj.com\/blog\/2009\/02\/21\/zhuljeta-i-ngjaj-blerta-syles\/#primaryimage\",\"url\":\"http:\/\/www.visit-ulcinj.com\/blog\/wp-content\/uploads\/2009\/02\/zhuljeta3.jpg\",\"contentUrl\":\"http:\/\/www.visit-ulcinj.com\/blog\/wp-content\/uploads\/2009\/02\/zhuljeta3.jpg\"},{\"@type\":\"WebPage\",\"@id\":\"https:\/\/www.visit-ulcinj.com\/blog\/2009\/02\/21\/zhuljeta-i-ngjaj-blerta-syles\/#webpage\",\"url\":\"https:\/\/www.visit-ulcinj.com\/blog\/2009\/02\/21\/zhuljeta-i-ngjaj-blerta-syles\/\",\"name\":\"Zhuljeta - I ngjaj Blerta Syl\u00c3\u00abs! - Big Brother Albania\",\"isPartOf\":{\"@id\":\"https:\/\/www.visit-ulcinj.com\/blog\/#website\"},\"primaryImageOfPage\":{\"@id\":\"https:\/\/www.visit-ulcinj.com\/blog\/2009\/02\/21\/zhuljeta-i-ngjaj-blerta-syles\/#primaryimage\"},\"datePublished\":\"2009-02-21T19:04:08+00:00\",\"dateModified\":\"2009-02-21T19:04:08+00:00\",\"author\":{\"@id\":\"https:\/\/www.visit-ulcinj.com\/blog\/#\/schema\/person\/dcab619c614d3038751c63bc2aadc06d\"},\"description\":\"Big Brother Albania - N\u00c3\u00ab bised\u00c3\u00abn me Lirit\u00c3\u00abn, Agonin, Erjolin e Qetsorin, duke diskutuar mbi filmat e aktor\u00c3\u00abt, Zhuljeta thot\u00c3\u00ab se i ngjan shum\u00c3\u00ab Blerta Syl\u00c3\u00abs, nj\u00c3\u00ab fotomodeleje dhe aktoreje kosovare.\",\"breadcrumb\":{\"@id\":\"https:\/\/www.visit-ulcinj.com\/blog\/2009\/02\/21\/zhuljeta-i-ngjaj-blerta-syles\/#breadcrumb\"},\"inLanguage\":\"en-US\",\"potentialAction\":[{\"@type\":\"ReadAction\",\"target\":[\"https:\/\/www.visit-ulcinj.com\/blog\/2009\/02\/21\/zhuljeta-i-ngjaj-blerta-syles\/\"]}]},{\"@type\":\"BreadcrumbList\",\"@id\":\"https:\/\/www.visit-ulcinj.com\/blog\/2009\/02\/21\/zhuljeta-i-ngjaj-blerta-syles\/#breadcrumb\",\"itemListElement\":[{\"@type\":\"ListItem\",\"position\":1,\"name\":\"Zhuljeta &#8211; I ngjaj Blerta Syl\u00ebs!\"}]},{\"@type\":\"Person\",\"@id\":\"https:\/\/www.visit-ulcinj.com\/blog\/#\/schema\/person\/dcab619c614d3038751c63bc2aadc06d\",\"name\":\"ulqini\",\"sameAs\":[\"http:\/\/www.visit-ulcinj.com\"],\"url\":\"https:\/\/www.visit-ulcinj.com\/blog\/author\/admin\/\"}]}<\/script>\n<!-- \/ Yoast SEO plugin. -->","yoast_head_json":{"title":"Zhuljeta - I ngjaj Blerta Syl\u00c3\u00abs! - Big Brother Albania","description":"Big Brother Albania - N\u00c3\u00ab bised\u00c3\u00abn me Lirit\u00c3\u00abn, Agonin, Erjolin e Qetsorin, duke diskutuar mbi filmat e aktor\u00c3\u00abt, Zhuljeta thot\u00c3\u00ab se i ngjan shum\u00c3\u00ab Blerta Syl\u00c3\u00abs, nj\u00c3\u00ab fotomodeleje dhe aktoreje kosovare.","robots":{"index":"index","follow":"follow","max-snippet":"max-snippet:-1","max-image-preview":"max-image-preview:large","max-video-preview":"max-video-preview:-1"},"canonical":"https:\/\/www.visit-ulcinj.com\/blog\/2009\/02\/21\/zhuljeta-i-ngjaj-blerta-syles\/","og_locale":"en_US","og_type":"article","og_title":"Zhuljeta - I ngjaj Blerta Syl\u00c3\u00abs! - Big Brother Albania","og_description":"Big Brother Albania - N\u00c3\u00ab bised\u00c3\u00abn me Lirit\u00c3\u00abn, Agonin, Erjolin e Qetsorin, duke diskutuar mbi filmat e aktor\u00c3\u00abt, Zhuljeta thot\u00c3\u00ab se i ngjan shum\u00c3\u00ab Blerta Syl\u00c3\u00abs, nj\u00c3\u00ab fotomodeleje dhe aktoreje kosovare.","og_url":"https:\/\/www.visit-ulcinj.com\/blog\/2009\/02\/21\/zhuljeta-i-ngjaj-blerta-syles\/","og_site_name":"Lajme nga Ulqini","article_published_time":"2009-02-21T19:04:08+00:00","og_image":[{"url":"http:\/\/www.visit-ulcinj.com\/blog\/wp-content\/uploads\/2009\/02\/zhuljeta3.jpg"}],"twitter_misc":{"Written by":"ulqini"},"schema":{"@context":"https:\/\/schema.org","@graph":[{"@type":"WebSite","@id":"https:\/\/www.visit-ulcinj.com\/blog\/#website","url":"https:\/\/www.visit-ulcinj.com\/blog\/","name":"Lajme nga Ulqini","description":"Lajme,Vijesti,Ulqini,Ulqin,Crna Gora,Mali i Zi","potentialAction":[{"@type":"SearchAction","target":{"@type":"EntryPoint","urlTemplate":"https:\/\/www.visit-ulcinj.com\/blog\/?s={search_term_string}"},"query-input":"required name=search_term_string"}],"inLanguage":"en-US"},{"@type":"ImageObject","inLanguage":"en-US","@id":"https:\/\/www.visit-ulcinj.com\/blog\/2009\/02\/21\/zhuljeta-i-ngjaj-blerta-syles\/#primaryimage","url":"http:\/\/www.visit-ulcinj.com\/blog\/wp-content\/uploads\/2009\/02\/zhuljeta3.jpg","contentUrl":"http:\/\/www.visit-ulcinj.com\/blog\/wp-content\/uploads\/2009\/02\/zhuljeta3.jpg"},{"@type":"WebPage","@id":"https:\/\/www.visit-ulcinj.com\/blog\/2009\/02\/21\/zhuljeta-i-ngjaj-blerta-syles\/#webpage","url":"https:\/\/www.visit-ulcinj.com\/blog\/2009\/02\/21\/zhuljeta-i-ngjaj-blerta-syles\/","name":"Zhuljeta - I ngjaj Blerta Syl\u00c3\u00abs! - Big Brother Albania","isPartOf":{"@id":"https:\/\/www.visit-ulcinj.com\/blog\/#website"},"primaryImageOfPage":{"@id":"https:\/\/www.visit-ulcinj.com\/blog\/2009\/02\/21\/zhuljeta-i-ngjaj-blerta-syles\/#primaryimage"},"datePublished":"2009-02-21T19:04:08+00:00","dateModified":"2009-02-21T19:04:08+00:00","author":{"@id":"https:\/\/www.visit-ulcinj.com\/blog\/#\/schema\/person\/dcab619c614d3038751c63bc2aadc06d"},"description":"Big Brother Albania - N\u00c3\u00ab bised\u00c3\u00abn me Lirit\u00c3\u00abn, Agonin, Erjolin e Qetsorin, duke diskutuar mbi filmat e aktor\u00c3\u00abt, Zhuljeta thot\u00c3\u00ab se i ngjan shum\u00c3\u00ab Blerta Syl\u00c3\u00abs, nj\u00c3\u00ab fotomodeleje dhe aktoreje kosovare.","breadcrumb":{"@id":"https:\/\/www.visit-ulcinj.com\/blog\/2009\/02\/21\/zhuljeta-i-ngjaj-blerta-syles\/#breadcrumb"},"inLanguage":"en-US","potentialAction":[{"@type":"ReadAction","target":["https:\/\/www.visit-ulcinj.com\/blog\/2009\/02\/21\/zhuljeta-i-ngjaj-blerta-syles\/"]}]},{"@type":"BreadcrumbList","@id":"https:\/\/www.visit-ulcinj.com\/blog\/2009\/02\/21\/zhuljeta-i-ngjaj-blerta-syles\/#breadcrumb","itemListElement":[{"@type":"ListItem","position":1,"name":"Zhuljeta &#8211; I ngjaj Blerta Syl\u00ebs!"}]},{"@type":"Person","@id":"https:\/\/www.visit-ulcinj.com\/blog\/#\/schema\/person\/dcab619c614d3038751c63bc2aadc06d","name":"ulqini","sameAs":["http:\/\/www.visit-ulcinj.com"],"url":"https:\/\/www.visit-ulcinj.com\/blog\/author\/admin\/"}]}},"jetpack_featured_media_url":"","jetpack_sharing_enabled":true,"jetpack_shortlink":"https:\/\/wp.me\/pe6lTn-34j","_links":{"self":[{"href":"https:\/\/www.visit-ulcinj.com\/blog\/wp-json\/wp\/v2\/posts\/11799"}],"collection":[{"href":"https:\/\/www.visit-ulcinj.com\/blog\/wp-json\/wp\/v2\/posts"}],"about":[{"href":"https:\/\/www.visit-ulcinj.com\/blog\/wp-json\/wp\/v2\/types\/post"}],"author":[{"embeddable":true,"href":"https:\/\/www.visit-ulcinj.com\/blog\/wp-json\/wp\/v2\/users\/1"}],"replies":[{"embeddable":true,"href":"https:\/\/www.visit-ulcinj.com\/blog\/wp-json\/wp\/v2\/comments?post=11799"}],"version-history":[{"count":0,"href":"https:\/\/www.visit-ulcinj.com\/blog\/wp-json\/wp\/v2\/posts\/11799\/revisions"}],"wp:attachment":[{"href":"https:\/\/www.visit-ulcinj.com\/blog\/wp-json\/wp\/v2\/media?parent=11799"}],"wp:term":[{"taxonomy":"category","embeddable":true,"href":"https:\/\/www.visit-ulcinj.com\/blog\/wp-json\/wp\/v2\/categories?post=11799"},{"taxonomy":"post_tag","embeddable":true,"href":"https:\/\/www.visit-ulcinj.com\/blog\/wp-json\/wp\/v2\/tags?post=11799"}],"curies":[{"name":"wp","href":"https:\/\/api.w.org\/{rel}","templated":true}]}}