{"id":118,"date":"2008-01-10T13:56:16","date_gmt":"2008-01-10T18:56:16","guid":{"rendered":"http:\/\/www.visit-ulcinj.com\/blog\/2008\/01\/10\/kryporja-e-ulqinit-bajo-sekuliq-qe-disa-dite-vazhdon-te-mos-kete-energji-elektrike\/"},"modified":"2008-02-12T18:24:39","modified_gmt":"2008-02-12T23:24:39","slug":"kryporja-e-ulqinit-bajo-sekuliq-qe-disa-dite-vazhdon-te-mos-kete-energji-elektrike","status":"publish","type":"post","link":"https:\/\/www.visit-ulcinj.com\/blog\/2008\/01\/10\/kryporja-e-ulqinit-bajo-sekuliq-qe-disa-dite-vazhdon-te-mos-kete-energji-elektrike\/","title":{"rendered":"Kryporja e Ulqinit &#8220;Bajo Sekuliq&#8221; q\u00eb disa dit\u00eb vazhdon t\u00eb mos ket\u00eb energji elektrike"},"content":{"rendered":"<p><img loading=\"lazy\" src=\"http:\/\/www.visit-ulcinj.com\/blog\/wp-content\/uploads\/2008\/01\/kryporja-e-ulqinit.thumbnail.jpg\" align=\"left\" height=\"124\" hspace=\"2\" vspace=\"2\" width=\"155\" \/>Kryporja e Ulqinit &#8220;Bajo Sekuliq&#8221; q\u00eb prej dy jav\u00ebve vazhdon t\u00eb mos ket\u00eb energji elektrike,ku \u00e7do gj\u00eb t\u00eb cilat veprojn\u00eb n\u00eb kuad\u00ebr t\u00eb k\u00ebtij institucioni jan\u00eb \u00e7ky\u00e7ur nga rrjeti elektrik p\u00ebr shkak t\u00eb borxhit prej m\u00eb tep\u00ebr se 100.000  mij\u00eb eurosh ndaj Elektrodistribucionit.<!--more--><br \/>\nMilorad Ikoviq drejtori i Krypores se Ulqinit &#8220;Bajo Sekuliq&#8221;, thot\u00eb se ka biseduar me p\u00ebrfaq\u00ebsuesit e Elektrodistribucionit p\u00ebr tejkalimin e k\u00ebtij problemi dhe se ata i kan\u00eb propozuar n\u00ebnshkrimin e nj\u00eb kontrat\u00eb q\u00eb t\u00eb pagohet gjysma e borxhit kurse borxhi q\u00eb mbetet t\u00eb pagohet me kontrat t\u00eb kompensimit kohore mujor. Por sipas tij,  pa nj\u00eb kontrat\u00eb q\u00eb p\u00ebrve\u00e7 neve duhet ta n\u00ebnshkruaj\u00eb edhe Elektrodistribucioni, \u00ebsht\u00eb e pamundur ta shlyejm\u00eb borxhin e energjis\u00eb elektrike i cili nuk \u00ebsht\u00eb paguar q\u00eb nga disa vite.<br \/>\nMilorad Ikoviq drejtori i Krypores se Ulqinit &#8220;Bajo Sekuliq&#8221;, thot\u00eb se \u00ebsht\u00eb absurde dhe katastrofale q\u00eb gjat\u00eb sezonit t\u00eb dimrit t`i nd\u00ebrpritet rryma elektrike krypores. &#8220;\u00cbsht\u00eb absurd q\u00eb puntor\u00ebt e krypores t\u00eb gjinden pa pun\u00eb dhe mos t\u00eb marrin paga.Kryporen e Ulqinit &#8220;Bajo Sekuliq&#8221;e kontrollon Drejtori Menaxhues biznismeni Vesko Baroviq ku asht ne grupin Eurofond menaxhues,dhe t\u00eb nj\u00ebjt\u00ebn koh\u00eb Eurofondi ka karrigen e saj menaxhuese n\u00eb  Korporaten Energjetike t\u00eb Malit t\u00eb Zi ku kryporja e Ulqinit &#8220;Bajo Sekuliq&#8221;diskuton borxhin q\u00eb mbetet t\u00eb pagohet me kontrat t\u00eb kompensimit kohore mujor.<\/p>\n","protected":false},"excerpt":{"rendered":"<p><img loading=\"lazy\" src=\"http:\/\/www.visit-ulcinj.com\/blog\/wp-content\/uploads\/2008\/01\/kryporja-e-ulqinit.thumbnail.jpg\" alt=\"Kryporja\" height=\"140\" width=\"140\" \/><\/p>\n","protected":false},"author":1,"featured_media":0,"comment_status":"open","ping_status":"closed","sticky":false,"template":"","format":"standard","meta":{"spay_email":"","jetpack_publicize_message":"","jetpack_is_tweetstorm":false,"jetpack_publicize_feature_enabled":true},"categories":[1],"tags":[1195,28,32,29,33,34,27,362,31,30],"jetpack_publicize_connections":[],"yoast_head":"<!-- This site is optimized with the Yoast SEO plugin v19.1 - https:\/\/yoast.com\/wordpress\/plugins\/seo\/ -->\n<title>Kryporja e Ulqinit &quot;Bajo Sekuliq&quot; q\u00eb disa dit\u00eb vazhdon t\u00eb mos ket\u00eb energji elektrike - Lajme nga Ulqini<\/title>\n<meta name=\"robots\" content=\"index, follow, max-snippet:-1, max-image-preview:large, max-video-preview:-1\" \/>\n<link rel=\"canonical\" href=\"https:\/\/www.visit-ulcinj.com\/blog\/2008\/01\/10\/kryporja-e-ulqinit-bajo-sekuliq-qe-disa-dite-vazhdon-te-mos-kete-energji-elektrike\/\" \/>\n<meta property=\"og:locale\" content=\"en_US\" \/>\n<meta property=\"og:type\" content=\"article\" \/>\n<meta property=\"og:title\" content=\"Kryporja e Ulqinit &quot;Bajo Sekuliq&quot; q\u00eb disa dit\u00eb vazhdon t\u00eb mos ket\u00eb energji elektrike - Lajme nga Ulqini\" \/>\n<meta property=\"og:url\" content=\"https:\/\/www.visit-ulcinj.com\/blog\/2008\/01\/10\/kryporja-e-ulqinit-bajo-sekuliq-qe-disa-dite-vazhdon-te-mos-kete-energji-elektrike\/\" \/>\n<meta property=\"og:site_name\" content=\"Lajme nga Ulqini\" \/>\n<meta property=\"article:published_time\" content=\"2008-01-10T18:56:16+00:00\" \/>\n<meta property=\"article:modified_time\" content=\"2008-02-12T23:24:39+00:00\" \/>\n<meta property=\"og:image\" content=\"http:\/\/www.visit-ulcinj.com\/blog\/wp-content\/uploads\/2008\/01\/kryporja-e-ulqinit.thumbnail.jpg\" \/>\n<meta name=\"twitter:label1\" content=\"Written by\" \/>\n\t<meta name=\"twitter:data1\" content=\"ulqini\" \/>\n\t<meta name=\"twitter:label2\" content=\"Est. reading time\" \/>\n\t<meta name=\"twitter:data2\" content=\"1 minute\" \/>\n<script type=\"application\/ld+json\" class=\"yoast-schema-graph\">{\"@context\":\"https:\/\/schema.org\",\"@graph\":[{\"@type\":\"WebSite\",\"@id\":\"https:\/\/www.visit-ulcinj.com\/blog\/#website\",\"url\":\"https:\/\/www.visit-ulcinj.com\/blog\/\",\"name\":\"Lajme nga Ulqini\",\"description\":\"Lajme,Vijesti,Ulqini,Ulqin,Crna Gora,Mali i Zi\",\"potentialAction\":[{\"@type\":\"SearchAction\",\"target\":{\"@type\":\"EntryPoint\",\"urlTemplate\":\"https:\/\/www.visit-ulcinj.com\/blog\/?s={search_term_string}\"},\"query-input\":\"required name=search_term_string\"}],\"inLanguage\":\"en-US\"},{\"@type\":\"ImageObject\",\"inLanguage\":\"en-US\",\"@id\":\"https:\/\/www.visit-ulcinj.com\/blog\/2008\/01\/10\/kryporja-e-ulqinit-bajo-sekuliq-qe-disa-dite-vazhdon-te-mos-kete-energji-elektrike\/#primaryimage\",\"url\":\"http:\/\/www.visit-ulcinj.com\/blog\/wp-content\/uploads\/2008\/01\/kryporja-e-ulqinit.thumbnail.jpg\",\"contentUrl\":\"http:\/\/www.visit-ulcinj.com\/blog\/wp-content\/uploads\/2008\/01\/kryporja-e-ulqinit.thumbnail.jpg\"},{\"@type\":\"WebPage\",\"@id\":\"https:\/\/www.visit-ulcinj.com\/blog\/2008\/01\/10\/kryporja-e-ulqinit-bajo-sekuliq-qe-disa-dite-vazhdon-te-mos-kete-energji-elektrike\/#webpage\",\"url\":\"https:\/\/www.visit-ulcinj.com\/blog\/2008\/01\/10\/kryporja-e-ulqinit-bajo-sekuliq-qe-disa-dite-vazhdon-te-mos-kete-energji-elektrike\/\",\"name\":\"Kryporja e Ulqinit \\\"Bajo Sekuliq\\\" q\u00eb disa dit\u00eb vazhdon t\u00eb mos ket\u00eb energji elektrike - Lajme nga Ulqini\",\"isPartOf\":{\"@id\":\"https:\/\/www.visit-ulcinj.com\/blog\/#website\"},\"primaryImageOfPage\":{\"@id\":\"https:\/\/www.visit-ulcinj.com\/blog\/2008\/01\/10\/kryporja-e-ulqinit-bajo-sekuliq-qe-disa-dite-vazhdon-te-mos-kete-energji-elektrike\/#primaryimage\"},\"datePublished\":\"2008-01-10T18:56:16+00:00\",\"dateModified\":\"2008-02-12T23:24:39+00:00\",\"author\":{\"@id\":\"https:\/\/www.visit-ulcinj.com\/blog\/#\/schema\/person\/dcab619c614d3038751c63bc2aadc06d\"},\"breadcrumb\":{\"@id\":\"https:\/\/www.visit-ulcinj.com\/blog\/2008\/01\/10\/kryporja-e-ulqinit-bajo-sekuliq-qe-disa-dite-vazhdon-te-mos-kete-energji-elektrike\/#breadcrumb\"},\"inLanguage\":\"en-US\",\"potentialAction\":[{\"@type\":\"ReadAction\",\"target\":[\"https:\/\/www.visit-ulcinj.com\/blog\/2008\/01\/10\/kryporja-e-ulqinit-bajo-sekuliq-qe-disa-dite-vazhdon-te-mos-kete-energji-elektrike\/\"]}]},{\"@type\":\"BreadcrumbList\",\"@id\":\"https:\/\/www.visit-ulcinj.com\/blog\/2008\/01\/10\/kryporja-e-ulqinit-bajo-sekuliq-qe-disa-dite-vazhdon-te-mos-kete-energji-elektrike\/#breadcrumb\",\"itemListElement\":[{\"@type\":\"ListItem\",\"position\":1,\"name\":\"Kryporja e Ulqinit &#8220;Bajo Sekuliq&#8221; q\u00eb disa dit\u00eb vazhdon t\u00eb mos ket\u00eb energji elektrike\"}]},{\"@type\":\"Person\",\"@id\":\"https:\/\/www.visit-ulcinj.com\/blog\/#\/schema\/person\/dcab619c614d3038751c63bc2aadc06d\",\"name\":\"ulqini\",\"sameAs\":[\"http:\/\/www.visit-ulcinj.com\"],\"url\":\"https:\/\/www.visit-ulcinj.com\/blog\/author\/admin\/\"}]}<\/script>\n<!-- \/ Yoast SEO plugin. -->","yoast_head_json":{"title":"Kryporja e Ulqinit \"Bajo Sekuliq\" q\u00eb disa dit\u00eb vazhdon t\u00eb mos ket\u00eb energji elektrike - Lajme nga Ulqini","robots":{"index":"index","follow":"follow","max-snippet":"max-snippet:-1","max-image-preview":"max-image-preview:large","max-video-preview":"max-video-preview:-1"},"canonical":"https:\/\/www.visit-ulcinj.com\/blog\/2008\/01\/10\/kryporja-e-ulqinit-bajo-sekuliq-qe-disa-dite-vazhdon-te-mos-kete-energji-elektrike\/","og_locale":"en_US","og_type":"article","og_title":"Kryporja e Ulqinit \"Bajo Sekuliq\" q\u00eb disa dit\u00eb vazhdon t\u00eb mos ket\u00eb energji elektrike - Lajme nga Ulqini","og_url":"https:\/\/www.visit-ulcinj.com\/blog\/2008\/01\/10\/kryporja-e-ulqinit-bajo-sekuliq-qe-disa-dite-vazhdon-te-mos-kete-energji-elektrike\/","og_site_name":"Lajme nga Ulqini","article_published_time":"2008-01-10T18:56:16+00:00","article_modified_time":"2008-02-12T23:24:39+00:00","og_image":[{"url":"http:\/\/www.visit-ulcinj.com\/blog\/wp-content\/uploads\/2008\/01\/kryporja-e-ulqinit.thumbnail.jpg"}],"twitter_misc":{"Written by":"ulqini","Est. reading time":"1 minute"},"schema":{"@context":"https:\/\/schema.org","@graph":[{"@type":"WebSite","@id":"https:\/\/www.visit-ulcinj.com\/blog\/#website","url":"https:\/\/www.visit-ulcinj.com\/blog\/","name":"Lajme nga Ulqini","description":"Lajme,Vijesti,Ulqini,Ulqin,Crna Gora,Mali i Zi","potentialAction":[{"@type":"SearchAction","target":{"@type":"EntryPoint","urlTemplate":"https:\/\/www.visit-ulcinj.com\/blog\/?s={search_term_string}"},"query-input":"required name=search_term_string"}],"inLanguage":"en-US"},{"@type":"ImageObject","inLanguage":"en-US","@id":"https:\/\/www.visit-ulcinj.com\/blog\/2008\/01\/10\/kryporja-e-ulqinit-bajo-sekuliq-qe-disa-dite-vazhdon-te-mos-kete-energji-elektrike\/#primaryimage","url":"http:\/\/www.visit-ulcinj.com\/blog\/wp-content\/uploads\/2008\/01\/kryporja-e-ulqinit.thumbnail.jpg","contentUrl":"http:\/\/www.visit-ulcinj.com\/blog\/wp-content\/uploads\/2008\/01\/kryporja-e-ulqinit.thumbnail.jpg"},{"@type":"WebPage","@id":"https:\/\/www.visit-ulcinj.com\/blog\/2008\/01\/10\/kryporja-e-ulqinit-bajo-sekuliq-qe-disa-dite-vazhdon-te-mos-kete-energji-elektrike\/#webpage","url":"https:\/\/www.visit-ulcinj.com\/blog\/2008\/01\/10\/kryporja-e-ulqinit-bajo-sekuliq-qe-disa-dite-vazhdon-te-mos-kete-energji-elektrike\/","name":"Kryporja e Ulqinit \"Bajo Sekuliq\" q\u00eb disa dit\u00eb vazhdon t\u00eb mos ket\u00eb energji elektrike - Lajme nga Ulqini","isPartOf":{"@id":"https:\/\/www.visit-ulcinj.com\/blog\/#website"},"primaryImageOfPage":{"@id":"https:\/\/www.visit-ulcinj.com\/blog\/2008\/01\/10\/kryporja-e-ulqinit-bajo-sekuliq-qe-disa-dite-vazhdon-te-mos-kete-energji-elektrike\/#primaryimage"},"datePublished":"2008-01-10T18:56:16+00:00","dateModified":"2008-02-12T23:24:39+00:00","author":{"@id":"https:\/\/www.visit-ulcinj.com\/blog\/#\/schema\/person\/dcab619c614d3038751c63bc2aadc06d"},"breadcrumb":{"@id":"https:\/\/www.visit-ulcinj.com\/blog\/2008\/01\/10\/kryporja-e-ulqinit-bajo-sekuliq-qe-disa-dite-vazhdon-te-mos-kete-energji-elektrike\/#breadcrumb"},"inLanguage":"en-US","potentialAction":[{"@type":"ReadAction","target":["https:\/\/www.visit-ulcinj.com\/blog\/2008\/01\/10\/kryporja-e-ulqinit-bajo-sekuliq-qe-disa-dite-vazhdon-te-mos-kete-energji-elektrike\/"]}]},{"@type":"BreadcrumbList","@id":"https:\/\/www.visit-ulcinj.com\/blog\/2008\/01\/10\/kryporja-e-ulqinit-bajo-sekuliq-qe-disa-dite-vazhdon-te-mos-kete-energji-elektrike\/#breadcrumb","itemListElement":[{"@type":"ListItem","position":1,"name":"Kryporja e Ulqinit &#8220;Bajo Sekuliq&#8221; q\u00eb disa dit\u00eb vazhdon t\u00eb mos ket\u00eb energji elektrike"}]},{"@type":"Person","@id":"https:\/\/www.visit-ulcinj.com\/blog\/#\/schema\/person\/dcab619c614d3038751c63bc2aadc06d","name":"ulqini","sameAs":["http:\/\/www.visit-ulcinj.com"],"url":"https:\/\/www.visit-ulcinj.com\/blog\/author\/admin\/"}]}},"jetpack_featured_media_url":"","jetpack_sharing_enabled":true,"jetpack_shortlink":"https:\/\/wp.me\/pe6lTn-1U","_links":{"self":[{"href":"https:\/\/www.visit-ulcinj.com\/blog\/wp-json\/wp\/v2\/posts\/118"}],"collection":[{"href":"https:\/\/www.visit-ulcinj.com\/blog\/wp-json\/wp\/v2\/posts"}],"about":[{"href":"https:\/\/www.visit-ulcinj.com\/blog\/wp-json\/wp\/v2\/types\/post"}],"author":[{"embeddable":true,"href":"https:\/\/www.visit-ulcinj.com\/blog\/wp-json\/wp\/v2\/users\/1"}],"replies":[{"embeddable":true,"href":"https:\/\/www.visit-ulcinj.com\/blog\/wp-json\/wp\/v2\/comments?post=118"}],"version-history":[{"count":0,"href":"https:\/\/www.visit-ulcinj.com\/blog\/wp-json\/wp\/v2\/posts\/118\/revisions"}],"wp:attachment":[{"href":"https:\/\/www.visit-ulcinj.com\/blog\/wp-json\/wp\/v2\/media?parent=118"}],"wp:term":[{"taxonomy":"category","embeddable":true,"href":"https:\/\/www.visit-ulcinj.com\/blog\/wp-json\/wp\/v2\/categories?post=118"},{"taxonomy":"post_tag","embeddable":true,"href":"https:\/\/www.visit-ulcinj.com\/blog\/wp-json\/wp\/v2\/tags?post=118"}],"curies":[{"name":"wp","href":"https:\/\/api.w.org\/{rel}","templated":true}]}}