{"id":11809,"date":"2009-02-21T20:24:23","date_gmt":"2009-02-21T19:24:23","guid":{"rendered":"http:\/\/www.visit-ulcinj.com\/blog\/?p=11809"},"modified":"2009-02-21T20:24:23","modified_gmt":"2009-02-21T19:24:23","slug":"adelajda-agoni-me-acaron","status":"publish","type":"post","link":"https:\/\/www.visit-ulcinj.com\/blog\/2009\/02\/21\/adelajda-agoni-me-acaron\/","title":{"rendered":"Adelajda: Agoni m\u00eb acaron!"},"content":{"rendered":"<p><em><span class=\"newsdate\"><span style=\"font-style: normal;\"><a href=\"http:\/\/www.visit-ulcinj.com\/blog\/wp-content\/uploads\/2009\/02\/adelajda-per-agonin.jpg\"><img loading=\"lazy\" class=\"alignleft size-full wp-image-11810\" title=\"adelajda-per-agonin-big-brother-albania\" src=\"http:\/\/www.visit-ulcinj.com\/blog\/wp-content\/uploads\/2009\/02\/adelajda-per-agonin.jpg\" alt=\"adelajda-per-agonin-big-brother-albania\" width=\"300\" height=\"205\" \/><\/a><\/span>20\/02\/09 00:00<\/span><\/em><\/p>\n<p>Adelajda dhe Mimoza kan\u00eb diskutuar p\u00ebr Agonin. \u201cKy Agoni m\u00eb acaron! Eshte shume i ndyr\u00eb, e ke vene re, flet shume pis\u00ebt!\u201d \u2013 i ka th\u00ebn\u00eb Mimoz\u00ebs. M\u00eb pas ka vazhduar duke th\u00ebn\u00eb se Agoni b\u00ebn disa veprime q\u00eb nuk duhet t\u2019i b\u00ebj\u00eb, nuk ka fare respekt dhe se \u00ebsht\u00eb shum\u00eb ndryshe nga meshkujt e tjer\u00eb t\u00eb sht\u00ebpis\u00eb.<br \/>\nMimoza nga ana e saj i ka treguar Adelajdes se kur kishin qen\u00eb duke k\u00ebrcyer vals, ai i qe afruar shum\u00eb, aq sa ajo i kishte th\u00ebn\u00eb t\u00eb largohej.<br \/>\n\u201cAi nuk ka edukat\u00eb, &#8211; ka th\u00ebn\u00eb Adelajda kur aty ka ardhur edhe Qetsori, &#8211; ju t\u00eb tjer\u00ebt jeni t\u00eb gjith\u00eb t\u00eb edukuar\u201d. Ajo ka deklaruar se k\u00ebt\u00eb jav\u00eb \u201cnuk do ta simpatizonte\u201d, duke n\u00ebnkuptuar tjet\u00ebr gj\u00eb. M\u00eb pas aty ka ardhur Agoni dhe n\u00eb prani t\u00eb tij, por pa p\u00ebrmendur emra, Adelajda ka th\u00ebn\u00eb: \u201cUn\u00eb tipat q\u00eb flasin banalisht, q\u00eb b\u00ebjn\u00eb veprime apo pasthirrma banale, nuk i duroj dot dhe nuk i toleroj!\u201d<\/p>\n<p>Top Channel<\/p>\n","protected":false},"excerpt":{"rendered":"<p>20\/02\/09 00:00 Adelajda dhe Mimoza kan\u00eb diskutuar p\u00ebr Agonin. \u201cKy Agoni m\u00eb acaron! Eshte shume i ndyr\u00eb, e ke vene re, flet shume pis\u00ebt!\u201d \u2013 i ka th\u00ebn\u00eb Mimoz\u00ebs. M\u00eb pas ka vazhduar duke th\u00ebn\u00eb se Agoni b\u00ebn disa veprime q\u00eb nuk duhet t\u2019i b\u00ebj\u00eb, nuk ka fare respekt dhe se \u00ebsht\u00eb shum\u00eb ndryshe nga [&hellip;]<\/p>\n","protected":false},"author":1,"featured_media":0,"comment_status":"open","ping_status":"closed","sticky":false,"template":"","format":"standard","meta":{"spay_email":"","jetpack_publicize_message":"","jetpack_is_tweetstorm":false,"jetpack_publicize_feature_enabled":true},"categories":[6502],"tags":[6562,6551,6965,5057,6506,6891,6693,6887],"jetpack_publicize_connections":[],"yoast_head":"<!-- This site is optimized with the Yoast SEO plugin v19.1 - https:\/\/yoast.com\/wordpress\/plugins\/seo\/ -->\n<title>Adelajda: Agoni m\u00c3\u00ab acaron! - Big Brother Albania<\/title>\n<meta name=\"description\" content=\"Big Brother Albania - Adelajda dhe Mimoza kan\u00c3\u00ab diskutuar p\u00c3\u00abr Agonin. \u00e2\u20ac\u0153Ky Agoni m\u00c3\u00ab acaron! Eshte shume i ndyr\u00c3\u00ab, e ke vene re, flet shume pis\u00c3\u00abt!\" \/>\n<meta name=\"robots\" content=\"index, follow, max-snippet:-1, max-image-preview:large, max-video-preview:-1\" \/>\n<link rel=\"canonical\" href=\"https:\/\/www.visit-ulcinj.com\/blog\/2009\/02\/21\/adelajda-agoni-me-acaron\/\" \/>\n<meta property=\"og:locale\" content=\"en_US\" \/>\n<meta property=\"og:type\" content=\"article\" \/>\n<meta property=\"og:title\" content=\"Adelajda: Agoni m\u00c3\u00ab acaron! - Big Brother Albania\" \/>\n<meta property=\"og:description\" content=\"Big Brother Albania - Adelajda dhe Mimoza kan\u00c3\u00ab diskutuar p\u00c3\u00abr Agonin. \u00e2\u20ac\u0153Ky Agoni m\u00c3\u00ab acaron! Eshte shume i ndyr\u00c3\u00ab, e ke vene re, flet shume pis\u00c3\u00abt!\" \/>\n<meta property=\"og:url\" content=\"https:\/\/www.visit-ulcinj.com\/blog\/2009\/02\/21\/adelajda-agoni-me-acaron\/\" \/>\n<meta property=\"og:site_name\" content=\"Lajme nga Ulqini\" \/>\n<meta property=\"article:published_time\" content=\"2009-02-21T19:24:23+00:00\" \/>\n<meta property=\"og:image\" content=\"http:\/\/www.visit-ulcinj.com\/blog\/wp-content\/uploads\/2009\/02\/adelajda-per-agonin.jpg\" \/>\n<meta name=\"twitter:label1\" content=\"Written by\" \/>\n\t<meta name=\"twitter:data1\" content=\"ulqini\" \/>\n\t<meta name=\"twitter:label2\" content=\"Est. reading time\" \/>\n\t<meta name=\"twitter:data2\" content=\"1 minute\" \/>\n<script type=\"application\/ld+json\" class=\"yoast-schema-graph\">{\"@context\":\"https:\/\/schema.org\",\"@graph\":[{\"@type\":\"WebSite\",\"@id\":\"https:\/\/www.visit-ulcinj.com\/blog\/#website\",\"url\":\"https:\/\/www.visit-ulcinj.com\/blog\/\",\"name\":\"Lajme nga Ulqini\",\"description\":\"Lajme,Vijesti,Ulqini,Ulqin,Crna Gora,Mali i Zi\",\"potentialAction\":[{\"@type\":\"SearchAction\",\"target\":{\"@type\":\"EntryPoint\",\"urlTemplate\":\"https:\/\/www.visit-ulcinj.com\/blog\/?s={search_term_string}\"},\"query-input\":\"required name=search_term_string\"}],\"inLanguage\":\"en-US\"},{\"@type\":\"ImageObject\",\"inLanguage\":\"en-US\",\"@id\":\"https:\/\/www.visit-ulcinj.com\/blog\/2009\/02\/21\/adelajda-agoni-me-acaron\/#primaryimage\",\"url\":\"http:\/\/www.visit-ulcinj.com\/blog\/wp-content\/uploads\/2009\/02\/adelajda-per-agonin.jpg\",\"contentUrl\":\"http:\/\/www.visit-ulcinj.com\/blog\/wp-content\/uploads\/2009\/02\/adelajda-per-agonin.jpg\"},{\"@type\":\"WebPage\",\"@id\":\"https:\/\/www.visit-ulcinj.com\/blog\/2009\/02\/21\/adelajda-agoni-me-acaron\/#webpage\",\"url\":\"https:\/\/www.visit-ulcinj.com\/blog\/2009\/02\/21\/adelajda-agoni-me-acaron\/\",\"name\":\"Adelajda: Agoni m\u00c3\u00ab acaron! - Big Brother Albania\",\"isPartOf\":{\"@id\":\"https:\/\/www.visit-ulcinj.com\/blog\/#website\"},\"primaryImageOfPage\":{\"@id\":\"https:\/\/www.visit-ulcinj.com\/blog\/2009\/02\/21\/adelajda-agoni-me-acaron\/#primaryimage\"},\"datePublished\":\"2009-02-21T19:24:23+00:00\",\"dateModified\":\"2009-02-21T19:24:23+00:00\",\"author\":{\"@id\":\"https:\/\/www.visit-ulcinj.com\/blog\/#\/schema\/person\/dcab619c614d3038751c63bc2aadc06d\"},\"description\":\"Big Brother Albania - Adelajda dhe Mimoza kan\u00c3\u00ab diskutuar p\u00c3\u00abr Agonin. \u00e2\u20ac\u0153Ky Agoni m\u00c3\u00ab acaron! Eshte shume i ndyr\u00c3\u00ab, e ke vene re, flet shume pis\u00c3\u00abt!\",\"breadcrumb\":{\"@id\":\"https:\/\/www.visit-ulcinj.com\/blog\/2009\/02\/21\/adelajda-agoni-me-acaron\/#breadcrumb\"},\"inLanguage\":\"en-US\",\"potentialAction\":[{\"@type\":\"ReadAction\",\"target\":[\"https:\/\/www.visit-ulcinj.com\/blog\/2009\/02\/21\/adelajda-agoni-me-acaron\/\"]}]},{\"@type\":\"BreadcrumbList\",\"@id\":\"https:\/\/www.visit-ulcinj.com\/blog\/2009\/02\/21\/adelajda-agoni-me-acaron\/#breadcrumb\",\"itemListElement\":[{\"@type\":\"ListItem\",\"position\":1,\"name\":\"Adelajda: Agoni m\u00eb acaron!\"}]},{\"@type\":\"Person\",\"@id\":\"https:\/\/www.visit-ulcinj.com\/blog\/#\/schema\/person\/dcab619c614d3038751c63bc2aadc06d\",\"name\":\"ulqini\",\"sameAs\":[\"http:\/\/www.visit-ulcinj.com\"],\"url\":\"https:\/\/www.visit-ulcinj.com\/blog\/author\/admin\/\"}]}<\/script>\n<!-- \/ Yoast SEO plugin. -->","yoast_head_json":{"title":"Adelajda: Agoni m\u00c3\u00ab acaron! - Big Brother Albania","description":"Big Brother Albania - Adelajda dhe Mimoza kan\u00c3\u00ab diskutuar p\u00c3\u00abr Agonin. \u00e2\u20ac\u0153Ky Agoni m\u00c3\u00ab acaron! Eshte shume i ndyr\u00c3\u00ab, e ke vene re, flet shume pis\u00c3\u00abt!","robots":{"index":"index","follow":"follow","max-snippet":"max-snippet:-1","max-image-preview":"max-image-preview:large","max-video-preview":"max-video-preview:-1"},"canonical":"https:\/\/www.visit-ulcinj.com\/blog\/2009\/02\/21\/adelajda-agoni-me-acaron\/","og_locale":"en_US","og_type":"article","og_title":"Adelajda: Agoni m\u00c3\u00ab acaron! - Big Brother Albania","og_description":"Big Brother Albania - Adelajda dhe Mimoza kan\u00c3\u00ab diskutuar p\u00c3\u00abr Agonin. \u00e2\u20ac\u0153Ky Agoni m\u00c3\u00ab acaron! Eshte shume i ndyr\u00c3\u00ab, e ke vene re, flet shume pis\u00c3\u00abt!","og_url":"https:\/\/www.visit-ulcinj.com\/blog\/2009\/02\/21\/adelajda-agoni-me-acaron\/","og_site_name":"Lajme nga Ulqini","article_published_time":"2009-02-21T19:24:23+00:00","og_image":[{"url":"http:\/\/www.visit-ulcinj.com\/blog\/wp-content\/uploads\/2009\/02\/adelajda-per-agonin.jpg"}],"twitter_misc":{"Written by":"ulqini","Est. reading time":"1 minute"},"schema":{"@context":"https:\/\/schema.org","@graph":[{"@type":"WebSite","@id":"https:\/\/www.visit-ulcinj.com\/blog\/#website","url":"https:\/\/www.visit-ulcinj.com\/blog\/","name":"Lajme nga Ulqini","description":"Lajme,Vijesti,Ulqini,Ulqin,Crna Gora,Mali i Zi","potentialAction":[{"@type":"SearchAction","target":{"@type":"EntryPoint","urlTemplate":"https:\/\/www.visit-ulcinj.com\/blog\/?s={search_term_string}"},"query-input":"required name=search_term_string"}],"inLanguage":"en-US"},{"@type":"ImageObject","inLanguage":"en-US","@id":"https:\/\/www.visit-ulcinj.com\/blog\/2009\/02\/21\/adelajda-agoni-me-acaron\/#primaryimage","url":"http:\/\/www.visit-ulcinj.com\/blog\/wp-content\/uploads\/2009\/02\/adelajda-per-agonin.jpg","contentUrl":"http:\/\/www.visit-ulcinj.com\/blog\/wp-content\/uploads\/2009\/02\/adelajda-per-agonin.jpg"},{"@type":"WebPage","@id":"https:\/\/www.visit-ulcinj.com\/blog\/2009\/02\/21\/adelajda-agoni-me-acaron\/#webpage","url":"https:\/\/www.visit-ulcinj.com\/blog\/2009\/02\/21\/adelajda-agoni-me-acaron\/","name":"Adelajda: Agoni m\u00c3\u00ab acaron! - Big Brother Albania","isPartOf":{"@id":"https:\/\/www.visit-ulcinj.com\/blog\/#website"},"primaryImageOfPage":{"@id":"https:\/\/www.visit-ulcinj.com\/blog\/2009\/02\/21\/adelajda-agoni-me-acaron\/#primaryimage"},"datePublished":"2009-02-21T19:24:23+00:00","dateModified":"2009-02-21T19:24:23+00:00","author":{"@id":"https:\/\/www.visit-ulcinj.com\/blog\/#\/schema\/person\/dcab619c614d3038751c63bc2aadc06d"},"description":"Big Brother Albania - Adelajda dhe Mimoza kan\u00c3\u00ab diskutuar p\u00c3\u00abr Agonin. \u00e2\u20ac\u0153Ky Agoni m\u00c3\u00ab acaron! Eshte shume i ndyr\u00c3\u00ab, e ke vene re, flet shume pis\u00c3\u00abt!","breadcrumb":{"@id":"https:\/\/www.visit-ulcinj.com\/blog\/2009\/02\/21\/adelajda-agoni-me-acaron\/#breadcrumb"},"inLanguage":"en-US","potentialAction":[{"@type":"ReadAction","target":["https:\/\/www.visit-ulcinj.com\/blog\/2009\/02\/21\/adelajda-agoni-me-acaron\/"]}]},{"@type":"BreadcrumbList","@id":"https:\/\/www.visit-ulcinj.com\/blog\/2009\/02\/21\/adelajda-agoni-me-acaron\/#breadcrumb","itemListElement":[{"@type":"ListItem","position":1,"name":"Adelajda: Agoni m\u00eb acaron!"}]},{"@type":"Person","@id":"https:\/\/www.visit-ulcinj.com\/blog\/#\/schema\/person\/dcab619c614d3038751c63bc2aadc06d","name":"ulqini","sameAs":["http:\/\/www.visit-ulcinj.com"],"url":"https:\/\/www.visit-ulcinj.com\/blog\/author\/admin\/"}]}},"jetpack_featured_media_url":"","jetpack_sharing_enabled":true,"jetpack_shortlink":"https:\/\/wp.me\/pe6lTn-34t","_links":{"self":[{"href":"https:\/\/www.visit-ulcinj.com\/blog\/wp-json\/wp\/v2\/posts\/11809"}],"collection":[{"href":"https:\/\/www.visit-ulcinj.com\/blog\/wp-json\/wp\/v2\/posts"}],"about":[{"href":"https:\/\/www.visit-ulcinj.com\/blog\/wp-json\/wp\/v2\/types\/post"}],"author":[{"embeddable":true,"href":"https:\/\/www.visit-ulcinj.com\/blog\/wp-json\/wp\/v2\/users\/1"}],"replies":[{"embeddable":true,"href":"https:\/\/www.visit-ulcinj.com\/blog\/wp-json\/wp\/v2\/comments?post=11809"}],"version-history":[{"count":0,"href":"https:\/\/www.visit-ulcinj.com\/blog\/wp-json\/wp\/v2\/posts\/11809\/revisions"}],"wp:attachment":[{"href":"https:\/\/www.visit-ulcinj.com\/blog\/wp-json\/wp\/v2\/media?parent=11809"}],"wp:term":[{"taxonomy":"category","embeddable":true,"href":"https:\/\/www.visit-ulcinj.com\/blog\/wp-json\/wp\/v2\/categories?post=11809"},{"taxonomy":"post_tag","embeddable":true,"href":"https:\/\/www.visit-ulcinj.com\/blog\/wp-json\/wp\/v2\/tags?post=11809"}],"curies":[{"name":"wp","href":"https:\/\/api.w.org\/{rel}","templated":true}]}}