{"id":1181,"date":"2008-04-10T13:14:53","date_gmt":"2008-04-10T18:14:53","guid":{"rendered":"http:\/\/www.visit-ulcinj.com\/blog\/?p=1181"},"modified":"2008-04-10T13:14:53","modified_gmt":"2008-04-10T18:14:53","slug":"u-crnu-goru-od-ljeta-ogranicenja-za-unos-hrane","status":"publish","type":"post","link":"https:\/\/www.visit-ulcinj.com\/blog\/2008\/04\/10\/u-crnu-goru-od-ljeta-ogranicenja-za-unos-hrane\/","title":{"rendered":"U Crnu Goru od ljeta ograni?enja za unos hrane"},"content":{"rendered":"<p><a href=\"http:\/\/www.visit-ulcinj.com\/blog\/wp-content\/uploads\/2008\/04\/hrana.jpg\"><img loading=\"lazy\" class=\"alignleft size-thumbnail wp-image-1182\" style=\"float: left;\" title=\"hrana\" src=\"http:\/\/www.visit-ulcinj.com\/blog\/wp-content\/uploads\/2008\/04\/hrana-150x150.jpg\" alt=\"\" width=\"150\" height=\"150\" \/><\/a>PODGORICA &#8211; &#8220;U Njema?ku ili Hrvatsku ne mo\u017eete uneti pr\u0161ut ili vi\u0161e od dve fla\u0161e vina, jer ?ete platiti kaznu od 300 evra. Tako se vi\u0161e ni u Crnu Goru ne?e mo?i unositi hrana&#8221;, objasnio je ministar turizma Nenezi?.<br \/>\nOd ove ljetne sezone u Crnoj Gori po?inje primjena zakona o bezbjednosti hrane, na osnovu kojeg turisti vi\u0161e ne?e mo?i da unose hranu u ve?im koli?inama, \u0161to su neki ve? okarakterisali kao kraj &#8220;paradajz turizma&#8221;. Hrana koju su, shodno vi\u0161edecenijskoj navici, na ljetovanje u Crnu Goru turisti iz regiona donosili u punim torbama, od ove godine ?e biti oduzimana na granici, preneo je Radio slobodna Evropa. Prema re?ima ministra turizma Predraga Nenezi?a, zakon &#8211; koji je vlada usvojila sredinom februara &#8211; donijet je isklju?ivo zbog bezbjednosti zdravlja turista.<br \/>\n&#8220;U Njema?ku ili Hrvatsku ne mo\u017eete uneti pr\u0161ut ili vi\u0161e od dve fla\u0161e vina, jer ?ete platiti kaznu od 300 evra. Tako se vi\u0161e ni u Crnu Goru ne?e mo?i unositi hrana&#8221;, objasnio je Nenezi?.<br \/>\nJasno je, me?utim, da ?e ova mera, ukoliko se bude striktno sprovodila, imati i konkretne ekonomske efekte, navodi Slobodna Evropa, dodaju?i da je o?ita namjera dr\u017eave da kona?no raskrsti sa gostima koji su do sada masovno ljetovali u Crnoj Gori bez ikakvog u?e\u0161?a u vanpansionskoj, pa i pansionskoj potro\u0161nji.<br \/>\n&#8220;Crna Gora je u prethodnom periodu stekla lo\u0161 imid\u017e destinacije za masovni turizam&#8221;, ka\u017ee diretkor Hotela &#8220;Queen of Montenegro&#8221; u Be?i?ima Dragan Ivan?evi?, koji napominje da su se u tom mestu razvijala radni?ka odmarali\u0161ta, koja su zauzimala najbolje lokacije, formiraju?i model turizma koji nije zabilje\u017een nigdje u svetu.<br \/>\nDa zdravstveni aspekt novog zakona nije i jedini, potvrdila je za Slobodnu Evropu i sekretar ministarstva turizma \u017deljka Radak Kukavi?i?.<br \/>\nNavode?i da jedan od razloga za dono\u0161enje zakona jeste bezbjednost turista, odnosno smanjenje koli?ine hrane koju je unosila odre?ena kategorija gostiju i koja se nije adekvatno ?uvala, pa je u automobilima, na visokim temperaturama, mijenjala stanje i negativno uticala na zdravlje onih koji su je donijeli, ona je dodala da se istovremeno &#8220;smanjivala i potro\u0161nja tih gostiju, upravo za vrijednost koli?ine hrane koju su donijeli&#8221;.<br \/>\nKukavi?i? ka\u017ee da je u toku priprema uredbi kojima ?e se precizno definisati koli?ine hrane koje ?e biti dozvoljene za unos u Crnu Goru i procedura kontrole na grani?nim prelazima koju ?e sprovoditi sanitarna i veterinarska inspekcija.<\/p>\n<p><strong>seebiz<\/strong><\/p>\n","protected":false},"excerpt":{"rendered":"<p><img loading=\"lazy\" class=\"alignleft size-thumbnail wp-image-1182\" style=\"float: left;\" title=\"hrana\" src=\"http:\/\/www.visit-ulcinj.com\/blog\/wp-content\/uploads\/2008\/04\/hrana-150x150.jpg\" alt=\"\" width=\"140\" height=\"140\" \/><\/p>\n","protected":false},"author":1,"featured_media":0,"comment_status":"open","ping_status":"closed","sticky":false,"template":"","format":"standard","meta":{"spay_email":"","jetpack_publicize_message":"","jetpack_is_tweetstorm":false,"jetpack_publicize_feature_enabled":true},"categories":[1,15],"tags":[20,1398,2174,2448,2449],"jetpack_publicize_connections":[],"yoast_head":"<!-- This site is optimized with the Yoast SEO plugin v19.1 - https:\/\/yoast.com\/wordpress\/plugins\/seo\/ -->\n<title>U Crnu Goru od ljeta ograni?enja za unos hrane - Lajme nga Ulqini<\/title>\n<meta name=\"robots\" content=\"index, follow, max-snippet:-1, max-image-preview:large, max-video-preview:-1\" \/>\n<link rel=\"canonical\" href=\"https:\/\/www.visit-ulcinj.com\/blog\/2008\/04\/10\/u-crnu-goru-od-ljeta-ogranicenja-za-unos-hrane\/\" \/>\n<meta property=\"og:locale\" content=\"en_US\" \/>\n<meta property=\"og:type\" content=\"article\" \/>\n<meta property=\"og:title\" content=\"U Crnu Goru od ljeta ograni?enja za unos hrane - Lajme nga Ulqini\" \/>\n<meta property=\"og:url\" content=\"https:\/\/www.visit-ulcinj.com\/blog\/2008\/04\/10\/u-crnu-goru-od-ljeta-ogranicenja-za-unos-hrane\/\" \/>\n<meta property=\"og:site_name\" content=\"Lajme nga Ulqini\" \/>\n<meta property=\"article:published_time\" content=\"2008-04-10T18:14:53+00:00\" \/>\n<meta property=\"og:image\" content=\"http:\/\/www.visit-ulcinj.com\/blog\/wp-content\/uploads\/2008\/04\/hrana-150x150.jpg\" \/>\n<meta name=\"twitter:label1\" content=\"Written by\" \/>\n\t<meta name=\"twitter:data1\" content=\"ulqini\" \/>\n\t<meta name=\"twitter:label2\" content=\"Est. reading time\" \/>\n\t<meta name=\"twitter:data2\" content=\"2 minutes\" \/>\n<script type=\"application\/ld+json\" class=\"yoast-schema-graph\">{\"@context\":\"https:\/\/schema.org\",\"@graph\":[{\"@type\":\"WebSite\",\"@id\":\"https:\/\/www.visit-ulcinj.com\/blog\/#website\",\"url\":\"https:\/\/www.visit-ulcinj.com\/blog\/\",\"name\":\"Lajme nga Ulqini\",\"description\":\"Lajme,Vijesti,Ulqini,Ulqin,Crna Gora,Mali i Zi\",\"potentialAction\":[{\"@type\":\"SearchAction\",\"target\":{\"@type\":\"EntryPoint\",\"urlTemplate\":\"https:\/\/www.visit-ulcinj.com\/blog\/?s={search_term_string}\"},\"query-input\":\"required name=search_term_string\"}],\"inLanguage\":\"en-US\"},{\"@type\":\"ImageObject\",\"inLanguage\":\"en-US\",\"@id\":\"https:\/\/www.visit-ulcinj.com\/blog\/2008\/04\/10\/u-crnu-goru-od-ljeta-ogranicenja-za-unos-hrane\/#primaryimage\",\"url\":\"http:\/\/www.visit-ulcinj.com\/blog\/wp-content\/uploads\/2008\/04\/hrana-150x150.jpg\",\"contentUrl\":\"http:\/\/www.visit-ulcinj.com\/blog\/wp-content\/uploads\/2008\/04\/hrana-150x150.jpg\"},{\"@type\":\"WebPage\",\"@id\":\"https:\/\/www.visit-ulcinj.com\/blog\/2008\/04\/10\/u-crnu-goru-od-ljeta-ogranicenja-za-unos-hrane\/#webpage\",\"url\":\"https:\/\/www.visit-ulcinj.com\/blog\/2008\/04\/10\/u-crnu-goru-od-ljeta-ogranicenja-za-unos-hrane\/\",\"name\":\"U Crnu Goru od ljeta ograni?enja za unos hrane - Lajme nga Ulqini\",\"isPartOf\":{\"@id\":\"https:\/\/www.visit-ulcinj.com\/blog\/#website\"},\"primaryImageOfPage\":{\"@id\":\"https:\/\/www.visit-ulcinj.com\/blog\/2008\/04\/10\/u-crnu-goru-od-ljeta-ogranicenja-za-unos-hrane\/#primaryimage\"},\"datePublished\":\"2008-04-10T18:14:53+00:00\",\"dateModified\":\"2008-04-10T18:14:53+00:00\",\"author\":{\"@id\":\"https:\/\/www.visit-ulcinj.com\/blog\/#\/schema\/person\/dcab619c614d3038751c63bc2aadc06d\"},\"breadcrumb\":{\"@id\":\"https:\/\/www.visit-ulcinj.com\/blog\/2008\/04\/10\/u-crnu-goru-od-ljeta-ogranicenja-za-unos-hrane\/#breadcrumb\"},\"inLanguage\":\"en-US\",\"potentialAction\":[{\"@type\":\"ReadAction\",\"target\":[\"https:\/\/www.visit-ulcinj.com\/blog\/2008\/04\/10\/u-crnu-goru-od-ljeta-ogranicenja-za-unos-hrane\/\"]}]},{\"@type\":\"BreadcrumbList\",\"@id\":\"https:\/\/www.visit-ulcinj.com\/blog\/2008\/04\/10\/u-crnu-goru-od-ljeta-ogranicenja-za-unos-hrane\/#breadcrumb\",\"itemListElement\":[{\"@type\":\"ListItem\",\"position\":1,\"name\":\"U Crnu Goru od ljeta ograni?enja za unos hrane\"}]},{\"@type\":\"Person\",\"@id\":\"https:\/\/www.visit-ulcinj.com\/blog\/#\/schema\/person\/dcab619c614d3038751c63bc2aadc06d\",\"name\":\"ulqini\",\"sameAs\":[\"http:\/\/www.visit-ulcinj.com\"],\"url\":\"https:\/\/www.visit-ulcinj.com\/blog\/author\/admin\/\"}]}<\/script>\n<!-- \/ Yoast SEO plugin. -->","yoast_head_json":{"title":"U Crnu Goru od ljeta ograni?enja za unos hrane - Lajme nga Ulqini","robots":{"index":"index","follow":"follow","max-snippet":"max-snippet:-1","max-image-preview":"max-image-preview:large","max-video-preview":"max-video-preview:-1"},"canonical":"https:\/\/www.visit-ulcinj.com\/blog\/2008\/04\/10\/u-crnu-goru-od-ljeta-ogranicenja-za-unos-hrane\/","og_locale":"en_US","og_type":"article","og_title":"U Crnu Goru od ljeta ograni?enja za unos hrane - Lajme nga Ulqini","og_url":"https:\/\/www.visit-ulcinj.com\/blog\/2008\/04\/10\/u-crnu-goru-od-ljeta-ogranicenja-za-unos-hrane\/","og_site_name":"Lajme nga Ulqini","article_published_time":"2008-04-10T18:14:53+00:00","og_image":[{"url":"http:\/\/www.visit-ulcinj.com\/blog\/wp-content\/uploads\/2008\/04\/hrana-150x150.jpg"}],"twitter_misc":{"Written by":"ulqini","Est. reading time":"2 minutes"},"schema":{"@context":"https:\/\/schema.org","@graph":[{"@type":"WebSite","@id":"https:\/\/www.visit-ulcinj.com\/blog\/#website","url":"https:\/\/www.visit-ulcinj.com\/blog\/","name":"Lajme nga Ulqini","description":"Lajme,Vijesti,Ulqini,Ulqin,Crna Gora,Mali i Zi","potentialAction":[{"@type":"SearchAction","target":{"@type":"EntryPoint","urlTemplate":"https:\/\/www.visit-ulcinj.com\/blog\/?s={search_term_string}"},"query-input":"required name=search_term_string"}],"inLanguage":"en-US"},{"@type":"ImageObject","inLanguage":"en-US","@id":"https:\/\/www.visit-ulcinj.com\/blog\/2008\/04\/10\/u-crnu-goru-od-ljeta-ogranicenja-za-unos-hrane\/#primaryimage","url":"http:\/\/www.visit-ulcinj.com\/blog\/wp-content\/uploads\/2008\/04\/hrana-150x150.jpg","contentUrl":"http:\/\/www.visit-ulcinj.com\/blog\/wp-content\/uploads\/2008\/04\/hrana-150x150.jpg"},{"@type":"WebPage","@id":"https:\/\/www.visit-ulcinj.com\/blog\/2008\/04\/10\/u-crnu-goru-od-ljeta-ogranicenja-za-unos-hrane\/#webpage","url":"https:\/\/www.visit-ulcinj.com\/blog\/2008\/04\/10\/u-crnu-goru-od-ljeta-ogranicenja-za-unos-hrane\/","name":"U Crnu Goru od ljeta ograni?enja za unos hrane - Lajme nga Ulqini","isPartOf":{"@id":"https:\/\/www.visit-ulcinj.com\/blog\/#website"},"primaryImageOfPage":{"@id":"https:\/\/www.visit-ulcinj.com\/blog\/2008\/04\/10\/u-crnu-goru-od-ljeta-ogranicenja-za-unos-hrane\/#primaryimage"},"datePublished":"2008-04-10T18:14:53+00:00","dateModified":"2008-04-10T18:14:53+00:00","author":{"@id":"https:\/\/www.visit-ulcinj.com\/blog\/#\/schema\/person\/dcab619c614d3038751c63bc2aadc06d"},"breadcrumb":{"@id":"https:\/\/www.visit-ulcinj.com\/blog\/2008\/04\/10\/u-crnu-goru-od-ljeta-ogranicenja-za-unos-hrane\/#breadcrumb"},"inLanguage":"en-US","potentialAction":[{"@type":"ReadAction","target":["https:\/\/www.visit-ulcinj.com\/blog\/2008\/04\/10\/u-crnu-goru-od-ljeta-ogranicenja-za-unos-hrane\/"]}]},{"@type":"BreadcrumbList","@id":"https:\/\/www.visit-ulcinj.com\/blog\/2008\/04\/10\/u-crnu-goru-od-ljeta-ogranicenja-za-unos-hrane\/#breadcrumb","itemListElement":[{"@type":"ListItem","position":1,"name":"U Crnu Goru od ljeta ograni?enja za unos hrane"}]},{"@type":"Person","@id":"https:\/\/www.visit-ulcinj.com\/blog\/#\/schema\/person\/dcab619c614d3038751c63bc2aadc06d","name":"ulqini","sameAs":["http:\/\/www.visit-ulcinj.com"],"url":"https:\/\/www.visit-ulcinj.com\/blog\/author\/admin\/"}]}},"jetpack_featured_media_url":"","jetpack_sharing_enabled":true,"jetpack_shortlink":"https:\/\/wp.me\/pe6lTn-j3","_links":{"self":[{"href":"https:\/\/www.visit-ulcinj.com\/blog\/wp-json\/wp\/v2\/posts\/1181"}],"collection":[{"href":"https:\/\/www.visit-ulcinj.com\/blog\/wp-json\/wp\/v2\/posts"}],"about":[{"href":"https:\/\/www.visit-ulcinj.com\/blog\/wp-json\/wp\/v2\/types\/post"}],"author":[{"embeddable":true,"href":"https:\/\/www.visit-ulcinj.com\/blog\/wp-json\/wp\/v2\/users\/1"}],"replies":[{"embeddable":true,"href":"https:\/\/www.visit-ulcinj.com\/blog\/wp-json\/wp\/v2\/comments?post=1181"}],"version-history":[{"count":0,"href":"https:\/\/www.visit-ulcinj.com\/blog\/wp-json\/wp\/v2\/posts\/1181\/revisions"}],"wp:attachment":[{"href":"https:\/\/www.visit-ulcinj.com\/blog\/wp-json\/wp\/v2\/media?parent=1181"}],"wp:term":[{"taxonomy":"category","embeddable":true,"href":"https:\/\/www.visit-ulcinj.com\/blog\/wp-json\/wp\/v2\/categories?post=1181"},{"taxonomy":"post_tag","embeddable":true,"href":"https:\/\/www.visit-ulcinj.com\/blog\/wp-json\/wp\/v2\/tags?post=1181"}],"curies":[{"name":"wp","href":"https:\/\/api.w.org\/{rel}","templated":true}]}}