{"id":1183,"date":"2008-04-10T13:38:25","date_gmt":"2008-04-10T18:38:25","guid":{"rendered":"http:\/\/www.visit-ulcinj.com\/blog\/?p=1183"},"modified":"2008-04-10T13:38:25","modified_gmt":"2008-04-10T18:38:25","slug":"u-mbajt-turneu-i-ix-nderkombetar-i-karatese-%e2%80%9culqini-open-2008%e2%80%9d","status":"publish","type":"post","link":"https:\/\/www.visit-ulcinj.com\/blog\/2008\/04\/10\/u-mbajt-turneu-i-ix-nderkombetar-i-karatese-%e2%80%9culqini-open-2008%e2%80%9d\/","title":{"rendered":"U mbajt turneu i IX Nd\u00ebrkomb\u00ebtar i Karates\u00eb \u201cUlqini Open 2008\u201d"},"content":{"rendered":"<p><a href=\"http:\/\/www.visit-ulcinj.com\/blog\/wp-content\/uploads\/2008\/04\/ulqini-open2008.jpg\"><img loading=\"lazy\" class=\"alignleft size-thumbnail wp-image-1184\" style=\"float: left;\" title=\"ulqini-open2008\" src=\"http:\/\/www.visit-ulcinj.com\/blog\/wp-content\/uploads\/2008\/04\/ulqini-open2008-150x150.jpg\" alt=\"ulqini open 2008\" width=\"150\" height=\"150\" \/><\/a>M\u00eb 5 prill 2008 n\u00eb Ulqin u mbajt Turneu i IX nd\u00ebrkomb\u00ebtar i karates\u00eb \u201cUlqini open 2008\u201d. N\u00eb k\u00ebt\u00eb turne, i cili tashm\u00eb u b\u00eb tradicional dhe u organizua me rastin e Dit\u00ebs s\u00eb Ulqinit mor\u00ebn pjes\u00eb 38 klube t\u00eb karates\u00eb nga Kosova, Shqip\u00ebria, Maqedonia, Bosna, Kroacia, Serbia dhe klubet vendase t\u00eb Malit t\u00eb Zi me gjithsej 830 garues. Po ashtu i pranish\u00ebm ishte edhe z. Nezir Rama, kryetar i Federat\u00ebs s\u00eb Karates\u00eb s\u00eb Kosov\u00ebs.<br \/>\nOrganizator\u00eb t\u00eb k\u00ebtij turneu ishin Klubet e Karates\u00eb \u201cUlqini\u201d dhe \u201cAlbulena\u201d n\u00eb bashk\u00ebpunim me Komun\u00ebn e Ulqinit dhe Federat\u00ebn e Karates\u00eb s\u00eb Malit t\u00eb Zi.<br \/>\nT\u00eb gjith\u00eb klubet mor\u00ebn pjes\u00eb me garues t\u00eb njohur, \u00e7ka b\u00ebri q\u00eb  konkurrenca t\u00eb jet\u00eb shum\u00eb e fort\u00eb. M\u00eb t\u00eb mir\u00ebt e turneut ishin klubet e karates\u00eb \u201cUlqini\u201d dhe \u201cAlbulena\u201d, t\u00eb cil\u00ebt grumbulluan 198 pik\u00eb, mir\u00ebpo ata si organizator\u00eb q\u00eb m\u00eb par\u00eb kishin sjell\u00eb vendimin q\u00eb t\u00eb mos konkurrojn\u00eb p\u00ebr shp\u00ebrblimet e plasmanit gjeneral dhe k\u00ebt\u00eb mund\u00ebsi ta ken\u00eb klubet mysafire.<br \/>\nN\u00eb plasmanin gjeneral tre klubet m\u00eb t\u00eb mira u shp\u00ebrblyen me kupa dhe me t\u00eb holla dhe k\u00ebta ishin:<br \/>\n1.vendi i par\u00eb i takoi K. K. \u201cBuduqnost\u201d nga Podgorica me 184 pik\u00eb,<\/p>\n<p>2.vendi i dyt\u00eb K. K. \u201cGorshtak\u201d nga Kollashini me 82 pik\u00eb dhe<\/p>\n<p>3. K. K. \u201cDardania\u201d nga Gjilani u rendit n\u00eb vendin e tret\u00eb me 62 pik\u00eb.<br \/>\nPoashtu u shpall edhe garuesja m\u00eb e mir\u00eb e turneut, e cila ishte Sllagjana Rajkoviq e klubit t\u00eb karates\u00eb \u201cGorshtak\u201d nga Kollashini, nd\u00ebrsa garuesi m\u00eb i mir\u00eb ishte Liridon Fejzullahu i klubit t\u00eb karates\u00eb \u201cDardania\u201d nga Gjilani.<br \/>\nN\u00eb kategorin\u00eb open t\u00eb grupmosh\u00ebs 1991\/1992 punuan shum garues t\u00eb njohur, t\u00eb cil\u00ebt u shp\u00ebrblyen me kupa dhe me t\u00eb holla. N\u00eb k\u00ebt\u00eb kategori vendi i par\u00eb i takoi garuesit Danillo Llu\u00e7iq  i K.K.\u201dOnogosht\u201d nga Nikshiqi, vendi i dyt\u00eb Viktor Curoviq i K. K. \u201cUlqini Dhe Albulena\u201d dhe dy vendet e treta i takuan garuesve Liridon Elezoviq i K. K. \u201cUlqini Dhe Albulena\u201d dhe Fatmir Bunjaku i K. K.  \u201cDardania\u201d nga Gjilani.<br \/>\nN\u00eb kategorin\u00eb open e grupmosh\u00ebs 1990 e m\u00eb t\u00eb vjet\u00ebr renditja ishte si vijon: vendi i par\u00eb &#8211; Jasmin Hot i K. K. \u201cUlqini Dhe Albulena\u201d, vendi i dyt\u00eb &#8211; Kreshnik Tahiri i K. K. \u201cUlqini Dhe Albulena\u201d nd\u00ebrsa n\u00eb dy vende t\u00eb treta u rendit\u00ebn: Simo Llu\u00e7iq  i K. K.\u201dOnogosht\u201d nga Nikshiqi dhe Q\u00ebndrim Shaqiri i K. K. \u201cSharri\u201d nga Ferizaji.<\/p>\n","protected":false},"excerpt":{"rendered":"<p><img loading=\"lazy\" class=\"alignleft size-thumbnail wp-image-1184\" style=\"float: left;\" title=\"ulqini-open2008\" src=\"http:\/\/www.visit-ulcinj.com\/blog\/wp-content\/uploads\/2008\/04\/ulqini-open2008-150x150.jpg\" alt=\"ulqini open 2008\" width=\"140\" height=\"140\" \/><\/p>\n","protected":false},"author":1,"featured_media":0,"comment_status":"open","ping_status":"closed","sticky":false,"template":"","format":"standard","meta":{"spay_email":"","jetpack_publicize_message":"","jetpack_is_tweetstorm":false,"jetpack_publicize_feature_enabled":true},"categories":[3],"tags":[],"jetpack_publicize_connections":[],"yoast_head":"<!-- This site is optimized with the Yoast SEO plugin v19.1 - https:\/\/yoast.com\/wordpress\/plugins\/seo\/ -->\n<title>U mbajt turneu i IX Nd\u00ebrkomb\u00ebtar i Karates\u00eb \u201cUlqini Open 2008\u201d - Lajme nga Ulqini<\/title>\n<meta name=\"robots\" content=\"index, follow, max-snippet:-1, max-image-preview:large, max-video-preview:-1\" \/>\n<link rel=\"canonical\" href=\"https:\/\/www.visit-ulcinj.com\/blog\/2008\/04\/10\/u-mbajt-turneu-i-ix-nderkombetar-i-karatese-\u201culqini-open-2008\u201d\/\" \/>\n<meta property=\"og:locale\" content=\"en_US\" \/>\n<meta property=\"og:type\" content=\"article\" \/>\n<meta property=\"og:title\" content=\"U mbajt turneu i IX Nd\u00ebrkomb\u00ebtar i Karates\u00eb \u201cUlqini Open 2008\u201d - Lajme nga Ulqini\" \/>\n<meta property=\"og:url\" content=\"https:\/\/www.visit-ulcinj.com\/blog\/2008\/04\/10\/u-mbajt-turneu-i-ix-nderkombetar-i-karatese-\u201culqini-open-2008\u201d\/\" \/>\n<meta property=\"og:site_name\" content=\"Lajme nga Ulqini\" \/>\n<meta property=\"article:published_time\" content=\"2008-04-10T18:38:25+00:00\" \/>\n<meta property=\"og:image\" content=\"http:\/\/www.visit-ulcinj.com\/blog\/wp-content\/uploads\/2008\/04\/ulqini-open2008-150x150.jpg\" \/>\n<meta name=\"twitter:label1\" content=\"Written by\" \/>\n\t<meta name=\"twitter:data1\" content=\"ulqini\" \/>\n\t<meta name=\"twitter:label2\" content=\"Est. reading time\" \/>\n\t<meta name=\"twitter:data2\" content=\"2 minutes\" \/>\n<script type=\"application\/ld+json\" class=\"yoast-schema-graph\">{\"@context\":\"https:\/\/schema.org\",\"@graph\":[{\"@type\":\"WebSite\",\"@id\":\"https:\/\/www.visit-ulcinj.com\/blog\/#website\",\"url\":\"https:\/\/www.visit-ulcinj.com\/blog\/\",\"name\":\"Lajme nga Ulqini\",\"description\":\"Lajme,Vijesti,Ulqini,Ulqin,Crna Gora,Mali i Zi\",\"potentialAction\":[{\"@type\":\"SearchAction\",\"target\":{\"@type\":\"EntryPoint\",\"urlTemplate\":\"https:\/\/www.visit-ulcinj.com\/blog\/?s={search_term_string}\"},\"query-input\":\"required name=search_term_string\"}],\"inLanguage\":\"en-US\"},{\"@type\":\"ImageObject\",\"inLanguage\":\"en-US\",\"@id\":\"https:\/\/www.visit-ulcinj.com\/blog\/2008\/04\/10\/u-mbajt-turneu-i-ix-nderkombetar-i-karatese-%e2%80%9culqini-open-2008%e2%80%9d\/#primaryimage\",\"url\":\"http:\/\/www.visit-ulcinj.com\/blog\/wp-content\/uploads\/2008\/04\/ulqini-open2008-150x150.jpg\",\"contentUrl\":\"http:\/\/www.visit-ulcinj.com\/blog\/wp-content\/uploads\/2008\/04\/ulqini-open2008-150x150.jpg\"},{\"@type\":\"WebPage\",\"@id\":\"https:\/\/www.visit-ulcinj.com\/blog\/2008\/04\/10\/u-mbajt-turneu-i-ix-nderkombetar-i-karatese-%e2%80%9culqini-open-2008%e2%80%9d\/#webpage\",\"url\":\"https:\/\/www.visit-ulcinj.com\/blog\/2008\/04\/10\/u-mbajt-turneu-i-ix-nderkombetar-i-karatese-%e2%80%9culqini-open-2008%e2%80%9d\/\",\"name\":\"U mbajt turneu i IX Nd\u00ebrkomb\u00ebtar i Karates\u00eb \u201cUlqini Open 2008\u201d - Lajme nga Ulqini\",\"isPartOf\":{\"@id\":\"https:\/\/www.visit-ulcinj.com\/blog\/#website\"},\"primaryImageOfPage\":{\"@id\":\"https:\/\/www.visit-ulcinj.com\/blog\/2008\/04\/10\/u-mbajt-turneu-i-ix-nderkombetar-i-karatese-%e2%80%9culqini-open-2008%e2%80%9d\/#primaryimage\"},\"datePublished\":\"2008-04-10T18:38:25+00:00\",\"dateModified\":\"2008-04-10T18:38:25+00:00\",\"author\":{\"@id\":\"https:\/\/www.visit-ulcinj.com\/blog\/#\/schema\/person\/dcab619c614d3038751c63bc2aadc06d\"},\"breadcrumb\":{\"@id\":\"https:\/\/www.visit-ulcinj.com\/blog\/2008\/04\/10\/u-mbajt-turneu-i-ix-nderkombetar-i-karatese-%e2%80%9culqini-open-2008%e2%80%9d\/#breadcrumb\"},\"inLanguage\":\"en-US\",\"potentialAction\":[{\"@type\":\"ReadAction\",\"target\":[\"https:\/\/www.visit-ulcinj.com\/blog\/2008\/04\/10\/u-mbajt-turneu-i-ix-nderkombetar-i-karatese-%e2%80%9culqini-open-2008%e2%80%9d\/\"]}]},{\"@type\":\"BreadcrumbList\",\"@id\":\"https:\/\/www.visit-ulcinj.com\/blog\/2008\/04\/10\/u-mbajt-turneu-i-ix-nderkombetar-i-karatese-%e2%80%9culqini-open-2008%e2%80%9d\/#breadcrumb\",\"itemListElement\":[{\"@type\":\"ListItem\",\"position\":1,\"name\":\"U mbajt turneu i IX Nd\u00ebrkomb\u00ebtar i Karates\u00eb \u201cUlqini Open 2008\u201d\"}]},{\"@type\":\"Person\",\"@id\":\"https:\/\/www.visit-ulcinj.com\/blog\/#\/schema\/person\/dcab619c614d3038751c63bc2aadc06d\",\"name\":\"ulqini\",\"sameAs\":[\"http:\/\/www.visit-ulcinj.com\"],\"url\":\"https:\/\/www.visit-ulcinj.com\/blog\/author\/admin\/\"}]}<\/script>\n<!-- \/ Yoast SEO plugin. -->","yoast_head_json":{"title":"U mbajt turneu i IX Nd\u00ebrkomb\u00ebtar i Karates\u00eb \u201cUlqini Open 2008\u201d - Lajme nga Ulqini","robots":{"index":"index","follow":"follow","max-snippet":"max-snippet:-1","max-image-preview":"max-image-preview:large","max-video-preview":"max-video-preview:-1"},"canonical":"https:\/\/www.visit-ulcinj.com\/blog\/2008\/04\/10\/u-mbajt-turneu-i-ix-nderkombetar-i-karatese-\u201culqini-open-2008\u201d\/","og_locale":"en_US","og_type":"article","og_title":"U mbajt turneu i IX Nd\u00ebrkomb\u00ebtar i Karates\u00eb \u201cUlqini Open 2008\u201d - Lajme nga Ulqini","og_url":"https:\/\/www.visit-ulcinj.com\/blog\/2008\/04\/10\/u-mbajt-turneu-i-ix-nderkombetar-i-karatese-\u201culqini-open-2008\u201d\/","og_site_name":"Lajme nga Ulqini","article_published_time":"2008-04-10T18:38:25+00:00","og_image":[{"url":"http:\/\/www.visit-ulcinj.com\/blog\/wp-content\/uploads\/2008\/04\/ulqini-open2008-150x150.jpg"}],"twitter_misc":{"Written by":"ulqini","Est. reading time":"2 minutes"},"schema":{"@context":"https:\/\/schema.org","@graph":[{"@type":"WebSite","@id":"https:\/\/www.visit-ulcinj.com\/blog\/#website","url":"https:\/\/www.visit-ulcinj.com\/blog\/","name":"Lajme nga Ulqini","description":"Lajme,Vijesti,Ulqini,Ulqin,Crna Gora,Mali i Zi","potentialAction":[{"@type":"SearchAction","target":{"@type":"EntryPoint","urlTemplate":"https:\/\/www.visit-ulcinj.com\/blog\/?s={search_term_string}"},"query-input":"required name=search_term_string"}],"inLanguage":"en-US"},{"@type":"ImageObject","inLanguage":"en-US","@id":"https:\/\/www.visit-ulcinj.com\/blog\/2008\/04\/10\/u-mbajt-turneu-i-ix-nderkombetar-i-karatese-%e2%80%9culqini-open-2008%e2%80%9d\/#primaryimage","url":"http:\/\/www.visit-ulcinj.com\/blog\/wp-content\/uploads\/2008\/04\/ulqini-open2008-150x150.jpg","contentUrl":"http:\/\/www.visit-ulcinj.com\/blog\/wp-content\/uploads\/2008\/04\/ulqini-open2008-150x150.jpg"},{"@type":"WebPage","@id":"https:\/\/www.visit-ulcinj.com\/blog\/2008\/04\/10\/u-mbajt-turneu-i-ix-nderkombetar-i-karatese-%e2%80%9culqini-open-2008%e2%80%9d\/#webpage","url":"https:\/\/www.visit-ulcinj.com\/blog\/2008\/04\/10\/u-mbajt-turneu-i-ix-nderkombetar-i-karatese-%e2%80%9culqini-open-2008%e2%80%9d\/","name":"U mbajt turneu i IX Nd\u00ebrkomb\u00ebtar i Karates\u00eb \u201cUlqini Open 2008\u201d - Lajme nga Ulqini","isPartOf":{"@id":"https:\/\/www.visit-ulcinj.com\/blog\/#website"},"primaryImageOfPage":{"@id":"https:\/\/www.visit-ulcinj.com\/blog\/2008\/04\/10\/u-mbajt-turneu-i-ix-nderkombetar-i-karatese-%e2%80%9culqini-open-2008%e2%80%9d\/#primaryimage"},"datePublished":"2008-04-10T18:38:25+00:00","dateModified":"2008-04-10T18:38:25+00:00","author":{"@id":"https:\/\/www.visit-ulcinj.com\/blog\/#\/schema\/person\/dcab619c614d3038751c63bc2aadc06d"},"breadcrumb":{"@id":"https:\/\/www.visit-ulcinj.com\/blog\/2008\/04\/10\/u-mbajt-turneu-i-ix-nderkombetar-i-karatese-%e2%80%9culqini-open-2008%e2%80%9d\/#breadcrumb"},"inLanguage":"en-US","potentialAction":[{"@type":"ReadAction","target":["https:\/\/www.visit-ulcinj.com\/blog\/2008\/04\/10\/u-mbajt-turneu-i-ix-nderkombetar-i-karatese-%e2%80%9culqini-open-2008%e2%80%9d\/"]}]},{"@type":"BreadcrumbList","@id":"https:\/\/www.visit-ulcinj.com\/blog\/2008\/04\/10\/u-mbajt-turneu-i-ix-nderkombetar-i-karatese-%e2%80%9culqini-open-2008%e2%80%9d\/#breadcrumb","itemListElement":[{"@type":"ListItem","position":1,"name":"U mbajt turneu i IX Nd\u00ebrkomb\u00ebtar i Karates\u00eb \u201cUlqini Open 2008\u201d"}]},{"@type":"Person","@id":"https:\/\/www.visit-ulcinj.com\/blog\/#\/schema\/person\/dcab619c614d3038751c63bc2aadc06d","name":"ulqini","sameAs":["http:\/\/www.visit-ulcinj.com"],"url":"https:\/\/www.visit-ulcinj.com\/blog\/author\/admin\/"}]}},"jetpack_featured_media_url":"","jetpack_sharing_enabled":true,"jetpack_shortlink":"https:\/\/wp.me\/pe6lTn-j5","_links":{"self":[{"href":"https:\/\/www.visit-ulcinj.com\/blog\/wp-json\/wp\/v2\/posts\/1183"}],"collection":[{"href":"https:\/\/www.visit-ulcinj.com\/blog\/wp-json\/wp\/v2\/posts"}],"about":[{"href":"https:\/\/www.visit-ulcinj.com\/blog\/wp-json\/wp\/v2\/types\/post"}],"author":[{"embeddable":true,"href":"https:\/\/www.visit-ulcinj.com\/blog\/wp-json\/wp\/v2\/users\/1"}],"replies":[{"embeddable":true,"href":"https:\/\/www.visit-ulcinj.com\/blog\/wp-json\/wp\/v2\/comments?post=1183"}],"version-history":[{"count":0,"href":"https:\/\/www.visit-ulcinj.com\/blog\/wp-json\/wp\/v2\/posts\/1183\/revisions"}],"wp:attachment":[{"href":"https:\/\/www.visit-ulcinj.com\/blog\/wp-json\/wp\/v2\/media?parent=1183"}],"wp:term":[{"taxonomy":"category","embeddable":true,"href":"https:\/\/www.visit-ulcinj.com\/blog\/wp-json\/wp\/v2\/categories?post=1183"},{"taxonomy":"post_tag","embeddable":true,"href":"https:\/\/www.visit-ulcinj.com\/blog\/wp-json\/wp\/v2\/tags?post=1183"}],"curies":[{"name":"wp","href":"https:\/\/api.w.org\/{rel}","templated":true}]}}