{"id":1185,"date":"2008-04-10T13:47:37","date_gmt":"2008-04-10T18:47:37","guid":{"rendered":"http:\/\/www.visit-ulcinj.com\/blog\/?p=1185"},"modified":"2008-04-10T13:49:00","modified_gmt":"2008-04-10T18:49:00","slug":"zhduket-flamuri-shqipetare-nga-zyra-e-ld-se-ne-tuz","status":"publish","type":"post","link":"https:\/\/www.visit-ulcinj.com\/blog\/2008\/04\/10\/zhduket-flamuri-shqipetare-nga-zyra-e-ld-se-ne-tuz\/","title":{"rendered":"Zhduket Flamuri shqip\u00ebtar\u00eb nga zyra e LD-s\u00eb n\u00eb Tuz"},"content":{"rendered":"<p><a href=\"http:\/\/www.visit-ulcinj.com\/blog\/wp-content\/uploads\/2008\/04\/pa_flamure_ldmz.jpg\"><img loading=\"lazy\" class=\"alignleft size-thumbnail wp-image-1186\" style=\"float: left;\" title=\"pa_flamure_ldmz\" src=\"http:\/\/www.visit-ulcinj.com\/blog\/wp-content\/uploads\/2008\/04\/pa_flamure_ldmz-150x150.jpg\" alt=\"\" width=\"150\" height=\"150\" \/><\/a>Flamuri shqipetare i cili gjendej ne shtize para zyres se Lidhjes demokratike ne Tuz, ishte larguar ne mbremje ne mes te dieles dhe te henes (te dielen u mbajten zgjedhjet presidenciale), ndersa shtiza ne te cilen ishte i vendosur u gjet e thyer.<br \/>\nKryetari i Lidhjes Demokratike per degen e Tuzit, z. Nikolle Camaj deklaroj qe flamuri shqipetare eshte keqperdor per te treten here dhe eshte ne  shenjester e siper nga vandali i Tuzit.Anetareve te kesaj partije ky vandal u ra i papritur aq me shume se votat ende as nuk ishin numeruar.<br \/>\nSipas z. Nikolle Camaj ne rastet e meparshme keqperdorimi i flamurit nuk ishte suprize ngaqe partija ne opozite humbi votat.Ne te kunderten, kesaj rralle partite ne opozite ishin duke festuar dhe sipas z. Camaj nje akt i tille tregon nivelin e ulte te individeve dhe jocivilizim.<br \/>\nShqiptaret jetojne ne kete vend ashtu qe simbolet e tyre etnike nuk duhet te jene problem per kombet tjera<a href=\"http:\/\/www.visit-ulcinj.com\/blog\/wp-content\/uploads\/2008\/04\/nikoll-camaj1.jpg\"><img loading=\"lazy\" class=\"alignright size-thumbnail wp-image-1187\" style=\"float: right;\" title=\"nikoll-camaj1\" src=\"http:\/\/www.visit-ulcinj.com\/blog\/wp-content\/uploads\/2008\/04\/nikoll-camaj1-150x150.jpg\" alt=\"nikoll\u00eb camaj\" width=\"150\" height=\"150\" \/><\/a> ne Mal te Zi, theksoj z. Camaj. Ne fund si mund te pengoj flamuri shqiptar, kur populli shqipetare dha maksimumin ne cdo pikpamje per formimin e shtetit te Malit te Zi.<br \/>\nZ.Camaj theksoi se gjithashtu per shkak te zgjedhjeve LD ne menyre teper modeste kujtoj diten e 6 prillit, me gjegjesisht Kryengritjen e Malesise e cila eshte nje dite me shume domethenije ngaqe me 1911 per te paren here qe nga vdekja e Gjergj Kastrioitit &#8211; Skenderbeut valoj flamuri shqipetare ne maje te Deciqit.<br \/>\nIshte kjo gjithashtu hera e pare pas Gjegj Kastriotit qe Flamuri shqipetare valoj i lire si simbol i fitores mbi okupatoret shumevjecar.<br \/>\n<strong>malsia.org<\/strong><\/p>\n","protected":false},"excerpt":{"rendered":"<p><img loading=\"lazy\" class=\"alignleft size-thumbnail wp-image-1186\" style=\"float: left;\" title=\"pa_flamure_ldmz\" src=\"http:\/\/www.visit-ulcinj.com\/blog\/wp-content\/uploads\/2008\/04\/pa_flamure_ldmz-150x150.jpg\" alt=\"\" width=\"140\" height=\"140\" \/><\/p>\n","protected":false},"author":1,"featured_media":0,"comment_status":"open","ping_status":"closed","sticky":false,"template":"","format":"standard","meta":{"spay_email":"","jetpack_publicize_message":"","jetpack_is_tweetstorm":false,"jetpack_publicize_feature_enabled":true},"categories":[1,12],"tags":[688,189,2450],"jetpack_publicize_connections":[],"yoast_head":"<!-- This site is optimized with the Yoast SEO plugin v19.1 - https:\/\/yoast.com\/wordpress\/plugins\/seo\/ -->\n<title>Zhduket Flamuri shqip\u00ebtar\u00eb nga zyra e LD-s\u00eb n\u00eb Tuz - Lajme nga Ulqini<\/title>\n<meta name=\"robots\" content=\"index, follow, max-snippet:-1, max-image-preview:large, max-video-preview:-1\" \/>\n<link rel=\"canonical\" href=\"https:\/\/www.visit-ulcinj.com\/blog\/2008\/04\/10\/zhduket-flamuri-shqipetare-nga-zyra-e-ld-se-ne-tuz\/\" \/>\n<meta property=\"og:locale\" content=\"en_US\" \/>\n<meta property=\"og:type\" content=\"article\" \/>\n<meta property=\"og:title\" content=\"Zhduket Flamuri shqip\u00ebtar\u00eb nga zyra e LD-s\u00eb n\u00eb Tuz - Lajme nga Ulqini\" \/>\n<meta property=\"og:url\" content=\"https:\/\/www.visit-ulcinj.com\/blog\/2008\/04\/10\/zhduket-flamuri-shqipetare-nga-zyra-e-ld-se-ne-tuz\/\" \/>\n<meta property=\"og:site_name\" content=\"Lajme nga Ulqini\" \/>\n<meta property=\"article:published_time\" content=\"2008-04-10T18:47:37+00:00\" \/>\n<meta property=\"article:modified_time\" content=\"2008-04-10T18:49:00+00:00\" \/>\n<meta property=\"og:image\" content=\"http:\/\/www.visit-ulcinj.com\/blog\/wp-content\/uploads\/2008\/04\/pa_flamure_ldmz-150x150.jpg\" \/>\n<meta name=\"twitter:label1\" content=\"Written by\" \/>\n\t<meta name=\"twitter:data1\" content=\"ulqini\" \/>\n\t<meta name=\"twitter:label2\" content=\"Est. reading time\" \/>\n\t<meta name=\"twitter:data2\" content=\"1 minute\" \/>\n<script type=\"application\/ld+json\" class=\"yoast-schema-graph\">{\"@context\":\"https:\/\/schema.org\",\"@graph\":[{\"@type\":\"WebSite\",\"@id\":\"https:\/\/www.visit-ulcinj.com\/blog\/#website\",\"url\":\"https:\/\/www.visit-ulcinj.com\/blog\/\",\"name\":\"Lajme nga Ulqini\",\"description\":\"Lajme,Vijesti,Ulqini,Ulqin,Crna Gora,Mali i Zi\",\"potentialAction\":[{\"@type\":\"SearchAction\",\"target\":{\"@type\":\"EntryPoint\",\"urlTemplate\":\"https:\/\/www.visit-ulcinj.com\/blog\/?s={search_term_string}\"},\"query-input\":\"required name=search_term_string\"}],\"inLanguage\":\"en-US\"},{\"@type\":\"ImageObject\",\"inLanguage\":\"en-US\",\"@id\":\"https:\/\/www.visit-ulcinj.com\/blog\/2008\/04\/10\/zhduket-flamuri-shqipetare-nga-zyra-e-ld-se-ne-tuz\/#primaryimage\",\"url\":\"http:\/\/www.visit-ulcinj.com\/blog\/wp-content\/uploads\/2008\/04\/pa_flamure_ldmz-150x150.jpg\",\"contentUrl\":\"http:\/\/www.visit-ulcinj.com\/blog\/wp-content\/uploads\/2008\/04\/pa_flamure_ldmz-150x150.jpg\"},{\"@type\":\"WebPage\",\"@id\":\"https:\/\/www.visit-ulcinj.com\/blog\/2008\/04\/10\/zhduket-flamuri-shqipetare-nga-zyra-e-ld-se-ne-tuz\/#webpage\",\"url\":\"https:\/\/www.visit-ulcinj.com\/blog\/2008\/04\/10\/zhduket-flamuri-shqipetare-nga-zyra-e-ld-se-ne-tuz\/\",\"name\":\"Zhduket Flamuri shqip\u00ebtar\u00eb nga zyra e LD-s\u00eb n\u00eb Tuz - Lajme nga Ulqini\",\"isPartOf\":{\"@id\":\"https:\/\/www.visit-ulcinj.com\/blog\/#website\"},\"primaryImageOfPage\":{\"@id\":\"https:\/\/www.visit-ulcinj.com\/blog\/2008\/04\/10\/zhduket-flamuri-shqipetare-nga-zyra-e-ld-se-ne-tuz\/#primaryimage\"},\"datePublished\":\"2008-04-10T18:47:37+00:00\",\"dateModified\":\"2008-04-10T18:49:00+00:00\",\"author\":{\"@id\":\"https:\/\/www.visit-ulcinj.com\/blog\/#\/schema\/person\/dcab619c614d3038751c63bc2aadc06d\"},\"breadcrumb\":{\"@id\":\"https:\/\/www.visit-ulcinj.com\/blog\/2008\/04\/10\/zhduket-flamuri-shqipetare-nga-zyra-e-ld-se-ne-tuz\/#breadcrumb\"},\"inLanguage\":\"en-US\",\"potentialAction\":[{\"@type\":\"ReadAction\",\"target\":[\"https:\/\/www.visit-ulcinj.com\/blog\/2008\/04\/10\/zhduket-flamuri-shqipetare-nga-zyra-e-ld-se-ne-tuz\/\"]}]},{\"@type\":\"BreadcrumbList\",\"@id\":\"https:\/\/www.visit-ulcinj.com\/blog\/2008\/04\/10\/zhduket-flamuri-shqipetare-nga-zyra-e-ld-se-ne-tuz\/#breadcrumb\",\"itemListElement\":[{\"@type\":\"ListItem\",\"position\":1,\"name\":\"Zhduket Flamuri shqip\u00ebtar\u00eb nga zyra e LD-s\u00eb n\u00eb Tuz\"}]},{\"@type\":\"Person\",\"@id\":\"https:\/\/www.visit-ulcinj.com\/blog\/#\/schema\/person\/dcab619c614d3038751c63bc2aadc06d\",\"name\":\"ulqini\",\"sameAs\":[\"http:\/\/www.visit-ulcinj.com\"],\"url\":\"https:\/\/www.visit-ulcinj.com\/blog\/author\/admin\/\"}]}<\/script>\n<!-- \/ Yoast SEO plugin. -->","yoast_head_json":{"title":"Zhduket Flamuri shqip\u00ebtar\u00eb nga zyra e LD-s\u00eb n\u00eb Tuz - Lajme nga Ulqini","robots":{"index":"index","follow":"follow","max-snippet":"max-snippet:-1","max-image-preview":"max-image-preview:large","max-video-preview":"max-video-preview:-1"},"canonical":"https:\/\/www.visit-ulcinj.com\/blog\/2008\/04\/10\/zhduket-flamuri-shqipetare-nga-zyra-e-ld-se-ne-tuz\/","og_locale":"en_US","og_type":"article","og_title":"Zhduket Flamuri shqip\u00ebtar\u00eb nga zyra e LD-s\u00eb n\u00eb Tuz - Lajme nga Ulqini","og_url":"https:\/\/www.visit-ulcinj.com\/blog\/2008\/04\/10\/zhduket-flamuri-shqipetare-nga-zyra-e-ld-se-ne-tuz\/","og_site_name":"Lajme nga Ulqini","article_published_time":"2008-04-10T18:47:37+00:00","article_modified_time":"2008-04-10T18:49:00+00:00","og_image":[{"url":"http:\/\/www.visit-ulcinj.com\/blog\/wp-content\/uploads\/2008\/04\/pa_flamure_ldmz-150x150.jpg"}],"twitter_misc":{"Written by":"ulqini","Est. reading time":"1 minute"},"schema":{"@context":"https:\/\/schema.org","@graph":[{"@type":"WebSite","@id":"https:\/\/www.visit-ulcinj.com\/blog\/#website","url":"https:\/\/www.visit-ulcinj.com\/blog\/","name":"Lajme nga Ulqini","description":"Lajme,Vijesti,Ulqini,Ulqin,Crna Gora,Mali i Zi","potentialAction":[{"@type":"SearchAction","target":{"@type":"EntryPoint","urlTemplate":"https:\/\/www.visit-ulcinj.com\/blog\/?s={search_term_string}"},"query-input":"required name=search_term_string"}],"inLanguage":"en-US"},{"@type":"ImageObject","inLanguage":"en-US","@id":"https:\/\/www.visit-ulcinj.com\/blog\/2008\/04\/10\/zhduket-flamuri-shqipetare-nga-zyra-e-ld-se-ne-tuz\/#primaryimage","url":"http:\/\/www.visit-ulcinj.com\/blog\/wp-content\/uploads\/2008\/04\/pa_flamure_ldmz-150x150.jpg","contentUrl":"http:\/\/www.visit-ulcinj.com\/blog\/wp-content\/uploads\/2008\/04\/pa_flamure_ldmz-150x150.jpg"},{"@type":"WebPage","@id":"https:\/\/www.visit-ulcinj.com\/blog\/2008\/04\/10\/zhduket-flamuri-shqipetare-nga-zyra-e-ld-se-ne-tuz\/#webpage","url":"https:\/\/www.visit-ulcinj.com\/blog\/2008\/04\/10\/zhduket-flamuri-shqipetare-nga-zyra-e-ld-se-ne-tuz\/","name":"Zhduket Flamuri shqip\u00ebtar\u00eb nga zyra e LD-s\u00eb n\u00eb Tuz - Lajme nga Ulqini","isPartOf":{"@id":"https:\/\/www.visit-ulcinj.com\/blog\/#website"},"primaryImageOfPage":{"@id":"https:\/\/www.visit-ulcinj.com\/blog\/2008\/04\/10\/zhduket-flamuri-shqipetare-nga-zyra-e-ld-se-ne-tuz\/#primaryimage"},"datePublished":"2008-04-10T18:47:37+00:00","dateModified":"2008-04-10T18:49:00+00:00","author":{"@id":"https:\/\/www.visit-ulcinj.com\/blog\/#\/schema\/person\/dcab619c614d3038751c63bc2aadc06d"},"breadcrumb":{"@id":"https:\/\/www.visit-ulcinj.com\/blog\/2008\/04\/10\/zhduket-flamuri-shqipetare-nga-zyra-e-ld-se-ne-tuz\/#breadcrumb"},"inLanguage":"en-US","potentialAction":[{"@type":"ReadAction","target":["https:\/\/www.visit-ulcinj.com\/blog\/2008\/04\/10\/zhduket-flamuri-shqipetare-nga-zyra-e-ld-se-ne-tuz\/"]}]},{"@type":"BreadcrumbList","@id":"https:\/\/www.visit-ulcinj.com\/blog\/2008\/04\/10\/zhduket-flamuri-shqipetare-nga-zyra-e-ld-se-ne-tuz\/#breadcrumb","itemListElement":[{"@type":"ListItem","position":1,"name":"Zhduket Flamuri shqip\u00ebtar\u00eb nga zyra e LD-s\u00eb n\u00eb Tuz"}]},{"@type":"Person","@id":"https:\/\/www.visit-ulcinj.com\/blog\/#\/schema\/person\/dcab619c614d3038751c63bc2aadc06d","name":"ulqini","sameAs":["http:\/\/www.visit-ulcinj.com"],"url":"https:\/\/www.visit-ulcinj.com\/blog\/author\/admin\/"}]}},"jetpack_featured_media_url":"","jetpack_sharing_enabled":true,"jetpack_shortlink":"https:\/\/wp.me\/pe6lTn-j7","_links":{"self":[{"href":"https:\/\/www.visit-ulcinj.com\/blog\/wp-json\/wp\/v2\/posts\/1185"}],"collection":[{"href":"https:\/\/www.visit-ulcinj.com\/blog\/wp-json\/wp\/v2\/posts"}],"about":[{"href":"https:\/\/www.visit-ulcinj.com\/blog\/wp-json\/wp\/v2\/types\/post"}],"author":[{"embeddable":true,"href":"https:\/\/www.visit-ulcinj.com\/blog\/wp-json\/wp\/v2\/users\/1"}],"replies":[{"embeddable":true,"href":"https:\/\/www.visit-ulcinj.com\/blog\/wp-json\/wp\/v2\/comments?post=1185"}],"version-history":[{"count":0,"href":"https:\/\/www.visit-ulcinj.com\/blog\/wp-json\/wp\/v2\/posts\/1185\/revisions"}],"wp:attachment":[{"href":"https:\/\/www.visit-ulcinj.com\/blog\/wp-json\/wp\/v2\/media?parent=1185"}],"wp:term":[{"taxonomy":"category","embeddable":true,"href":"https:\/\/www.visit-ulcinj.com\/blog\/wp-json\/wp\/v2\/categories?post=1185"},{"taxonomy":"post_tag","embeddable":true,"href":"https:\/\/www.visit-ulcinj.com\/blog\/wp-json\/wp\/v2\/tags?post=1185"}],"curies":[{"name":"wp","href":"https:\/\/api.w.org\/{rel}","templated":true}]}}