{"id":1189,"date":"2008-04-11T11:07:36","date_gmt":"2008-04-11T16:07:36","guid":{"rendered":"http:\/\/www.visit-ulcinj.com\/blog\/?p=1189"},"modified":"2008-04-11T11:07:36","modified_gmt":"2008-04-11T16:07:36","slug":"panoramski-lift-u-starom-gradu-ulcinj","status":"publish","type":"post","link":"https:\/\/www.visit-ulcinj.com\/blog\/2008\/04\/11\/panoramski-lift-u-starom-gradu-ulcinj\/","title":{"rendered":"Panoramski lift u Starom gradu Ulcinj"},"content":{"rendered":"<p><a href=\"http:\/\/www.visit-ulcinj.com\/blog\/wp-content\/uploads\/2008\/04\/lift-u-stari-gard-ulcinj.jpg\"><img loading=\"lazy\" class=\"alignleft size-medium wp-image-1190\" style=\"float: left;\" title=\"lift-u-stari-gard-ulcinj\" src=\"http:\/\/www.visit-ulcinj.com\/blog\/wp-content\/uploads\/2008\/04\/lift-u-stari-gard-ulcinj.jpg\" alt=\"lift u stari gard ulcinj\" width=\"290\" height=\"190\" \/><\/a><strong>ULCINj ?E USKORO IMATI VELIKU TURISTI?KU ATRAKCIJU<\/strong><br \/>\nBi?e to jedinstvena gra?evina u Evropi, a sli?an panoramski lift postoji jedino u Peru. Gradi?e se od ?elika, stakla, drveta i kamena i ne?e naru\u0161avati ambijent<br \/>\nULCINj &#8211; Vlasnik ulcinjske kompanije \u201eReal Estate&#8221; Gano Rasulbegovi?, koja uz zidine Starog grada gradi panoramski lift visine 36 metara, izjavio je \u201eDanu da ta gra?evina ne?e naru\u0161iti ambijentalnu cjelinu jednog od najljep\u0161ih lokaliteta Ulcinja.<br \/>\n\u2013 Strogo ?emo se pridr\u017eavati svih konzervatorskih uslova dobijenih od Republi?kog zavoda za za\u0161titu spomaenika. Zbog tro\u0161nih stijena ispod Starog grada do\u0161lo je do dodatnih investicija, ali nikoga ne treba da brine betonska plo?a, postavljena uz stijene, jer je tamo upravo iz bezbjednosnih razloga. Ona ?e biti oblo\u017eena kamenom &#8211; ka\u017ee Rasulbegovi?.<br \/>\nPrema njegovim rije?ima, lift ?e, kada bude izgra?en, biti ponos Ulcinja i Crne Gore i velika turisti?ka atrakcija.<br \/>\n\u2013 Bi?e to jedinstvena gra?evina u Evropi, a sli?an panoramski lift postoji jedino u Peruu. Gradi?e se od ?elika, stakla, drveta i kamena. Vodi?e od podno\u017eja Starog grada. Njegova gornja ta?ka bi?e na 43 metru, kod palate \u201eVenecija?. Za slu?aj potrebe ima?e tri nu\u017ena izlaza, bi?e pri?vr\u0161?en i na dvije sajle, a u slu?aju nestanka struje automatski ?e se vra?ati do mjesta odakle je krenuo &#8211; obja\u0161njava Resulbegovi?.<br \/>\nDodaje da je Stari grad u Ulcinju najvi\u0161i na Jadranskom moru i da je upravo zbog svoje visine veoma malo posje?en.<a href=\"http:\/\/www.visit-ulcinj.com\/blog\/wp-content\/uploads\/2008\/03\/gani-rasulbegu.jpg\"><img loading=\"lazy\" class=\"alignright size-thumbnail wp-image-864\" style=\"float: right;\" title=\"Gani Resulbegu\" src=\"http:\/\/www.visit-ulcinj.com\/blog\/wp-content\/uploads\/2008\/03\/gani-rasulbegu.jpg\" alt=\"Gano Rasulbegovi?\" width=\"112\" height=\"150\" \/><\/a><br \/>\n\u2013 To je sada jedan od ve?ih problema tog lokaliteta, me?utim, uskoro ?emo omogu?iti lak\u0161i pristup ovom turisti?kom biseru ulcinjske rivijere, prije svih starijim ljudima, hendikepiranim osobama, stranim i doma?im turistima, ali i Ulcinjanima. Prve godine kori\u0161?enje lifta bi?e besplatno &#8211; nagla\u0161ava Resulbegovi?.<br \/>\nPoduhvat kompanije \u201eReal Estate, koja gazduje ekskluzivnim apartmanskim kompleksom u Starom gradu, je realizacija ideje iz 1982. godine, kada je urbanisti?kim projektom za taj lokalitet bila predvi?ena gradnja \u201evertikalne komunikacije?. Vrijednost projekata je 300.000 eura.<br \/>\nM.K.<br \/>\ndan.cg.yu<\/p>\n","protected":false},"excerpt":{"rendered":"<p><img loading=\"lazy\" class=\"alignleft size-medium wp-image-1190\" style=\"float: left;\" title=\"lift-u-stari-gard-ulcinj\" src=\"http:\/\/www.visit-ulcinj.com\/blog\/wp-content\/uploads\/2008\/04\/lift-u-stari-gard-ulcinj.jpg\" alt=\"lift u stari gard ulcinj\" width=\"140\" height=\"140\" \/><\/p>\n","protected":false},"author":1,"featured_media":0,"comment_status":"open","ping_status":"closed","sticky":false,"template":"","format":"standard","meta":{"spay_email":"","jetpack_publicize_message":"","jetpack_is_tweetstorm":false,"jetpack_publicize_feature_enabled":true},"categories":[15],"tags":[1296,2452,22015,2454,2453,19],"jetpack_publicize_connections":[],"yoast_head":"<!-- This site is optimized with the Yoast SEO plugin v19.1 - https:\/\/yoast.com\/wordpress\/plugins\/seo\/ -->\n<title>Panoramski lift u Starom gradu Ulcinj - Lajme nga Ulqini<\/title>\n<meta name=\"robots\" content=\"index, follow, max-snippet:-1, max-image-preview:large, max-video-preview:-1\" \/>\n<link rel=\"canonical\" href=\"https:\/\/www.visit-ulcinj.com\/blog\/2008\/04\/11\/panoramski-lift-u-starom-gradu-ulcinj\/\" \/>\n<meta property=\"og:locale\" content=\"en_US\" \/>\n<meta property=\"og:type\" content=\"article\" \/>\n<meta property=\"og:title\" content=\"Panoramski lift u Starom gradu Ulcinj - Lajme nga Ulqini\" \/>\n<meta property=\"og:url\" content=\"https:\/\/www.visit-ulcinj.com\/blog\/2008\/04\/11\/panoramski-lift-u-starom-gradu-ulcinj\/\" \/>\n<meta property=\"og:site_name\" content=\"Lajme nga Ulqini\" \/>\n<meta property=\"article:published_time\" content=\"2008-04-11T16:07:36+00:00\" \/>\n<meta property=\"og:image\" content=\"http:\/\/www.visit-ulcinj.com\/blog\/wp-content\/uploads\/2008\/04\/lift-u-stari-gard-ulcinj.jpg\" \/>\n<meta name=\"twitter:label1\" content=\"Written by\" \/>\n\t<meta name=\"twitter:data1\" content=\"ulqini\" \/>\n\t<meta name=\"twitter:label2\" content=\"Est. reading time\" \/>\n\t<meta name=\"twitter:data2\" content=\"2 minutes\" \/>\n<script type=\"application\/ld+json\" class=\"yoast-schema-graph\">{\"@context\":\"https:\/\/schema.org\",\"@graph\":[{\"@type\":\"WebSite\",\"@id\":\"https:\/\/www.visit-ulcinj.com\/blog\/#website\",\"url\":\"https:\/\/www.visit-ulcinj.com\/blog\/\",\"name\":\"Lajme nga Ulqini\",\"description\":\"Lajme,Vijesti,Ulqini,Ulqin,Crna Gora,Mali i Zi\",\"potentialAction\":[{\"@type\":\"SearchAction\",\"target\":{\"@type\":\"EntryPoint\",\"urlTemplate\":\"https:\/\/www.visit-ulcinj.com\/blog\/?s={search_term_string}\"},\"query-input\":\"required name=search_term_string\"}],\"inLanguage\":\"en-US\"},{\"@type\":\"ImageObject\",\"inLanguage\":\"en-US\",\"@id\":\"https:\/\/www.visit-ulcinj.com\/blog\/2008\/04\/11\/panoramski-lift-u-starom-gradu-ulcinj\/#primaryimage\",\"url\":\"http:\/\/www.visit-ulcinj.com\/blog\/wp-content\/uploads\/2008\/04\/lift-u-stari-gard-ulcinj.jpg\",\"contentUrl\":\"http:\/\/www.visit-ulcinj.com\/blog\/wp-content\/uploads\/2008\/04\/lift-u-stari-gard-ulcinj.jpg\"},{\"@type\":\"WebPage\",\"@id\":\"https:\/\/www.visit-ulcinj.com\/blog\/2008\/04\/11\/panoramski-lift-u-starom-gradu-ulcinj\/#webpage\",\"url\":\"https:\/\/www.visit-ulcinj.com\/blog\/2008\/04\/11\/panoramski-lift-u-starom-gradu-ulcinj\/\",\"name\":\"Panoramski lift u Starom gradu Ulcinj - Lajme nga Ulqini\",\"isPartOf\":{\"@id\":\"https:\/\/www.visit-ulcinj.com\/blog\/#website\"},\"primaryImageOfPage\":{\"@id\":\"https:\/\/www.visit-ulcinj.com\/blog\/2008\/04\/11\/panoramski-lift-u-starom-gradu-ulcinj\/#primaryimage\"},\"datePublished\":\"2008-04-11T16:07:36+00:00\",\"dateModified\":\"2008-04-11T16:07:36+00:00\",\"author\":{\"@id\":\"https:\/\/www.visit-ulcinj.com\/blog\/#\/schema\/person\/dcab619c614d3038751c63bc2aadc06d\"},\"breadcrumb\":{\"@id\":\"https:\/\/www.visit-ulcinj.com\/blog\/2008\/04\/11\/panoramski-lift-u-starom-gradu-ulcinj\/#breadcrumb\"},\"inLanguage\":\"en-US\",\"potentialAction\":[{\"@type\":\"ReadAction\",\"target\":[\"https:\/\/www.visit-ulcinj.com\/blog\/2008\/04\/11\/panoramski-lift-u-starom-gradu-ulcinj\/\"]}]},{\"@type\":\"BreadcrumbList\",\"@id\":\"https:\/\/www.visit-ulcinj.com\/blog\/2008\/04\/11\/panoramski-lift-u-starom-gradu-ulcinj\/#breadcrumb\",\"itemListElement\":[{\"@type\":\"ListItem\",\"position\":1,\"name\":\"Panoramski lift u Starom gradu Ulcinj\"}]},{\"@type\":\"Person\",\"@id\":\"https:\/\/www.visit-ulcinj.com\/blog\/#\/schema\/person\/dcab619c614d3038751c63bc2aadc06d\",\"name\":\"ulqini\",\"sameAs\":[\"http:\/\/www.visit-ulcinj.com\"],\"url\":\"https:\/\/www.visit-ulcinj.com\/blog\/author\/admin\/\"}]}<\/script>\n<!-- \/ Yoast SEO plugin. -->","yoast_head_json":{"title":"Panoramski lift u Starom gradu Ulcinj - Lajme nga Ulqini","robots":{"index":"index","follow":"follow","max-snippet":"max-snippet:-1","max-image-preview":"max-image-preview:large","max-video-preview":"max-video-preview:-1"},"canonical":"https:\/\/www.visit-ulcinj.com\/blog\/2008\/04\/11\/panoramski-lift-u-starom-gradu-ulcinj\/","og_locale":"en_US","og_type":"article","og_title":"Panoramski lift u Starom gradu Ulcinj - Lajme nga Ulqini","og_url":"https:\/\/www.visit-ulcinj.com\/blog\/2008\/04\/11\/panoramski-lift-u-starom-gradu-ulcinj\/","og_site_name":"Lajme nga Ulqini","article_published_time":"2008-04-11T16:07:36+00:00","og_image":[{"url":"http:\/\/www.visit-ulcinj.com\/blog\/wp-content\/uploads\/2008\/04\/lift-u-stari-gard-ulcinj.jpg"}],"twitter_misc":{"Written by":"ulqini","Est. reading time":"2 minutes"},"schema":{"@context":"https:\/\/schema.org","@graph":[{"@type":"WebSite","@id":"https:\/\/www.visit-ulcinj.com\/blog\/#website","url":"https:\/\/www.visit-ulcinj.com\/blog\/","name":"Lajme nga Ulqini","description":"Lajme,Vijesti,Ulqini,Ulqin,Crna Gora,Mali i Zi","potentialAction":[{"@type":"SearchAction","target":{"@type":"EntryPoint","urlTemplate":"https:\/\/www.visit-ulcinj.com\/blog\/?s={search_term_string}"},"query-input":"required name=search_term_string"}],"inLanguage":"en-US"},{"@type":"ImageObject","inLanguage":"en-US","@id":"https:\/\/www.visit-ulcinj.com\/blog\/2008\/04\/11\/panoramski-lift-u-starom-gradu-ulcinj\/#primaryimage","url":"http:\/\/www.visit-ulcinj.com\/blog\/wp-content\/uploads\/2008\/04\/lift-u-stari-gard-ulcinj.jpg","contentUrl":"http:\/\/www.visit-ulcinj.com\/blog\/wp-content\/uploads\/2008\/04\/lift-u-stari-gard-ulcinj.jpg"},{"@type":"WebPage","@id":"https:\/\/www.visit-ulcinj.com\/blog\/2008\/04\/11\/panoramski-lift-u-starom-gradu-ulcinj\/#webpage","url":"https:\/\/www.visit-ulcinj.com\/blog\/2008\/04\/11\/panoramski-lift-u-starom-gradu-ulcinj\/","name":"Panoramski lift u Starom gradu Ulcinj - Lajme nga Ulqini","isPartOf":{"@id":"https:\/\/www.visit-ulcinj.com\/blog\/#website"},"primaryImageOfPage":{"@id":"https:\/\/www.visit-ulcinj.com\/blog\/2008\/04\/11\/panoramski-lift-u-starom-gradu-ulcinj\/#primaryimage"},"datePublished":"2008-04-11T16:07:36+00:00","dateModified":"2008-04-11T16:07:36+00:00","author":{"@id":"https:\/\/www.visit-ulcinj.com\/blog\/#\/schema\/person\/dcab619c614d3038751c63bc2aadc06d"},"breadcrumb":{"@id":"https:\/\/www.visit-ulcinj.com\/blog\/2008\/04\/11\/panoramski-lift-u-starom-gradu-ulcinj\/#breadcrumb"},"inLanguage":"en-US","potentialAction":[{"@type":"ReadAction","target":["https:\/\/www.visit-ulcinj.com\/blog\/2008\/04\/11\/panoramski-lift-u-starom-gradu-ulcinj\/"]}]},{"@type":"BreadcrumbList","@id":"https:\/\/www.visit-ulcinj.com\/blog\/2008\/04\/11\/panoramski-lift-u-starom-gradu-ulcinj\/#breadcrumb","itemListElement":[{"@type":"ListItem","position":1,"name":"Panoramski lift u Starom gradu Ulcinj"}]},{"@type":"Person","@id":"https:\/\/www.visit-ulcinj.com\/blog\/#\/schema\/person\/dcab619c614d3038751c63bc2aadc06d","name":"ulqini","sameAs":["http:\/\/www.visit-ulcinj.com"],"url":"https:\/\/www.visit-ulcinj.com\/blog\/author\/admin\/"}]}},"jetpack_featured_media_url":"","jetpack_sharing_enabled":true,"jetpack_shortlink":"https:\/\/wp.me\/pe6lTn-jb","_links":{"self":[{"href":"https:\/\/www.visit-ulcinj.com\/blog\/wp-json\/wp\/v2\/posts\/1189"}],"collection":[{"href":"https:\/\/www.visit-ulcinj.com\/blog\/wp-json\/wp\/v2\/posts"}],"about":[{"href":"https:\/\/www.visit-ulcinj.com\/blog\/wp-json\/wp\/v2\/types\/post"}],"author":[{"embeddable":true,"href":"https:\/\/www.visit-ulcinj.com\/blog\/wp-json\/wp\/v2\/users\/1"}],"replies":[{"embeddable":true,"href":"https:\/\/www.visit-ulcinj.com\/blog\/wp-json\/wp\/v2\/comments?post=1189"}],"version-history":[{"count":0,"href":"https:\/\/www.visit-ulcinj.com\/blog\/wp-json\/wp\/v2\/posts\/1189\/revisions"}],"wp:attachment":[{"href":"https:\/\/www.visit-ulcinj.com\/blog\/wp-json\/wp\/v2\/media?parent=1189"}],"wp:term":[{"taxonomy":"category","embeddable":true,"href":"https:\/\/www.visit-ulcinj.com\/blog\/wp-json\/wp\/v2\/categories?post=1189"},{"taxonomy":"post_tag","embeddable":true,"href":"https:\/\/www.visit-ulcinj.com\/blog\/wp-json\/wp\/v2\/tags?post=1189"}],"curies":[{"name":"wp","href":"https:\/\/api.w.org\/{rel}","templated":true}]}}