{"id":11894,"date":"2009-02-22T12:56:06","date_gmt":"2009-02-22T11:56:06","guid":{"rendered":"http:\/\/www.visit-ulcinj.com\/blog\/?p=11894"},"modified":"2009-02-24T13:49:17","modified_gmt":"2009-02-24T12:49:17","slug":"e-verteta-e-mimozes","status":"publish","type":"post","link":"https:\/\/www.visit-ulcinj.com\/blog\/2009\/02\/22\/e-verteta-e-mimozes\/","title":{"rendered":"Video &#8211; E v\u00ebrteta e Mimoz\u00ebs!"},"content":{"rendered":"<p><em><span class=\"newsdate\"><span style=\"font-style: normal;\"><a href=\"http:\/\/www.visit-ulcinj.com\/blog\/wp-content\/uploads\/2009\/02\/e-verteta-e-mimozes.jpg\"><img loading=\"lazy\" class=\"alignleft size-full wp-image-11895\" title=\"e-verteta-e-mimozes-big-brother-albania\" src=\"http:\/\/www.visit-ulcinj.com\/blog\/wp-content\/uploads\/2009\/02\/e-verteta-e-mimozes.jpg\" alt=\"e-verteta-e-mimozes-big-brother-albania\" width=\"300\" height=\"205\" \/><\/a><\/span>21\/02\/09 21:20<\/span><\/em><\/p>\n<p>Nat\u00ebn e tret\u00eb t\u00eb spektaklit Big Brother, n\u00eb Top Channel, Arbana e ka pyetur Mimoz\u00ebn, se cila \u00ebsht\u00eb e v\u00ebrteta mbi jet\u00ebn e saj sentimentale. Kjo p\u00ebr shkak t\u00eb historive kontradiktore q\u00eb ajo ka treguar p\u00ebr veten, \u201cNj\u00ebher\u00eb ke deklaruar se nuk ke puthur kurr\u00eb nj\u00eb djal\u00eb, &#8211; i ka th\u00ebn\u00eb asaj Arbana, &#8211; nj\u00ebher\u00eb se ke patur nj\u00eb t\u00eb dashur biseksual, nd\u00ebrkoh\u00eb q\u00eb ne dim\u00eb edhe p\u00ebr lidhjen t\u00ebnde me Polin!\u201d Pyetjes s\u00eb Arban\u00ebs se cila ishte e v\u00ebrteta prej gjith\u00eb k\u00ebtyre varianteve ajo iu p\u00ebrgjigj se kishte b\u00ebr\u00eb shaka kur kishte th\u00ebn\u00eb se kishte patur nj\u00eb t\u00eb dashur biseksual, ishte e v\u00ebrtet\u00eb q\u00eb nuk kishte puthur kurr\u00eb nj\u00eb djal\u00eb dhe se Poli i p\u00eblqente, por nuk e kishte t\u00eb dashur.<\/p>\n<p>[flv width=&#8221;570&#8243; height=&#8221;350&#8243;]http:\/\/shqiphost4.top-channel.tv\/18754796\/bigbrother\/bbd15.flv[\/flv]<\/p>\n","protected":false},"excerpt":{"rendered":"<p>21\/02\/09 21:20 Nat\u00ebn e tret\u00eb t\u00eb spektaklit Big Brother, n\u00eb Top Channel, Arbana e ka pyetur Mimoz\u00ebn, se cila \u00ebsht\u00eb e v\u00ebrteta mbi jet\u00ebn e saj sentimentale. Kjo p\u00ebr shkak t\u00eb historive kontradiktore q\u00eb ajo ka treguar p\u00ebr veten, \u201cNj\u00ebher\u00eb ke deklaruar se nuk ke puthur kurr\u00eb nj\u00eb djal\u00eb, &#8211; i ka th\u00ebn\u00eb asaj Arbana, [&hellip;]<\/p>\n","protected":false},"author":1,"featured_media":0,"comment_status":"open","ping_status":"closed","sticky":false,"template":"","format":"standard","meta":{"spay_email":"","jetpack_publicize_message":"","jetpack_is_tweetstorm":false,"jetpack_publicize_feature_enabled":true},"categories":[6502],"tags":[5057,6506,6983,6982,6984,6568,6544,6891,6693,6887],"jetpack_publicize_connections":[],"yoast_head":"<!-- This site is optimized with the Yoast SEO plugin v19.1 - https:\/\/yoast.com\/wordpress\/plugins\/seo\/ -->\n<title>E v\u00c3\u00abrteta e Mimoz\u00c3\u00abs - Big Brother Albania<\/title>\n<meta name=\"description\" content=\"Bg Brother Albania - Nat\u00c3\u00abn e tret\u00c3\u00ab t\u00c3\u00ab spektaklit Big Brother, n\u00c3\u00ab Top Channel, Arbana e ka pyetur Mimoz\u00c3\u00abn, se cila \u00c3\u00absht\u00c3\u00ab e v\u00c3\u00abrteta mbi jet\u00c3\u00abn e saj sentimentale\" \/>\n<meta name=\"robots\" content=\"index, follow, max-snippet:-1, max-image-preview:large, max-video-preview:-1\" \/>\n<link rel=\"canonical\" href=\"https:\/\/www.visit-ulcinj.com\/blog\/2009\/02\/22\/e-verteta-e-mimozes\/\" \/>\n<meta property=\"og:locale\" content=\"en_US\" \/>\n<meta property=\"og:type\" content=\"article\" \/>\n<meta property=\"og:title\" content=\"E v\u00c3\u00abrteta e Mimoz\u00c3\u00abs - Big Brother Albania\" \/>\n<meta property=\"og:description\" content=\"Bg Brother Albania - Nat\u00c3\u00abn e tret\u00c3\u00ab t\u00c3\u00ab spektaklit Big Brother, n\u00c3\u00ab Top Channel, Arbana e ka pyetur Mimoz\u00c3\u00abn, se cila \u00c3\u00absht\u00c3\u00ab e v\u00c3\u00abrteta mbi jet\u00c3\u00abn e saj sentimentale\" \/>\n<meta property=\"og:url\" content=\"https:\/\/www.visit-ulcinj.com\/blog\/2009\/02\/22\/e-verteta-e-mimozes\/\" \/>\n<meta property=\"og:site_name\" content=\"Lajme nga Ulqini\" \/>\n<meta property=\"article:published_time\" content=\"2009-02-22T11:56:06+00:00\" \/>\n<meta property=\"article:modified_time\" content=\"2009-02-24T12:49:17+00:00\" \/>\n<meta property=\"og:image\" content=\"http:\/\/www.visit-ulcinj.com\/blog\/wp-content\/uploads\/2009\/02\/e-verteta-e-mimozes.jpg\" \/>\n<meta name=\"twitter:label1\" content=\"Written by\" \/>\n\t<meta name=\"twitter:data1\" content=\"ulqini\" \/>\n\t<meta name=\"twitter:label2\" content=\"Est. reading time\" \/>\n\t<meta name=\"twitter:data2\" content=\"1 minute\" \/>\n<script type=\"application\/ld+json\" class=\"yoast-schema-graph\">{\"@context\":\"https:\/\/schema.org\",\"@graph\":[{\"@type\":\"WebSite\",\"@id\":\"https:\/\/www.visit-ulcinj.com\/blog\/#website\",\"url\":\"https:\/\/www.visit-ulcinj.com\/blog\/\",\"name\":\"Lajme nga Ulqini\",\"description\":\"Lajme,Vijesti,Ulqini,Ulqin,Crna Gora,Mali i Zi\",\"potentialAction\":[{\"@type\":\"SearchAction\",\"target\":{\"@type\":\"EntryPoint\",\"urlTemplate\":\"https:\/\/www.visit-ulcinj.com\/blog\/?s={search_term_string}\"},\"query-input\":\"required name=search_term_string\"}],\"inLanguage\":\"en-US\"},{\"@type\":\"ImageObject\",\"inLanguage\":\"en-US\",\"@id\":\"https:\/\/www.visit-ulcinj.com\/blog\/2009\/02\/22\/e-verteta-e-mimozes\/#primaryimage\",\"url\":\"http:\/\/www.visit-ulcinj.com\/blog\/wp-content\/uploads\/2009\/02\/e-verteta-e-mimozes.jpg\",\"contentUrl\":\"http:\/\/www.visit-ulcinj.com\/blog\/wp-content\/uploads\/2009\/02\/e-verteta-e-mimozes.jpg\"},{\"@type\":\"WebPage\",\"@id\":\"https:\/\/www.visit-ulcinj.com\/blog\/2009\/02\/22\/e-verteta-e-mimozes\/#webpage\",\"url\":\"https:\/\/www.visit-ulcinj.com\/blog\/2009\/02\/22\/e-verteta-e-mimozes\/\",\"name\":\"E v\u00c3\u00abrteta e Mimoz\u00c3\u00abs - Big Brother Albania\",\"isPartOf\":{\"@id\":\"https:\/\/www.visit-ulcinj.com\/blog\/#website\"},\"primaryImageOfPage\":{\"@id\":\"https:\/\/www.visit-ulcinj.com\/blog\/2009\/02\/22\/e-verteta-e-mimozes\/#primaryimage\"},\"datePublished\":\"2009-02-22T11:56:06+00:00\",\"dateModified\":\"2009-02-24T12:49:17+00:00\",\"author\":{\"@id\":\"https:\/\/www.visit-ulcinj.com\/blog\/#\/schema\/person\/dcab619c614d3038751c63bc2aadc06d\"},\"description\":\"Bg Brother Albania - Nat\u00c3\u00abn e tret\u00c3\u00ab t\u00c3\u00ab spektaklit Big Brother, n\u00c3\u00ab Top Channel, Arbana e ka pyetur Mimoz\u00c3\u00abn, se cila \u00c3\u00absht\u00c3\u00ab e v\u00c3\u00abrteta mbi jet\u00c3\u00abn e saj sentimentale\",\"breadcrumb\":{\"@id\":\"https:\/\/www.visit-ulcinj.com\/blog\/2009\/02\/22\/e-verteta-e-mimozes\/#breadcrumb\"},\"inLanguage\":\"en-US\",\"potentialAction\":[{\"@type\":\"ReadAction\",\"target\":[\"https:\/\/www.visit-ulcinj.com\/blog\/2009\/02\/22\/e-verteta-e-mimozes\/\"]}]},{\"@type\":\"BreadcrumbList\",\"@id\":\"https:\/\/www.visit-ulcinj.com\/blog\/2009\/02\/22\/e-verteta-e-mimozes\/#breadcrumb\",\"itemListElement\":[{\"@type\":\"ListItem\",\"position\":1,\"name\":\"Video &#8211; E v\u00ebrteta e Mimoz\u00ebs!\"}]},{\"@type\":\"Person\",\"@id\":\"https:\/\/www.visit-ulcinj.com\/blog\/#\/schema\/person\/dcab619c614d3038751c63bc2aadc06d\",\"name\":\"ulqini\",\"sameAs\":[\"http:\/\/www.visit-ulcinj.com\"],\"url\":\"https:\/\/www.visit-ulcinj.com\/blog\/author\/admin\/\"}]}<\/script>\n<!-- \/ Yoast SEO plugin. -->","yoast_head_json":{"title":"E v\u00c3\u00abrteta e Mimoz\u00c3\u00abs - Big Brother Albania","description":"Bg Brother Albania - Nat\u00c3\u00abn e tret\u00c3\u00ab t\u00c3\u00ab spektaklit Big Brother, n\u00c3\u00ab Top Channel, Arbana e ka pyetur Mimoz\u00c3\u00abn, se cila \u00c3\u00absht\u00c3\u00ab e v\u00c3\u00abrteta mbi jet\u00c3\u00abn e saj sentimentale","robots":{"index":"index","follow":"follow","max-snippet":"max-snippet:-1","max-image-preview":"max-image-preview:large","max-video-preview":"max-video-preview:-1"},"canonical":"https:\/\/www.visit-ulcinj.com\/blog\/2009\/02\/22\/e-verteta-e-mimozes\/","og_locale":"en_US","og_type":"article","og_title":"E v\u00c3\u00abrteta e Mimoz\u00c3\u00abs - Big Brother Albania","og_description":"Bg Brother Albania - Nat\u00c3\u00abn e tret\u00c3\u00ab t\u00c3\u00ab spektaklit Big Brother, n\u00c3\u00ab Top Channel, Arbana e ka pyetur Mimoz\u00c3\u00abn, se cila \u00c3\u00absht\u00c3\u00ab e v\u00c3\u00abrteta mbi jet\u00c3\u00abn e saj sentimentale","og_url":"https:\/\/www.visit-ulcinj.com\/blog\/2009\/02\/22\/e-verteta-e-mimozes\/","og_site_name":"Lajme nga Ulqini","article_published_time":"2009-02-22T11:56:06+00:00","article_modified_time":"2009-02-24T12:49:17+00:00","og_image":[{"url":"http:\/\/www.visit-ulcinj.com\/blog\/wp-content\/uploads\/2009\/02\/e-verteta-e-mimozes.jpg"}],"twitter_misc":{"Written by":"ulqini","Est. reading time":"1 minute"},"schema":{"@context":"https:\/\/schema.org","@graph":[{"@type":"WebSite","@id":"https:\/\/www.visit-ulcinj.com\/blog\/#website","url":"https:\/\/www.visit-ulcinj.com\/blog\/","name":"Lajme nga Ulqini","description":"Lajme,Vijesti,Ulqini,Ulqin,Crna Gora,Mali i Zi","potentialAction":[{"@type":"SearchAction","target":{"@type":"EntryPoint","urlTemplate":"https:\/\/www.visit-ulcinj.com\/blog\/?s={search_term_string}"},"query-input":"required name=search_term_string"}],"inLanguage":"en-US"},{"@type":"ImageObject","inLanguage":"en-US","@id":"https:\/\/www.visit-ulcinj.com\/blog\/2009\/02\/22\/e-verteta-e-mimozes\/#primaryimage","url":"http:\/\/www.visit-ulcinj.com\/blog\/wp-content\/uploads\/2009\/02\/e-verteta-e-mimozes.jpg","contentUrl":"http:\/\/www.visit-ulcinj.com\/blog\/wp-content\/uploads\/2009\/02\/e-verteta-e-mimozes.jpg"},{"@type":"WebPage","@id":"https:\/\/www.visit-ulcinj.com\/blog\/2009\/02\/22\/e-verteta-e-mimozes\/#webpage","url":"https:\/\/www.visit-ulcinj.com\/blog\/2009\/02\/22\/e-verteta-e-mimozes\/","name":"E v\u00c3\u00abrteta e Mimoz\u00c3\u00abs - Big Brother Albania","isPartOf":{"@id":"https:\/\/www.visit-ulcinj.com\/blog\/#website"},"primaryImageOfPage":{"@id":"https:\/\/www.visit-ulcinj.com\/blog\/2009\/02\/22\/e-verteta-e-mimozes\/#primaryimage"},"datePublished":"2009-02-22T11:56:06+00:00","dateModified":"2009-02-24T12:49:17+00:00","author":{"@id":"https:\/\/www.visit-ulcinj.com\/blog\/#\/schema\/person\/dcab619c614d3038751c63bc2aadc06d"},"description":"Bg Brother Albania - Nat\u00c3\u00abn e tret\u00c3\u00ab t\u00c3\u00ab spektaklit Big Brother, n\u00c3\u00ab Top Channel, Arbana e ka pyetur Mimoz\u00c3\u00abn, se cila \u00c3\u00absht\u00c3\u00ab e v\u00c3\u00abrteta mbi jet\u00c3\u00abn e saj sentimentale","breadcrumb":{"@id":"https:\/\/www.visit-ulcinj.com\/blog\/2009\/02\/22\/e-verteta-e-mimozes\/#breadcrumb"},"inLanguage":"en-US","potentialAction":[{"@type":"ReadAction","target":["https:\/\/www.visit-ulcinj.com\/blog\/2009\/02\/22\/e-verteta-e-mimozes\/"]}]},{"@type":"BreadcrumbList","@id":"https:\/\/www.visit-ulcinj.com\/blog\/2009\/02\/22\/e-verteta-e-mimozes\/#breadcrumb","itemListElement":[{"@type":"ListItem","position":1,"name":"Video &#8211; E v\u00ebrteta e Mimoz\u00ebs!"}]},{"@type":"Person","@id":"https:\/\/www.visit-ulcinj.com\/blog\/#\/schema\/person\/dcab619c614d3038751c63bc2aadc06d","name":"ulqini","sameAs":["http:\/\/www.visit-ulcinj.com"],"url":"https:\/\/www.visit-ulcinj.com\/blog\/author\/admin\/"}]}},"jetpack_featured_media_url":"","jetpack_sharing_enabled":true,"jetpack_shortlink":"https:\/\/wp.me\/pe6lTn-35Q","_links":{"self":[{"href":"https:\/\/www.visit-ulcinj.com\/blog\/wp-json\/wp\/v2\/posts\/11894"}],"collection":[{"href":"https:\/\/www.visit-ulcinj.com\/blog\/wp-json\/wp\/v2\/posts"}],"about":[{"href":"https:\/\/www.visit-ulcinj.com\/blog\/wp-json\/wp\/v2\/types\/post"}],"author":[{"embeddable":true,"href":"https:\/\/www.visit-ulcinj.com\/blog\/wp-json\/wp\/v2\/users\/1"}],"replies":[{"embeddable":true,"href":"https:\/\/www.visit-ulcinj.com\/blog\/wp-json\/wp\/v2\/comments?post=11894"}],"version-history":[{"count":0,"href":"https:\/\/www.visit-ulcinj.com\/blog\/wp-json\/wp\/v2\/posts\/11894\/revisions"}],"wp:attachment":[{"href":"https:\/\/www.visit-ulcinj.com\/blog\/wp-json\/wp\/v2\/media?parent=11894"}],"wp:term":[{"taxonomy":"category","embeddable":true,"href":"https:\/\/www.visit-ulcinj.com\/blog\/wp-json\/wp\/v2\/categories?post=11894"},{"taxonomy":"post_tag","embeddable":true,"href":"https:\/\/www.visit-ulcinj.com\/blog\/wp-json\/wp\/v2\/tags?post=11894"}],"curies":[{"name":"wp","href":"https:\/\/api.w.org\/{rel}","templated":true}]}}