{"id":1197,"date":"2008-04-12T00:25:42","date_gmt":"2008-04-12T05:25:42","guid":{"rendered":"http:\/\/www.visit-ulcinj.com\/blog\/?p=1197"},"modified":"2008-04-12T00:25:42","modified_gmt":"2008-04-12T05:25:42","slug":"manjinama-fale-veca-prava-kaze-sinistaj","status":"publish","type":"post","link":"https:\/\/www.visit-ulcinj.com\/blog\/2008\/04\/12\/manjinama-fale-veca-prava-kaze-sinistaj\/","title":{"rendered":"Manjinama fale ve?a prava, ka\u017ee Sini\u0161taj"},"content":{"rendered":"<p><img loading=\"lazy\" class=\"alignleft\" style=\"float: left;\" src=\"http:\/\/www.visit-ulcinj.com\/blog\/wp-content\/uploads\/2008\/04\/lider-albanske-alternative-vaselj-sinistaj.jpg\" alt=\"\" width=\"201\" height=\"181\" \/><strong>Nije problem \u0161ta pi\u0161e u Ustavu, nego \u0161ta od njega imamo, ka\u017ee Sini\u0161taj<\/strong><br \/>\nIntegrisanje predstavnika manjina u institucije vlasti je nu\u017enost. \u017dele da budu zastupljeni u policiji, sudstvu, tu\u017eila\u0161tvu, Vladi, organima lokalnih uprava te javnim preduze?ima. Ishod predsjedni?kih izbora za neke predstavnike manjinskih naroda je po volji, a druge da nije u interesu gra?ana. Ocjene su i da uslovi nijesu zreli da do promjena do?e jednim rezom.<br \/>\nLider Albanske alternative Vaselj Sini\u0161taj ocjenjuje da bi za gra?ane bolje bilo da je bilo drugog kruga predsjedni?kih izbora, te i da dalje ostaje podijeljenost opozicije u dvi opcije &#8211; procrnorsku i prosrpsku.<br \/>\n&#8211; Ostaje i dalje nejedinstvo opozicije, koje ide u prilog strukturi na vlasti. Pozitivno je podjela manjinskih naroda oko podr\u0161ke. U mom kraju u Malesiji zadovoljan sam brojem glasova koje je dobio lider Pokreta za promjene Neboj\u0161a Medojevi?. Ostaje sad da se radi ozbiljna analiza i priprema za budu?i zajedni?ki rad &#8211; smatra Sini\u0161taj.<br \/>\nIsti?e da, iako postoji volja gra?ana za promjenu, uslovi nijesu zreli da se ne\u0161to promijeni jednim rezom i da nejedinstvo opozicije i te kako ko\u0161ta. Sini\u0161taj ka\u017ee da ?e pola\u017eaj manjina biti isti kao dosad i da nijesu zadovoljni, iako su u?estovali u izradi Ustava. Poru?uje da je neophodno integrisanje manjina u svim oblastima, te da se od obe?anja ne \u017eivi.<br \/>\n&#8211; Nije problem \u0161ta pi\u0161e u Ustavu, nego \u0161ta od njega imamo. Od Osnovnog do Vrhovnog suda Albanaca nema. Tako je u tu\u017eila\u0161tvu i policiji. Bilo bi simpati?no da Filip Vujanovi? krene od svog kabineta da ima savjetnika za prava manjina, pa dalje da uti?e da predstavnici manjina budu uklju?eni u svim elementima dru\u0161tva. Za manjine nema ni\u0161ta va\u017enije nego da budu uklju?eni u Ministarstvo obrazovanja, a nema ni jedan koji sa tog mjesta mo\u017ee uticati na sistem obrazovanja albanske manjine &#8211; dodao je Sini\u0161taj, nagla\u0161avaju?i da Nacionalni savjet, ako politika ne bude imala klju?nu ulogu, i te kako ?e imati posla da sve to uredi.<br \/>\nU budu?nosti bolji polo\u017eaj hrvatske manjine o?ekuje i predsjednik Hrvatske gra?anske inicijative Marija Vu?inovi?. \u017dele da budu vi\u0161e integrisani u institucije vlasti i da ?e na tome raditi kroz njihovu stranku i Nacionalno vije?e Hrvata.<br \/>\n&#8211; Uvijek treba da te\u017eimo ka boljem. Mi smo dosad imali predsjednika Skup\u0161tine na lokalnom nivou u Tivtu. Bili smo prisutni i na republi?kom nivou. Vi\u0161e treba da budemo zastupljeni i u drugim institucijama dr\u017eave &#8211; policiji, lokalnoj upravi, sudstvu, tu\u017eila\u0161tvu, Vladi preko ministarstava i javnim preduze?ima &#8211; ka\u017ee Vu?inovi?.<br \/>\nOsvr?u?i se na predsjedni?ke izbore navodi da su protekli u demokratskoj atmosferi pokazuju?i volju bira?a.<br \/>\n&#8211; Rezultaty su pokazali da je pobjeda Filipa Vujanovi?a rezultat \u017eelje ve?ine naroda, odnosno zacrtanog evropskog puta i ulazak Crne Gore u EU &#8211; uvjerena je ona.<br \/>\nIzbori su protekli u fer atmosferi, bez govora mr\u017enje, a pokazalo se opravdanim \u0161to smo na\u0161im bira?ima prepustili da sami odlu?e kome ?e dati glas, kazao je portparol Bo\u0161nja?ke stranke Suljo Mustafi?. Mustafi? ka\u017ee da je ve?ina Bo\u0161njaka glas dala Filipu Vujanovi?u, dio Neboj\u0161i Medojevi?u, dok mali procenat nije iza\u0161ao na izbore.<br \/>\nNagla\u0161avaju?i da polo\u017eaj Bo\u0161njaka nije zadovoljavaju?i, Mustafi? se nada da ?e Vujanovi? u novom madatu posvetiti vi\u0161e pa\u017enje polo\u017eaju manjina u smislu ostvarivanja njihovih interesa, od zastupljenosti u organima vlasty, u?e\u0161?a u dr\u017eavnim institucijama i izgradnje institucija koje artikuli\u0161u potrebu manjina. Bo\u0161njaci tvrdi nijesu ni pribli\u017eno autenti?no zastupljenju i o?ekujemo ve?e prisustvo u \u0161kolstvu, kulturi i javnom sersvisu.<br \/>\n&#8211; S obzirom na to da je zna?ajan dio glasova dobio od manjinskih naroda, i po tom osnovu Vujanovi? treba da posveti vi\u0161e pa\u017enje da bude predsjednik svih gra?ana &#8211; istakao je Mustafi?, nagla\u0161avaju?i da ?e ta partija nastaviti da djeluje na svim poljima, u smislu rje\u0161avanja vitalnih interesa.<img loading=\"lazy\" class=\"alignright\" style=\"float: right;\" src=\"http:\/\/www.visit-ulcinj.com\/blog\/wp-content\/uploads\/2008\/04\/mehmet-bardhi_1.jpg\" alt=\"\" width=\"140\" height=\"140\" \/><br \/>\nM.M.K<\/p>\n<p><strong>Analiza slijedi<\/strong><br \/>\nPredsjednik Demokratskog saveza Albanaca Mehmed Bardhi objasnio je da ne mo\u017ee komentarisati predsjedni?ke izbore i u tom kontekstu o?ekivanja kada je u pitanju polo\u017eaj manjina u Crnoj Gori, iz razloga \u0161to ih jo\u0161 nijesu izanalizirali, ali da ?e svakako, to u narednom periodu u?initi.<\/p>\n<p><strong>DAN<\/strong><\/p>\n","protected":false},"excerpt":{"rendered":"<p><img loading=\"lazy\" class=\"alignleft\" style=\"float: left;\" src=\"http:\/\/www.visit-ulcinj.com\/blog\/wp-content\/uploads\/2008\/04\/lider-albanske-alternative-vaselj-sinistaj.jpg\" alt=\"\" width=\"140\" height=\"140\" \/><\/p>\n","protected":false},"author":1,"featured_media":0,"comment_status":"open","ping_status":"closed","sticky":false,"template":"","format":"standard","meta":{"spay_email":"","jetpack_publicize_message":"","jetpack_is_tweetstorm":false,"jetpack_publicize_feature_enabled":true},"categories":[6],"tags":[2458,2460,2461,2459],"jetpack_publicize_connections":[],"yoast_head":"<!-- This site is optimized with the Yoast SEO plugin v19.1 - https:\/\/yoast.com\/wordpress\/plugins\/seo\/ -->\n<title>Manjinama fale ve?a prava, ka\u017ee Sini\u0161taj - Lajme nga Ulqini<\/title>\n<meta name=\"robots\" content=\"index, follow, max-snippet:-1, max-image-preview:large, max-video-preview:-1\" \/>\n<link rel=\"canonical\" href=\"https:\/\/www.visit-ulcinj.com\/blog\/2008\/04\/12\/manjinama-fale-veca-prava-kaze-sinistaj\/\" \/>\n<meta property=\"og:locale\" content=\"en_US\" \/>\n<meta property=\"og:type\" content=\"article\" \/>\n<meta property=\"og:title\" content=\"Manjinama fale ve?a prava, ka\u017ee Sini\u0161taj - Lajme nga Ulqini\" \/>\n<meta property=\"og:url\" content=\"https:\/\/www.visit-ulcinj.com\/blog\/2008\/04\/12\/manjinama-fale-veca-prava-kaze-sinistaj\/\" \/>\n<meta property=\"og:site_name\" content=\"Lajme nga Ulqini\" \/>\n<meta property=\"article:published_time\" content=\"2008-04-12T05:25:42+00:00\" \/>\n<meta property=\"og:image\" content=\"http:\/\/www.visit-ulcinj.com\/blog\/wp-content\/uploads\/2008\/04\/lider-albanske-alternative-vaselj-sinistaj.jpg\" \/>\n<meta name=\"twitter:label1\" content=\"Written by\" \/>\n\t<meta name=\"twitter:data1\" content=\"ulqini\" \/>\n\t<meta name=\"twitter:label2\" content=\"Est. reading time\" \/>\n\t<meta name=\"twitter:data2\" content=\"4 minutes\" \/>\n<script type=\"application\/ld+json\" class=\"yoast-schema-graph\">{\"@context\":\"https:\/\/schema.org\",\"@graph\":[{\"@type\":\"WebSite\",\"@id\":\"https:\/\/www.visit-ulcinj.com\/blog\/#website\",\"url\":\"https:\/\/www.visit-ulcinj.com\/blog\/\",\"name\":\"Lajme nga Ulqini\",\"description\":\"Lajme,Vijesti,Ulqini,Ulqin,Crna Gora,Mali i Zi\",\"potentialAction\":[{\"@type\":\"SearchAction\",\"target\":{\"@type\":\"EntryPoint\",\"urlTemplate\":\"https:\/\/www.visit-ulcinj.com\/blog\/?s={search_term_string}\"},\"query-input\":\"required name=search_term_string\"}],\"inLanguage\":\"en-US\"},{\"@type\":\"ImageObject\",\"inLanguage\":\"en-US\",\"@id\":\"https:\/\/www.visit-ulcinj.com\/blog\/2008\/04\/12\/manjinama-fale-veca-prava-kaze-sinistaj\/#primaryimage\",\"url\":\"http:\/\/www.visit-ulcinj.com\/blog\/wp-content\/uploads\/2008\/04\/lider-albanske-alternative-vaselj-sinistaj.jpg\",\"contentUrl\":\"http:\/\/www.visit-ulcinj.com\/blog\/wp-content\/uploads\/2008\/04\/lider-albanske-alternative-vaselj-sinistaj.jpg\"},{\"@type\":\"WebPage\",\"@id\":\"https:\/\/www.visit-ulcinj.com\/blog\/2008\/04\/12\/manjinama-fale-veca-prava-kaze-sinistaj\/#webpage\",\"url\":\"https:\/\/www.visit-ulcinj.com\/blog\/2008\/04\/12\/manjinama-fale-veca-prava-kaze-sinistaj\/\",\"name\":\"Manjinama fale ve?a prava, ka\u017ee Sini\u0161taj - Lajme nga Ulqini\",\"isPartOf\":{\"@id\":\"https:\/\/www.visit-ulcinj.com\/blog\/#website\"},\"primaryImageOfPage\":{\"@id\":\"https:\/\/www.visit-ulcinj.com\/blog\/2008\/04\/12\/manjinama-fale-veca-prava-kaze-sinistaj\/#primaryimage\"},\"datePublished\":\"2008-04-12T05:25:42+00:00\",\"dateModified\":\"2008-04-12T05:25:42+00:00\",\"author\":{\"@id\":\"https:\/\/www.visit-ulcinj.com\/blog\/#\/schema\/person\/dcab619c614d3038751c63bc2aadc06d\"},\"breadcrumb\":{\"@id\":\"https:\/\/www.visit-ulcinj.com\/blog\/2008\/04\/12\/manjinama-fale-veca-prava-kaze-sinistaj\/#breadcrumb\"},\"inLanguage\":\"en-US\",\"potentialAction\":[{\"@type\":\"ReadAction\",\"target\":[\"https:\/\/www.visit-ulcinj.com\/blog\/2008\/04\/12\/manjinama-fale-veca-prava-kaze-sinistaj\/\"]}]},{\"@type\":\"BreadcrumbList\",\"@id\":\"https:\/\/www.visit-ulcinj.com\/blog\/2008\/04\/12\/manjinama-fale-veca-prava-kaze-sinistaj\/#breadcrumb\",\"itemListElement\":[{\"@type\":\"ListItem\",\"position\":1,\"name\":\"Manjinama fale ve?a prava, ka\u017ee Sini\u0161taj\"}]},{\"@type\":\"Person\",\"@id\":\"https:\/\/www.visit-ulcinj.com\/blog\/#\/schema\/person\/dcab619c614d3038751c63bc2aadc06d\",\"name\":\"ulqini\",\"sameAs\":[\"http:\/\/www.visit-ulcinj.com\"],\"url\":\"https:\/\/www.visit-ulcinj.com\/blog\/author\/admin\/\"}]}<\/script>\n<!-- \/ Yoast SEO plugin. -->","yoast_head_json":{"title":"Manjinama fale ve?a prava, ka\u017ee Sini\u0161taj - Lajme nga Ulqini","robots":{"index":"index","follow":"follow","max-snippet":"max-snippet:-1","max-image-preview":"max-image-preview:large","max-video-preview":"max-video-preview:-1"},"canonical":"https:\/\/www.visit-ulcinj.com\/blog\/2008\/04\/12\/manjinama-fale-veca-prava-kaze-sinistaj\/","og_locale":"en_US","og_type":"article","og_title":"Manjinama fale ve?a prava, ka\u017ee Sini\u0161taj - Lajme nga Ulqini","og_url":"https:\/\/www.visit-ulcinj.com\/blog\/2008\/04\/12\/manjinama-fale-veca-prava-kaze-sinistaj\/","og_site_name":"Lajme nga Ulqini","article_published_time":"2008-04-12T05:25:42+00:00","og_image":[{"url":"http:\/\/www.visit-ulcinj.com\/blog\/wp-content\/uploads\/2008\/04\/lider-albanske-alternative-vaselj-sinistaj.jpg"}],"twitter_misc":{"Written by":"ulqini","Est. reading time":"4 minutes"},"schema":{"@context":"https:\/\/schema.org","@graph":[{"@type":"WebSite","@id":"https:\/\/www.visit-ulcinj.com\/blog\/#website","url":"https:\/\/www.visit-ulcinj.com\/blog\/","name":"Lajme nga Ulqini","description":"Lajme,Vijesti,Ulqini,Ulqin,Crna Gora,Mali i Zi","potentialAction":[{"@type":"SearchAction","target":{"@type":"EntryPoint","urlTemplate":"https:\/\/www.visit-ulcinj.com\/blog\/?s={search_term_string}"},"query-input":"required name=search_term_string"}],"inLanguage":"en-US"},{"@type":"ImageObject","inLanguage":"en-US","@id":"https:\/\/www.visit-ulcinj.com\/blog\/2008\/04\/12\/manjinama-fale-veca-prava-kaze-sinistaj\/#primaryimage","url":"http:\/\/www.visit-ulcinj.com\/blog\/wp-content\/uploads\/2008\/04\/lider-albanske-alternative-vaselj-sinistaj.jpg","contentUrl":"http:\/\/www.visit-ulcinj.com\/blog\/wp-content\/uploads\/2008\/04\/lider-albanske-alternative-vaselj-sinistaj.jpg"},{"@type":"WebPage","@id":"https:\/\/www.visit-ulcinj.com\/blog\/2008\/04\/12\/manjinama-fale-veca-prava-kaze-sinistaj\/#webpage","url":"https:\/\/www.visit-ulcinj.com\/blog\/2008\/04\/12\/manjinama-fale-veca-prava-kaze-sinistaj\/","name":"Manjinama fale ve?a prava, ka\u017ee Sini\u0161taj - Lajme nga Ulqini","isPartOf":{"@id":"https:\/\/www.visit-ulcinj.com\/blog\/#website"},"primaryImageOfPage":{"@id":"https:\/\/www.visit-ulcinj.com\/blog\/2008\/04\/12\/manjinama-fale-veca-prava-kaze-sinistaj\/#primaryimage"},"datePublished":"2008-04-12T05:25:42+00:00","dateModified":"2008-04-12T05:25:42+00:00","author":{"@id":"https:\/\/www.visit-ulcinj.com\/blog\/#\/schema\/person\/dcab619c614d3038751c63bc2aadc06d"},"breadcrumb":{"@id":"https:\/\/www.visit-ulcinj.com\/blog\/2008\/04\/12\/manjinama-fale-veca-prava-kaze-sinistaj\/#breadcrumb"},"inLanguage":"en-US","potentialAction":[{"@type":"ReadAction","target":["https:\/\/www.visit-ulcinj.com\/blog\/2008\/04\/12\/manjinama-fale-veca-prava-kaze-sinistaj\/"]}]},{"@type":"BreadcrumbList","@id":"https:\/\/www.visit-ulcinj.com\/blog\/2008\/04\/12\/manjinama-fale-veca-prava-kaze-sinistaj\/#breadcrumb","itemListElement":[{"@type":"ListItem","position":1,"name":"Manjinama fale ve?a prava, ka\u017ee Sini\u0161taj"}]},{"@type":"Person","@id":"https:\/\/www.visit-ulcinj.com\/blog\/#\/schema\/person\/dcab619c614d3038751c63bc2aadc06d","name":"ulqini","sameAs":["http:\/\/www.visit-ulcinj.com"],"url":"https:\/\/www.visit-ulcinj.com\/blog\/author\/admin\/"}]}},"jetpack_featured_media_url":"","jetpack_sharing_enabled":true,"jetpack_shortlink":"https:\/\/wp.me\/pe6lTn-jj","_links":{"self":[{"href":"https:\/\/www.visit-ulcinj.com\/blog\/wp-json\/wp\/v2\/posts\/1197"}],"collection":[{"href":"https:\/\/www.visit-ulcinj.com\/blog\/wp-json\/wp\/v2\/posts"}],"about":[{"href":"https:\/\/www.visit-ulcinj.com\/blog\/wp-json\/wp\/v2\/types\/post"}],"author":[{"embeddable":true,"href":"https:\/\/www.visit-ulcinj.com\/blog\/wp-json\/wp\/v2\/users\/1"}],"replies":[{"embeddable":true,"href":"https:\/\/www.visit-ulcinj.com\/blog\/wp-json\/wp\/v2\/comments?post=1197"}],"version-history":[{"count":0,"href":"https:\/\/www.visit-ulcinj.com\/blog\/wp-json\/wp\/v2\/posts\/1197\/revisions"}],"wp:attachment":[{"href":"https:\/\/www.visit-ulcinj.com\/blog\/wp-json\/wp\/v2\/media?parent=1197"}],"wp:term":[{"taxonomy":"category","embeddable":true,"href":"https:\/\/www.visit-ulcinj.com\/blog\/wp-json\/wp\/v2\/categories?post=1197"},{"taxonomy":"post_tag","embeddable":true,"href":"https:\/\/www.visit-ulcinj.com\/blog\/wp-json\/wp\/v2\/tags?post=1197"}],"curies":[{"name":"wp","href":"https:\/\/api.w.org\/{rel}","templated":true}]}}