{"id":11989,"date":"2009-02-22T23:01:40","date_gmt":"2009-02-22T22:01:40","guid":{"rendered":"http:\/\/www.visit-ulcinj.com\/blog\/?p=11989"},"modified":"2009-02-22T23:01:40","modified_gmt":"2009-02-22T22:01:40","slug":"supermodelja-dorela-hysa-le-shqiperine-per-nju-jorkun","status":"publish","type":"post","link":"https:\/\/www.visit-ulcinj.com\/blog\/2009\/02\/22\/supermodelja-dorela-hysa-le-shqiperine-per-nju-jorkun\/","title":{"rendered":"Supermodelja Dorela Hysa l\u00eb Shqip\u00ebrin\u00eb p\u00ebr Nju Jorkun"},"content":{"rendered":"<p><a href=\"http:\/\/www.visit-ulcinj.com\/blog\/wp-content\/uploads\/2009\/02\/dorela-hysa.jpg\"><img loading=\"lazy\" class=\"alignleft size-full wp-image-11990\" title=\"dorela-hysa\" src=\"http:\/\/www.visit-ulcinj.com\/blog\/wp-content\/uploads\/2009\/02\/dorela-hysa.jpg\" alt=\"dorela-hysa\" width=\"570\" height=\"347\" \/><\/a>\u00cbsht\u00eb vet\u00ebm 15 vje\u00e7 dhe nuk ka frik\u00eb t\u00eb marr\u00eb iniciativa t\u00eb guximshme n\u00eb jet\u00eb, sidomos kur b\u00ebhet fjal\u00eb p\u00ebr mod\u00ebn. K\u00ebshtu ka nisur rrug\u00ebn drejt \u00ebndrr\u00ebs p\u00ebr t\u00eb shkelur pasarelat e mod\u00ebs n\u00eb bot\u00eb, Dorela Hysa. Dhe ka qen\u00eb me fat, sepse destinacioni \u00ebsht\u00eb Amerika. B\u00ebhet fjal\u00eb p\u00ebr nj\u00eb ofert\u00eb q\u00eb sapo i ka trokitur n\u00eb der\u00eb, dhe q\u00eb do t\u2019i ndryshoj\u00eb jet\u00ebn. Dorela Hysa fituesja e \u201cFord Super Model of the World Albania 2008\u201d, q\u00eb u organizua n\u00eb Tiran\u00eb m\u00eb 29 tetor 2008, ka vendosur t\u00eb l\u00ebr\u00eb Shqip\u00ebrin\u00eb n\u00eb qershor p\u00ebr t\u2019u vendosur n\u00eb Nju Jork, si\u00e7 ka pohuar vet\u00eb p\u00ebr \u201cPanorama Plus\u201d.<\/p>\n<p>Vet\u00ebm tre muaj pasi \u00ebsht\u00eb shpallur fituese e k\u00ebtij evenimenti, i kat\u00ebrti i organizuar nga \u201cTop Channel\u201d n\u00eb kujdesin e fotografit Fadil Berisha, ka marr\u00eb ofert\u00ebn nga nj\u00eb agjenci prestigjioze n\u00eb Nju Jork, kontrat\u00ebn me t\u00eb cil\u00ebn do ta lidh\u00eb n\u00eb qershor. Ende nuk b\u00ebhet publike emri i agjencis\u00eb, por Dorela e ka vendosur q\u00eb t\u00eb largohet p\u00ebr t\u00eb nisur nj\u00eb jet\u00eb t\u00eb re. Vajza bjonde, me syt\u00eb e m\u00ebdhenj jeshil, shum\u00eb \u00e7apk\u00ebne, me karakteristikat e tipareve t\u00eb fytyr\u00ebs n\u00eb mod\u00eb sot p\u00ebr preferencat e stilist\u00ebve, shpreson t\u00eb ket\u00eb sukses dhe t\u2019i ec\u00eb mbar\u00eb. Ajo aktualisht \u00ebsht\u00eb n\u00eb vitin e dyt\u00eb t\u00eb shkoll\u00ebs s\u00eb mesme \u201cPetro Nini Luarasi\u201d n\u00eb Tiran\u00eb, por pohon se pas kuror\u00ebs s\u00eb supermodeles, jeta i ka ndryshuar.<\/p>\n<p>Q\u00eb kur u shpall modelja m\u00eb e mir\u00eb, ka pasur oferta t\u00eb shumta kryesisht nga agjenci reklamash, k\u00ebshtu q\u00eb i duhet t\u00eb programoj\u00eb koh\u00ebn m\u00eb mir\u00eb. Kur fitoi \u00e7minin, ajo u shfaq shum\u00eb e impresionuar se nuk e priste, nd\u00ebrsa kishte sfiluar n\u00ebn direktivat e koreografes s\u00eb edicionit t\u00eb sivjetsh\u00ebm, Zana Krasniqi, fituesja e par\u00eb e po k\u00ebtij titulli p\u00ebr Shqip\u00ebrin\u00eb n\u00eb vitin 2005. Dorela u p\u00ebrzgjodh m\u00eb e mira mes 15 vajzave konkurrente, k\u00ebto t\u00eb zgjedhura nga 150 vajza, q\u00eb aplikuan p\u00ebr t\u00eb marr\u00eb pjes\u00eb n\u00eb konkursin e televizionit \u201cTop Channel\u201d.<\/p>\n<p><strong>PanoramaPlus<\/strong><\/p>\n<p><strong><\/p>\n<p><\/strong><\/p>\n<p><strong><!--YouTube Error: bad URL entered--><br \/>\n<\/strong><\/p>\n<p><strong><br \/>\n<\/strong><\/p>\n","protected":false},"excerpt":{"rendered":"<p>\u00cbsht\u00eb vet\u00ebm 15 vje\u00e7 dhe nuk ka frik\u00eb t\u00eb marr\u00eb iniciativa t\u00eb guximshme n\u00eb jet\u00eb, sidomos kur b\u00ebhet fjal\u00eb p\u00ebr mod\u00ebn. K\u00ebshtu ka nisur rrug\u00ebn drejt \u00ebndrr\u00ebs p\u00ebr t\u00eb shkelur pasarelat e mod\u00ebs n\u00eb bot\u00eb, Dorela Hysa. Dhe ka qen\u00eb me fat, sepse destinacioni \u00ebsht\u00eb Amerika. B\u00ebhet fjal\u00eb p\u00ebr nj\u00eb ofert\u00eb q\u00eb sapo i ka [&hellip;]<\/p>\n","protected":false},"author":1,"featured_media":0,"comment_status":"open","ping_status":"closed","sticky":false,"template":"","format":"standard","meta":{"spay_email":"","jetpack_publicize_message":"","jetpack_is_tweetstorm":false,"jetpack_publicize_feature_enabled":true},"categories":[1],"tags":[4878,7057,4882],"jetpack_publicize_connections":[],"yoast_head":"<!-- This site is optimized with the Yoast SEO plugin v19.1 - https:\/\/yoast.com\/wordpress\/plugins\/seo\/ -->\n<title>Supermodelja Dorela Hysa l\u00eb Shqip\u00ebrin\u00eb p\u00ebr Nju Jorkun - Lajme nga Ulqini<\/title>\n<meta name=\"description\" content=\"\u00cbsht\u00eb vet\u00ebm 15 vje\u00e7 dhe nuk ka frik\u00eb t\u00eb marr\u00eb iniciativa t\u00eb guximshme n\u00eb jet\u00eb, sidomos kur b\u00ebhet fjal\u00eb p\u00ebr mod\u00ebn. K\u00ebshtu ka nisur rrug\u00ebn drejt \u00ebndrr\u00ebs p\u00ebr\" \/>\n<meta name=\"robots\" content=\"index, follow, max-snippet:-1, max-image-preview:large, max-video-preview:-1\" \/>\n<link rel=\"canonical\" href=\"https:\/\/www.visit-ulcinj.com\/blog\/2009\/02\/22\/supermodelja-dorela-hysa-le-shqiperine-per-nju-jorkun\/\" \/>\n<meta property=\"og:locale\" content=\"en_US\" \/>\n<meta property=\"og:type\" content=\"article\" \/>\n<meta property=\"og:title\" content=\"Supermodelja Dorela Hysa l\u00eb Shqip\u00ebrin\u00eb p\u00ebr Nju Jorkun - Lajme nga Ulqini\" \/>\n<meta property=\"og:description\" content=\"\u00cbsht\u00eb vet\u00ebm 15 vje\u00e7 dhe nuk ka frik\u00eb t\u00eb marr\u00eb iniciativa t\u00eb guximshme n\u00eb jet\u00eb, sidomos kur b\u00ebhet fjal\u00eb p\u00ebr mod\u00ebn. K\u00ebshtu ka nisur rrug\u00ebn drejt \u00ebndrr\u00ebs p\u00ebr\" \/>\n<meta property=\"og:url\" content=\"https:\/\/www.visit-ulcinj.com\/blog\/2009\/02\/22\/supermodelja-dorela-hysa-le-shqiperine-per-nju-jorkun\/\" \/>\n<meta property=\"og:site_name\" content=\"Lajme nga Ulqini\" \/>\n<meta property=\"article:published_time\" content=\"2009-02-22T22:01:40+00:00\" \/>\n<meta property=\"og:image\" content=\"https:\/\/www.visit-ulcinj.com\/blog\/wp-content\/uploads\/2009\/02\/dorela-hysa-150x150.jpg\" \/>\n<meta name=\"twitter:label1\" content=\"Written by\" \/>\n\t<meta name=\"twitter:data1\" content=\"ulqini\" \/>\n\t<meta name=\"twitter:label2\" content=\"Est. reading time\" \/>\n\t<meta name=\"twitter:data2\" content=\"2 minutes\" \/>\n<script type=\"application\/ld+json\" class=\"yoast-schema-graph\">{\"@context\":\"https:\/\/schema.org\",\"@graph\":[{\"@type\":\"WebSite\",\"@id\":\"https:\/\/www.visit-ulcinj.com\/blog\/#website\",\"url\":\"https:\/\/www.visit-ulcinj.com\/blog\/\",\"name\":\"Lajme nga Ulqini\",\"description\":\"Lajme,Vijesti,Ulqini,Ulqin,Crna Gora,Mali i Zi\",\"potentialAction\":[{\"@type\":\"SearchAction\",\"target\":{\"@type\":\"EntryPoint\",\"urlTemplate\":\"https:\/\/www.visit-ulcinj.com\/blog\/?s={search_term_string}\"},\"query-input\":\"required name=search_term_string\"}],\"inLanguage\":\"en-US\"},{\"@type\":\"ImageObject\",\"inLanguage\":\"en-US\",\"@id\":\"https:\/\/www.visit-ulcinj.com\/blog\/2009\/02\/22\/supermodelja-dorela-hysa-le-shqiperine-per-nju-jorkun\/#primaryimage\",\"url\":\"http:\/\/www.visit-ulcinj.com\/blog\/wp-content\/uploads\/2009\/02\/dorela-hysa.jpg\",\"contentUrl\":\"http:\/\/www.visit-ulcinj.com\/blog\/wp-content\/uploads\/2009\/02\/dorela-hysa.jpg\"},{\"@type\":\"WebPage\",\"@id\":\"https:\/\/www.visit-ulcinj.com\/blog\/2009\/02\/22\/supermodelja-dorela-hysa-le-shqiperine-per-nju-jorkun\/#webpage\",\"url\":\"https:\/\/www.visit-ulcinj.com\/blog\/2009\/02\/22\/supermodelja-dorela-hysa-le-shqiperine-per-nju-jorkun\/\",\"name\":\"Supermodelja Dorela Hysa l\u00eb Shqip\u00ebrin\u00eb p\u00ebr Nju Jorkun - Lajme nga Ulqini\",\"isPartOf\":{\"@id\":\"https:\/\/www.visit-ulcinj.com\/blog\/#website\"},\"primaryImageOfPage\":{\"@id\":\"https:\/\/www.visit-ulcinj.com\/blog\/2009\/02\/22\/supermodelja-dorela-hysa-le-shqiperine-per-nju-jorkun\/#primaryimage\"},\"datePublished\":\"2009-02-22T22:01:40+00:00\",\"dateModified\":\"2009-02-22T22:01:40+00:00\",\"author\":{\"@id\":\"https:\/\/www.visit-ulcinj.com\/blog\/#\/schema\/person\/dcab619c614d3038751c63bc2aadc06d\"},\"description\":\"\u00cbsht\u00eb vet\u00ebm 15 vje\u00e7 dhe nuk ka frik\u00eb t\u00eb marr\u00eb iniciativa t\u00eb guximshme n\u00eb jet\u00eb, sidomos kur b\u00ebhet fjal\u00eb p\u00ebr mod\u00ebn. K\u00ebshtu ka nisur rrug\u00ebn drejt \u00ebndrr\u00ebs p\u00ebr\",\"breadcrumb\":{\"@id\":\"https:\/\/www.visit-ulcinj.com\/blog\/2009\/02\/22\/supermodelja-dorela-hysa-le-shqiperine-per-nju-jorkun\/#breadcrumb\"},\"inLanguage\":\"en-US\",\"potentialAction\":[{\"@type\":\"ReadAction\",\"target\":[\"https:\/\/www.visit-ulcinj.com\/blog\/2009\/02\/22\/supermodelja-dorela-hysa-le-shqiperine-per-nju-jorkun\/\"]}]},{\"@type\":\"BreadcrumbList\",\"@id\":\"https:\/\/www.visit-ulcinj.com\/blog\/2009\/02\/22\/supermodelja-dorela-hysa-le-shqiperine-per-nju-jorkun\/#breadcrumb\",\"itemListElement\":[{\"@type\":\"ListItem\",\"position\":1,\"name\":\"Supermodelja Dorela Hysa l\u00eb Shqip\u00ebrin\u00eb p\u00ebr Nju Jorkun\"}]},{\"@type\":\"Person\",\"@id\":\"https:\/\/www.visit-ulcinj.com\/blog\/#\/schema\/person\/dcab619c614d3038751c63bc2aadc06d\",\"name\":\"ulqini\",\"sameAs\":[\"http:\/\/www.visit-ulcinj.com\"],\"url\":\"https:\/\/www.visit-ulcinj.com\/blog\/author\/admin\/\"}]}<\/script>\n<!-- \/ Yoast SEO plugin. -->","yoast_head_json":{"title":"Supermodelja Dorela Hysa l\u00eb Shqip\u00ebrin\u00eb p\u00ebr Nju Jorkun - Lajme nga Ulqini","description":"\u00cbsht\u00eb vet\u00ebm 15 vje\u00e7 dhe nuk ka frik\u00eb t\u00eb marr\u00eb iniciativa t\u00eb guximshme n\u00eb jet\u00eb, sidomos kur b\u00ebhet fjal\u00eb p\u00ebr mod\u00ebn. K\u00ebshtu ka nisur rrug\u00ebn drejt \u00ebndrr\u00ebs p\u00ebr","robots":{"index":"index","follow":"follow","max-snippet":"max-snippet:-1","max-image-preview":"max-image-preview:large","max-video-preview":"max-video-preview:-1"},"canonical":"https:\/\/www.visit-ulcinj.com\/blog\/2009\/02\/22\/supermodelja-dorela-hysa-le-shqiperine-per-nju-jorkun\/","og_locale":"en_US","og_type":"article","og_title":"Supermodelja Dorela Hysa l\u00eb Shqip\u00ebrin\u00eb p\u00ebr Nju Jorkun - Lajme nga Ulqini","og_description":"\u00cbsht\u00eb vet\u00ebm 15 vje\u00e7 dhe nuk ka frik\u00eb t\u00eb marr\u00eb iniciativa t\u00eb guximshme n\u00eb jet\u00eb, sidomos kur b\u00ebhet fjal\u00eb p\u00ebr mod\u00ebn. K\u00ebshtu ka nisur rrug\u00ebn drejt \u00ebndrr\u00ebs p\u00ebr","og_url":"https:\/\/www.visit-ulcinj.com\/blog\/2009\/02\/22\/supermodelja-dorela-hysa-le-shqiperine-per-nju-jorkun\/","og_site_name":"Lajme nga Ulqini","article_published_time":"2009-02-22T22:01:40+00:00","og_image":[{"url":"https:\/\/www.visit-ulcinj.com\/blog\/wp-content\/uploads\/2009\/02\/dorela-hysa-150x150.jpg"}],"twitter_misc":{"Written by":"ulqini","Est. reading time":"2 minutes"},"schema":{"@context":"https:\/\/schema.org","@graph":[{"@type":"WebSite","@id":"https:\/\/www.visit-ulcinj.com\/blog\/#website","url":"https:\/\/www.visit-ulcinj.com\/blog\/","name":"Lajme nga Ulqini","description":"Lajme,Vijesti,Ulqini,Ulqin,Crna Gora,Mali i Zi","potentialAction":[{"@type":"SearchAction","target":{"@type":"EntryPoint","urlTemplate":"https:\/\/www.visit-ulcinj.com\/blog\/?s={search_term_string}"},"query-input":"required name=search_term_string"}],"inLanguage":"en-US"},{"@type":"ImageObject","inLanguage":"en-US","@id":"https:\/\/www.visit-ulcinj.com\/blog\/2009\/02\/22\/supermodelja-dorela-hysa-le-shqiperine-per-nju-jorkun\/#primaryimage","url":"http:\/\/www.visit-ulcinj.com\/blog\/wp-content\/uploads\/2009\/02\/dorela-hysa.jpg","contentUrl":"http:\/\/www.visit-ulcinj.com\/blog\/wp-content\/uploads\/2009\/02\/dorela-hysa.jpg"},{"@type":"WebPage","@id":"https:\/\/www.visit-ulcinj.com\/blog\/2009\/02\/22\/supermodelja-dorela-hysa-le-shqiperine-per-nju-jorkun\/#webpage","url":"https:\/\/www.visit-ulcinj.com\/blog\/2009\/02\/22\/supermodelja-dorela-hysa-le-shqiperine-per-nju-jorkun\/","name":"Supermodelja Dorela Hysa l\u00eb Shqip\u00ebrin\u00eb p\u00ebr Nju Jorkun - Lajme nga Ulqini","isPartOf":{"@id":"https:\/\/www.visit-ulcinj.com\/blog\/#website"},"primaryImageOfPage":{"@id":"https:\/\/www.visit-ulcinj.com\/blog\/2009\/02\/22\/supermodelja-dorela-hysa-le-shqiperine-per-nju-jorkun\/#primaryimage"},"datePublished":"2009-02-22T22:01:40+00:00","dateModified":"2009-02-22T22:01:40+00:00","author":{"@id":"https:\/\/www.visit-ulcinj.com\/blog\/#\/schema\/person\/dcab619c614d3038751c63bc2aadc06d"},"description":"\u00cbsht\u00eb vet\u00ebm 15 vje\u00e7 dhe nuk ka frik\u00eb t\u00eb marr\u00eb iniciativa t\u00eb guximshme n\u00eb jet\u00eb, sidomos kur b\u00ebhet fjal\u00eb p\u00ebr mod\u00ebn. K\u00ebshtu ka nisur rrug\u00ebn drejt \u00ebndrr\u00ebs p\u00ebr","breadcrumb":{"@id":"https:\/\/www.visit-ulcinj.com\/blog\/2009\/02\/22\/supermodelja-dorela-hysa-le-shqiperine-per-nju-jorkun\/#breadcrumb"},"inLanguage":"en-US","potentialAction":[{"@type":"ReadAction","target":["https:\/\/www.visit-ulcinj.com\/blog\/2009\/02\/22\/supermodelja-dorela-hysa-le-shqiperine-per-nju-jorkun\/"]}]},{"@type":"BreadcrumbList","@id":"https:\/\/www.visit-ulcinj.com\/blog\/2009\/02\/22\/supermodelja-dorela-hysa-le-shqiperine-per-nju-jorkun\/#breadcrumb","itemListElement":[{"@type":"ListItem","position":1,"name":"Supermodelja Dorela Hysa l\u00eb Shqip\u00ebrin\u00eb p\u00ebr Nju Jorkun"}]},{"@type":"Person","@id":"https:\/\/www.visit-ulcinj.com\/blog\/#\/schema\/person\/dcab619c614d3038751c63bc2aadc06d","name":"ulqini","sameAs":["http:\/\/www.visit-ulcinj.com"],"url":"https:\/\/www.visit-ulcinj.com\/blog\/author\/admin\/"}]}},"jetpack_featured_media_url":"","jetpack_sharing_enabled":true,"jetpack_shortlink":"https:\/\/wp.me\/pe6lTn-37n","_links":{"self":[{"href":"https:\/\/www.visit-ulcinj.com\/blog\/wp-json\/wp\/v2\/posts\/11989"}],"collection":[{"href":"https:\/\/www.visit-ulcinj.com\/blog\/wp-json\/wp\/v2\/posts"}],"about":[{"href":"https:\/\/www.visit-ulcinj.com\/blog\/wp-json\/wp\/v2\/types\/post"}],"author":[{"embeddable":true,"href":"https:\/\/www.visit-ulcinj.com\/blog\/wp-json\/wp\/v2\/users\/1"}],"replies":[{"embeddable":true,"href":"https:\/\/www.visit-ulcinj.com\/blog\/wp-json\/wp\/v2\/comments?post=11989"}],"version-history":[{"count":0,"href":"https:\/\/www.visit-ulcinj.com\/blog\/wp-json\/wp\/v2\/posts\/11989\/revisions"}],"wp:attachment":[{"href":"https:\/\/www.visit-ulcinj.com\/blog\/wp-json\/wp\/v2\/media?parent=11989"}],"wp:term":[{"taxonomy":"category","embeddable":true,"href":"https:\/\/www.visit-ulcinj.com\/blog\/wp-json\/wp\/v2\/categories?post=11989"},{"taxonomy":"post_tag","embeddable":true,"href":"https:\/\/www.visit-ulcinj.com\/blog\/wp-json\/wp\/v2\/tags?post=11989"}],"curies":[{"name":"wp","href":"https:\/\/api.w.org\/{rel}","templated":true}]}}