{"id":12,"date":"2008-01-02T12:37:15","date_gmt":"2008-01-02T17:37:15","guid":{"rendered":"http:\/\/www.visit-ulcinj.com\/blog\/2008\/01\/02\/ulqini-me-mega-spektakel-pret-nderrimin-e-moteve\/"},"modified":"2008-02-12T17:59:51","modified_gmt":"2008-02-12T22:59:51","slug":"ulqini-me-mega-spektakel-pret-nderrimin-e-moteve","status":"publish","type":"post","link":"https:\/\/www.visit-ulcinj.com\/blog\/2008\/01\/02\/ulqini-me-mega-spektakel-pret-nderrimin-e-moteve\/","title":{"rendered":"Ulqini me mega-spektak\u00ebl pret nd\u00ebrrimin e moteve"},"content":{"rendered":"<p><strong><span style=\"font-size: 10pt; font-family: 'Arial','sans-serif'\"><img loading=\"lazy\" src=\"http:\/\/s271.photobucket.com\/albums\/jj129\/ulqin\/th_gzimi.jpg\" align=\"left\" border=\"0\" height=\"144\" hspace=\"2\" vspace=\"2\" width=\"108\" \/>Pritja e Vitit t\u00eb Ri n\u00eb Ulqin<\/span><\/strong><\/p>\n<p><strong><span style=\"font-size: 10pt; font-family: 'Arial','sans-serif'\"><\/span><\/strong><span style=\"font-size: 10pt; font-family: 'Arial','sans-serif'\">Pritja e Vitit t\u00eb Ri n\u00eb sheshet e qyteteve tashm\u00eb \u00ebsht\u00eb b\u00ebr\u00eb tradicionale p\u00ebr metropolet evropiane, por k\u00ebt\u00eb vit, n\u00ebn patronatin e Komun\u00ebs s\u00eb Ulqinit, nj\u00eb pritje e till\u00eb do t\u00eb organizohet edhe n\u00eb Ulqin. Me nj\u00eb mega-koncert edhe ulqinak\u00ebt kan\u00eb vendosur q\u00eb t\u00eb p\u00ebrsh\u00ebndeten me t\u00eb vjetrin dhe t\u00eb presin Vitin e Ri n\u00eb ambient t\u00eb hapur.<\/span><span style=\"font-size: 10pt; font-family: 'Arial','sans-serif'\"><a href=\"http:\/\/www.gom.cg.yu\/img\/1112966523.jpg\" target=\"_top\"><\/a><span style=\"font-size: 10pt; font-family: 'Arial','sans-serif'\"><a href=\"http:\/\/www.gom.cg.yu\/img\/1112966523.jpg\" target=\"_top\"><\/a>Kryetari i Ulqinit,<\/span> G\u00ebzim Hajdinaga, ka deklaruar se, \u201cpo nd\u00ebrtojm\u00eb Ulqinin evropian ashtu si\u00e7 edhe kemi <!--more-->premtuar n\u00eb fushat\u00ebn elektorale\u201d.\u201cPrandaj jo vet\u00ebm investimet n\u00eb infrastruktur\u00eb dhe nd\u00ebrtimi i objekteve jan\u00eb pjes\u00eb e \u2018Ulqinit evropian\u2019, por edhe investimet n\u00eb kultur\u00eb, duke p\u00ebrmendur se tashm\u00eb \u00ebsht\u00eb b\u00ebr\u00eb tradicionale q\u00eb \u00e7do vit t\u00eb organizohet Skena verore, Panairi i librit, festivali i k\u00ebng\u00ebs p\u00ebr f\u00ebmije e pse jo edhe nd\u00ebrrimi i motmotit\u201d, ka th\u00ebn\u00eb Hajdinaga p\u00ebr Telegrafin..o\u201cP\u00ebr pritjen e Vitit t\u00eb Ri p\u00ebrfshire stolisjen e qytetit, si dhe spektaklin, jan\u00eb ndar\u00eb rreth 65.000 euro, mjete k\u00ebto q\u00eb nuk do r\u00ebndojn\u00eb shum\u00eb buxhetin e Komun\u00ebs, fal\u00eb donacioneve\u201d, ka shpjeguar Hajdinaga.Gili, Edona Llalloshi, Zanfina Ismaili, Bertan Asllani, Shpat Kasapi dhe Ksenija Paj\u00e7in jan\u00eb yjet e muzik\u00ebs q\u00eb do kujdesen p\u00ebr atmosfer\u00ebn e pritjes s\u00eb Vitit t\u00eb Ri n\u00eb Plazhin e vog\u00ebl.Hajdinaga i ka ftuar t\u00eb gjith\u00eb qytetar\u00ebt pa dallim n\u00eb ngjyrat politike \u2013 \u201cq\u00eb t\u00eb bashkuar dhe t\u00eb buz\u00ebqeshur t\u00eb presin Vitin e Ri 2008\u201d.N\u00eb fund Hajdinaga p\u00ebr Telegrafin ka th\u00ebn\u00eb se, ftesa p\u00ebr t\u2019u bashkuar n\u00eb pritjen e Vitit t\u00eb Ri &#8211; nuk u adresohet vet\u00ebm qytetar\u00ebve t\u00eb Ulqinit &#8211; por t\u00eb gjith\u00ebve duke p\u00ebrmendur se Ulqini \u00ebsht\u00eb qyteti i tradit\u00ebs dhe i mikpritjes.<\/span><\/p>\n<p><span style=\"font-size: 10pt; font-family: 'Arial','sans-serif'\"><o:p><\/o:p><\/span><em><span style=\"font-size: 10pt; font-family: 'Arial','sans-serif'\"><span style=\"font-size: 10pt; font-family: 'Arial','sans-serif'\">G\u00ebzim Ibro\u00e7i<\/span><br \/>\n<\/span><\/em><span style=\"font-size: 10pt; font-family: 'Arial','sans-serif'\"><br \/>\nhttp:\/\/www.telegrafi.com\/<o:p><\/o:p><\/span><\/p>\n<p align=\"justify\">&nbsp;<\/p>\n","protected":false},"excerpt":{"rendered":"<p><img loading=\"lazy\" src=\"http:\/\/s271.photobucket.com\/albums\/jj129\/ulqin\/th_gzimi.jpg\" alt=\"Gzime\" height=\"140\" width=\"140\" \/><\/p>\n","protected":false},"author":1,"featured_media":0,"comment_status":"open","ping_status":"closed","sticky":false,"template":"","format":"standard","meta":{"spay_email":"","jetpack_publicize_message":"","jetpack_is_tweetstorm":false,"jetpack_publicize_feature_enabled":true},"categories":[1],"tags":[1160,226,224,222,220,223,229,228,362,95,227,221,200,18,359,230,225],"jetpack_publicize_connections":[],"yoast_head":"<!-- This site is optimized with the Yoast SEO plugin v19.1 - https:\/\/yoast.com\/wordpress\/plugins\/seo\/ -->\n<title>Ulqini me mega-spektak\u00ebl pret nd\u00ebrrimin e moteve - Lajme nga Ulqini<\/title>\n<meta name=\"robots\" content=\"index, follow, max-snippet:-1, max-image-preview:large, max-video-preview:-1\" \/>\n<link rel=\"canonical\" href=\"https:\/\/www.visit-ulcinj.com\/blog\/2008\/01\/02\/ulqini-me-mega-spektakel-pret-nderrimin-e-moteve\/\" \/>\n<meta property=\"og:locale\" content=\"en_US\" \/>\n<meta property=\"og:type\" content=\"article\" \/>\n<meta property=\"og:title\" content=\"Ulqini me mega-spektak\u00ebl pret nd\u00ebrrimin e moteve - Lajme nga Ulqini\" \/>\n<meta property=\"og:url\" content=\"https:\/\/www.visit-ulcinj.com\/blog\/2008\/01\/02\/ulqini-me-mega-spektakel-pret-nderrimin-e-moteve\/\" \/>\n<meta property=\"og:site_name\" content=\"Lajme nga Ulqini\" \/>\n<meta property=\"article:published_time\" content=\"2008-01-02T17:37:15+00:00\" \/>\n<meta property=\"article:modified_time\" content=\"2008-02-12T22:59:51+00:00\" \/>\n<meta property=\"og:image\" content=\"http:\/\/s271.photobucket.com\/albums\/jj129\/ulqin\/th_gzimi.jpg\" \/>\n<meta name=\"twitter:label1\" content=\"Written by\" \/>\n\t<meta name=\"twitter:data1\" content=\"ulqini\" \/>\n\t<meta name=\"twitter:label2\" content=\"Est. reading time\" \/>\n\t<meta name=\"twitter:data2\" content=\"2 minutes\" \/>\n<script type=\"application\/ld+json\" class=\"yoast-schema-graph\">{\"@context\":\"https:\/\/schema.org\",\"@graph\":[{\"@type\":\"WebSite\",\"@id\":\"https:\/\/www.visit-ulcinj.com\/blog\/#website\",\"url\":\"https:\/\/www.visit-ulcinj.com\/blog\/\",\"name\":\"Lajme nga Ulqini\",\"description\":\"Lajme,Vijesti,Ulqini,Ulqin,Crna Gora,Mali i Zi\",\"potentialAction\":[{\"@type\":\"SearchAction\",\"target\":{\"@type\":\"EntryPoint\",\"urlTemplate\":\"https:\/\/www.visit-ulcinj.com\/blog\/?s={search_term_string}\"},\"query-input\":\"required name=search_term_string\"}],\"inLanguage\":\"en-US\"},{\"@type\":\"ImageObject\",\"inLanguage\":\"en-US\",\"@id\":\"https:\/\/www.visit-ulcinj.com\/blog\/2008\/01\/02\/ulqini-me-mega-spektakel-pret-nderrimin-e-moteve\/#primaryimage\",\"url\":\"http:\/\/s271.photobucket.com\/albums\/jj129\/ulqin\/th_gzimi.jpg\",\"contentUrl\":\"http:\/\/s271.photobucket.com\/albums\/jj129\/ulqin\/th_gzimi.jpg\"},{\"@type\":\"WebPage\",\"@id\":\"https:\/\/www.visit-ulcinj.com\/blog\/2008\/01\/02\/ulqini-me-mega-spektakel-pret-nderrimin-e-moteve\/#webpage\",\"url\":\"https:\/\/www.visit-ulcinj.com\/blog\/2008\/01\/02\/ulqini-me-mega-spektakel-pret-nderrimin-e-moteve\/\",\"name\":\"Ulqini me mega-spektak\u00ebl pret nd\u00ebrrimin e moteve - Lajme nga Ulqini\",\"isPartOf\":{\"@id\":\"https:\/\/www.visit-ulcinj.com\/blog\/#website\"},\"primaryImageOfPage\":{\"@id\":\"https:\/\/www.visit-ulcinj.com\/blog\/2008\/01\/02\/ulqini-me-mega-spektakel-pret-nderrimin-e-moteve\/#primaryimage\"},\"datePublished\":\"2008-01-02T17:37:15+00:00\",\"dateModified\":\"2008-02-12T22:59:51+00:00\",\"author\":{\"@id\":\"https:\/\/www.visit-ulcinj.com\/blog\/#\/schema\/person\/dcab619c614d3038751c63bc2aadc06d\"},\"breadcrumb\":{\"@id\":\"https:\/\/www.visit-ulcinj.com\/blog\/2008\/01\/02\/ulqini-me-mega-spektakel-pret-nderrimin-e-moteve\/#breadcrumb\"},\"inLanguage\":\"en-US\",\"potentialAction\":[{\"@type\":\"ReadAction\",\"target\":[\"https:\/\/www.visit-ulcinj.com\/blog\/2008\/01\/02\/ulqini-me-mega-spektakel-pret-nderrimin-e-moteve\/\"]}]},{\"@type\":\"BreadcrumbList\",\"@id\":\"https:\/\/www.visit-ulcinj.com\/blog\/2008\/01\/02\/ulqini-me-mega-spektakel-pret-nderrimin-e-moteve\/#breadcrumb\",\"itemListElement\":[{\"@type\":\"ListItem\",\"position\":1,\"name\":\"Ulqini me mega-spektak\u00ebl pret nd\u00ebrrimin e moteve\"}]},{\"@type\":\"Person\",\"@id\":\"https:\/\/www.visit-ulcinj.com\/blog\/#\/schema\/person\/dcab619c614d3038751c63bc2aadc06d\",\"name\":\"ulqini\",\"sameAs\":[\"http:\/\/www.visit-ulcinj.com\"],\"url\":\"https:\/\/www.visit-ulcinj.com\/blog\/author\/admin\/\"}]}<\/script>\n<!-- \/ Yoast SEO plugin. -->","yoast_head_json":{"title":"Ulqini me mega-spektak\u00ebl pret nd\u00ebrrimin e moteve - Lajme nga Ulqini","robots":{"index":"index","follow":"follow","max-snippet":"max-snippet:-1","max-image-preview":"max-image-preview:large","max-video-preview":"max-video-preview:-1"},"canonical":"https:\/\/www.visit-ulcinj.com\/blog\/2008\/01\/02\/ulqini-me-mega-spektakel-pret-nderrimin-e-moteve\/","og_locale":"en_US","og_type":"article","og_title":"Ulqini me mega-spektak\u00ebl pret nd\u00ebrrimin e moteve - Lajme nga Ulqini","og_url":"https:\/\/www.visit-ulcinj.com\/blog\/2008\/01\/02\/ulqini-me-mega-spektakel-pret-nderrimin-e-moteve\/","og_site_name":"Lajme nga Ulqini","article_published_time":"2008-01-02T17:37:15+00:00","article_modified_time":"2008-02-12T22:59:51+00:00","og_image":[{"url":"http:\/\/s271.photobucket.com\/albums\/jj129\/ulqin\/th_gzimi.jpg"}],"twitter_misc":{"Written by":"ulqini","Est. reading time":"2 minutes"},"schema":{"@context":"https:\/\/schema.org","@graph":[{"@type":"WebSite","@id":"https:\/\/www.visit-ulcinj.com\/blog\/#website","url":"https:\/\/www.visit-ulcinj.com\/blog\/","name":"Lajme nga Ulqini","description":"Lajme,Vijesti,Ulqini,Ulqin,Crna Gora,Mali i Zi","potentialAction":[{"@type":"SearchAction","target":{"@type":"EntryPoint","urlTemplate":"https:\/\/www.visit-ulcinj.com\/blog\/?s={search_term_string}"},"query-input":"required name=search_term_string"}],"inLanguage":"en-US"},{"@type":"ImageObject","inLanguage":"en-US","@id":"https:\/\/www.visit-ulcinj.com\/blog\/2008\/01\/02\/ulqini-me-mega-spektakel-pret-nderrimin-e-moteve\/#primaryimage","url":"http:\/\/s271.photobucket.com\/albums\/jj129\/ulqin\/th_gzimi.jpg","contentUrl":"http:\/\/s271.photobucket.com\/albums\/jj129\/ulqin\/th_gzimi.jpg"},{"@type":"WebPage","@id":"https:\/\/www.visit-ulcinj.com\/blog\/2008\/01\/02\/ulqini-me-mega-spektakel-pret-nderrimin-e-moteve\/#webpage","url":"https:\/\/www.visit-ulcinj.com\/blog\/2008\/01\/02\/ulqini-me-mega-spektakel-pret-nderrimin-e-moteve\/","name":"Ulqini me mega-spektak\u00ebl pret nd\u00ebrrimin e moteve - Lajme nga Ulqini","isPartOf":{"@id":"https:\/\/www.visit-ulcinj.com\/blog\/#website"},"primaryImageOfPage":{"@id":"https:\/\/www.visit-ulcinj.com\/blog\/2008\/01\/02\/ulqini-me-mega-spektakel-pret-nderrimin-e-moteve\/#primaryimage"},"datePublished":"2008-01-02T17:37:15+00:00","dateModified":"2008-02-12T22:59:51+00:00","author":{"@id":"https:\/\/www.visit-ulcinj.com\/blog\/#\/schema\/person\/dcab619c614d3038751c63bc2aadc06d"},"breadcrumb":{"@id":"https:\/\/www.visit-ulcinj.com\/blog\/2008\/01\/02\/ulqini-me-mega-spektakel-pret-nderrimin-e-moteve\/#breadcrumb"},"inLanguage":"en-US","potentialAction":[{"@type":"ReadAction","target":["https:\/\/www.visit-ulcinj.com\/blog\/2008\/01\/02\/ulqini-me-mega-spektakel-pret-nderrimin-e-moteve\/"]}]},{"@type":"BreadcrumbList","@id":"https:\/\/www.visit-ulcinj.com\/blog\/2008\/01\/02\/ulqini-me-mega-spektakel-pret-nderrimin-e-moteve\/#breadcrumb","itemListElement":[{"@type":"ListItem","position":1,"name":"Ulqini me mega-spektak\u00ebl pret nd\u00ebrrimin e moteve"}]},{"@type":"Person","@id":"https:\/\/www.visit-ulcinj.com\/blog\/#\/schema\/person\/dcab619c614d3038751c63bc2aadc06d","name":"ulqini","sameAs":["http:\/\/www.visit-ulcinj.com"],"url":"https:\/\/www.visit-ulcinj.com\/blog\/author\/admin\/"}]}},"jetpack_featured_media_url":"","jetpack_sharing_enabled":true,"jetpack_shortlink":"https:\/\/wp.me\/pe6lTn-c","_links":{"self":[{"href":"https:\/\/www.visit-ulcinj.com\/blog\/wp-json\/wp\/v2\/posts\/12"}],"collection":[{"href":"https:\/\/www.visit-ulcinj.com\/blog\/wp-json\/wp\/v2\/posts"}],"about":[{"href":"https:\/\/www.visit-ulcinj.com\/blog\/wp-json\/wp\/v2\/types\/post"}],"author":[{"embeddable":true,"href":"https:\/\/www.visit-ulcinj.com\/blog\/wp-json\/wp\/v2\/users\/1"}],"replies":[{"embeddable":true,"href":"https:\/\/www.visit-ulcinj.com\/blog\/wp-json\/wp\/v2\/comments?post=12"}],"version-history":[{"count":0,"href":"https:\/\/www.visit-ulcinj.com\/blog\/wp-json\/wp\/v2\/posts\/12\/revisions"}],"wp:attachment":[{"href":"https:\/\/www.visit-ulcinj.com\/blog\/wp-json\/wp\/v2\/media?parent=12"}],"wp:term":[{"taxonomy":"category","embeddable":true,"href":"https:\/\/www.visit-ulcinj.com\/blog\/wp-json\/wp\/v2\/categories?post=12"},{"taxonomy":"post_tag","embeddable":true,"href":"https:\/\/www.visit-ulcinj.com\/blog\/wp-json\/wp\/v2\/tags?post=12"}],"curies":[{"name":"wp","href":"https:\/\/api.w.org\/{rel}","templated":true}]}}