{"id":120,"date":"2008-01-10T14:24:13","date_gmt":"2008-01-10T19:24:13","guid":{"rendered":"http:\/\/www.visit-ulcinj.com\/blog\/2008\/01\/10\/crna-gora-protiv-masovnog-turizma\/"},"modified":"2008-02-12T18:25:09","modified_gmt":"2008-02-12T23:25:09","slug":"crna-gora-protiv-masovnog-turizma","status":"publish","type":"post","link":"https:\/\/www.visit-ulcinj.com\/blog\/2008\/01\/10\/crna-gora-protiv-masovnog-turizma\/","title":{"rendered":"Crna Gora: Protiv masovnog turizma"},"content":{"rendered":"<p><img loading=\"lazy\" src=\"http:\/\/www.visit-ulcinj.com\/blog\/wp-content\/uploads\/2008\/01\/ulcinj-city-beach.jpg\" align=\"left\" height=\"166\" hspace=\"1\" vspace=\"1\" width=\"259\" \/>Iako je prema broju no?enja, posjeti i finansijskim podacima protekla godina bila najbolja u posljednjih 15, ona je pokazala i odre?ene nedostatke u turisti?koj ponudi Crne Gore, prvensteno kada je u pitanju infrastruktura &#8211; ocijenili su iz Crnogorskog turisti?kog udru\u017eenja (CTU).<!--more--><br \/>\n&#8220;Svi segmenti infrastrukture bili su optere?eni od putne do sistema vodosnabdijevanja i regulacije otpadnih voda. Ovakva situacija potvrdila je da Crna Gora ne mo\u017ee i ne smije biti koncipirana kao destinacija masovnog turizma&#8221; kazao je predsjednik CTU Predrag Jelu\u0161i? agenciji Mina-business. On je rekao da prostor kao osnovni resurs ne mo\u017ee biti optere?en velikom koncentracijom gostiju u kratkom periodu.<br \/>\nPrema mi\u0161ljenju Jelu\u0161i?a, za narednu i sljede?e sezone mora se osmisliti na?in segmentiranog iniciranja tra\u017enje u razli?itim periodima sezone kako bi se &#8220;amplituda sezonskog optere?enja \u0161pica od nekih \u0161est sedmica ispeglala i produ\u017eila na ne\u0161to du\u017ei period ravnomjernijeg optere?enja od na primjer 180 dana&#8221;.<br \/>\n&#8220;Vjerujem da se vrlo mali broj gostiju u avgustu u Budvi, bez obzira u kom vidu smje\u0161taja su boravili, osje?ao udobno uzimaju?i u obzir ukupni do\u017eivljaj destinacije u tom trenutku&#8221; naveo je Jelu\u0161i?.<\/p>\n","protected":false},"excerpt":{"rendered":"<p><img loading=\"lazy\" src=\"http:\/\/www.visit-ulcinj.com\/blog\/wp-content\/uploads\/2008\/01\/ulcinj-city-beach.jpg\" alt=\"Ulcinj City Beach\" height=\"140\"  width=\"140\" \/><\/p>\n","protected":false},"author":1,"featured_media":0,"comment_status":"open","ping_status":"closed","sticky":false,"template":"","format":"standard","meta":{"spay_email":"","jetpack_publicize_message":"","jetpack_is_tweetstorm":false,"jetpack_publicize_feature_enabled":true},"categories":[15],"tags":[1197,1196,21,20,25,23,22,24,19,359],"jetpack_publicize_connections":[],"yoast_head":"<!-- This site is optimized with the Yoast SEO plugin v19.1 - https:\/\/yoast.com\/wordpress\/plugins\/seo\/ -->\n<title>Crna Gora: Protiv masovnog turizma - Lajme nga Ulqini<\/title>\n<meta name=\"robots\" content=\"index, follow, max-snippet:-1, max-image-preview:large, max-video-preview:-1\" \/>\n<link rel=\"canonical\" href=\"https:\/\/www.visit-ulcinj.com\/blog\/2008\/01\/10\/crna-gora-protiv-masovnog-turizma\/\" \/>\n<meta property=\"og:locale\" content=\"en_US\" \/>\n<meta property=\"og:type\" content=\"article\" \/>\n<meta property=\"og:title\" content=\"Crna Gora: Protiv masovnog turizma - Lajme nga Ulqini\" \/>\n<meta property=\"og:url\" content=\"https:\/\/www.visit-ulcinj.com\/blog\/2008\/01\/10\/crna-gora-protiv-masovnog-turizma\/\" \/>\n<meta property=\"og:site_name\" content=\"Lajme nga Ulqini\" \/>\n<meta property=\"article:published_time\" content=\"2008-01-10T19:24:13+00:00\" \/>\n<meta property=\"article:modified_time\" content=\"2008-02-12T23:25:09+00:00\" \/>\n<meta property=\"og:image\" content=\"http:\/\/www.visit-ulcinj.com\/blog\/wp-content\/uploads\/2008\/01\/ulcinj-city-beach.jpg\" \/>\n<meta name=\"twitter:label1\" content=\"Written by\" \/>\n\t<meta name=\"twitter:data1\" content=\"ulqini\" \/>\n\t<meta name=\"twitter:label2\" content=\"Est. reading time\" \/>\n\t<meta name=\"twitter:data2\" content=\"1 minute\" \/>\n<script type=\"application\/ld+json\" class=\"yoast-schema-graph\">{\"@context\":\"https:\/\/schema.org\",\"@graph\":[{\"@type\":\"WebSite\",\"@id\":\"https:\/\/www.visit-ulcinj.com\/blog\/#website\",\"url\":\"https:\/\/www.visit-ulcinj.com\/blog\/\",\"name\":\"Lajme nga Ulqini\",\"description\":\"Lajme,Vijesti,Ulqini,Ulqin,Crna Gora,Mali i Zi\",\"potentialAction\":[{\"@type\":\"SearchAction\",\"target\":{\"@type\":\"EntryPoint\",\"urlTemplate\":\"https:\/\/www.visit-ulcinj.com\/blog\/?s={search_term_string}\"},\"query-input\":\"required name=search_term_string\"}],\"inLanguage\":\"en-US\"},{\"@type\":\"ImageObject\",\"inLanguage\":\"en-US\",\"@id\":\"https:\/\/www.visit-ulcinj.com\/blog\/2008\/01\/10\/crna-gora-protiv-masovnog-turizma\/#primaryimage\",\"url\":\"http:\/\/www.visit-ulcinj.com\/blog\/wp-content\/uploads\/2008\/01\/ulcinj-city-beach.jpg\",\"contentUrl\":\"http:\/\/www.visit-ulcinj.com\/blog\/wp-content\/uploads\/2008\/01\/ulcinj-city-beach.jpg\"},{\"@type\":\"WebPage\",\"@id\":\"https:\/\/www.visit-ulcinj.com\/blog\/2008\/01\/10\/crna-gora-protiv-masovnog-turizma\/#webpage\",\"url\":\"https:\/\/www.visit-ulcinj.com\/blog\/2008\/01\/10\/crna-gora-protiv-masovnog-turizma\/\",\"name\":\"Crna Gora: Protiv masovnog turizma - Lajme nga Ulqini\",\"isPartOf\":{\"@id\":\"https:\/\/www.visit-ulcinj.com\/blog\/#website\"},\"primaryImageOfPage\":{\"@id\":\"https:\/\/www.visit-ulcinj.com\/blog\/2008\/01\/10\/crna-gora-protiv-masovnog-turizma\/#primaryimage\"},\"datePublished\":\"2008-01-10T19:24:13+00:00\",\"dateModified\":\"2008-02-12T23:25:09+00:00\",\"author\":{\"@id\":\"https:\/\/www.visit-ulcinj.com\/blog\/#\/schema\/person\/dcab619c614d3038751c63bc2aadc06d\"},\"breadcrumb\":{\"@id\":\"https:\/\/www.visit-ulcinj.com\/blog\/2008\/01\/10\/crna-gora-protiv-masovnog-turizma\/#breadcrumb\"},\"inLanguage\":\"en-US\",\"potentialAction\":[{\"@type\":\"ReadAction\",\"target\":[\"https:\/\/www.visit-ulcinj.com\/blog\/2008\/01\/10\/crna-gora-protiv-masovnog-turizma\/\"]}]},{\"@type\":\"BreadcrumbList\",\"@id\":\"https:\/\/www.visit-ulcinj.com\/blog\/2008\/01\/10\/crna-gora-protiv-masovnog-turizma\/#breadcrumb\",\"itemListElement\":[{\"@type\":\"ListItem\",\"position\":1,\"name\":\"Crna Gora: Protiv masovnog turizma\"}]},{\"@type\":\"Person\",\"@id\":\"https:\/\/www.visit-ulcinj.com\/blog\/#\/schema\/person\/dcab619c614d3038751c63bc2aadc06d\",\"name\":\"ulqini\",\"sameAs\":[\"http:\/\/www.visit-ulcinj.com\"],\"url\":\"https:\/\/www.visit-ulcinj.com\/blog\/author\/admin\/\"}]}<\/script>\n<!-- \/ Yoast SEO plugin. -->","yoast_head_json":{"title":"Crna Gora: Protiv masovnog turizma - Lajme nga Ulqini","robots":{"index":"index","follow":"follow","max-snippet":"max-snippet:-1","max-image-preview":"max-image-preview:large","max-video-preview":"max-video-preview:-1"},"canonical":"https:\/\/www.visit-ulcinj.com\/blog\/2008\/01\/10\/crna-gora-protiv-masovnog-turizma\/","og_locale":"en_US","og_type":"article","og_title":"Crna Gora: Protiv masovnog turizma - Lajme nga Ulqini","og_url":"https:\/\/www.visit-ulcinj.com\/blog\/2008\/01\/10\/crna-gora-protiv-masovnog-turizma\/","og_site_name":"Lajme nga Ulqini","article_published_time":"2008-01-10T19:24:13+00:00","article_modified_time":"2008-02-12T23:25:09+00:00","og_image":[{"url":"http:\/\/www.visit-ulcinj.com\/blog\/wp-content\/uploads\/2008\/01\/ulcinj-city-beach.jpg"}],"twitter_misc":{"Written by":"ulqini","Est. reading time":"1 minute"},"schema":{"@context":"https:\/\/schema.org","@graph":[{"@type":"WebSite","@id":"https:\/\/www.visit-ulcinj.com\/blog\/#website","url":"https:\/\/www.visit-ulcinj.com\/blog\/","name":"Lajme nga Ulqini","description":"Lajme,Vijesti,Ulqini,Ulqin,Crna Gora,Mali i Zi","potentialAction":[{"@type":"SearchAction","target":{"@type":"EntryPoint","urlTemplate":"https:\/\/www.visit-ulcinj.com\/blog\/?s={search_term_string}"},"query-input":"required name=search_term_string"}],"inLanguage":"en-US"},{"@type":"ImageObject","inLanguage":"en-US","@id":"https:\/\/www.visit-ulcinj.com\/blog\/2008\/01\/10\/crna-gora-protiv-masovnog-turizma\/#primaryimage","url":"http:\/\/www.visit-ulcinj.com\/blog\/wp-content\/uploads\/2008\/01\/ulcinj-city-beach.jpg","contentUrl":"http:\/\/www.visit-ulcinj.com\/blog\/wp-content\/uploads\/2008\/01\/ulcinj-city-beach.jpg"},{"@type":"WebPage","@id":"https:\/\/www.visit-ulcinj.com\/blog\/2008\/01\/10\/crna-gora-protiv-masovnog-turizma\/#webpage","url":"https:\/\/www.visit-ulcinj.com\/blog\/2008\/01\/10\/crna-gora-protiv-masovnog-turizma\/","name":"Crna Gora: Protiv masovnog turizma - Lajme nga Ulqini","isPartOf":{"@id":"https:\/\/www.visit-ulcinj.com\/blog\/#website"},"primaryImageOfPage":{"@id":"https:\/\/www.visit-ulcinj.com\/blog\/2008\/01\/10\/crna-gora-protiv-masovnog-turizma\/#primaryimage"},"datePublished":"2008-01-10T19:24:13+00:00","dateModified":"2008-02-12T23:25:09+00:00","author":{"@id":"https:\/\/www.visit-ulcinj.com\/blog\/#\/schema\/person\/dcab619c614d3038751c63bc2aadc06d"},"breadcrumb":{"@id":"https:\/\/www.visit-ulcinj.com\/blog\/2008\/01\/10\/crna-gora-protiv-masovnog-turizma\/#breadcrumb"},"inLanguage":"en-US","potentialAction":[{"@type":"ReadAction","target":["https:\/\/www.visit-ulcinj.com\/blog\/2008\/01\/10\/crna-gora-protiv-masovnog-turizma\/"]}]},{"@type":"BreadcrumbList","@id":"https:\/\/www.visit-ulcinj.com\/blog\/2008\/01\/10\/crna-gora-protiv-masovnog-turizma\/#breadcrumb","itemListElement":[{"@type":"ListItem","position":1,"name":"Crna Gora: Protiv masovnog turizma"}]},{"@type":"Person","@id":"https:\/\/www.visit-ulcinj.com\/blog\/#\/schema\/person\/dcab619c614d3038751c63bc2aadc06d","name":"ulqini","sameAs":["http:\/\/www.visit-ulcinj.com"],"url":"https:\/\/www.visit-ulcinj.com\/blog\/author\/admin\/"}]}},"jetpack_featured_media_url":"","jetpack_sharing_enabled":true,"jetpack_shortlink":"https:\/\/wp.me\/pe6lTn-1W","_links":{"self":[{"href":"https:\/\/www.visit-ulcinj.com\/blog\/wp-json\/wp\/v2\/posts\/120"}],"collection":[{"href":"https:\/\/www.visit-ulcinj.com\/blog\/wp-json\/wp\/v2\/posts"}],"about":[{"href":"https:\/\/www.visit-ulcinj.com\/blog\/wp-json\/wp\/v2\/types\/post"}],"author":[{"embeddable":true,"href":"https:\/\/www.visit-ulcinj.com\/blog\/wp-json\/wp\/v2\/users\/1"}],"replies":[{"embeddable":true,"href":"https:\/\/www.visit-ulcinj.com\/blog\/wp-json\/wp\/v2\/comments?post=120"}],"version-history":[{"count":0,"href":"https:\/\/www.visit-ulcinj.com\/blog\/wp-json\/wp\/v2\/posts\/120\/revisions"}],"wp:attachment":[{"href":"https:\/\/www.visit-ulcinj.com\/blog\/wp-json\/wp\/v2\/media?parent=120"}],"wp:term":[{"taxonomy":"category","embeddable":true,"href":"https:\/\/www.visit-ulcinj.com\/blog\/wp-json\/wp\/v2\/categories?post=120"},{"taxonomy":"post_tag","embeddable":true,"href":"https:\/\/www.visit-ulcinj.com\/blog\/wp-json\/wp\/v2\/tags?post=120"}],"curies":[{"name":"wp","href":"https:\/\/api.w.org\/{rel}","templated":true}]}}