{"id":12009,"date":"2009-02-23T00:15:41","date_gmt":"2009-02-22T23:15:41","guid":{"rendered":"http:\/\/www.visit-ulcinj.com\/blog\/?p=12009"},"modified":"2009-02-23T10:05:45","modified_gmt":"2009-02-23T09:05:45","slug":"interviste-me-analistin-xhemal-peroviq","status":"publish","type":"post","link":"https:\/\/www.visit-ulcinj.com\/blog\/2009\/02\/23\/interviste-me-analistin-xhemal-peroviq\/","title":{"rendered":"Intervist\u00eb me analistin Xhemal Peroviq"},"content":{"rendered":"<p><strong><a href=\"http:\/\/www.visit-ulcinj.com\/blog\/wp-content\/uploads\/2009\/02\/xhemal-peroviq-1.jpg\"><img loading=\"lazy\" class=\"alignleft size-full wp-image-12020\" title=\"xhemal-peroviq-1\" src=\"http:\/\/www.visit-ulcinj.com\/blog\/wp-content\/uploads\/2009\/02\/xhemal-peroviq-1.jpg\" alt=\"xhemal-peroviq-1\" width=\"362\" height=\"346\" \/><\/a>P\u00ebrfaq\u00ebsimi i shqiptar\u00ebve n\u00eb Parlament ka pesh\u00eb t\u00eb madhe<\/strong><br \/>\n<strong>Koha javore:<\/strong> Z. Peroviq, cilat jan\u00eb rrethanat n\u00eb t\u00eb cilat po zhvillohen zgjedhjet parlamentare n\u00eb Mal t\u00eb Zi?<br \/>\n<strong>Xh. Peroviq:<\/strong> Rrethanat e sotme jan\u00eb p\u00ebrcaktuar, gjat\u00eb m\u00eb shum\u00eb se nj\u00eb decenie sundimi t\u00eb pushtetit i cili me trash\u00ebgimin e strukturave komuniste, monopole, kontraband\u00eb, shp\u00ebrdorim t\u00eb procesit t\u00eb privatizimit dhe krim t\u00eb organizuar, nuk lejoi formimin e institucioneve shtet\u00ebrore t\u00eb pavarura, shtetit ligjor dhe pluralizmit t\u00eb mir\u00ebfillt\u00eb.<br \/>\nMali i Zi ende nuk ka p\u00ebrjetuar nd\u00ebrrim t\u00eb pushtetit i cili do t\u00eb buronte nga zgjedhjet e lira. Si rrjedhoj\u00eb, sot kemi pushtetin joformal t\u00eb milioner\u00ebve, pronar\u00ebve t\u00eb rinj t\u00eb vlerave nacionale, q\u00eb kontrollojn\u00eb \u00e7do veprimtari, prej biznesit deri te partit\u00eb politike. Shum\u00eb prej tyre (partive politike), kinse opozitare, sot jan\u00eb dekor i \u201cdemokracis\u00eb\u201d dhe sh\u00ebrbejn\u00eb p\u00ebr t\u00eb kontrolluar trupin votues dhe pak\u00ebnaq\u00ebsin\u00eb e qytetar\u00ebve. N\u00eb sh\u00ebrbim t\u00eb k\u00ebtij pushteti sot jan\u00eb gjykatat, prokurorit\u00eb, mediat&#8230; Paradokset q\u00eb ndodhin nga dita n\u00eb dit\u00eb, si p.sh. n\u00eb komun\u00ebn e Ulqinit, privatizimi i Kripores, masat e dhunshme n\u00eb nd\u00ebrmarrjet kryesore, instalimi i kuadrove nga Podgorica, shitja e hotelit \u201cGaleb\u201d p\u00ebr rinovim n\u00eb afatin pes\u00eb vje\u00e7ar dhe pastaj leja p\u00ebr shembjen e tij, etj., k\u00ebrkojn\u00eb paketim ligjor dhe arsyetim. Dhe paradoksi m\u00eb i madh \u00ebsht\u00eb se t\u00eb gjith\u00eb i din\u00eb k\u00ebto dhe pas zgjedhjeve \u201ct\u00eb lira\u201d pushteti del m\u00eb i fort\u00eb! Ky \u00ebsht\u00eb, pra, ambienti dhe k\u00ebto jan\u00eb rrethanat .<\/p>\n<p><strong>Koha javore:<\/strong> Tashm\u00eb \u00ebsht\u00eb pak a shum\u00eb e qart\u00eb se pozita, gjegj\u00ebsisht koalicioni aktual qeveris\u00ebs do t\u00eb marr\u00eb pjes\u00eb n\u00eb zgjedhjet parlamentare n\u00eb koalicion me disa parti t\u00eb pakicave. Si e vler\u00ebsoni k\u00ebt\u00eb?<br \/>\n<strong>Xh. Peroviq: <\/strong>Fjala \u00ebsht\u00eb p\u00ebr aleat\u00ebt e vjet\u00ebr. \u00cbsht\u00eb qesharake kur k\u00ebto \u201cparti t\u00eb pakicave\u201d paraqiten si opozitare dhe p\u00ebr nevojat e k\u00ebtij pushteti paraqesin pozit\u00ebn e pakicave si t\u00eb k\u00ebnaqshme. Tragjik \u00ebsht\u00eb fakti se dikur pushteti komunist k\u00ebrkonte, por v\u00ebshtir\u00eb gjente \u201cpo\u0161tene albance\u201d (\u201cshqiptar\u00eb t\u00eb ndersh\u00ebm\u201d), kurse sot ky pushtet ka n\u00eb sh\u00ebrbim parti t\u00eb t\u00ebra.<br \/>\n<strong><br \/>\nKoha javore:<\/strong> Nd\u00ebrkaq opozita p\u00ebrkund\u00ebr deklari\u00admeve nuk ka arritur t\u00eb bashkohet, me p\u00ebrjashtim t\u00eb krijimit t\u00eb disa grupimeve t\u00eb vogla koalicionesh. Cilat jan\u00eb, sipas Jush, arsyet e mosarritjes s\u00eb koalicionit t\u00eb p\u00ebrbashk\u00ebt opozitar?<br \/>\n<strong>Xh. Peroviq:<\/strong> Duke marr pjes\u00eb n\u00eb disa negociata p\u00ebr bashkimin e opozit\u00ebs, para ose pas zgjedhjeve, mund t\u00eb them vet\u00ebm se n\u00eb momentin e fundit gjithmon\u00eb \u201caktivizohet\u201d vet\u00ebm nj\u00ebra nga partit\u00eb \u201copozitare\u201d p\u00ebr devijim. Dhe ky veprim gjithmon\u00eb dhe leht\u00eb justifikohet para opinionit me interesa madhore, me \u201cparime\u201d, me egon e lider\u00ebve, etj. N\u00eb fakt, terreni p\u00ebr k\u00ebto situata \u00ebsht\u00eb p\u00ebrgatitur me koh\u00eb.<br \/>\nVini re (n\u00eb rastet e rralla) kur lider\u00ebt e opozit\u00ebs akuzojn\u00eb nj\u00ebri tjetrin p\u00ebr bashk\u00ebpunim me pushtetin n\u00eb bizneset private (rasti i fundit brenda List\u00ebs Serbe). Dhe sa shpejt nd\u00ebrpriten k\u00ebto polemika. Pse nuk i investigojn\u00eb k\u00ebto akuza mediat e \u201cpavarura\u201d malazeze?<br \/>\n<strong><br \/>\nKoha javore:<\/strong> P\u00ebr nj\u00eb pjes\u00eb t\u00eb mir\u00eb t\u00eb opinionit zgjedhjet jan\u00eb t\u00eb kryera para mbajtjes s\u00eb tyre duke qen\u00eb se fituesi, sipas tyre, dihet paraprakisht. Cili \u00ebsht\u00eb shansi i opozit\u00ebs p\u00ebr t\u00eb fituar zgjedhjet?<br \/>\n<strong>Xh. Peroviq<\/strong>: N\u00eb rrethanat e paraqitura nuk ka kurrfar\u00eb shkopi magjik p\u00ebr fitoren e opozit\u00ebs. Por nuk jam i bindur se ky \u00ebsht\u00eb opinioni i nj\u00eb pjese t\u00eb mir\u00eb t\u00eb qytetar\u00ebve. Kjo do t\u00eb rezultonte me abstenim t\u00eb duksh\u00ebm. P\u00ebrkundrazi, mendoj se regjimi edhe k\u00ebsaj radhe do t\u00eb \u201ct\u00ebrheq\u00eb\u201d n\u00eb vendvotime rreth 75% t\u00eb votuesve t\u00eb \u201cpak\u00ebnaqur\u201d.<\/p>\n<p><strong>Koha javore:<\/strong> Akoma nuk dihet se si do t\u00eb marrin pjes\u00eb shqiptar\u00ebt n\u00eb k\u00ebto zgjedhje. A mendoni se partit\u00eb shqiptare, t\u00eb pakt\u00ebn shum\u00ebica e tyre apo disa prej tyre do t\u00eb arrijn\u00eb t\u00eb krijojn\u00eb koalicion?<br \/>\n<strong>Xh. Peroviq:<\/strong> Koalicioni i shumic\u00ebs s\u00eb partive shqiptare do t\u00eb ishte p\u00ebrgjigje normale n\u00eb k\u00ebto rrethana. Ndoshta \u00ebsht\u00eb momenti i fundit p\u00ebr artikulimin e interesave jetike dhe nevoj\u00ebs p\u00ebr vet\u00ebqeverisje n\u00eb Tuz dhe Ulqin. Kolonizimi dhe etnocentrizmi i Podgoric\u00ebs k\u00ebrkojn\u00eb minimum uniteti n\u00eb mbrojtjen e interesave jetike t\u00eb shqiptar\u00ebve n\u00eb Mal t\u00eb Zi. N\u00ebse jo sot, dikur do t\u00eb turp\u00ebrohen ata q\u00eb marrin pjes\u00eb n\u00eb an\u00ebn tjet\u00ebr.<\/p>\n<p><strong>Koha javore:<\/strong> Si do t\u00eb duket skena politike n\u00eb Mal t\u00eb Zi pas 29 marsit? Cili do t\u00eb jet\u00eb p\u00ebrfaq\u00ebsimi i partive n\u00eb Parlamentin e Malit t\u00eb Zi?<br \/>\n<strong>Xh. Peroviq:<\/strong> E pandryshuar sa i p\u00ebrket regjimit, forc\u00ebs dhe monopoleve t\u00eb tij t\u00eb paprekshme. Por pres ndonj\u00eb sinjal shpres\u00ebdh\u00ebn\u00ebs, nd\u00ebrgjegj\u00ebsimin e opinionit p\u00ebr rrezikun nga ky pushtet i korruptuar dhe individ\u00ebt q\u00eb kan\u00eb parasysh vet\u00ebm interesat private. N\u00eb k\u00ebto rrethana shqiptar\u00ebt (n\u00eb opozit\u00eb) jan\u00eb t\u00eb pafuqish\u00ebm politikisht, por p\u00ebrfaq\u00ebsimi dhe z\u00ebri i tyre n\u00eb parlament ka pesh\u00eb t\u00eb madhe.<br \/>\n<strong>I.Kallaba<br \/>\nKoha Javore<\/strong><span style=\"font-family: Times New Roman;\"><span style=\"font-family: Arial,Helvetica,sans-serif; font-size: large;\"><span style=\"font-size: medium;\"><span style=\"text-decoration: underline;\"><br \/>\n<\/span><\/span><\/span><\/span><\/p>\n","protected":false},"excerpt":{"rendered":"<p>P\u00ebrfaq\u00ebsimi i shqiptar\u00ebve n\u00eb Parlament ka pesh\u00eb t\u00eb madhe Koha javore: Z. Peroviq, cilat jan\u00eb rrethanat n\u00eb t\u00eb cilat po zhvillohen zgjedhjet parlamentare n\u00eb Mal t\u00eb Zi? Xh. Peroviq: Rrethanat e sotme jan\u00eb p\u00ebrcaktuar, gjat\u00eb m\u00eb shum\u00eb se nj\u00eb decenie sundimi t\u00eb pushtetit i cili me trash\u00ebgimin e strukturave komuniste, monopole, kontraband\u00eb, shp\u00ebrdorim t\u00eb procesit [&hellip;]<\/p>\n","protected":false},"author":1,"featured_media":0,"comment_status":"open","ping_status":"closed","sticky":false,"template":"","format":"standard","meta":{"spay_email":"","jetpack_publicize_message":"","jetpack_is_tweetstorm":false,"jetpack_publicize_feature_enabled":true},"categories":[5],"tags":[7062,7061,7063,7065,7064,7066],"jetpack_publicize_connections":[],"yoast_head":"<!-- This site is optimized with the Yoast SEO plugin v19.1 - https:\/\/yoast.com\/wordpress\/plugins\/seo\/ -->\n<title>Intervist\u00eb me analistin Xhemal Peroviq - Lajme nga Ulqini<\/title>\n<meta name=\"description\" content=\"P\u00ebrfaq\u00ebsimi i shqiptar\u00ebve n\u00eb Parlament ka pesh\u00eb t\u00eb madhe Koha javore: Z. Peroviq, cilat jan\u00eb rrethanat n\u00eb t\u00eb cilat po zhvillohen zgjedhjet parlamentare n\u00eb\" \/>\n<meta name=\"robots\" content=\"index, follow, max-snippet:-1, max-image-preview:large, max-video-preview:-1\" \/>\n<link rel=\"canonical\" href=\"https:\/\/www.visit-ulcinj.com\/blog\/2009\/02\/23\/interviste-me-analistin-xhemal-peroviq\/\" \/>\n<meta property=\"og:locale\" content=\"en_US\" \/>\n<meta property=\"og:type\" content=\"article\" \/>\n<meta property=\"og:title\" content=\"Intervist\u00eb me analistin Xhemal Peroviq - Lajme nga Ulqini\" \/>\n<meta property=\"og:description\" content=\"P\u00ebrfaq\u00ebsimi i shqiptar\u00ebve n\u00eb Parlament ka pesh\u00eb t\u00eb madhe Koha javore: Z. Peroviq, cilat jan\u00eb rrethanat n\u00eb t\u00eb cilat po zhvillohen zgjedhjet parlamentare n\u00eb\" \/>\n<meta property=\"og:url\" content=\"https:\/\/www.visit-ulcinj.com\/blog\/2009\/02\/23\/interviste-me-analistin-xhemal-peroviq\/\" \/>\n<meta property=\"og:site_name\" content=\"Lajme nga Ulqini\" \/>\n<meta property=\"article:published_time\" content=\"2009-02-22T23:15:41+00:00\" \/>\n<meta property=\"article:modified_time\" content=\"2009-02-23T09:05:45+00:00\" \/>\n<meta property=\"og:image\" content=\"http:\/\/www.visit-ulcinj.com\/blog\/wp-content\/uploads\/2009\/02\/xhemal-peroviq-1.jpg\" \/>\n<meta name=\"twitter:label1\" content=\"Written by\" \/>\n\t<meta name=\"twitter:data1\" content=\"ulqini\" \/>\n\t<meta name=\"twitter:label2\" content=\"Est. reading time\" \/>\n\t<meta name=\"twitter:data2\" content=\"4 minutes\" \/>\n<script type=\"application\/ld+json\" class=\"yoast-schema-graph\">{\"@context\":\"https:\/\/schema.org\",\"@graph\":[{\"@type\":\"WebSite\",\"@id\":\"https:\/\/www.visit-ulcinj.com\/blog\/#website\",\"url\":\"https:\/\/www.visit-ulcinj.com\/blog\/\",\"name\":\"Lajme nga Ulqini\",\"description\":\"Lajme,Vijesti,Ulqini,Ulqin,Crna Gora,Mali i Zi\",\"potentialAction\":[{\"@type\":\"SearchAction\",\"target\":{\"@type\":\"EntryPoint\",\"urlTemplate\":\"https:\/\/www.visit-ulcinj.com\/blog\/?s={search_term_string}\"},\"query-input\":\"required name=search_term_string\"}],\"inLanguage\":\"en-US\"},{\"@type\":\"ImageObject\",\"inLanguage\":\"en-US\",\"@id\":\"https:\/\/www.visit-ulcinj.com\/blog\/2009\/02\/23\/interviste-me-analistin-xhemal-peroviq\/#primaryimage\",\"url\":\"https:\/\/www.visit-ulcinj.com\/blog\/wp-content\/uploads\/2009\/02\/xhemal-peroviq-1.jpg\",\"contentUrl\":\"https:\/\/www.visit-ulcinj.com\/blog\/wp-content\/uploads\/2009\/02\/xhemal-peroviq-1.jpg\",\"width\":\"300\",\"height\":\"286\"},{\"@type\":\"WebPage\",\"@id\":\"https:\/\/www.visit-ulcinj.com\/blog\/2009\/02\/23\/interviste-me-analistin-xhemal-peroviq\/#webpage\",\"url\":\"https:\/\/www.visit-ulcinj.com\/blog\/2009\/02\/23\/interviste-me-analistin-xhemal-peroviq\/\",\"name\":\"Intervist\u00eb me analistin Xhemal Peroviq - Lajme nga Ulqini\",\"isPartOf\":{\"@id\":\"https:\/\/www.visit-ulcinj.com\/blog\/#website\"},\"primaryImageOfPage\":{\"@id\":\"https:\/\/www.visit-ulcinj.com\/blog\/2009\/02\/23\/interviste-me-analistin-xhemal-peroviq\/#primaryimage\"},\"datePublished\":\"2009-02-22T23:15:41+00:00\",\"dateModified\":\"2009-02-23T09:05:45+00:00\",\"author\":{\"@id\":\"https:\/\/www.visit-ulcinj.com\/blog\/#\/schema\/person\/dcab619c614d3038751c63bc2aadc06d\"},\"description\":\"P\u00ebrfaq\u00ebsimi i shqiptar\u00ebve n\u00eb Parlament ka pesh\u00eb t\u00eb madhe Koha javore: Z. Peroviq, cilat jan\u00eb rrethanat n\u00eb t\u00eb cilat po zhvillohen zgjedhjet parlamentare n\u00eb\",\"breadcrumb\":{\"@id\":\"https:\/\/www.visit-ulcinj.com\/blog\/2009\/02\/23\/interviste-me-analistin-xhemal-peroviq\/#breadcrumb\"},\"inLanguage\":\"en-US\",\"potentialAction\":[{\"@type\":\"ReadAction\",\"target\":[\"https:\/\/www.visit-ulcinj.com\/blog\/2009\/02\/23\/interviste-me-analistin-xhemal-peroviq\/\"]}]},{\"@type\":\"BreadcrumbList\",\"@id\":\"https:\/\/www.visit-ulcinj.com\/blog\/2009\/02\/23\/interviste-me-analistin-xhemal-peroviq\/#breadcrumb\",\"itemListElement\":[{\"@type\":\"ListItem\",\"position\":1,\"name\":\"Intervist\u00eb me analistin Xhemal Peroviq\"}]},{\"@type\":\"Person\",\"@id\":\"https:\/\/www.visit-ulcinj.com\/blog\/#\/schema\/person\/dcab619c614d3038751c63bc2aadc06d\",\"name\":\"ulqini\",\"sameAs\":[\"http:\/\/www.visit-ulcinj.com\"],\"url\":\"https:\/\/www.visit-ulcinj.com\/blog\/author\/admin\/\"}]}<\/script>\n<!-- \/ Yoast SEO plugin. -->","yoast_head_json":{"title":"Intervist\u00eb me analistin Xhemal Peroviq - Lajme nga Ulqini","description":"P\u00ebrfaq\u00ebsimi i shqiptar\u00ebve n\u00eb Parlament ka pesh\u00eb t\u00eb madhe Koha javore: Z. Peroviq, cilat jan\u00eb rrethanat n\u00eb t\u00eb cilat po zhvillohen zgjedhjet parlamentare n\u00eb","robots":{"index":"index","follow":"follow","max-snippet":"max-snippet:-1","max-image-preview":"max-image-preview:large","max-video-preview":"max-video-preview:-1"},"canonical":"https:\/\/www.visit-ulcinj.com\/blog\/2009\/02\/23\/interviste-me-analistin-xhemal-peroviq\/","og_locale":"en_US","og_type":"article","og_title":"Intervist\u00eb me analistin Xhemal Peroviq - Lajme nga Ulqini","og_description":"P\u00ebrfaq\u00ebsimi i shqiptar\u00ebve n\u00eb Parlament ka pesh\u00eb t\u00eb madhe Koha javore: Z. Peroviq, cilat jan\u00eb rrethanat n\u00eb t\u00eb cilat po zhvillohen zgjedhjet parlamentare n\u00eb","og_url":"https:\/\/www.visit-ulcinj.com\/blog\/2009\/02\/23\/interviste-me-analistin-xhemal-peroviq\/","og_site_name":"Lajme nga Ulqini","article_published_time":"2009-02-22T23:15:41+00:00","article_modified_time":"2009-02-23T09:05:45+00:00","og_image":[{"url":"http:\/\/www.visit-ulcinj.com\/blog\/wp-content\/uploads\/2009\/02\/xhemal-peroviq-1.jpg"}],"twitter_misc":{"Written by":"ulqini","Est. reading time":"4 minutes"},"schema":{"@context":"https:\/\/schema.org","@graph":[{"@type":"WebSite","@id":"https:\/\/www.visit-ulcinj.com\/blog\/#website","url":"https:\/\/www.visit-ulcinj.com\/blog\/","name":"Lajme nga Ulqini","description":"Lajme,Vijesti,Ulqini,Ulqin,Crna Gora,Mali i Zi","potentialAction":[{"@type":"SearchAction","target":{"@type":"EntryPoint","urlTemplate":"https:\/\/www.visit-ulcinj.com\/blog\/?s={search_term_string}"},"query-input":"required name=search_term_string"}],"inLanguage":"en-US"},{"@type":"ImageObject","inLanguage":"en-US","@id":"https:\/\/www.visit-ulcinj.com\/blog\/2009\/02\/23\/interviste-me-analistin-xhemal-peroviq\/#primaryimage","url":"https:\/\/www.visit-ulcinj.com\/blog\/wp-content\/uploads\/2009\/02\/xhemal-peroviq-1.jpg","contentUrl":"https:\/\/www.visit-ulcinj.com\/blog\/wp-content\/uploads\/2009\/02\/xhemal-peroviq-1.jpg","width":"300","height":"286"},{"@type":"WebPage","@id":"https:\/\/www.visit-ulcinj.com\/blog\/2009\/02\/23\/interviste-me-analistin-xhemal-peroviq\/#webpage","url":"https:\/\/www.visit-ulcinj.com\/blog\/2009\/02\/23\/interviste-me-analistin-xhemal-peroviq\/","name":"Intervist\u00eb me analistin Xhemal Peroviq - Lajme nga Ulqini","isPartOf":{"@id":"https:\/\/www.visit-ulcinj.com\/blog\/#website"},"primaryImageOfPage":{"@id":"https:\/\/www.visit-ulcinj.com\/blog\/2009\/02\/23\/interviste-me-analistin-xhemal-peroviq\/#primaryimage"},"datePublished":"2009-02-22T23:15:41+00:00","dateModified":"2009-02-23T09:05:45+00:00","author":{"@id":"https:\/\/www.visit-ulcinj.com\/blog\/#\/schema\/person\/dcab619c614d3038751c63bc2aadc06d"},"description":"P\u00ebrfaq\u00ebsimi i shqiptar\u00ebve n\u00eb Parlament ka pesh\u00eb t\u00eb madhe Koha javore: Z. Peroviq, cilat jan\u00eb rrethanat n\u00eb t\u00eb cilat po zhvillohen zgjedhjet parlamentare n\u00eb","breadcrumb":{"@id":"https:\/\/www.visit-ulcinj.com\/blog\/2009\/02\/23\/interviste-me-analistin-xhemal-peroviq\/#breadcrumb"},"inLanguage":"en-US","potentialAction":[{"@type":"ReadAction","target":["https:\/\/www.visit-ulcinj.com\/blog\/2009\/02\/23\/interviste-me-analistin-xhemal-peroviq\/"]}]},{"@type":"BreadcrumbList","@id":"https:\/\/www.visit-ulcinj.com\/blog\/2009\/02\/23\/interviste-me-analistin-xhemal-peroviq\/#breadcrumb","itemListElement":[{"@type":"ListItem","position":1,"name":"Intervist\u00eb me analistin Xhemal Peroviq"}]},{"@type":"Person","@id":"https:\/\/www.visit-ulcinj.com\/blog\/#\/schema\/person\/dcab619c614d3038751c63bc2aadc06d","name":"ulqini","sameAs":["http:\/\/www.visit-ulcinj.com"],"url":"https:\/\/www.visit-ulcinj.com\/blog\/author\/admin\/"}]}},"jetpack_featured_media_url":"","jetpack_sharing_enabled":true,"jetpack_shortlink":"https:\/\/wp.me\/pe6lTn-37H","_links":{"self":[{"href":"https:\/\/www.visit-ulcinj.com\/blog\/wp-json\/wp\/v2\/posts\/12009"}],"collection":[{"href":"https:\/\/www.visit-ulcinj.com\/blog\/wp-json\/wp\/v2\/posts"}],"about":[{"href":"https:\/\/www.visit-ulcinj.com\/blog\/wp-json\/wp\/v2\/types\/post"}],"author":[{"embeddable":true,"href":"https:\/\/www.visit-ulcinj.com\/blog\/wp-json\/wp\/v2\/users\/1"}],"replies":[{"embeddable":true,"href":"https:\/\/www.visit-ulcinj.com\/blog\/wp-json\/wp\/v2\/comments?post=12009"}],"version-history":[{"count":0,"href":"https:\/\/www.visit-ulcinj.com\/blog\/wp-json\/wp\/v2\/posts\/12009\/revisions"}],"wp:attachment":[{"href":"https:\/\/www.visit-ulcinj.com\/blog\/wp-json\/wp\/v2\/media?parent=12009"}],"wp:term":[{"taxonomy":"category","embeddable":true,"href":"https:\/\/www.visit-ulcinj.com\/blog\/wp-json\/wp\/v2\/categories?post=12009"},{"taxonomy":"post_tag","embeddable":true,"href":"https:\/\/www.visit-ulcinj.com\/blog\/wp-json\/wp\/v2\/tags?post=12009"}],"curies":[{"name":"wp","href":"https:\/\/api.w.org\/{rel}","templated":true}]}}