{"id":12046,"date":"2009-02-23T18:23:57","date_gmt":"2009-02-23T17:23:57","guid":{"rendered":"http:\/\/www.visit-ulcinj.com\/blog\/?p=12046"},"modified":"2009-02-23T18:23:57","modified_gmt":"2009-02-23T17:23:57","slug":"trajnim-rajonal-per-lufte-kunder-krimit-te-organizuar","status":"publish","type":"post","link":"https:\/\/www.visit-ulcinj.com\/blog\/2009\/02\/23\/trajnim-rajonal-per-lufte-kunder-krimit-te-organizuar\/","title":{"rendered":"Trajnim rajonal p\u00ebr luft\u00eb kund\u00ebr krimit t\u00eb organizuar"},"content":{"rendered":"<p><a href=\"http:\/\/www.visit-ulcinj.com\/blog\/wp-content\/uploads\/2009\/02\/samiti-ne-idrizove.jpg\"><img loading=\"lazy\" class=\"alignleft size-full wp-image-12047\" title=\"samiti-ne-idrizove\" src=\"http:\/\/www.visit-ulcinj.com\/blog\/wp-content\/uploads\/2009\/02\/samiti-ne-idrizove.jpg\" alt=\"samiti-ne-idrizove\" width=\"397\" height=\"320\" \/><\/a>Inspektor\u00eb t\u00eb sh\u00ebrbimeve policore nga Maqedonia, Shqip\u00ebria, Bullgaria, Serbia, Sllovenia, Bosnja dhe Hercegovina, Mali i Zi dhe Serbia nis\u00ebn sot n\u00eb qendr\u00ebn e trajnimit n\u00eb Idrizov\u00eb, trajnimin se si t\u00eb luftojn\u00eb krimin e organizuar.<br \/>\nMinistrja e Brendshme Jankolluvska, u shpreh optimiste se ky kurs tre ditor, do t\u00eb krijoj\u00eb kushte m\u00eb t\u00eb mira n\u00eb luft\u00ebn kund\u00ebr k\u00ebtij fenomeni. Ajo tha se me ndryshimet n\u00eb baz\u00eb t\u00eb legjislacionit evropian, parashikohen d\u00ebnime m\u00eb t\u00eb ashpra p\u00ebr t\u00eb p\u00ebrfshir\u00ebt n\u00eb krimin e organizuar. Nd\u00ebrsa zv\/ambasadori amerikan n\u00eb Shkup, Tomas Navratil vler\u00ebsoi bashk\u00ebpunimin e vendeve t\u00eb Ballkanit, n\u00eb luft\u00ebn kund\u00ebr krimit t\u00eb organizuar.<br \/>\n\u201cP\u00ebr momentin m\u00eb shum\u00eb institucione, t\u00eb udh\u00ebhequra nga MPB, po punojn\u00eb n\u00eb drejtim t\u00eb shk\u00ebmbimit t\u00eb informatave, por megjithat\u00eb asnj\u00eb shtet deri m\u00eb tani nuk ka mundur vet\u00eb t\u00eb luftoj\u00eb krimin e organizuar\u201d, deklaroi Gordana Jankullovska, ministre e Pun\u00ebve t\u00eb Brendshme.<br \/>\n\u201cTrajnimi rajonal q\u00eb ka filluar sot n\u00eb Trening Qendr\u00ebn n\u00eb Idrizov\u00eb paraqet nj\u00eb mund\u00ebsi t\u00eb mir\u00eb q\u00eb n\u00eb nj\u00eb vend t\u00eb nj\u00ebjt\u00eb mundet t\u00eb bashk\u00ebpunojn\u00eb inspektor\u00eb nga i gjith\u00eb Ballkani, mendoj nga gjitha sh\u00ebrbimet policore n\u00eb Ballkan, n\u00eb nj\u00eb mjedis ku k\u00ebta do t\u00eb ken\u00eb mund\u00ebsin\u00eb t\u00eb rishikojn\u00eb teknikat e zhvillimit t\u00eb hetimeve q\u00eb shfryt\u00ebzohen n\u00eb rajon, n\u00eb vendet Evropiane si dhe n\u00eb SHBA\u201d, theksoi Tomas Navratil \u2013 zy\/ambasador i SHBA-ve n\u00eb Maqedoni.<\/p>\n<p><strong>ALSAT-M<\/strong><\/p>\n","protected":false},"excerpt":{"rendered":"<p>Inspektor\u00eb t\u00eb sh\u00ebrbimeve policore nga Maqedonia, Shqip\u00ebria, Bullgaria, Serbia, Sllovenia, Bosnja dhe Hercegovina, Mali i Zi dhe Serbia nis\u00ebn sot n\u00eb qendr\u00ebn e trajnimit n\u00eb Idrizov\u00eb, trajnimin se si t\u00eb luftojn\u00eb krimin e organizuar. Ministrja e Brendshme Jankolluvska, u shpreh optimiste se ky kurs tre ditor, do t\u00eb krijoj\u00eb kushte m\u00eb t\u00eb mira n\u00eb luft\u00ebn [&hellip;]<\/p>\n","protected":false},"author":1,"featured_media":0,"comment_status":"open","ping_status":"closed","sticky":false,"template":"","format":"standard","meta":{"spay_email":"","jetpack_publicize_message":"","jetpack_is_tweetstorm":false,"jetpack_publicize_feature_enabled":true},"categories":[14],"tags":[7080,7079,7081,2754,7082,7083,7078,235,354,3148],"jetpack_publicize_connections":[],"yoast_head":"<!-- This site is optimized with the Yoast SEO plugin v19.1 - https:\/\/yoast.com\/wordpress\/plugins\/seo\/ -->\n<title>Trajnim rajonal p\u00ebr luft\u00eb kund\u00ebr krimit t\u00eb organizuar - Lajme nga Ulqini<\/title>\n<meta name=\"description\" content=\"Inspektor\u00eb t\u00eb sh\u00ebrbimeve policore nga Maqedonia, Shqip\u00ebria, Bullgaria, Serbia, Sllovenia, Bosnja dhe Hercegovina, Mali i Zi dhe Serbia nis\u00ebn sot n\u00eb\" \/>\n<meta name=\"robots\" content=\"index, follow, max-snippet:-1, max-image-preview:large, max-video-preview:-1\" \/>\n<link rel=\"canonical\" href=\"https:\/\/www.visit-ulcinj.com\/blog\/2009\/02\/23\/trajnim-rajonal-per-lufte-kunder-krimit-te-organizuar\/\" \/>\n<meta property=\"og:locale\" content=\"en_US\" \/>\n<meta property=\"og:type\" content=\"article\" \/>\n<meta property=\"og:title\" content=\"Trajnim rajonal p\u00ebr luft\u00eb kund\u00ebr krimit t\u00eb organizuar - Lajme nga Ulqini\" \/>\n<meta property=\"og:description\" content=\"Inspektor\u00eb t\u00eb sh\u00ebrbimeve policore nga Maqedonia, Shqip\u00ebria, Bullgaria, Serbia, Sllovenia, Bosnja dhe Hercegovina, Mali i Zi dhe Serbia nis\u00ebn sot n\u00eb\" \/>\n<meta property=\"og:url\" content=\"https:\/\/www.visit-ulcinj.com\/blog\/2009\/02\/23\/trajnim-rajonal-per-lufte-kunder-krimit-te-organizuar\/\" \/>\n<meta property=\"og:site_name\" content=\"Lajme nga Ulqini\" \/>\n<meta property=\"article:published_time\" content=\"2009-02-23T17:23:57+00:00\" \/>\n<meta property=\"og:image\" content=\"http:\/\/www.visit-ulcinj.com\/blog\/wp-content\/uploads\/2009\/02\/samiti-ne-idrizove.jpg\" \/>\n<meta name=\"twitter:label1\" content=\"Written by\" \/>\n\t<meta name=\"twitter:data1\" content=\"ulqini\" \/>\n\t<meta name=\"twitter:label2\" content=\"Est. reading time\" \/>\n\t<meta name=\"twitter:data2\" content=\"1 minute\" \/>\n<script type=\"application\/ld+json\" class=\"yoast-schema-graph\">{\"@context\":\"https:\/\/schema.org\",\"@graph\":[{\"@type\":\"WebSite\",\"@id\":\"https:\/\/www.visit-ulcinj.com\/blog\/#website\",\"url\":\"https:\/\/www.visit-ulcinj.com\/blog\/\",\"name\":\"Lajme nga Ulqini\",\"description\":\"Lajme,Vijesti,Ulqini,Ulqin,Crna Gora,Mali i Zi\",\"potentialAction\":[{\"@type\":\"SearchAction\",\"target\":{\"@type\":\"EntryPoint\",\"urlTemplate\":\"https:\/\/www.visit-ulcinj.com\/blog\/?s={search_term_string}\"},\"query-input\":\"required name=search_term_string\"}],\"inLanguage\":\"en-US\"},{\"@type\":\"ImageObject\",\"inLanguage\":\"en-US\",\"@id\":\"https:\/\/www.visit-ulcinj.com\/blog\/2009\/02\/23\/trajnim-rajonal-per-lufte-kunder-krimit-te-organizuar\/#primaryimage\",\"url\":\"http:\/\/www.visit-ulcinj.com\/blog\/wp-content\/uploads\/2009\/02\/samiti-ne-idrizove.jpg\",\"contentUrl\":\"http:\/\/www.visit-ulcinj.com\/blog\/wp-content\/uploads\/2009\/02\/samiti-ne-idrizove.jpg\"},{\"@type\":\"WebPage\",\"@id\":\"https:\/\/www.visit-ulcinj.com\/blog\/2009\/02\/23\/trajnim-rajonal-per-lufte-kunder-krimit-te-organizuar\/#webpage\",\"url\":\"https:\/\/www.visit-ulcinj.com\/blog\/2009\/02\/23\/trajnim-rajonal-per-lufte-kunder-krimit-te-organizuar\/\",\"name\":\"Trajnim rajonal p\u00ebr luft\u00eb kund\u00ebr krimit t\u00eb organizuar - Lajme nga Ulqini\",\"isPartOf\":{\"@id\":\"https:\/\/www.visit-ulcinj.com\/blog\/#website\"},\"primaryImageOfPage\":{\"@id\":\"https:\/\/www.visit-ulcinj.com\/blog\/2009\/02\/23\/trajnim-rajonal-per-lufte-kunder-krimit-te-organizuar\/#primaryimage\"},\"datePublished\":\"2009-02-23T17:23:57+00:00\",\"dateModified\":\"2009-02-23T17:23:57+00:00\",\"author\":{\"@id\":\"https:\/\/www.visit-ulcinj.com\/blog\/#\/schema\/person\/dcab619c614d3038751c63bc2aadc06d\"},\"description\":\"Inspektor\u00eb t\u00eb sh\u00ebrbimeve policore nga Maqedonia, Shqip\u00ebria, Bullgaria, Serbia, Sllovenia, Bosnja dhe Hercegovina, Mali i Zi dhe Serbia nis\u00ebn sot n\u00eb\",\"breadcrumb\":{\"@id\":\"https:\/\/www.visit-ulcinj.com\/blog\/2009\/02\/23\/trajnim-rajonal-per-lufte-kunder-krimit-te-organizuar\/#breadcrumb\"},\"inLanguage\":\"en-US\",\"potentialAction\":[{\"@type\":\"ReadAction\",\"target\":[\"https:\/\/www.visit-ulcinj.com\/blog\/2009\/02\/23\/trajnim-rajonal-per-lufte-kunder-krimit-te-organizuar\/\"]}]},{\"@type\":\"BreadcrumbList\",\"@id\":\"https:\/\/www.visit-ulcinj.com\/blog\/2009\/02\/23\/trajnim-rajonal-per-lufte-kunder-krimit-te-organizuar\/#breadcrumb\",\"itemListElement\":[{\"@type\":\"ListItem\",\"position\":1,\"name\":\"Trajnim rajonal p\u00ebr luft\u00eb kund\u00ebr krimit t\u00eb organizuar\"}]},{\"@type\":\"Person\",\"@id\":\"https:\/\/www.visit-ulcinj.com\/blog\/#\/schema\/person\/dcab619c614d3038751c63bc2aadc06d\",\"name\":\"ulqini\",\"sameAs\":[\"http:\/\/www.visit-ulcinj.com\"],\"url\":\"https:\/\/www.visit-ulcinj.com\/blog\/author\/admin\/\"}]}<\/script>\n<!-- \/ Yoast SEO plugin. -->","yoast_head_json":{"title":"Trajnim rajonal p\u00ebr luft\u00eb kund\u00ebr krimit t\u00eb organizuar - Lajme nga Ulqini","description":"Inspektor\u00eb t\u00eb sh\u00ebrbimeve policore nga Maqedonia, Shqip\u00ebria, Bullgaria, Serbia, Sllovenia, Bosnja dhe Hercegovina, Mali i Zi dhe Serbia nis\u00ebn sot n\u00eb","robots":{"index":"index","follow":"follow","max-snippet":"max-snippet:-1","max-image-preview":"max-image-preview:large","max-video-preview":"max-video-preview:-1"},"canonical":"https:\/\/www.visit-ulcinj.com\/blog\/2009\/02\/23\/trajnim-rajonal-per-lufte-kunder-krimit-te-organizuar\/","og_locale":"en_US","og_type":"article","og_title":"Trajnim rajonal p\u00ebr luft\u00eb kund\u00ebr krimit t\u00eb organizuar - Lajme nga Ulqini","og_description":"Inspektor\u00eb t\u00eb sh\u00ebrbimeve policore nga Maqedonia, Shqip\u00ebria, Bullgaria, Serbia, Sllovenia, Bosnja dhe Hercegovina, Mali i Zi dhe Serbia nis\u00ebn sot n\u00eb","og_url":"https:\/\/www.visit-ulcinj.com\/blog\/2009\/02\/23\/trajnim-rajonal-per-lufte-kunder-krimit-te-organizuar\/","og_site_name":"Lajme nga Ulqini","article_published_time":"2009-02-23T17:23:57+00:00","og_image":[{"url":"http:\/\/www.visit-ulcinj.com\/blog\/wp-content\/uploads\/2009\/02\/samiti-ne-idrizove.jpg"}],"twitter_misc":{"Written by":"ulqini","Est. reading time":"1 minute"},"schema":{"@context":"https:\/\/schema.org","@graph":[{"@type":"WebSite","@id":"https:\/\/www.visit-ulcinj.com\/blog\/#website","url":"https:\/\/www.visit-ulcinj.com\/blog\/","name":"Lajme nga Ulqini","description":"Lajme,Vijesti,Ulqini,Ulqin,Crna Gora,Mali i Zi","potentialAction":[{"@type":"SearchAction","target":{"@type":"EntryPoint","urlTemplate":"https:\/\/www.visit-ulcinj.com\/blog\/?s={search_term_string}"},"query-input":"required name=search_term_string"}],"inLanguage":"en-US"},{"@type":"ImageObject","inLanguage":"en-US","@id":"https:\/\/www.visit-ulcinj.com\/blog\/2009\/02\/23\/trajnim-rajonal-per-lufte-kunder-krimit-te-organizuar\/#primaryimage","url":"http:\/\/www.visit-ulcinj.com\/blog\/wp-content\/uploads\/2009\/02\/samiti-ne-idrizove.jpg","contentUrl":"http:\/\/www.visit-ulcinj.com\/blog\/wp-content\/uploads\/2009\/02\/samiti-ne-idrizove.jpg"},{"@type":"WebPage","@id":"https:\/\/www.visit-ulcinj.com\/blog\/2009\/02\/23\/trajnim-rajonal-per-lufte-kunder-krimit-te-organizuar\/#webpage","url":"https:\/\/www.visit-ulcinj.com\/blog\/2009\/02\/23\/trajnim-rajonal-per-lufte-kunder-krimit-te-organizuar\/","name":"Trajnim rajonal p\u00ebr luft\u00eb kund\u00ebr krimit t\u00eb organizuar - Lajme nga Ulqini","isPartOf":{"@id":"https:\/\/www.visit-ulcinj.com\/blog\/#website"},"primaryImageOfPage":{"@id":"https:\/\/www.visit-ulcinj.com\/blog\/2009\/02\/23\/trajnim-rajonal-per-lufte-kunder-krimit-te-organizuar\/#primaryimage"},"datePublished":"2009-02-23T17:23:57+00:00","dateModified":"2009-02-23T17:23:57+00:00","author":{"@id":"https:\/\/www.visit-ulcinj.com\/blog\/#\/schema\/person\/dcab619c614d3038751c63bc2aadc06d"},"description":"Inspektor\u00eb t\u00eb sh\u00ebrbimeve policore nga Maqedonia, Shqip\u00ebria, Bullgaria, Serbia, Sllovenia, Bosnja dhe Hercegovina, Mali i Zi dhe Serbia nis\u00ebn sot n\u00eb","breadcrumb":{"@id":"https:\/\/www.visit-ulcinj.com\/blog\/2009\/02\/23\/trajnim-rajonal-per-lufte-kunder-krimit-te-organizuar\/#breadcrumb"},"inLanguage":"en-US","potentialAction":[{"@type":"ReadAction","target":["https:\/\/www.visit-ulcinj.com\/blog\/2009\/02\/23\/trajnim-rajonal-per-lufte-kunder-krimit-te-organizuar\/"]}]},{"@type":"BreadcrumbList","@id":"https:\/\/www.visit-ulcinj.com\/blog\/2009\/02\/23\/trajnim-rajonal-per-lufte-kunder-krimit-te-organizuar\/#breadcrumb","itemListElement":[{"@type":"ListItem","position":1,"name":"Trajnim rajonal p\u00ebr luft\u00eb kund\u00ebr krimit t\u00eb organizuar"}]},{"@type":"Person","@id":"https:\/\/www.visit-ulcinj.com\/blog\/#\/schema\/person\/dcab619c614d3038751c63bc2aadc06d","name":"ulqini","sameAs":["http:\/\/www.visit-ulcinj.com"],"url":"https:\/\/www.visit-ulcinj.com\/blog\/author\/admin\/"}]}},"jetpack_featured_media_url":"","jetpack_sharing_enabled":true,"jetpack_shortlink":"https:\/\/wp.me\/pe6lTn-38i","_links":{"self":[{"href":"https:\/\/www.visit-ulcinj.com\/blog\/wp-json\/wp\/v2\/posts\/12046"}],"collection":[{"href":"https:\/\/www.visit-ulcinj.com\/blog\/wp-json\/wp\/v2\/posts"}],"about":[{"href":"https:\/\/www.visit-ulcinj.com\/blog\/wp-json\/wp\/v2\/types\/post"}],"author":[{"embeddable":true,"href":"https:\/\/www.visit-ulcinj.com\/blog\/wp-json\/wp\/v2\/users\/1"}],"replies":[{"embeddable":true,"href":"https:\/\/www.visit-ulcinj.com\/blog\/wp-json\/wp\/v2\/comments?post=12046"}],"version-history":[{"count":0,"href":"https:\/\/www.visit-ulcinj.com\/blog\/wp-json\/wp\/v2\/posts\/12046\/revisions"}],"wp:attachment":[{"href":"https:\/\/www.visit-ulcinj.com\/blog\/wp-json\/wp\/v2\/media?parent=12046"}],"wp:term":[{"taxonomy":"category","embeddable":true,"href":"https:\/\/www.visit-ulcinj.com\/blog\/wp-json\/wp\/v2\/categories?post=12046"},{"taxonomy":"post_tag","embeddable":true,"href":"https:\/\/www.visit-ulcinj.com\/blog\/wp-json\/wp\/v2\/tags?post=12046"}],"curies":[{"name":"wp","href":"https:\/\/api.w.org\/{rel}","templated":true}]}}