{"id":1207,"date":"2008-04-12T03:30:14","date_gmt":"2008-04-12T08:30:14","guid":{"rendered":"http:\/\/www.visit-ulcinj.com\/blog\/?p=1207"},"modified":"2008-04-12T04:18:56","modified_gmt":"2008-04-12T09:18:56","slug":"objektet-fetare-dhe-historike-islame-ne-ulqin","status":"publish","type":"post","link":"https:\/\/www.visit-ulcinj.com\/blog\/2008\/04\/12\/objektet-fetare-dhe-historike-islame-ne-ulqin\/","title":{"rendered":"Objektet fetare dhe historike Islame ne Ulqin"},"content":{"rendered":"<p><a href=\"http:\/\/www.visit-ulcinj.com\/blog\/wp-content\/uploads\/2008\/04\/kalaja_e_ulqinit_002.jpg\"><img loading=\"lazy\" class=\"alignleft size-medium wp-image-1209\" style=\"float: left;\" title=\"kalaja_e_ulqinit_002\" src=\"http:\/\/www.visit-ulcinj.com\/blog\/wp-content\/uploads\/2008\/04\/kalaja_e_ulqinit_002-300x209.jpg\" alt=\"\" width=\"300\" height=\"209\" srcset=\"https:\/\/www.visit-ulcinj.com\/blog\/wp-content\/uploads\/2008\/04\/kalaja_e_ulqinit_002-300x209.jpg 300w, https:\/\/www.visit-ulcinj.com\/blog\/wp-content\/uploads\/2008\/04\/kalaja_e_ulqinit_002.jpg 640w\" sizes=\"(max-width: 300px) 100vw, 300px\" \/><\/a>N\u00eb Ulqin gjat\u00eb sundimit osman (shekujt XVI e XVII), jetonin drejtuesit e administrat\u00ebs fetare-civile, kadinj\u00ebt,dhe komandant\u00ebt e garnizoneve (subashet). Kadinjt\u00eb, titullar\u00ebt e gjykator\u00ebve fetaro-civile,ushtronin drejt\u00ebsin\u00eb dhe normat shoq\u00ebrore nw qytet i rregullonin n\u00eb baz\u00eb t\u00eb ligjit t\u00eb Sheriatit,librit t\u00eb shenjt\u00eb, Kur anit,dhe dispozitave t\u00eb tjera turke (kanunnamet). P\u00ebrve\u00e7 k\u00ebtyre dinjitar\u00ebve t\u00eb lart\u00eb osmane, n\u00eb administrimin e qytetit t\u00eb Ulqinit merrnin pjes\u00eb edhe funksionare t\u00eb tjer\u00eb, si n\u00ebpun\u00ebsit e financ\u00ebs (eminet), p\u00ebrgjegj\u00ebsit e Kalas\u00eb s\u00eb Ulqinit (dizdar\u00ebt), arkitektet (mimaret) etj.Nd\u00ebrtimi i xhamive, mesxhideve,namazgjaheve, teqeve, mektebeve dhe institucioneve bamir\u00ebse<br \/>\n(imareteve) n\u00eb Ulqin tregojn\u00eb se feja e re po b\u00ebnte p\u00ebrparime te m\u00ebdha. Nga pik\u00ebpamja e arkitektur\u00ebs, qyteti i Ulqinit p\u00ebrb\u00ebhet nga dy pjes\u00eb kryesore: nga<br \/>\nkalaja e rrethuar me mure t\u00eb larta,ku zakonisht, p\u00ebrve\u00e7 popullsis\u00eb civile, ishin vendosur garnizonet ushtarake dhe administrative qeveritare turke, dhe nga lagjet e jashtme (varoshi), t\u00eb banuara nga zejtar\u00eb, aty ndodhej edhe tregu i qytetit.N\u00eb shekullin XVII, krahas me p\u00ebrhapjen e shpejte te fes\u00eb Islame, t\u00eb cil\u00ebn e p\u00ebrvet\u00ebsuan shqiptar\u00ebt n\u00eb m\u00ebnyr\u00eb masive,shkolla t\u00eb tilla u hap\u00ebn shum\u00eb m\u00eb tep\u00ebr. At\u00ebher\u00eb filluan t\u00eb<a href=\"http:\/\/www.visit-ulcinj.com\/blog\/wp-content\/uploads\/2008\/04\/church_-_mosque.jpg\"><img loading=\"lazy\" class=\"alignright attachment wp-att-1210\" style=\"float: right;\" title=\"Church_-_Mosque ulcinj\" src=\"http:\/\/www.visit-ulcinj.com\/blog\/wp-content\/uploads\/2008\/04\/church_-_mosque.thumbnail.jpg\" alt=\"\" width=\"200\" height=\"162\" \/><\/a> nd\u00ebrtoheshin me t\u00eb shpejt\u00eb xhamit\u00eb e mektebet, q\u00eb gjendeshin shum\u00eb af\u00ebr tyre. Xhamit\u00eb, si faltore fetare, kan\u00eb qen\u00eb m\u00eb t\u00eb shumta dhe t\u00eb nd\u00ebrtuara n\u00eb periudh\u00ebn prej shekullit XVI deri n\u00eb mbarim t\u00eb shekullit XVIII. N\u00eb shekullin XVII filluan te nd\u00ebrtoheshin n\u00eb Ulqin xhamit\u00eb. Sh\u00ebnime mbi xhamin\u00eb n\u00eb shekullin XVII gjejm\u00eb ne \u201cUdh\u00ebp\u00ebrshkrimin e Evlija \u00c7elebiut -udh\u00ebp\u00ebrshkruesi m\u00eb i njohur turk nga gjysma e dyt\u00eb e shekullit XVII. N\u00eb shkollat fillore Islame (mektekbe) m\u00ebsohej leximi,shkrimi,gjuha arabe dhe m\u00ebsimi i fes\u00eb. Shkollat Islame n\u00eb t\u00eb kaluar\u00ebn duhet t\u00eb studiohen lidhur me p\u00ebrhapjen e Islamit. Mektebet,si shkolla fillestare Islame,n\u00eb Ulqin kan\u00eb ekzistuar, aty ku ishin xhamit\u00eb apo mesxhidet.Sipas nj\u00eb dokumenti t\u00eb shekullit XVIII, Ulqini p\u00ebrshkruhet si nj\u00eb qytet i pajisur me nj\u00eb varosh shum\u00eb t\u00eb bukur \u201cbellisimo borgo\u201d t\u00eb banuar vet\u00ebm nga musliman\u00ebt dhe me limanin e Valdanosit gjasht\u00eb kilometra n\u00eb veriper\u00ebndim, ku q\u00ebndronin anije te m\u00ebdha e t\u00eb vogla. N\u00eb mes t\u00eb qytetit t\u00eb Ulqinit ishte nj\u00eb kull\u00eb e lart\u00eb katrore q\u00eb sh\u00ebrbente m\u00eb par\u00eb si pik\u00eb vrojtimi, mbi t\u00eb cil\u00ebn m\u00eb von\u00eb u vendos nj\u00eb or\u00eb. Ajo u shkat\u00ebrrua ose t\u00eb themi m\u00eb mir\u00eb u \u00e7a n\u00eb dy pjes\u00eb nga rrufeja n\u00eb vitin 1845. N\u00eb shekullin XVIII, lagjja e Pazarit, Ran\u00ebs,Meras\u00eb dhe Meterizi, p\u00ebrmenden si borgo t\u00eb Ulqinit, do me th\u00ebn\u00eb lagje jasht\u00eb qytetit. Lagjja Meteriz dhe n\u00eb t\u00eb Meten (Limani sot), shtrihen n\u00eb veriper\u00ebndim t\u00eb kalas\u00eb, jo larg prej Pazarit, nd\u00ebrsa lagjja Qaf Lare (m\u00ebhalla e Re sot), Pazari dhe Totoshi gjenden n\u00eb veri te kalas\u00eb, kurse Rana dhe Suka n\u00eb juglindje t\u00eb kalas\u00eb.<\/p>\n<p><a href=\"http:\/\/www.visit-ulcinj.com\/blog\/wp-content\/uploads\/2008\/04\/suka-ranes.jpg\"><img loading=\"lazy\" class=\"alignleft attachment wp-att-1214\" style=\"float: left;\" title=\"suka ran\u00ebs ulqin\" src=\"http:\/\/www.visit-ulcinj.com\/blog\/wp-content\/uploads\/2008\/04\/suka-ranes.thumbnail.jpg\" alt=\"\" width=\"200\" height=\"124\" \/><\/a> Me interes jan\u00eb edhe datat e nd\u00ebrtimit te disa xhamive t\u00eb vjetra n\u00eb lagjet e Ulqinit. Vendin e kishave e t\u00eb kuvendeve t\u00eb rr\u00ebn-uara apo t\u00eb adaptuara e zun\u00eb tani xhamit\u00eb dhe mesxhidet Islame,si\u00e7 ka qen\u00eb kisha katolike n\u00eb Kala t\u00eb Ulqinit, t\u00eb cil\u00ebn nga viti 1510, haxhi Halil Skura e shnd\u00ebrroj me 1693. n\u00eb xhami. Xhamia e Lamit u nd\u00ebrtua n\u00eb vitin 1689, xhamia Maje-Pazarit u nd\u00ebrtua n\u00eb vitin 1749 dhe Xhamia e Merase n\u00eb vitin 1779, kurse Sahat-kulla u nd\u00ebrtua n\u00eb vitin 1754. Xhamia e Ran\u00ebs (xhamia e Marinar\u00ebve) u nd\u00ebrtua e para n\u00eb Ulqin, para ardhjes s\u00eb Turqeve n\u00eb Ulqin do me th\u00ebn\u00eb para vitit 1571. Xhamia e Pash\u00ebs me hamam<a rel=\"lightbox[pics1207]\" href=\"http:\/\/www.visit-ulcinj.com\/blog\/wp-content\/uploads\/2008\/04\/xhamija-bregut1967_4.jpg\"><img loading=\"lazy\" class=\"alignright attachment wp-att-1220\" style=\"float: right;\" title=\"xhamija bregut 1967\" src=\"http:\/\/www.visit-ulcinj.com\/blog\/wp-content\/uploads\/2008\/04\/xhamija-bregut1967_4.thumbnail.jpg\" alt=\"\" width=\"200\" height=\"169\" \/><\/a> \u00ebsht\u00eb nd\u00ebrtuar n\u00eb vitin 1719, me merit\u00ebn e Klic Aliut nga Stambolli, Xhamia Kryesore apo Xhamia e Mezgjahut u nd\u00ebrtua n\u00eb vitin 1728, me merit\u00ebn e Sulejman Mujalit, at\u00eb t\u00eb Bregut e ka nd\u00ebrtuar kapiteni i detaris\u00eb Ahmet Gjyli n\u00eb vitin 1783.Datat e nd\u00ebrtimit t\u00eb xhamive dhe ajo Sahat-kull\u00ebs n\u00eb lagjen Pazar, tregojn\u00eb se rreth tyre ka pasur grumbuj banesash. Zhvillimi i jet\u00ebs qytetare n\u00eb Ulqin,gjat\u00eb shekullit XVII duket sidomosme rritjen e numrit t\u00eb banor\u00ebve.Kur flasim p\u00ebr qendr\u00ebn e re t\u00eb banuar n\u00eb veri-verilindje dhe veriper\u00ebndim t\u00eb kalas\u00eb, duhet t\u00eb kemi parasysh dy momente, s\u00eb pari rritjen e natyrshme t\u00eb qytetit n\u00eb troje t\u00eb reja dhe se dyti,zhvendosjen e qytetit nga zona e vjet\u00ebr. Procesi i natyrsh\u00ebm i zgjerimit t\u00eb qytetit n\u00eb trojet e gjera,ne veri t\u00eb kalas\u00eb, duket se filloi,me ritme t\u00eb ngadalshme, nd\u00ebrmjet shek. XVII-XVIII, duke u p\u00ebrshpejtuar nga fundi i shek.XVIII dhe sidomos n\u00eb gjysm\u00ebn e par\u00eb t\u00eb shek. XIX. Ulqini, n\u00eb k\u00ebt\u00eb koh\u00eb kishte nj\u00eb varosh t\u00eb madhrreth kalas\u00eb.Vazhdimi i procesit t\u00eb islamizimit u dha shkas edhe ndasivefetare t\u00eb shprehura n\u00eb ve\u00e7imin e lagjeve muslimane nga ato t\u00eb qytetareve q\u00eb ruajt\u00ebn besimin e vjet\u00ebr.<br \/>\n<a rel=\"lightbox[pics1207]\" href=\"http:\/\/www.visit-ulcinj.com\/blog\/wp-content\/uploads\/2008\/04\/sahat-kulla11.jpg\"><img loading=\"lazy\" class=\"alignleft attachment wp-att-1219\" style=\"float: left;\" title=\"sahat kulla ulqin\" src=\"http:\/\/www.visit-ulcinj.com\/blog\/wp-content\/uploads\/2008\/04\/sahat-kulla11.thumbnail.jpg\" alt=\"\" width=\"150\" height=\"200\" \/><\/a>T\u00eb dh\u00ebnat e Celebiut tregojn\u00eb qart\u00eb p\u00ebr nd\u00ebrtimin e xhamive,medreseve, mejtepeve, banjave etj., t\u00eb cilat b\u00ebheshin t\u00eb mundura n\u00eb kushtet e fuqizimit ekonomik t\u00eb qyteteve t\u00eb Ulqinit.Ve\u00e7an\u00ebrisht n\u00eb Ulqin u krijua nj\u00eb aristokraci tregtare e fuqishme,sepse qyteti i Ulqinit ishte nd\u00ebrmjet\u00ebs i tregtis\u00eb me krahinat e brendshme t\u00eb vendit.Ulqini n\u00eb k\u00ebt\u00eb periudh\u00eb \u00ebsht\u00eb n\u00eb p\u00ebrgjith\u00ebsi qend\u00ebr e fortifikuar,vazhdim i qytetit t\u00eb lasht\u00eb ilir. Ai ngrihet n\u00eb relievin dominues me mbrojtje t\u00eb mir\u00eb natyrore,ose sigurohet me mure t\u00eb fuqishme. Pasiguria nga l\u00ebvizjet e popujve dhe m\u00eb von\u00eb rreziku i pushtimit osman, e forcoi edhe m\u00eb tep\u00ebr p\u00ebrkujdesjen p\u00ebr mbrojtje.Rrjeti rrugor i dendur e nj\u00ebherazi tep\u00ebr i larmish\u00ebm, zinte fill nga hyrjet p\u00ebr n\u00eb qytetin e mbrojtur. Shpesh p\u00ebr t\u00eb fituar sip\u00ebrfaqe banimi, mbi rrug\u00eb nd\u00ebrtoheshin qemere, p\u00ebr t\u00eb mbajtur mjedise t\u00eb ndryshme t\u00eb banesave.Gjat\u00eb periudh\u00ebs s\u00eb sundimit osman n\u00eb Kalan\u00eb e Ulqinit u nd\u00ebrtonin disa qemere si\u00e7 \u00ebsht\u00eb ai i Pazarit t\u00eb Gjytetit, qemeri Beqiragve, apo, ai i Halilit Selimages,qemeri molla Ismajl Kahramanit,qemeri i Himit Kahramanit,qemeri i Zejnelag Caces,qemeri i Fush\u00ebs Topit (e molla Ismajl Kahramanit), qemeri Brahimit Brahimages dhe qemeri Isuf Bakallit. Pran\u00eb mureve mbrojt\u00ebse t\u00eb Kalas\u00eb s\u00eb Ulqinit u zhvillua Pazari, i ashtuquajturi\u201cPazari i Gjytetit\u201d,<a rel=\"lightbox[pics1207]\" href=\"http:\/\/www.visit-ulcinj.com\/blog\/wp-content\/uploads\/2008\/04\/xhamija-pazarit1.jpg\"><img loading=\"lazy\" class=\"alignright attachment wp-att-1218\" style=\"float: right;\" title=\"xhamija e pazarit\" src=\"http:\/\/www.visit-ulcinj.com\/blog\/wp-content\/uploads\/2008\/04\/xhamija-pazarit1.thumbnail.jpg\" alt=\"\" width=\"200\" height=\"150\" \/><\/a> q\u00eb gjall\u00ebrohej nga fshatar\u00ebt e zonave p\u00ebrreth,t\u00eb cil\u00ebt shisnin prodhimet e tyre.Zgjerimi i qytetit t\u00eb Ulqinit jasht\u00eb mureve rrethuese po b\u00ebhej nj\u00eb k\u00ebrkes\u00eb urdh\u00ebruese, pasi hap\u00ebsira e mbrojtur kishte nj\u00eb kufi t\u00eb caktuar. N\u00eb k\u00ebto rrethana aty nga shek. XV dhe XVI, rishfaqet dukuria e lindjes s\u00eb lagjeve t\u00eb para jasht\u00eb rrethimit.Pran\u00eb kalas\u00eb s\u00eb Ulqinit duket se ka qen\u00eb nj\u00eb lagje p\u00ebrbri mureve rrethuese.Landja e Varoshit, posht\u00eb mureve t\u00eb fuqishme t\u00eb Kalas\u00eb,sh\u00ebnonte nj\u00eb moment zhvillimi cil\u00ebsor n\u00eb historin\u00eb e qytetit t\u00eb Ulqinit, t\u00eb koh\u00ebs. Ai ishte preludi i lindjes dhe zhvillimit t\u00eb qytetit t\u00eb hapur, i cili pas pak shekujsh do t\u00eb merrte par\u00ebsin\u00eb,duke mbetur qyteti brenda fortifikimit.Pragu i pushtimit osman e gjeti qytetin e Kalas\u00eb s\u00eb Ulqinit n\u00eb nj\u00eb shkall\u00eb t\u00eb mir\u00eb zhvillimi si qend\u00ebr administrative dhe detaro-tregtare.N\u00eb vitin 1888 \u00ebsht\u00eb b\u00ebr\u00eb regjistrimi i pronave t\u00eb vak\u00ebfit n\u00eb territorin e Ulqinit, si dhe n\u00eb rrethin\u00ebn e tij. Sipas tij shihet se n\u00eb Ulqin dhe n\u00eb rrethin\u00eb kishte 12 prona t\u00eb vak\u00ebfit, si\u00e7 jan\u00eb: 11 xhami (xhamia e qytetit, t\u00eb Rrotlla<br \/>\n<a rel=\"lightbox[pics1207]\" href=\"http:\/\/www.visit-ulcinj.com\/blog\/wp-content\/uploads\/2008\/04\/xhamija-e-ali-pashes-32.jpg\"><img loading=\"lazy\" class=\"alignleft attachment wp-att-1217\" style=\"float: left;\" title=\"xhamija e pashes ne ran\" src=\"http:\/\/www.visit-ulcinj.com\/blog\/wp-content\/uploads\/2008\/04\/xhamija-e-ali-pashes-32.thumbnail.jpg\" alt=\"\" width=\"150\" height=\"200\" \/><\/a>Xhamia e Pash\u00ebs, Xhamia e Meterizit, Xhamia e Ran\u00ebs (Xhamia e Marinareve), xhamia e Mezgjahut, Xhamia e Kryepazarit,xhamia e Lamit n\u00eb Mehalle t\u00eb Re, Xhamia e Meras, Xhamia e Bregut, Xhamia e Kullomz\u00ebs,<br \/>\nxhamia e Zogajve, si dhe nj\u00eb mejtep \u201cFejzije\u201d), me 2.385 rr\u00ebnj\u00eb ullinj, 37 rall\u00eb toke dhe 17 sht\u00ebpi,duke i llogaritur edhe dyqanet me 4 bah\u00e7e.Pas Luft\u00ebrave Ballkanike (1912\/1913) dhe Luft\u00ebs s\u00eb Par\u00eb Bot\u00ebrore (1914-1918), Mali i Zi (Jugosllavia) vazhdoi me shpron\u00ebsimin e vakefeve dhe t\u00eb pronave shqiptare. K\u00ebshtu n\u00eb territorin e Ulqinit, n\u00eb vitin 1927, kan\u00eb ekzistuar 10 prona vakefi, si\u00e7 jan\u00eb: Vak\u00ebfi Kryesor, Vak\u00ebfi i Xhamis\u00eb s\u00eb Meterizit, Vak\u00ebfi i xhamis\u00eb s\u00eb Pash\u00ebs, vakefi i xhamis\u00eb s\u00eb Ran\u00ebs (Xhamis\u00eb s\u00eb Marinar\u00ebve),Vak\u00ebfi i Xhamis\u00eb s\u00eb Kuvendit, Vak\u00ebfi i xhamis\u00eb s\u00eb Meras\u00eb, Vak\u00ebfi i Xhamis\u00eb s\u00eb Bregut dhe Vak\u00ebfi i Emine Pelinkut.N\u00eb Ulqin jan\u00eb shkat\u00ebrruar<a rel=\"lightbox[pics1203]\" href=\"http:\/\/www.visit-ulcinj.com\/blog\/wp-content\/uploads\/2008\/04\/xhamija-e-marinarve1.jpg\"><img loading=\"lazy\" class=\"alignright attachment wp-att-1213\" style=\"float: right;\" title=\"xhamija e marinarve ulqin\" src=\"http:\/\/www.visit-ulcinj.com\/blog\/wp-content\/uploads\/2008\/04\/xhamija-e-marinarve1.thumbnail.jpg\" alt=\"\" width=\"200\" height=\"135\" \/><\/a> disa xhami, p\u00ebr shembull: Xhamia e Marinar\u00ebve (Xhamia e Ran\u00ebs)n\u00eb vitin 1931 (1927), Xhamia n\u00eb Meteriz, ku \u00ebsht\u00eb sot e nd\u00ebrtuar kisha ortodokse, n\u00ebn Kalan\u00eb e Ulqinit, pastaj Xhamia e Meras\u00eb etj. Kjo flet p\u00ebr nj\u00eb gjenocid t\u00eb hapur malazias antishqiptar dhe antimusliman n\u00eb viset shqiptare t\u00eb Ulqinit, t\u00eb aneksuar nga Mali i Zi. N\u00eb lagjen e Ran\u00ebs gjendet nj\u00eb monument mbi varrin e dy v\u00ebllez\u00ebrve ose te babait dhe t\u00eb djalit &#8211; Ludit dhe Jahjait nga familja Fani. Sipas nj\u00eb legjende, Ludi e Jahjai, me rastin e mbrojtjes s\u00eb qytetit, qenkan vrar\u00eb duke luftuar kund\u00ebr venedikasve. Mir\u00ebpo, p\u00ebr k\u00ebt\u00eb tyrbe nuk \u00ebsht\u00eb gjetur ndonj\u00eb dokument arkivor.N\u00eb qend\u00ebr t\u00eb qytetit jan\u00eb edhe kat\u00ebr tyrbe: tyrbja e Murat <a rel=\"lightbox[pics1207]\" href=\"http:\/\/www.visit-ulcinj.com\/blog\/wp-content\/uploads\/2008\/04\/the-pulti-mausoleum.jpg\"><img loading=\"lazy\" class=\"alignleft attachment wp-att-1223\" style=\"float: left;\" title=\"The Pulti Mausoleum ulqin\" src=\"http:\/\/www.visit-ulcinj.com\/blog\/wp-content\/uploads\/2008\/04\/the-pulti-mausoleum.thumbnail.jpg\" alt=\"\" width=\"150\" height=\"200\" \/><\/a>Dedit, tyrbja e Pulteve, tyrbja e Maneve dhe tyrbja e Resulbegeve,nga shekulli XVIII. Qyteti i Vjet\u00ebr i Ulqinit (Kalaja) \u00ebsht\u00eb b\u00ebrthama e trash\u00ebgimis\u00eb kulturore-historike t\u00eb Ulqinit. N\u00eb platone e ep\u00ebrme t\u00eb Kalas\u00eb, mbi port\u00ebn veriore, gjendet kompleksi muzeal i qytetit. Aty \u00ebsht\u00eb kisha-xhamia e shnd\u00ebrruar n\u00eb muze,ku jan\u00eb ekspozuar t\u00eb gjitha gjetjet nga Qyteti i Vjet\u00ebr.Vler\u00eb t\u00eb posa\u00e7me kan\u00eb postamenti antik me mbishkrimin grek kushtuar per\u00ebndesh\u00ebs Artemide,nj\u00eb kame antike q\u00eb paraqet per\u00ebndesh\u00ebn Athine me helmete,dy s\u00ebpata t\u00eb tipit shkodrano-dalmatin t\u00eb epok\u00ebs s\u00eb bronzit.N\u00eb lapidariumin jan\u00eb t\u00eb ekspozuara kapitele jonike, pjes\u00eb t\u00eb ciboriumit t\u00eb Kish\u00ebs s\u00eb vog\u00ebl t\u00eb shekullit IX dhe objekte nga periudha turke. Menj\u00ebher\u00eb prapa<a rel=\"lightbox[pics1207]\" href=\"http:\/\/www.visit-ulcinj.com\/blog\/wp-content\/uploads\/2008\/04\/kroni_20ne_20kala.jpg\"><img loading=\"lazy\" class=\"alignright attachment wp-att-1211\" style=\"float: right;\" src=\"http:\/\/www.visit-ulcinj.com\/blog\/wp-content\/uploads\/2008\/04\/kroni_20ne_20kala.thumbnail.jpg\" alt=\"\" width=\"200\" height=\"135\" \/><\/a> muzeut gjendet kulla e Balshajve,hap\u00ebsira e s\u00eb cil\u00ebs p\u00ebrdoret sot p\u00ebr galeri. P\u00ebrpara \u00ebsht\u00eb nj\u00eb shesh i vog\u00ebl, q\u00eb dikur ishte Sheshi i Skllev\u00ebrve i rrethuar me kazamatet (burgjet) e revelinit.N\u00eb hyrje \u00ebsht\u00eb luara e revelinit kurse p\u00ebrball\u00eb saj muri i lart\u00eb Bolani nga koha e Venedikut.Para hyrjes n\u00eb muze \u00ebsht\u00eb nj\u00eb krua turk nga viti 1749. Af\u00ebr gjendet edhe Muzeu Etnologjik me nj\u00eb koleksion shum\u00eb t\u00eb pasur eksponatesh.<\/p>\n<p><strong>Dr. Maksut Xh.Haxhibrahimi<\/strong><\/p>\n","protected":false},"excerpt":{"rendered":"<p><img loading=\"lazy\" class=\"alignleft size-medium wp-image-1209\" style=\"float: left;\" title=\"kalaja_e_ulqinit_002\" src=\"http:\/\/www.visit-ulcinj.com\/blog\/wp-content\/uploads\/2008\/04\/kalaja_e_ulqinit_002-300x209.jpg\" alt=\"\" width=\"140\" height=\"140\" \/><\/p>\n","protected":false},"author":1,"featured_media":0,"comment_status":"open","ping_status":"closed","sticky":false,"template":"","format":"standard","meta":{"spay_email":"","jetpack_publicize_message":"","jetpack_is_tweetstorm":false,"jetpack_publicize_feature_enabled":true},"categories":[4],"tags":[],"jetpack_publicize_connections":[],"yoast_head":"<!-- This site is optimized with the Yoast SEO plugin v19.1 - https:\/\/yoast.com\/wordpress\/plugins\/seo\/ -->\n<title>Objektet fetare dhe historike Islame ne Ulqin - Lajme nga Ulqini<\/title>\n<meta name=\"robots\" content=\"index, follow, max-snippet:-1, max-image-preview:large, max-video-preview:-1\" \/>\n<link rel=\"canonical\" href=\"https:\/\/www.visit-ulcinj.com\/blog\/2008\/04\/12\/objektet-fetare-dhe-historike-islame-ne-ulqin\/\" \/>\n<meta property=\"og:locale\" content=\"en_US\" \/>\n<meta property=\"og:type\" content=\"article\" \/>\n<meta property=\"og:title\" content=\"Objektet fetare dhe historike Islame ne Ulqin - Lajme nga Ulqini\" \/>\n<meta property=\"og:url\" content=\"https:\/\/www.visit-ulcinj.com\/blog\/2008\/04\/12\/objektet-fetare-dhe-historike-islame-ne-ulqin\/\" \/>\n<meta property=\"og:site_name\" content=\"Lajme nga Ulqini\" \/>\n<meta property=\"article:published_time\" content=\"2008-04-12T08:30:14+00:00\" \/>\n<meta property=\"article:modified_time\" content=\"2008-04-12T09:18:56+00:00\" \/>\n<meta property=\"og:image\" content=\"http:\/\/www.visit-ulcinj.com\/blog\/wp-content\/uploads\/2008\/04\/kalaja_e_ulqinit_002-300x209.jpg\" \/>\n<meta name=\"twitter:label1\" content=\"Written by\" \/>\n\t<meta name=\"twitter:data1\" content=\"ulqini\" \/>\n\t<meta name=\"twitter:label2\" content=\"Est. reading time\" \/>\n\t<meta name=\"twitter:data2\" content=\"9 minutes\" \/>\n<script type=\"application\/ld+json\" class=\"yoast-schema-graph\">{\"@context\":\"https:\/\/schema.org\",\"@graph\":[{\"@type\":\"WebSite\",\"@id\":\"https:\/\/www.visit-ulcinj.com\/blog\/#website\",\"url\":\"https:\/\/www.visit-ulcinj.com\/blog\/\",\"name\":\"Lajme nga Ulqini\",\"description\":\"Lajme,Vijesti,Ulqini,Ulqin,Crna Gora,Mali i Zi\",\"potentialAction\":[{\"@type\":\"SearchAction\",\"target\":{\"@type\":\"EntryPoint\",\"urlTemplate\":\"https:\/\/www.visit-ulcinj.com\/blog\/?s={search_term_string}\"},\"query-input\":\"required name=search_term_string\"}],\"inLanguage\":\"en-US\"},{\"@type\":\"ImageObject\",\"inLanguage\":\"en-US\",\"@id\":\"https:\/\/www.visit-ulcinj.com\/blog\/2008\/04\/12\/objektet-fetare-dhe-historike-islame-ne-ulqin\/#primaryimage\",\"url\":\"http:\/\/www.visit-ulcinj.com\/blog\/wp-content\/uploads\/2008\/04\/kalaja_e_ulqinit_002-300x209.jpg\",\"contentUrl\":\"http:\/\/www.visit-ulcinj.com\/blog\/wp-content\/uploads\/2008\/04\/kalaja_e_ulqinit_002-300x209.jpg\"},{\"@type\":\"WebPage\",\"@id\":\"https:\/\/www.visit-ulcinj.com\/blog\/2008\/04\/12\/objektet-fetare-dhe-historike-islame-ne-ulqin\/#webpage\",\"url\":\"https:\/\/www.visit-ulcinj.com\/blog\/2008\/04\/12\/objektet-fetare-dhe-historike-islame-ne-ulqin\/\",\"name\":\"Objektet fetare dhe historike Islame ne Ulqin - Lajme nga Ulqini\",\"isPartOf\":{\"@id\":\"https:\/\/www.visit-ulcinj.com\/blog\/#website\"},\"primaryImageOfPage\":{\"@id\":\"https:\/\/www.visit-ulcinj.com\/blog\/2008\/04\/12\/objektet-fetare-dhe-historike-islame-ne-ulqin\/#primaryimage\"},\"datePublished\":\"2008-04-12T08:30:14+00:00\",\"dateModified\":\"2008-04-12T09:18:56+00:00\",\"author\":{\"@id\":\"https:\/\/www.visit-ulcinj.com\/blog\/#\/schema\/person\/dcab619c614d3038751c63bc2aadc06d\"},\"breadcrumb\":{\"@id\":\"https:\/\/www.visit-ulcinj.com\/blog\/2008\/04\/12\/objektet-fetare-dhe-historike-islame-ne-ulqin\/#breadcrumb\"},\"inLanguage\":\"en-US\",\"potentialAction\":[{\"@type\":\"ReadAction\",\"target\":[\"https:\/\/www.visit-ulcinj.com\/blog\/2008\/04\/12\/objektet-fetare-dhe-historike-islame-ne-ulqin\/\"]}]},{\"@type\":\"BreadcrumbList\",\"@id\":\"https:\/\/www.visit-ulcinj.com\/blog\/2008\/04\/12\/objektet-fetare-dhe-historike-islame-ne-ulqin\/#breadcrumb\",\"itemListElement\":[{\"@type\":\"ListItem\",\"position\":1,\"name\":\"Objektet fetare dhe historike Islame ne Ulqin\"}]},{\"@type\":\"Person\",\"@id\":\"https:\/\/www.visit-ulcinj.com\/blog\/#\/schema\/person\/dcab619c614d3038751c63bc2aadc06d\",\"name\":\"ulqini\",\"sameAs\":[\"http:\/\/www.visit-ulcinj.com\"],\"url\":\"https:\/\/www.visit-ulcinj.com\/blog\/author\/admin\/\"}]}<\/script>\n<!-- \/ Yoast SEO plugin. -->","yoast_head_json":{"title":"Objektet fetare dhe historike Islame ne Ulqin - Lajme nga Ulqini","robots":{"index":"index","follow":"follow","max-snippet":"max-snippet:-1","max-image-preview":"max-image-preview:large","max-video-preview":"max-video-preview:-1"},"canonical":"https:\/\/www.visit-ulcinj.com\/blog\/2008\/04\/12\/objektet-fetare-dhe-historike-islame-ne-ulqin\/","og_locale":"en_US","og_type":"article","og_title":"Objektet fetare dhe historike Islame ne Ulqin - Lajme nga Ulqini","og_url":"https:\/\/www.visit-ulcinj.com\/blog\/2008\/04\/12\/objektet-fetare-dhe-historike-islame-ne-ulqin\/","og_site_name":"Lajme nga Ulqini","article_published_time":"2008-04-12T08:30:14+00:00","article_modified_time":"2008-04-12T09:18:56+00:00","og_image":[{"url":"http:\/\/www.visit-ulcinj.com\/blog\/wp-content\/uploads\/2008\/04\/kalaja_e_ulqinit_002-300x209.jpg"}],"twitter_misc":{"Written by":"ulqini","Est. reading time":"9 minutes"},"schema":{"@context":"https:\/\/schema.org","@graph":[{"@type":"WebSite","@id":"https:\/\/www.visit-ulcinj.com\/blog\/#website","url":"https:\/\/www.visit-ulcinj.com\/blog\/","name":"Lajme nga Ulqini","description":"Lajme,Vijesti,Ulqini,Ulqin,Crna Gora,Mali i Zi","potentialAction":[{"@type":"SearchAction","target":{"@type":"EntryPoint","urlTemplate":"https:\/\/www.visit-ulcinj.com\/blog\/?s={search_term_string}"},"query-input":"required name=search_term_string"}],"inLanguage":"en-US"},{"@type":"ImageObject","inLanguage":"en-US","@id":"https:\/\/www.visit-ulcinj.com\/blog\/2008\/04\/12\/objektet-fetare-dhe-historike-islame-ne-ulqin\/#primaryimage","url":"http:\/\/www.visit-ulcinj.com\/blog\/wp-content\/uploads\/2008\/04\/kalaja_e_ulqinit_002-300x209.jpg","contentUrl":"http:\/\/www.visit-ulcinj.com\/blog\/wp-content\/uploads\/2008\/04\/kalaja_e_ulqinit_002-300x209.jpg"},{"@type":"WebPage","@id":"https:\/\/www.visit-ulcinj.com\/blog\/2008\/04\/12\/objektet-fetare-dhe-historike-islame-ne-ulqin\/#webpage","url":"https:\/\/www.visit-ulcinj.com\/blog\/2008\/04\/12\/objektet-fetare-dhe-historike-islame-ne-ulqin\/","name":"Objektet fetare dhe historike Islame ne Ulqin - Lajme nga Ulqini","isPartOf":{"@id":"https:\/\/www.visit-ulcinj.com\/blog\/#website"},"primaryImageOfPage":{"@id":"https:\/\/www.visit-ulcinj.com\/blog\/2008\/04\/12\/objektet-fetare-dhe-historike-islame-ne-ulqin\/#primaryimage"},"datePublished":"2008-04-12T08:30:14+00:00","dateModified":"2008-04-12T09:18:56+00:00","author":{"@id":"https:\/\/www.visit-ulcinj.com\/blog\/#\/schema\/person\/dcab619c614d3038751c63bc2aadc06d"},"breadcrumb":{"@id":"https:\/\/www.visit-ulcinj.com\/blog\/2008\/04\/12\/objektet-fetare-dhe-historike-islame-ne-ulqin\/#breadcrumb"},"inLanguage":"en-US","potentialAction":[{"@type":"ReadAction","target":["https:\/\/www.visit-ulcinj.com\/blog\/2008\/04\/12\/objektet-fetare-dhe-historike-islame-ne-ulqin\/"]}]},{"@type":"BreadcrumbList","@id":"https:\/\/www.visit-ulcinj.com\/blog\/2008\/04\/12\/objektet-fetare-dhe-historike-islame-ne-ulqin\/#breadcrumb","itemListElement":[{"@type":"ListItem","position":1,"name":"Objektet fetare dhe historike Islame ne Ulqin"}]},{"@type":"Person","@id":"https:\/\/www.visit-ulcinj.com\/blog\/#\/schema\/person\/dcab619c614d3038751c63bc2aadc06d","name":"ulqini","sameAs":["http:\/\/www.visit-ulcinj.com"],"url":"https:\/\/www.visit-ulcinj.com\/blog\/author\/admin\/"}]}},"jetpack_featured_media_url":"","jetpack_sharing_enabled":true,"jetpack_shortlink":"https:\/\/wp.me\/pe6lTn-jt","_links":{"self":[{"href":"https:\/\/www.visit-ulcinj.com\/blog\/wp-json\/wp\/v2\/posts\/1207"}],"collection":[{"href":"https:\/\/www.visit-ulcinj.com\/blog\/wp-json\/wp\/v2\/posts"}],"about":[{"href":"https:\/\/www.visit-ulcinj.com\/blog\/wp-json\/wp\/v2\/types\/post"}],"author":[{"embeddable":true,"href":"https:\/\/www.visit-ulcinj.com\/blog\/wp-json\/wp\/v2\/users\/1"}],"replies":[{"embeddable":true,"href":"https:\/\/www.visit-ulcinj.com\/blog\/wp-json\/wp\/v2\/comments?post=1207"}],"version-history":[{"count":0,"href":"https:\/\/www.visit-ulcinj.com\/blog\/wp-json\/wp\/v2\/posts\/1207\/revisions"}],"wp:attachment":[{"href":"https:\/\/www.visit-ulcinj.com\/blog\/wp-json\/wp\/v2\/media?parent=1207"}],"wp:term":[{"taxonomy":"category","embeddable":true,"href":"https:\/\/www.visit-ulcinj.com\/blog\/wp-json\/wp\/v2\/categories?post=1207"},{"taxonomy":"post_tag","embeddable":true,"href":"https:\/\/www.visit-ulcinj.com\/blog\/wp-json\/wp\/v2\/tags?post=1207"}],"curies":[{"name":"wp","href":"https:\/\/api.w.org\/{rel}","templated":true}]}}