{"id":12073,"date":"2009-02-23T21:29:06","date_gmt":"2009-02-23T20:29:06","guid":{"rendered":"http:\/\/www.visit-ulcinj.com\/blog\/?p=12073"},"modified":"2009-02-23T22:17:11","modified_gmt":"2009-02-23T21:17:11","slug":"gazeta%e2%80%9cvijesti%e2%80%9d-eshte-bllokuar-aplikimi-i-malit-te-zi-ne-be","status":"publish","type":"post","link":"https:\/\/www.visit-ulcinj.com\/blog\/2009\/02\/23\/gazeta%e2%80%9cvijesti%e2%80%9d-eshte-bllokuar-aplikimi-i-malit-te-zi-ne-be\/","title":{"rendered":"Gazeta\u201cVijesti\u201d: Eshte bllokuar aplikimi i Malit t\u00eb Zi n\u00eb BE"},"content":{"rendered":"<p><strong><a href=\"http:\/\/www.visit-ulcinj.com\/blog\/wp-content\/uploads\/2009\/02\/flamujt-e-evropes.jpg\"><img loading=\"lazy\" class=\"alignleft size-full wp-image-12074\" title=\"flamujt-e-evropes\" src=\"http:\/\/www.visit-ulcinj.com\/blog\/wp-content\/uploads\/2009\/02\/flamujt-e-evropes.jpg\" alt=\"flamujt-e-evropes\" width=\"570\" height=\"355\" \/><\/a>E p\u00ebrditshmja malazeze \u201cVijesti\u201d thekson se aplikimi i Malit t\u00eb Zi p\u00ebr statusin e kandidatit t\u00eb BE-s\u00eb \u00ebsht\u00eb bllokuar n\u00eb K\u00ebshillin e Ministrave t\u00eb Bashkimit Evropain. <\/strong><br \/>\nPOTGORICE- Aplikimi i Malit t\u00eb Zi p\u00ebr statusin e kandidatit t\u00eb BE-s\u00eb \u00ebsht\u00eb bllokuar n\u00eb K\u00ebshillin e Ministrave t\u00eb BE-s\u00eb . Lajmi b\u00ebhet i ditur sot nga e p\u00ebrditshmja malazeze \u201cVijesti\u201d.<br \/>\nKjo ndodhi para se Komisioni Europian t\u00eb prezantonte opinionin e tij n\u00ebse Mali i Zi ishte i gatsh\u00ebm t\u00eb fitonte statusin e kandidatit apo jo.<br \/>\nDuke iu referuar informacioneve t\u00eb publikuara nga agjencia e lajmeve e BE-s\u00eb, e p\u00ebrditshmja \u201cVijesti\u201d shkruan se disa shtete an\u00ebtare, mes t\u00eb cil\u00ebve Holanda, Spanja, Franca dhe Belgjika, kund\u00ebrshtojn\u00eb kalimin e \u00e7\u00ebshtjes n\u00eb Komitetin e P\u00ebrfaq\u00ebsuesve t\u00eb P\u00ebrhersh\u00ebm e m\u00eb pas n\u00eb K\u00ebshillin e Ministrave.<br \/>\n\u201cNe besojm\u00eb se Mali i Zi ka akoma p\u00ebr t\u00eb punuar, ashtu sic \u00ebsht\u00eb theksuar n\u00eb raportin e fundit t\u00eb Komisionit, p\u00ebrpara se aplikimi i saj t\u00eb merret seriozisht n\u00eb konsiderat\u00eb\u201d \u2013 theksoi nj\u00ebri nga diplomat\u00ebt e shteteve kund\u00ebrshtuese.<\/p>\n<p>M\u00eb tej gazeta shton se Gjermania k\u00ebrkon nj\u00eb shtyrje t\u00eb procesit t\u00eb aplikimit t\u00eb Malit t\u00eb Zi, pasi besohet se Podgorica nuk ka p\u00ebrmbushur t\u00eb gjitha kriteret dhe kjo mund t\u00eb shtoj\u00eb frik\u00ebn e zgjerimit t\u00eb Bashkimit Evropian, mes njer\u00ebzve.<br \/>\nRaporti shton se Belgjika beson se ato duhet t\u00eb presin muajin n\u00ebntor p\u00ebr t\u00eb par\u00eb progresin e Malit t\u00eb Zi, nd\u00ebrsa Holanda beson se Podgorica nuk po b\u00ebn gjith\u00e7ka p\u00ebr t\u00eb luftuar korrupsionin.<br \/>\nBurimet nga gazeta \u2018Vijesti\u201d theksojn\u00eb se Franca insiston q\u00eb aplikimi i Malit t\u00eb Zi p\u00ebr statusin e vendit an\u00ebtar t\u00eb BE, duhet t\u00eb b\u00ebhet pas aplikimeve t\u00eb Serbis\u00eb dhe Shqip\u00ebris\u00eb.<\/p>\n<p>Ministri i Jasht\u00ebm malazez Milan Ro\u00e7en theksoi se &#8220;aplikimi i standardeve dhe angazhimet e nd\u00ebrmarra jan\u00eb bazuar n\u00eb proceset Europiane dhe Euro-Atlantike, nd\u00ebrsa z\u00ebvend\u00ebs kryeministri, Gordana Gjurovi\u00e7 mohoi bllokimin e aplikimit.<br \/>\n<strong>(e.n\/Balkanweb)<\/strong><\/p>\n","protected":false},"excerpt":{"rendered":"<p>E p\u00ebrditshmja malazeze \u201cVijesti\u201d thekson se aplikimi i Malit t\u00eb Zi p\u00ebr statusin e kandidatit t\u00eb BE-s\u00eb \u00ebsht\u00eb bllokuar n\u00eb K\u00ebshillin e Ministrave t\u00eb Bashkimit Evropain. POTGORICE- Aplikimi i Malit t\u00eb Zi p\u00ebr statusin e kandidatit t\u00eb BE-s\u00eb \u00ebsht\u00eb bllokuar n\u00eb K\u00ebshillin e Ministrave t\u00eb BE-s\u00eb . Lajmi b\u00ebhet i ditur sot nga e p\u00ebrditshmja [&hellip;]<\/p>\n","protected":false},"author":1,"featured_media":0,"comment_status":"open","ping_status":"closed","sticky":false,"template":"","format":"standard","meta":{"spay_email":"","jetpack_publicize_message":"","jetpack_is_tweetstorm":false,"jetpack_publicize_feature_enabled":true},"categories":[12],"tags":[7090,7092,7093,5244,7094,7091],"jetpack_publicize_connections":[],"yoast_head":"<!-- This site is optimized with the Yoast SEO plugin v19.1 - https:\/\/yoast.com\/wordpress\/plugins\/seo\/ -->\n<title>Gazeta\u201cVijesti\u201d: Eshte bllokuar aplikimi i Malit t\u00eb Zi n\u00eb BE - Lajme nga Ulqini<\/title>\n<meta name=\"description\" content=\"E p\u00ebrditshmja malazeze \u201cVijesti\u201d thekson se aplikimi i Malit t\u00eb Zi p\u00ebr statusin e kandidatit t\u00eb BE-s\u00eb \u00ebsht\u00eb bllokuar n\u00eb K\u00ebshillin e Ministrave t\u00eb\" \/>\n<meta name=\"robots\" content=\"index, follow, max-snippet:-1, max-image-preview:large, max-video-preview:-1\" \/>\n<link rel=\"canonical\" href=\"https:\/\/www.visit-ulcinj.com\/blog\/2009\/02\/23\/gazeta\u201cvijesti\u201d-eshte-bllokuar-aplikimi-i-malit-te-zi-ne-be\/\" \/>\n<meta property=\"og:locale\" content=\"en_US\" \/>\n<meta property=\"og:type\" content=\"article\" \/>\n<meta property=\"og:title\" content=\"Gazeta\u201cVijesti\u201d: Eshte bllokuar aplikimi i Malit t\u00eb Zi n\u00eb BE - Lajme nga Ulqini\" \/>\n<meta property=\"og:description\" content=\"E p\u00ebrditshmja malazeze \u201cVijesti\u201d thekson se aplikimi i Malit t\u00eb Zi p\u00ebr statusin e kandidatit t\u00eb BE-s\u00eb \u00ebsht\u00eb bllokuar n\u00eb K\u00ebshillin e Ministrave t\u00eb\" \/>\n<meta property=\"og:url\" content=\"https:\/\/www.visit-ulcinj.com\/blog\/2009\/02\/23\/gazeta\u201cvijesti\u201d-eshte-bllokuar-aplikimi-i-malit-te-zi-ne-be\/\" \/>\n<meta property=\"og:site_name\" content=\"Lajme nga Ulqini\" \/>\n<meta property=\"article:published_time\" content=\"2009-02-23T20:29:06+00:00\" \/>\n<meta property=\"article:modified_time\" content=\"2009-02-23T21:17:11+00:00\" \/>\n<meta property=\"og:image\" content=\"http:\/\/www.visit-ulcinj.com\/blog\/wp-content\/uploads\/2009\/02\/flamujt-e-evropes.jpg\" \/>\n<meta name=\"twitter:label1\" content=\"Written by\" \/>\n\t<meta name=\"twitter:data1\" content=\"ulqini\" \/>\n\t<meta name=\"twitter:label2\" content=\"Est. reading time\" \/>\n\t<meta name=\"twitter:data2\" content=\"2 minutes\" \/>\n<script type=\"application\/ld+json\" class=\"yoast-schema-graph\">{\"@context\":\"https:\/\/schema.org\",\"@graph\":[{\"@type\":\"WebSite\",\"@id\":\"https:\/\/www.visit-ulcinj.com\/blog\/#website\",\"url\":\"https:\/\/www.visit-ulcinj.com\/blog\/\",\"name\":\"Lajme nga Ulqini\",\"description\":\"Lajme,Vijesti,Ulqini,Ulqin,Crna Gora,Mali i Zi\",\"potentialAction\":[{\"@type\":\"SearchAction\",\"target\":{\"@type\":\"EntryPoint\",\"urlTemplate\":\"https:\/\/www.visit-ulcinj.com\/blog\/?s={search_term_string}\"},\"query-input\":\"required name=search_term_string\"}],\"inLanguage\":\"en-US\"},{\"@type\":\"ImageObject\",\"inLanguage\":\"en-US\",\"@id\":\"https:\/\/www.visit-ulcinj.com\/blog\/2009\/02\/23\/gazeta%e2%80%9cvijesti%e2%80%9d-eshte-bllokuar-aplikimi-i-malit-te-zi-ne-be\/#primaryimage\",\"url\":\"http:\/\/www.visit-ulcinj.com\/blog\/wp-content\/uploads\/2009\/02\/flamujt-e-evropes.jpg\",\"contentUrl\":\"http:\/\/www.visit-ulcinj.com\/blog\/wp-content\/uploads\/2009\/02\/flamujt-e-evropes.jpg\"},{\"@type\":\"WebPage\",\"@id\":\"https:\/\/www.visit-ulcinj.com\/blog\/2009\/02\/23\/gazeta%e2%80%9cvijesti%e2%80%9d-eshte-bllokuar-aplikimi-i-malit-te-zi-ne-be\/#webpage\",\"url\":\"https:\/\/www.visit-ulcinj.com\/blog\/2009\/02\/23\/gazeta%e2%80%9cvijesti%e2%80%9d-eshte-bllokuar-aplikimi-i-malit-te-zi-ne-be\/\",\"name\":\"Gazeta\u201cVijesti\u201d: Eshte bllokuar aplikimi i Malit t\u00eb Zi n\u00eb BE - Lajme nga Ulqini\",\"isPartOf\":{\"@id\":\"https:\/\/www.visit-ulcinj.com\/blog\/#website\"},\"primaryImageOfPage\":{\"@id\":\"https:\/\/www.visit-ulcinj.com\/blog\/2009\/02\/23\/gazeta%e2%80%9cvijesti%e2%80%9d-eshte-bllokuar-aplikimi-i-malit-te-zi-ne-be\/#primaryimage\"},\"datePublished\":\"2009-02-23T20:29:06+00:00\",\"dateModified\":\"2009-02-23T21:17:11+00:00\",\"author\":{\"@id\":\"https:\/\/www.visit-ulcinj.com\/blog\/#\/schema\/person\/dcab619c614d3038751c63bc2aadc06d\"},\"description\":\"E p\u00ebrditshmja malazeze \u201cVijesti\u201d thekson se aplikimi i Malit t\u00eb Zi p\u00ebr statusin e kandidatit t\u00eb BE-s\u00eb \u00ebsht\u00eb bllokuar n\u00eb K\u00ebshillin e Ministrave t\u00eb\",\"breadcrumb\":{\"@id\":\"https:\/\/www.visit-ulcinj.com\/blog\/2009\/02\/23\/gazeta%e2%80%9cvijesti%e2%80%9d-eshte-bllokuar-aplikimi-i-malit-te-zi-ne-be\/#breadcrumb\"},\"inLanguage\":\"en-US\",\"potentialAction\":[{\"@type\":\"ReadAction\",\"target\":[\"https:\/\/www.visit-ulcinj.com\/blog\/2009\/02\/23\/gazeta%e2%80%9cvijesti%e2%80%9d-eshte-bllokuar-aplikimi-i-malit-te-zi-ne-be\/\"]}]},{\"@type\":\"BreadcrumbList\",\"@id\":\"https:\/\/www.visit-ulcinj.com\/blog\/2009\/02\/23\/gazeta%e2%80%9cvijesti%e2%80%9d-eshte-bllokuar-aplikimi-i-malit-te-zi-ne-be\/#breadcrumb\",\"itemListElement\":[{\"@type\":\"ListItem\",\"position\":1,\"name\":\"Gazeta\u201cVijesti\u201d: Eshte bllokuar aplikimi i Malit t\u00eb Zi n\u00eb BE\"}]},{\"@type\":\"Person\",\"@id\":\"https:\/\/www.visit-ulcinj.com\/blog\/#\/schema\/person\/dcab619c614d3038751c63bc2aadc06d\",\"name\":\"ulqini\",\"sameAs\":[\"http:\/\/www.visit-ulcinj.com\"],\"url\":\"https:\/\/www.visit-ulcinj.com\/blog\/author\/admin\/\"}]}<\/script>\n<!-- \/ Yoast SEO plugin. -->","yoast_head_json":{"title":"Gazeta\u201cVijesti\u201d: Eshte bllokuar aplikimi i Malit t\u00eb Zi n\u00eb BE - Lajme nga Ulqini","description":"E p\u00ebrditshmja malazeze \u201cVijesti\u201d thekson se aplikimi i Malit t\u00eb Zi p\u00ebr statusin e kandidatit t\u00eb BE-s\u00eb \u00ebsht\u00eb bllokuar n\u00eb K\u00ebshillin e Ministrave t\u00eb","robots":{"index":"index","follow":"follow","max-snippet":"max-snippet:-1","max-image-preview":"max-image-preview:large","max-video-preview":"max-video-preview:-1"},"canonical":"https:\/\/www.visit-ulcinj.com\/blog\/2009\/02\/23\/gazeta\u201cvijesti\u201d-eshte-bllokuar-aplikimi-i-malit-te-zi-ne-be\/","og_locale":"en_US","og_type":"article","og_title":"Gazeta\u201cVijesti\u201d: Eshte bllokuar aplikimi i Malit t\u00eb Zi n\u00eb BE - Lajme nga Ulqini","og_description":"E p\u00ebrditshmja malazeze \u201cVijesti\u201d thekson se aplikimi i Malit t\u00eb Zi p\u00ebr statusin e kandidatit t\u00eb BE-s\u00eb \u00ebsht\u00eb bllokuar n\u00eb K\u00ebshillin e Ministrave t\u00eb","og_url":"https:\/\/www.visit-ulcinj.com\/blog\/2009\/02\/23\/gazeta\u201cvijesti\u201d-eshte-bllokuar-aplikimi-i-malit-te-zi-ne-be\/","og_site_name":"Lajme nga Ulqini","article_published_time":"2009-02-23T20:29:06+00:00","article_modified_time":"2009-02-23T21:17:11+00:00","og_image":[{"url":"http:\/\/www.visit-ulcinj.com\/blog\/wp-content\/uploads\/2009\/02\/flamujt-e-evropes.jpg"}],"twitter_misc":{"Written by":"ulqini","Est. reading time":"2 minutes"},"schema":{"@context":"https:\/\/schema.org","@graph":[{"@type":"WebSite","@id":"https:\/\/www.visit-ulcinj.com\/blog\/#website","url":"https:\/\/www.visit-ulcinj.com\/blog\/","name":"Lajme nga Ulqini","description":"Lajme,Vijesti,Ulqini,Ulqin,Crna Gora,Mali i Zi","potentialAction":[{"@type":"SearchAction","target":{"@type":"EntryPoint","urlTemplate":"https:\/\/www.visit-ulcinj.com\/blog\/?s={search_term_string}"},"query-input":"required name=search_term_string"}],"inLanguage":"en-US"},{"@type":"ImageObject","inLanguage":"en-US","@id":"https:\/\/www.visit-ulcinj.com\/blog\/2009\/02\/23\/gazeta%e2%80%9cvijesti%e2%80%9d-eshte-bllokuar-aplikimi-i-malit-te-zi-ne-be\/#primaryimage","url":"http:\/\/www.visit-ulcinj.com\/blog\/wp-content\/uploads\/2009\/02\/flamujt-e-evropes.jpg","contentUrl":"http:\/\/www.visit-ulcinj.com\/blog\/wp-content\/uploads\/2009\/02\/flamujt-e-evropes.jpg"},{"@type":"WebPage","@id":"https:\/\/www.visit-ulcinj.com\/blog\/2009\/02\/23\/gazeta%e2%80%9cvijesti%e2%80%9d-eshte-bllokuar-aplikimi-i-malit-te-zi-ne-be\/#webpage","url":"https:\/\/www.visit-ulcinj.com\/blog\/2009\/02\/23\/gazeta%e2%80%9cvijesti%e2%80%9d-eshte-bllokuar-aplikimi-i-malit-te-zi-ne-be\/","name":"Gazeta\u201cVijesti\u201d: Eshte bllokuar aplikimi i Malit t\u00eb Zi n\u00eb BE - Lajme nga Ulqini","isPartOf":{"@id":"https:\/\/www.visit-ulcinj.com\/blog\/#website"},"primaryImageOfPage":{"@id":"https:\/\/www.visit-ulcinj.com\/blog\/2009\/02\/23\/gazeta%e2%80%9cvijesti%e2%80%9d-eshte-bllokuar-aplikimi-i-malit-te-zi-ne-be\/#primaryimage"},"datePublished":"2009-02-23T20:29:06+00:00","dateModified":"2009-02-23T21:17:11+00:00","author":{"@id":"https:\/\/www.visit-ulcinj.com\/blog\/#\/schema\/person\/dcab619c614d3038751c63bc2aadc06d"},"description":"E p\u00ebrditshmja malazeze \u201cVijesti\u201d thekson se aplikimi i Malit t\u00eb Zi p\u00ebr statusin e kandidatit t\u00eb BE-s\u00eb \u00ebsht\u00eb bllokuar n\u00eb K\u00ebshillin e Ministrave t\u00eb","breadcrumb":{"@id":"https:\/\/www.visit-ulcinj.com\/blog\/2009\/02\/23\/gazeta%e2%80%9cvijesti%e2%80%9d-eshte-bllokuar-aplikimi-i-malit-te-zi-ne-be\/#breadcrumb"},"inLanguage":"en-US","potentialAction":[{"@type":"ReadAction","target":["https:\/\/www.visit-ulcinj.com\/blog\/2009\/02\/23\/gazeta%e2%80%9cvijesti%e2%80%9d-eshte-bllokuar-aplikimi-i-malit-te-zi-ne-be\/"]}]},{"@type":"BreadcrumbList","@id":"https:\/\/www.visit-ulcinj.com\/blog\/2009\/02\/23\/gazeta%e2%80%9cvijesti%e2%80%9d-eshte-bllokuar-aplikimi-i-malit-te-zi-ne-be\/#breadcrumb","itemListElement":[{"@type":"ListItem","position":1,"name":"Gazeta\u201cVijesti\u201d: Eshte bllokuar aplikimi i Malit t\u00eb Zi n\u00eb BE"}]},{"@type":"Person","@id":"https:\/\/www.visit-ulcinj.com\/blog\/#\/schema\/person\/dcab619c614d3038751c63bc2aadc06d","name":"ulqini","sameAs":["http:\/\/www.visit-ulcinj.com"],"url":"https:\/\/www.visit-ulcinj.com\/blog\/author\/admin\/"}]}},"jetpack_featured_media_url":"","jetpack_sharing_enabled":true,"jetpack_shortlink":"https:\/\/wp.me\/pe6lTn-38J","_links":{"self":[{"href":"https:\/\/www.visit-ulcinj.com\/blog\/wp-json\/wp\/v2\/posts\/12073"}],"collection":[{"href":"https:\/\/www.visit-ulcinj.com\/blog\/wp-json\/wp\/v2\/posts"}],"about":[{"href":"https:\/\/www.visit-ulcinj.com\/blog\/wp-json\/wp\/v2\/types\/post"}],"author":[{"embeddable":true,"href":"https:\/\/www.visit-ulcinj.com\/blog\/wp-json\/wp\/v2\/users\/1"}],"replies":[{"embeddable":true,"href":"https:\/\/www.visit-ulcinj.com\/blog\/wp-json\/wp\/v2\/comments?post=12073"}],"version-history":[{"count":0,"href":"https:\/\/www.visit-ulcinj.com\/blog\/wp-json\/wp\/v2\/posts\/12073\/revisions"}],"wp:attachment":[{"href":"https:\/\/www.visit-ulcinj.com\/blog\/wp-json\/wp\/v2\/media?parent=12073"}],"wp:term":[{"taxonomy":"category","embeddable":true,"href":"https:\/\/www.visit-ulcinj.com\/blog\/wp-json\/wp\/v2\/categories?post=12073"},{"taxonomy":"post_tag","embeddable":true,"href":"https:\/\/www.visit-ulcinj.com\/blog\/wp-json\/wp\/v2\/tags?post=12073"}],"curies":[{"name":"wp","href":"https:\/\/api.w.org\/{rel}","templated":true}]}}